{"id":96,"date":"2013-02-06T02:00:00","date_gmt":"2013-02-06T04:00:00","guid":{"rendered":"https:\/\/www.pmpf.rs.gov.br\/turismo\/2013\/02\/06\/prefeitura-confirma-apoio-para-realizacao-da-multifeira-2013-6454\/"},"modified":"2013-02-06T02:00:00","modified_gmt":"2013-02-06T04:00:00","slug":"prefeitura-confirma-apoio-para-realizacao-da-multifeira-2013-6454","status":"publish","type":"post","link":"https:\/\/www.pmpf.rs.gov.br\/turismo\/2013\/02\/06\/prefeitura-confirma-apoio-para-realizacao-da-multifeira-2013-6454\/","title":{"rendered":"Prefeitura confirma apoio para realiza\u00e7\u00e3o da Multifeira 2013"},"content":{"rendered":"<p align=\"justify\" style=\"margin-bottom: 0cm;\" class=\"western\">A parceria da Prefeitura para a realiza\u00e7\u00e3o da Multifeira 2013 e da 28<sup><span style=\"background: none repeat scroll 0% 0% transparent;\">a<\/span><\/sup> Mostra de Pequenos Animais foi confirmada na tarde desta quarta-feira, 06, em reuni\u00e3o entre o prefeito Luciano Azevedo e o presidente do evento, Wilson Pinheiro. Tamb\u00e9m estiveram presentes no encontro o vereador Sidnei \u00c1vila (PDT) e o l\u00edder do governo na C\u00e2mara, Pedro Daneli (PPS).  <\/p>\n<div align=\"justify\"> <\/div>\n<p align=\"justify\" style=\"margin-bottom: 0cm;\" class=\"western\">A pr\u00f3xima edi\u00e7\u00e3o da Multifeira est\u00e1 programada para acontecer entre 27 de abril a 01 de maio, no Parque de Exposi\u00e7\u00f5es Wolmar Salton. A organiza\u00e7\u00e3o busca a presen\u00e7a de mais de 400 expositores e um p\u00fablico de 40 mil pessoas. Neste ano tamb\u00e9m est\u00e1 prevista uma nova promo\u00e7\u00e3o da Festa da Integra\u00e7\u00e3o Regional, que re\u00fane representantes de 22 munic\u00edpios, que busca demonstrar as potencialidades art\u00edsticas, culturais e, ainda, econ\u00f4micas de cada localidade.  <\/p>\n","protected":false},"excerpt":{"rendered":"<p>Prefeitura confirma apoio para realiza\u00e7\u00e3o da Multifeira 2013<\/p>\n","protected":false},"author":1,"featured_media":0,"comment_status":"open","ping_status":"open","sticky":false,"template":"","format":"standard","meta":{"footnotes":""},"categories":[],"tags":[],"class_list":["post-96","post","type-post","status-publish","format-standard","hentry"],"yoast_head":"<!-- This site is optimized with the Yoast SEO plugin v23.8 - https:\/\/yoast.com\/wordpress\/plugins\/seo\/ -->\n<title>Prefeitura confirma apoio para realiza\u00e7\u00e3o da Multifeira 2013 - Turismo<\/title>\n<meta name=\"robots\" content=\"index, follow, max-snippet:-1, max-image-preview:large, max-video-preview:-1\" \/>\n<link rel=\"canonical\" href=\"https:\/\/www.pmpf.rs.gov.br\/turismo\/2013\/02\/06\/prefeitura-confirma-apoio-para-realizacao-da-multifeira-2013-6454\/\" \/>\n<meta property=\"og:locale\" content=\"pt_BR\" \/>\n<meta property=\"og:type\" content=\"article\" \/>\n<meta property=\"og:title\" content=\"Prefeitura confirma apoio para realiza\u00e7\u00e3o da Multifeira 2013 - Turismo\" \/>\n<meta property=\"og:description\" content=\"Prefeitura confirma apoio para realiza\u00e7\u00e3o da Multifeira 2013\" \/>\n<meta property=\"og:url\" content=\"https:\/\/www.pmpf.rs.gov.br\/turismo\/2013\/02\/06\/prefeitura-confirma-apoio-para-realizacao-da-multifeira-2013-6454\/\" \/>\n<meta property=\"og:site_name\" content=\"Turismo\" \/>\n<meta property=\"article:published_time\" content=\"2013-02-06T04:00:00+00:00\" \/>\n<meta name=\"author\" content=\"mosite\" \/>\n<meta name=\"twitter:card\" content=\"summary_large_image\" \/>\n<meta name=\"twitter:label1\" content=\"Escrito por\" \/>\n\t<meta name=\"twitter:data1\" content=\"mosite\" \/>\n\t<meta name=\"twitter:label2\" content=\"Est. tempo de leitura\" \/>\n\t<meta name=\"twitter:data2\" content=\"1 minuto\" \/>\n<script type=\"application\/ld+json\" class=\"yoast-schema-graph\">{\"@context\":\"https:\/\/schema.org\",\"@graph\":[{\"@type\":\"WebPage\",\"@id\":\"https:\/\/www.pmpf.rs.gov.br\/turismo\/2013\/02\/06\/prefeitura-confirma-apoio-para-realizacao-da-multifeira-2013-6454\/\",\"url\":\"https:\/\/www.pmpf.rs.gov.br\/turismo\/2013\/02\/06\/prefeitura-confirma-apoio-para-realizacao-da-multifeira-2013-6454\/\",\"name\":\"Prefeitura confirma apoio para realiza\u00e7\u00e3o da Multifeira 2013 - Turismo\",\"isPartOf\":{\"@id\":\"https:\/\/www.pmpf.rs.gov.br\/turismo\/#website\"},\"datePublished\":\"2013-02-06T04:00:00+00:00\",\"dateModified\":\"2013-02-06T04:00:00+00:00\",\"author\":{\"@id\":\"https:\/\/www.pmpf.rs.gov.br\/turismo\/#\/schema\/person\/0c355b0fa68a7aa986c8594f7a60a2d7\"},\"breadcrumb\":{\"@id\":\"https:\/\/www.pmpf.rs.gov.br\/turismo\/2013\/02\/06\/prefeitura-confirma-apoio-para-realizacao-da-multifeira-2013-6454\/#breadcrumb\"},\"inLanguage\":\"pt-BR\",\"potentialAction\":[{\"@type\":\"ReadAction\",\"target\":[\"https:\/\/www.pmpf.rs.gov.br\/turismo\/2013\/02\/06\/prefeitura-confirma-apoio-para-realizacao-da-multifeira-2013-6454\/\"]}]},{\"@type\":\"BreadcrumbList\",\"@id\":\"https:\/\/www.pmpf.rs.gov.br\/turismo\/2013\/02\/06\/prefeitura-confirma-apoio-para-realizacao-da-multifeira-2013-6454\/#breadcrumb\",\"itemListElement\":[{\"@type\":\"ListItem\",\"position\":1,\"name\":\"In\u00edcio\",\"item\":\"https:\/\/www.pmpf.rs.gov.br\/turismo\/\"},{\"@type\":\"ListItem\",\"position\":2,\"name\":\"Prefeitura confirma apoio para realiza\u00e7\u00e3o da Multifeira 2013\"}]},{\"@type\":\"WebSite\",\"@id\":\"https:\/\/www.pmpf.rs.gov.br\/turismo\/#website\",\"url\":\"https:\/\/www.pmpf.rs.gov.br\/turismo\/\",\"name\":\"Turismo\",\"description\":\"Descubra Passo Fundo\",\"potentialAction\":[{\"@type\":\"SearchAction\",\"target\":{\"@type\":\"EntryPoint\",\"urlTemplate\":\"https:\/\/www.pmpf.rs.gov.br\/turismo\/?s={search_term_string}\"},\"query-input\":{\"@type\":\"PropertyValueSpecification\",\"valueRequired\":true,\"valueName\":\"search_term_string\"}}],\"inLanguage\":\"pt-BR\"},{\"@type\":\"Person\",\"@id\":\"https:\/\/www.pmpf.rs.gov.br\/turismo\/#\/schema\/person\/0c355b0fa68a7aa986c8594f7a60a2d7\",\"name\":\"mosite\",\"image\":{\"@type\":\"ImageObject\",\"inLanguage\":\"pt-BR\",\"@id\":\"https:\/\/www.pmpf.rs.gov.br\/turismo\/#\/schema\/person\/image\/\",\"url\":\"https:\/\/secure.gravatar.com\/avatar\/63d72595d6cecfe12bd8a94829d5a26c?s=96&d=mm&r=g\",\"contentUrl\":\"https:\/\/secure.gravatar.com\/avatar\/63d72595d6cecfe12bd8a94829d5a26c?s=96&d=mm&r=g\",\"caption\":\"mosite\"},\"sameAs\":[\"http:\/\/example.com\"],\"url\":\"https:\/\/www.pmpf.rs.gov.br\/turismo\/author\/mosite\/\"}]}<\/script>\n<!-- \/ Yoast SEO plugin. -->","yoast_head_json":{"title":"Prefeitura confirma apoio para realiza\u00e7\u00e3o da Multifeira 2013 - Turismo","robots":{"index":"index","follow":"follow","max-snippet":"max-snippet:-1","max-image-preview":"max-image-preview:large","max-video-preview":"max-video-preview:-1"},"canonical":"https:\/\/www.pmpf.rs.gov.br\/turismo\/2013\/02\/06\/prefeitura-confirma-apoio-para-realizacao-da-multifeira-2013-6454\/","og_locale":"pt_BR","og_type":"article","og_title":"Prefeitura confirma apoio para realiza\u00e7\u00e3o da Multifeira 2013 - Turismo","og_description":"Prefeitura confirma apoio para realiza\u00e7\u00e3o da Multifeira 2013","og_url":"https:\/\/www.pmpf.rs.gov.br\/turismo\/2013\/02\/06\/prefeitura-confirma-apoio-para-realizacao-da-multifeira-2013-6454\/","og_site_name":"Turismo","article_published_time":"2013-02-06T04:00:00+00:00","author":"mosite","twitter_card":"summary_large_image","twitter_misc":{"Escrito por":"mosite","Est. tempo de leitura":"1 minuto"},"schema":{"@context":"https:\/\/schema.org","@graph":[{"@type":"WebPage","@id":"https:\/\/www.pmpf.rs.gov.br\/turismo\/2013\/02\/06\/prefeitura-confirma-apoio-para-realizacao-da-multifeira-2013-6454\/","url":"https:\/\/www.pmpf.rs.gov.br\/turismo\/2013\/02\/06\/prefeitura-confirma-apoio-para-realizacao-da-multifeira-2013-6454\/","name":"Prefeitura confirma apoio para realiza\u00e7\u00e3o da Multifeira 2013 - Turismo","isPartOf":{"@id":"https:\/\/www.pmpf.rs.gov.br\/turismo\/#website"},"datePublished":"2013-02-06T04:00:00+00:00","dateModified":"2013-02-06T04:00:00+00:00","author":{"@id":"https:\/\/www.pmpf.rs.gov.br\/turismo\/#\/schema\/person\/0c355b0fa68a7aa986c8594f7a60a2d7"},"breadcrumb":{"@id":"https:\/\/www.pmpf.rs.gov.br\/turismo\/2013\/02\/06\/prefeitura-confirma-apoio-para-realizacao-da-multifeira-2013-6454\/#breadcrumb"},"inLanguage":"pt-BR","potentialAction":[{"@type":"ReadAction","target":["https:\/\/www.pmpf.rs.gov.br\/turismo\/2013\/02\/06\/prefeitura-confirma-apoio-para-realizacao-da-multifeira-2013-6454\/"]}]},{"@type":"BreadcrumbList","@id":"https:\/\/www.pmpf.rs.gov.br\/turismo\/2013\/02\/06\/prefeitura-confirma-apoio-para-realizacao-da-multifeira-2013-6454\/#breadcrumb","itemListElement":[{"@type":"ListItem","position":1,"name":"In\u00edcio","item":"https:\/\/www.pmpf.rs.gov.br\/turismo\/"},{"@type":"ListItem","position":2,"name":"Prefeitura confirma apoio para realiza\u00e7\u00e3o da Multifeira 2013"}]},{"@type":"WebSite","@id":"https:\/\/www.pmpf.rs.gov.br\/turismo\/#website","url":"https:\/\/www.pmpf.rs.gov.br\/turismo\/","name":"Turismo","description":"Descubra Passo Fundo","potentialAction":[{"@type":"SearchAction","target":{"@type":"EntryPoint","urlTemplate":"https:\/\/www.pmpf.rs.gov.br\/turismo\/?s={search_term_string}"},"query-input":{"@type":"PropertyValueSpecification","valueRequired":true,"valueName":"search_term_string"}}],"inLanguage":"pt-BR"},{"@type":"Person","@id":"https:\/\/www.pmpf.rs.gov.br\/turismo\/#\/schema\/person\/0c355b0fa68a7aa986c8594f7a60a2d7","name":"mosite","image":{"@type":"ImageObject","inLanguage":"pt-BR","@id":"https:\/\/www.pmpf.rs.gov.br\/turismo\/#\/schema\/person\/image\/","url":"https:\/\/secure.gravatar.com\/avatar\/63d72595d6cecfe12bd8a94829d5a26c?s=96&d=mm&r=g","contentUrl":"https:\/\/secure.gravatar.com\/avatar\/63d72595d6cecfe12bd8a94829d5a26c?s=96&d=mm&r=g","caption":"mosite"},"sameAs":["http:\/\/example.com"],"url":"https:\/\/www.pmpf.rs.gov.br\/turismo\/author\/mosite\/"}]}},"_links":{"self":[{"href":"https:\/\/www.pmpf.rs.gov.br\/turismo\/wp-json\/wp\/v2\/posts\/96"}],"collection":[{"href":"https:\/\/www.pmpf.rs.gov.br\/turismo\/wp-json\/wp\/v2\/posts"}],"about":[{"href":"https:\/\/www.pmpf.rs.gov.br\/turismo\/wp-json\/wp\/v2\/types\/post"}],"author":[{"embeddable":true,"href":"https:\/\/www.pmpf.rs.gov.br\/turismo\/wp-json\/wp\/v2\/users\/1"}],"replies":[{"embeddable":true,"href":"https:\/\/www.pmpf.rs.gov.br\/turismo\/wp-json\/wp\/v2\/comments?post=96"}],"version-history":[{"count":0,"href":"https:\/\/www.pmpf.rs.gov.br\/turismo\/wp-json\/wp\/v2\/posts\/96\/revisions"}],"wp:attachment":[{"href":"https:\/\/www.pmpf.rs.gov.br\/turismo\/wp-json\/wp\/v2\/media?parent=96"}],"wp:term":[{"taxonomy":"category","embeddable":true,"href":"https:\/\/www.pmpf.rs.gov.br\/turismo\/wp-json\/wp\/v2\/categories?post=96"},{"taxonomy":"post_tag","embeddable":true,"href":"https:\/\/www.pmpf.rs.gov.br\/turismo\/wp-json\/wp\/v2\/tags?post=96"}],"curies":[{"name":"wp","href":"https:\/\/api.w.org\/{rel}","templated":true}]}}