{"id":91,"date":"2013-01-17T02:00:00","date_gmt":"2013-01-17T04:00:00","guid":{"rendered":"https:\/\/www.pmpf.rs.gov.br\/turismo\/2013\/01\/17\/festa-campeira-comeca-nesta-quinta-feira-6636\/"},"modified":"2013-01-17T02:00:00","modified_gmt":"2013-01-17T04:00:00","slug":"festa-campeira-comeca-nesta-quinta-feira-6636","status":"publish","type":"post","link":"https:\/\/www.pmpf.rs.gov.br\/turismo\/2013\/01\/17\/festa-campeira-comeca-nesta-quinta-feira-6636\/","title":{"rendered":"Festa Campeira come\u00e7a nesta quinta-feira"},"content":{"rendered":"<p align=\"justify\">Come\u00e7a nesta quinta-feira a Festa Campeira Regional 2013, realizada pela S\u00e9tima Regi\u00e3o Tradicionalista. O evento ocorre at\u00e9 domingo (20) no Parque de Rodeios da Rosel\u00e2ndia. As atividades iniciam hoje (17), \u00e0s 19h, com o 208\u00b0 Encontro Regional de Patr\u00f5es, a Posse da Coordenadoria Regional Gest\u00e3o 2013 e a Inaugura\u00e7\u00e3o da Sede Pr\u00f3pria da 7\u00aa RT no Parque de Rodeios.<\/p>\n<p align=\"justify\">Nesta sexta-feira (18), \u00e0s 18h, as provas campeiras come\u00e7am com La\u00e7o Dupla. No s\u00e1bado (19), as atividades iniciam \u00e0s 9h com La\u00e7o Equipe e, pela parte da tarde, haver\u00e1 competi\u00e7\u00f5es das classificat\u00f3rias para a FECARS 2013, incluindo o Jogo do Truco (Esportes Campeiros). O Departamento Cultural (Prendas e Pe\u00f5es) organizou eventos para o s\u00e1bado a tarde, iniciando \u00e0s 14h com Oficina de Lides Campeiras para Pe\u00f5es.<\/p>\n<p align=\"justify\">Para domingo (20), est\u00e3o previstas atividades campeiras, com a continua\u00e7\u00e3o da classificat\u00f3ria para a Festa Campeira do RS. Na parte de esportes campeiros, acontecer\u00e1 o jogo da Bocha Campeira. As Prendas e Pe\u00f5es realizar\u00e3o o XIX Tch\u00eancontro Regional de Prendas e Pe\u00f5es, com o tema: Os contos gauchescos de Jo\u00e3o Sim\u00f5es Lopes Neto. \u00c0 tarde, ocorrer\u00e1 o La\u00e7o Vaca Parada para as crian\u00e7as.<\/p>\n<p align=\"justify\">A entrada no parque \u00e9 gratuita para todos os dias de evento. Haver\u00e1 no local pra\u00e7a de alimenta\u00e7\u00e3o e restaurante para atender todo o p\u00fablico participante e visitantes, com pre\u00e7os acess\u00edveis. O evento tem o apoio da Prefeitura de Passo Fundo, atrav\u00e9s da Funzoctur.<\/p>\n","protected":false},"excerpt":{"rendered":"<p>Festa Campeira come\u00e7a nesta quinta-feira<\/p>\n","protected":false},"author":1,"featured_media":92,"comment_status":"open","ping_status":"open","sticky":false,"template":"","format":"standard","meta":{"footnotes":""},"categories":[],"tags":[],"class_list":["post-91","post","type-post","status-publish","format-standard","has-post-thumbnail","hentry"],"yoast_head":"<!-- This site is optimized with the Yoast SEO plugin v23.8 - https:\/\/yoast.com\/wordpress\/plugins\/seo\/ -->\n<title>Festa Campeira come\u00e7a nesta quinta-feira - Turismo<\/title>\n<meta name=\"robots\" content=\"index, follow, max-snippet:-1, max-image-preview:large, max-video-preview:-1\" \/>\n<link rel=\"canonical\" href=\"https:\/\/www.pmpf.rs.gov.br\/turismo\/2013\/01\/17\/festa-campeira-comeca-nesta-quinta-feira-6636\/\" \/>\n<meta property=\"og:locale\" content=\"pt_BR\" \/>\n<meta property=\"og:type\" content=\"article\" \/>\n<meta property=\"og:title\" content=\"Festa Campeira come\u00e7a nesta quinta-feira - Turismo\" \/>\n<meta property=\"og:description\" content=\"Festa Campeira come\u00e7a nesta quinta-feira\" \/>\n<meta property=\"og:url\" content=\"https:\/\/www.pmpf.rs.gov.br\/turismo\/2013\/01\/17\/festa-campeira-comeca-nesta-quinta-feira-6636\/\" \/>\n<meta property=\"og:site_name\" content=\"Turismo\" \/>\n<meta property=\"article:published_time\" content=\"2013-01-17T04:00:00+00:00\" \/>\n<meta property=\"og:image\" content=\"https:\/\/www.pmpf.rs.gov.br\/turismo\/wp-content\/uploads\/sites\/51\/2021\/12\/I2013-12-11_033910_c9419.jpg\" \/>\n\t<meta property=\"og:image:width\" content=\"350\" \/>\n\t<meta property=\"og:image:height\" content=\"300\" \/>\n\t<meta property=\"og:image:type\" content=\"image\/jpeg\" \/>\n<meta name=\"author\" content=\"mosite\" \/>\n<meta name=\"twitter:card\" content=\"summary_large_image\" \/>\n<meta name=\"twitter:label1\" content=\"Escrito por\" \/>\n\t<meta name=\"twitter:data1\" content=\"mosite\" \/>\n\t<meta name=\"twitter:label2\" content=\"Est. tempo de leitura\" \/>\n\t<meta name=\"twitter:data2\" content=\"1 minuto\" \/>\n<script type=\"application\/ld+json\" class=\"yoast-schema-graph\">{\"@context\":\"https:\/\/schema.org\",\"@graph\":[{\"@type\":\"WebPage\",\"@id\":\"https:\/\/www.pmpf.rs.gov.br\/turismo\/2013\/01\/17\/festa-campeira-comeca-nesta-quinta-feira-6636\/\",\"url\":\"https:\/\/www.pmpf.rs.gov.br\/turismo\/2013\/01\/17\/festa-campeira-comeca-nesta-quinta-feira-6636\/\",\"name\":\"Festa Campeira come\u00e7a nesta quinta-feira - Turismo\",\"isPartOf\":{\"@id\":\"https:\/\/www.pmpf.rs.gov.br\/turismo\/#website\"},\"primaryImageOfPage\":{\"@id\":\"https:\/\/www.pmpf.rs.gov.br\/turismo\/2013\/01\/17\/festa-campeira-comeca-nesta-quinta-feira-6636\/#primaryimage\"},\"image\":{\"@id\":\"https:\/\/www.pmpf.rs.gov.br\/turismo\/2013\/01\/17\/festa-campeira-comeca-nesta-quinta-feira-6636\/#primaryimage\"},\"thumbnailUrl\":\"https:\/\/www.pmpf.rs.gov.br\/turismo\/wp-content\/uploads\/sites\/51\/2021\/12\/I2013-12-11_033910_c9419.jpg\",\"datePublished\":\"2013-01-17T04:00:00+00:00\",\"dateModified\":\"2013-01-17T04:00:00+00:00\",\"author\":{\"@id\":\"https:\/\/www.pmpf.rs.gov.br\/turismo\/#\/schema\/person\/0c355b0fa68a7aa986c8594f7a60a2d7\"},\"breadcrumb\":{\"@id\":\"https:\/\/www.pmpf.rs.gov.br\/turismo\/2013\/01\/17\/festa-campeira-comeca-nesta-quinta-feira-6636\/#breadcrumb\"},\"inLanguage\":\"pt-BR\",\"potentialAction\":[{\"@type\":\"ReadAction\",\"target\":[\"https:\/\/www.pmpf.rs.gov.br\/turismo\/2013\/01\/17\/festa-campeira-comeca-nesta-quinta-feira-6636\/\"]}]},{\"@type\":\"ImageObject\",\"inLanguage\":\"pt-BR\",\"@id\":\"https:\/\/www.pmpf.rs.gov.br\/turismo\/2013\/01\/17\/festa-campeira-comeca-nesta-quinta-feira-6636\/#primaryimage\",\"url\":\"https:\/\/www.pmpf.rs.gov.br\/turismo\/wp-content\/uploads\/sites\/51\/2021\/12\/I2013-12-11_033910_c9419.jpg\",\"contentUrl\":\"https:\/\/www.pmpf.rs.gov.br\/turismo\/wp-content\/uploads\/sites\/51\/2021\/12\/I2013-12-11_033910_c9419.jpg\",\"width\":350,\"height\":300},{\"@type\":\"BreadcrumbList\",\"@id\":\"https:\/\/www.pmpf.rs.gov.br\/turismo\/2013\/01\/17\/festa-campeira-comeca-nesta-quinta-feira-6636\/#breadcrumb\",\"itemListElement\":[{\"@type\":\"ListItem\",\"position\":1,\"name\":\"In\u00edcio\",\"item\":\"https:\/\/www.pmpf.rs.gov.br\/turismo\/\"},{\"@type\":\"ListItem\",\"position\":2,\"name\":\"Festa Campeira come\u00e7a nesta quinta-feira\"}]},{\"@type\":\"WebSite\",\"@id\":\"https:\/\/www.pmpf.rs.gov.br\/turismo\/#website\",\"url\":\"https:\/\/www.pmpf.rs.gov.br\/turismo\/\",\"name\":\"Turismo\",\"description\":\"Descubra Passo Fundo\",\"potentialAction\":[{\"@type\":\"SearchAction\",\"target\":{\"@type\":\"EntryPoint\",\"urlTemplate\":\"https:\/\/www.pmpf.rs.gov.br\/turismo\/?s={search_term_string}\"},\"query-input\":{\"@type\":\"PropertyValueSpecification\",\"valueRequired\":true,\"valueName\":\"search_term_string\"}}],\"inLanguage\":\"pt-BR\"},{\"@type\":\"Person\",\"@id\":\"https:\/\/www.pmpf.rs.gov.br\/turismo\/#\/schema\/person\/0c355b0fa68a7aa986c8594f7a60a2d7\",\"name\":\"mosite\",\"image\":{\"@type\":\"ImageObject\",\"inLanguage\":\"pt-BR\",\"@id\":\"https:\/\/www.pmpf.rs.gov.br\/turismo\/#\/schema\/person\/image\/\",\"url\":\"https:\/\/secure.gravatar.com\/avatar\/63d72595d6cecfe12bd8a94829d5a26c?s=96&d=mm&r=g\",\"contentUrl\":\"https:\/\/secure.gravatar.com\/avatar\/63d72595d6cecfe12bd8a94829d5a26c?s=96&d=mm&r=g\",\"caption\":\"mosite\"},\"sameAs\":[\"http:\/\/example.com\"],\"url\":\"https:\/\/www.pmpf.rs.gov.br\/turismo\/author\/mosite\/\"}]}<\/script>\n<!-- \/ Yoast SEO plugin. -->","yoast_head_json":{"title":"Festa Campeira come\u00e7a nesta quinta-feira - Turismo","robots":{"index":"index","follow":"follow","max-snippet":"max-snippet:-1","max-image-preview":"max-image-preview:large","max-video-preview":"max-video-preview:-1"},"canonical":"https:\/\/www.pmpf.rs.gov.br\/turismo\/2013\/01\/17\/festa-campeira-comeca-nesta-quinta-feira-6636\/","og_locale":"pt_BR","og_type":"article","og_title":"Festa Campeira come\u00e7a nesta quinta-feira - Turismo","og_description":"Festa Campeira come\u00e7a nesta quinta-feira","og_url":"https:\/\/www.pmpf.rs.gov.br\/turismo\/2013\/01\/17\/festa-campeira-comeca-nesta-quinta-feira-6636\/","og_site_name":"Turismo","article_published_time":"2013-01-17T04:00:00+00:00","og_image":[{"width":350,"height":300,"url":"https:\/\/www.pmpf.rs.gov.br\/turismo\/wp-content\/uploads\/sites\/51\/2021\/12\/I2013-12-11_033910_c9419.jpg","type":"image\/jpeg"}],"author":"mosite","twitter_card":"summary_large_image","twitter_misc":{"Escrito por":"mosite","Est. tempo de leitura":"1 minuto"},"schema":{"@context":"https:\/\/schema.org","@graph":[{"@type":"WebPage","@id":"https:\/\/www.pmpf.rs.gov.br\/turismo\/2013\/01\/17\/festa-campeira-comeca-nesta-quinta-feira-6636\/","url":"https:\/\/www.pmpf.rs.gov.br\/turismo\/2013\/01\/17\/festa-campeira-comeca-nesta-quinta-feira-6636\/","name":"Festa Campeira come\u00e7a nesta quinta-feira - Turismo","isPartOf":{"@id":"https:\/\/www.pmpf.rs.gov.br\/turismo\/#website"},"primaryImageOfPage":{"@id":"https:\/\/www.pmpf.rs.gov.br\/turismo\/2013\/01\/17\/festa-campeira-comeca-nesta-quinta-feira-6636\/#primaryimage"},"image":{"@id":"https:\/\/www.pmpf.rs.gov.br\/turismo\/2013\/01\/17\/festa-campeira-comeca-nesta-quinta-feira-6636\/#primaryimage"},"thumbnailUrl":"https:\/\/www.pmpf.rs.gov.br\/turismo\/wp-content\/uploads\/sites\/51\/2021\/12\/I2013-12-11_033910_c9419.jpg","datePublished":"2013-01-17T04:00:00+00:00","dateModified":"2013-01-17T04:00:00+00:00","author":{"@id":"https:\/\/www.pmpf.rs.gov.br\/turismo\/#\/schema\/person\/0c355b0fa68a7aa986c8594f7a60a2d7"},"breadcrumb":{"@id":"https:\/\/www.pmpf.rs.gov.br\/turismo\/2013\/01\/17\/festa-campeira-comeca-nesta-quinta-feira-6636\/#breadcrumb"},"inLanguage":"pt-BR","potentialAction":[{"@type":"ReadAction","target":["https:\/\/www.pmpf.rs.gov.br\/turismo\/2013\/01\/17\/festa-campeira-comeca-nesta-quinta-feira-6636\/"]}]},{"@type":"ImageObject","inLanguage":"pt-BR","@id":"https:\/\/www.pmpf.rs.gov.br\/turismo\/2013\/01\/17\/festa-campeira-comeca-nesta-quinta-feira-6636\/#primaryimage","url":"https:\/\/www.pmpf.rs.gov.br\/turismo\/wp-content\/uploads\/sites\/51\/2021\/12\/I2013-12-11_033910_c9419.jpg","contentUrl":"https:\/\/www.pmpf.rs.gov.br\/turismo\/wp-content\/uploads\/sites\/51\/2021\/12\/I2013-12-11_033910_c9419.jpg","width":350,"height":300},{"@type":"BreadcrumbList","@id":"https:\/\/www.pmpf.rs.gov.br\/turismo\/2013\/01\/17\/festa-campeira-comeca-nesta-quinta-feira-6636\/#breadcrumb","itemListElement":[{"@type":"ListItem","position":1,"name":"In\u00edcio","item":"https:\/\/www.pmpf.rs.gov.br\/turismo\/"},{"@type":"ListItem","position":2,"name":"Festa Campeira come\u00e7a nesta quinta-feira"}]},{"@type":"WebSite","@id":"https:\/\/www.pmpf.rs.gov.br\/turismo\/#website","url":"https:\/\/www.pmpf.rs.gov.br\/turismo\/","name":"Turismo","description":"Descubra Passo Fundo","potentialAction":[{"@type":"SearchAction","target":{"@type":"EntryPoint","urlTemplate":"https:\/\/www.pmpf.rs.gov.br\/turismo\/?s={search_term_string}"},"query-input":{"@type":"PropertyValueSpecification","valueRequired":true,"valueName":"search_term_string"}}],"inLanguage":"pt-BR"},{"@type":"Person","@id":"https:\/\/www.pmpf.rs.gov.br\/turismo\/#\/schema\/person\/0c355b0fa68a7aa986c8594f7a60a2d7","name":"mosite","image":{"@type":"ImageObject","inLanguage":"pt-BR","@id":"https:\/\/www.pmpf.rs.gov.br\/turismo\/#\/schema\/person\/image\/","url":"https:\/\/secure.gravatar.com\/avatar\/63d72595d6cecfe12bd8a94829d5a26c?s=96&d=mm&r=g","contentUrl":"https:\/\/secure.gravatar.com\/avatar\/63d72595d6cecfe12bd8a94829d5a26c?s=96&d=mm&r=g","caption":"mosite"},"sameAs":["http:\/\/example.com"],"url":"https:\/\/www.pmpf.rs.gov.br\/turismo\/author\/mosite\/"}]}},"_links":{"self":[{"href":"https:\/\/www.pmpf.rs.gov.br\/turismo\/wp-json\/wp\/v2\/posts\/91"}],"collection":[{"href":"https:\/\/www.pmpf.rs.gov.br\/turismo\/wp-json\/wp\/v2\/posts"}],"about":[{"href":"https:\/\/www.pmpf.rs.gov.br\/turismo\/wp-json\/wp\/v2\/types\/post"}],"author":[{"embeddable":true,"href":"https:\/\/www.pmpf.rs.gov.br\/turismo\/wp-json\/wp\/v2\/users\/1"}],"replies":[{"embeddable":true,"href":"https:\/\/www.pmpf.rs.gov.br\/turismo\/wp-json\/wp\/v2\/comments?post=91"}],"version-history":[{"count":0,"href":"https:\/\/www.pmpf.rs.gov.br\/turismo\/wp-json\/wp\/v2\/posts\/91\/revisions"}],"wp:featuredmedia":[{"embeddable":true,"href":"https:\/\/www.pmpf.rs.gov.br\/turismo\/wp-json\/wp\/v2\/media\/92"}],"wp:attachment":[{"href":"https:\/\/www.pmpf.rs.gov.br\/turismo\/wp-json\/wp\/v2\/media?parent=91"}],"wp:term":[{"taxonomy":"category","embeddable":true,"href":"https:\/\/www.pmpf.rs.gov.br\/turismo\/wp-json\/wp\/v2\/categories?post=91"},{"taxonomy":"post_tag","embeddable":true,"href":"https:\/\/www.pmpf.rs.gov.br\/turismo\/wp-json\/wp\/v2\/tags?post=91"}],"curies":[{"name":"wp","href":"https:\/\/api.w.org\/{rel}","templated":true}]}}