{"id":90,"date":"2013-04-24T03:00:00","date_gmt":"2013-04-24T06:00:00","guid":{"rendered":"https:\/\/www.pmpf.rs.gov.br\/turismo\/2013\/04\/24\/prefeitura-confirma-data-do-rodeio-internacional-de-passo-fundo-6740\/"},"modified":"2013-04-24T03:00:00","modified_gmt":"2013-04-24T06:00:00","slug":"prefeitura-confirma-data-do-rodeio-internacional-de-passo-fundo-6740","status":"publish","type":"post","link":"https:\/\/www.pmpf.rs.gov.br\/turismo\/2013\/04\/24\/prefeitura-confirma-data-do-rodeio-internacional-de-passo-fundo-6740\/","title":{"rendered":"Prefeitura confirma data do Rodeio Internacional de Passo fundo"},"content":{"rendered":"<p style=\"margin-bottom: 0cm; font-weight: normal\" class=\"western\" align=\"justify\">A Prefeitura divulgou nesta quarta-feira a data de realiza\u00e7\u00e3o do XVI Rodeio Internacional de Passo Fundo. Por decis\u00e3o conjunta do governo municipal e das entidades tradicionalistas, o evento acontecer\u00e1 de 04 a 08 de dezembro, no Parque de Rodeio da Rosel\u00e2ndia, com provas art\u00edsticas, culturais e campeiras e realiza\u00e7\u00e3o de grandes shows nas cinco noites do rodeio.<\/p>\n<p style=\"margin-bottom: 0cm\" class=\"western\" align=\"justify\">O presidente da Funzoctur, Daniel L\u00e9, destacou que a partir de agora ser\u00e1 formada a comiss\u00e3o organizadora que ir\u00e1 trabalhar na formata\u00e7\u00e3o desta edi\u00e7\u00e3o do rodeio. \u201cA participa\u00e7\u00e3o e o envolvimento das entidades tradicionalistas ser\u00e1 fundamental para a realiza\u00e7\u00e3o de uma grande festa, \u00e0 altura de nossa cidade\u201d, afirmou Daniel.<\/p>\n<p style=\"margin-bottom: 0cm\" class=\"western\" align=\"justify\">A partir da terceira edi\u00e7\u00e3o, o Rodeio tornou-se internacional, alcan\u00e7ando entidades e representa\u00e7\u00f5es art\u00edsticas e campeiras da Argentina, Uruguai e Paraguai. Ap\u00f3s a quarta edi\u00e7\u00e3o, devido \u00e0 pluralidade de eventos da mesma natureza, as edi\u00e7\u00f5es do rodeio tornaram-se bianuais.<\/p>\n","protected":false},"excerpt":{"rendered":"<p>Prefeitura confirma data do Rodeio Internacional de Passo fundo<\/p>\n","protected":false},"author":1,"featured_media":0,"comment_status":"open","ping_status":"open","sticky":false,"template":"","format":"standard","meta":{"footnotes":""},"categories":[],"tags":[],"class_list":["post-90","post","type-post","status-publish","format-standard","hentry"],"yoast_head":"<!-- This site is optimized with the Yoast SEO plugin v23.8 - https:\/\/yoast.com\/wordpress\/plugins\/seo\/ -->\n<title>Prefeitura confirma data do Rodeio Internacional de Passo fundo - Turismo<\/title>\n<meta name=\"robots\" content=\"index, follow, max-snippet:-1, max-image-preview:large, max-video-preview:-1\" \/>\n<link rel=\"canonical\" href=\"https:\/\/www.pmpf.rs.gov.br\/turismo\/2013\/04\/24\/prefeitura-confirma-data-do-rodeio-internacional-de-passo-fundo-6740\/\" \/>\n<meta property=\"og:locale\" content=\"pt_BR\" \/>\n<meta property=\"og:type\" content=\"article\" \/>\n<meta property=\"og:title\" content=\"Prefeitura confirma data do Rodeio Internacional de Passo fundo - Turismo\" \/>\n<meta property=\"og:description\" content=\"Prefeitura confirma data do Rodeio Internacional de Passo fundo\" \/>\n<meta property=\"og:url\" content=\"https:\/\/www.pmpf.rs.gov.br\/turismo\/2013\/04\/24\/prefeitura-confirma-data-do-rodeio-internacional-de-passo-fundo-6740\/\" \/>\n<meta property=\"og:site_name\" content=\"Turismo\" \/>\n<meta property=\"article:published_time\" content=\"2013-04-24T06:00:00+00:00\" \/>\n<meta name=\"author\" content=\"mosite\" \/>\n<meta name=\"twitter:card\" content=\"summary_large_image\" \/>\n<meta name=\"twitter:label1\" content=\"Escrito por\" \/>\n\t<meta name=\"twitter:data1\" content=\"mosite\" \/>\n\t<meta name=\"twitter:label2\" content=\"Est. tempo de leitura\" \/>\n\t<meta name=\"twitter:data2\" content=\"1 minuto\" \/>\n<script type=\"application\/ld+json\" class=\"yoast-schema-graph\">{\"@context\":\"https:\/\/schema.org\",\"@graph\":[{\"@type\":\"WebPage\",\"@id\":\"https:\/\/www.pmpf.rs.gov.br\/turismo\/2013\/04\/24\/prefeitura-confirma-data-do-rodeio-internacional-de-passo-fundo-6740\/\",\"url\":\"https:\/\/www.pmpf.rs.gov.br\/turismo\/2013\/04\/24\/prefeitura-confirma-data-do-rodeio-internacional-de-passo-fundo-6740\/\",\"name\":\"Prefeitura confirma data do Rodeio Internacional de Passo fundo - Turismo\",\"isPartOf\":{\"@id\":\"https:\/\/www.pmpf.rs.gov.br\/turismo\/#website\"},\"datePublished\":\"2013-04-24T06:00:00+00:00\",\"dateModified\":\"2013-04-24T06:00:00+00:00\",\"author\":{\"@id\":\"https:\/\/www.pmpf.rs.gov.br\/turismo\/#\/schema\/person\/0c355b0fa68a7aa986c8594f7a60a2d7\"},\"breadcrumb\":{\"@id\":\"https:\/\/www.pmpf.rs.gov.br\/turismo\/2013\/04\/24\/prefeitura-confirma-data-do-rodeio-internacional-de-passo-fundo-6740\/#breadcrumb\"},\"inLanguage\":\"pt-BR\",\"potentialAction\":[{\"@type\":\"ReadAction\",\"target\":[\"https:\/\/www.pmpf.rs.gov.br\/turismo\/2013\/04\/24\/prefeitura-confirma-data-do-rodeio-internacional-de-passo-fundo-6740\/\"]}]},{\"@type\":\"BreadcrumbList\",\"@id\":\"https:\/\/www.pmpf.rs.gov.br\/turismo\/2013\/04\/24\/prefeitura-confirma-data-do-rodeio-internacional-de-passo-fundo-6740\/#breadcrumb\",\"itemListElement\":[{\"@type\":\"ListItem\",\"position\":1,\"name\":\"In\u00edcio\",\"item\":\"https:\/\/www.pmpf.rs.gov.br\/turismo\/\"},{\"@type\":\"ListItem\",\"position\":2,\"name\":\"Prefeitura confirma data do Rodeio Internacional de Passo fundo\"}]},{\"@type\":\"WebSite\",\"@id\":\"https:\/\/www.pmpf.rs.gov.br\/turismo\/#website\",\"url\":\"https:\/\/www.pmpf.rs.gov.br\/turismo\/\",\"name\":\"Turismo\",\"description\":\"Descubra Passo Fundo\",\"potentialAction\":[{\"@type\":\"SearchAction\",\"target\":{\"@type\":\"EntryPoint\",\"urlTemplate\":\"https:\/\/www.pmpf.rs.gov.br\/turismo\/?s={search_term_string}\"},\"query-input\":{\"@type\":\"PropertyValueSpecification\",\"valueRequired\":true,\"valueName\":\"search_term_string\"}}],\"inLanguage\":\"pt-BR\"},{\"@type\":\"Person\",\"@id\":\"https:\/\/www.pmpf.rs.gov.br\/turismo\/#\/schema\/person\/0c355b0fa68a7aa986c8594f7a60a2d7\",\"name\":\"mosite\",\"image\":{\"@type\":\"ImageObject\",\"inLanguage\":\"pt-BR\",\"@id\":\"https:\/\/www.pmpf.rs.gov.br\/turismo\/#\/schema\/person\/image\/\",\"url\":\"https:\/\/secure.gravatar.com\/avatar\/63d72595d6cecfe12bd8a94829d5a26c?s=96&d=mm&r=g\",\"contentUrl\":\"https:\/\/secure.gravatar.com\/avatar\/63d72595d6cecfe12bd8a94829d5a26c?s=96&d=mm&r=g\",\"caption\":\"mosite\"},\"sameAs\":[\"http:\/\/example.com\"],\"url\":\"https:\/\/www.pmpf.rs.gov.br\/turismo\/author\/mosite\/\"}]}<\/script>\n<!-- \/ Yoast SEO plugin. -->","yoast_head_json":{"title":"Prefeitura confirma data do Rodeio Internacional de Passo fundo - Turismo","robots":{"index":"index","follow":"follow","max-snippet":"max-snippet:-1","max-image-preview":"max-image-preview:large","max-video-preview":"max-video-preview:-1"},"canonical":"https:\/\/www.pmpf.rs.gov.br\/turismo\/2013\/04\/24\/prefeitura-confirma-data-do-rodeio-internacional-de-passo-fundo-6740\/","og_locale":"pt_BR","og_type":"article","og_title":"Prefeitura confirma data do Rodeio Internacional de Passo fundo - Turismo","og_description":"Prefeitura confirma data do Rodeio Internacional de Passo fundo","og_url":"https:\/\/www.pmpf.rs.gov.br\/turismo\/2013\/04\/24\/prefeitura-confirma-data-do-rodeio-internacional-de-passo-fundo-6740\/","og_site_name":"Turismo","article_published_time":"2013-04-24T06:00:00+00:00","author":"mosite","twitter_card":"summary_large_image","twitter_misc":{"Escrito por":"mosite","Est. tempo de leitura":"1 minuto"},"schema":{"@context":"https:\/\/schema.org","@graph":[{"@type":"WebPage","@id":"https:\/\/www.pmpf.rs.gov.br\/turismo\/2013\/04\/24\/prefeitura-confirma-data-do-rodeio-internacional-de-passo-fundo-6740\/","url":"https:\/\/www.pmpf.rs.gov.br\/turismo\/2013\/04\/24\/prefeitura-confirma-data-do-rodeio-internacional-de-passo-fundo-6740\/","name":"Prefeitura confirma data do Rodeio Internacional de Passo fundo - Turismo","isPartOf":{"@id":"https:\/\/www.pmpf.rs.gov.br\/turismo\/#website"},"datePublished":"2013-04-24T06:00:00+00:00","dateModified":"2013-04-24T06:00:00+00:00","author":{"@id":"https:\/\/www.pmpf.rs.gov.br\/turismo\/#\/schema\/person\/0c355b0fa68a7aa986c8594f7a60a2d7"},"breadcrumb":{"@id":"https:\/\/www.pmpf.rs.gov.br\/turismo\/2013\/04\/24\/prefeitura-confirma-data-do-rodeio-internacional-de-passo-fundo-6740\/#breadcrumb"},"inLanguage":"pt-BR","potentialAction":[{"@type":"ReadAction","target":["https:\/\/www.pmpf.rs.gov.br\/turismo\/2013\/04\/24\/prefeitura-confirma-data-do-rodeio-internacional-de-passo-fundo-6740\/"]}]},{"@type":"BreadcrumbList","@id":"https:\/\/www.pmpf.rs.gov.br\/turismo\/2013\/04\/24\/prefeitura-confirma-data-do-rodeio-internacional-de-passo-fundo-6740\/#breadcrumb","itemListElement":[{"@type":"ListItem","position":1,"name":"In\u00edcio","item":"https:\/\/www.pmpf.rs.gov.br\/turismo\/"},{"@type":"ListItem","position":2,"name":"Prefeitura confirma data do Rodeio Internacional de Passo fundo"}]},{"@type":"WebSite","@id":"https:\/\/www.pmpf.rs.gov.br\/turismo\/#website","url":"https:\/\/www.pmpf.rs.gov.br\/turismo\/","name":"Turismo","description":"Descubra Passo Fundo","potentialAction":[{"@type":"SearchAction","target":{"@type":"EntryPoint","urlTemplate":"https:\/\/www.pmpf.rs.gov.br\/turismo\/?s={search_term_string}"},"query-input":{"@type":"PropertyValueSpecification","valueRequired":true,"valueName":"search_term_string"}}],"inLanguage":"pt-BR"},{"@type":"Person","@id":"https:\/\/www.pmpf.rs.gov.br\/turismo\/#\/schema\/person\/0c355b0fa68a7aa986c8594f7a60a2d7","name":"mosite","image":{"@type":"ImageObject","inLanguage":"pt-BR","@id":"https:\/\/www.pmpf.rs.gov.br\/turismo\/#\/schema\/person\/image\/","url":"https:\/\/secure.gravatar.com\/avatar\/63d72595d6cecfe12bd8a94829d5a26c?s=96&d=mm&r=g","contentUrl":"https:\/\/secure.gravatar.com\/avatar\/63d72595d6cecfe12bd8a94829d5a26c?s=96&d=mm&r=g","caption":"mosite"},"sameAs":["http:\/\/example.com"],"url":"https:\/\/www.pmpf.rs.gov.br\/turismo\/author\/mosite\/"}]}},"_links":{"self":[{"href":"https:\/\/www.pmpf.rs.gov.br\/turismo\/wp-json\/wp\/v2\/posts\/90"}],"collection":[{"href":"https:\/\/www.pmpf.rs.gov.br\/turismo\/wp-json\/wp\/v2\/posts"}],"about":[{"href":"https:\/\/www.pmpf.rs.gov.br\/turismo\/wp-json\/wp\/v2\/types\/post"}],"author":[{"embeddable":true,"href":"https:\/\/www.pmpf.rs.gov.br\/turismo\/wp-json\/wp\/v2\/users\/1"}],"replies":[{"embeddable":true,"href":"https:\/\/www.pmpf.rs.gov.br\/turismo\/wp-json\/wp\/v2\/comments?post=90"}],"version-history":[{"count":0,"href":"https:\/\/www.pmpf.rs.gov.br\/turismo\/wp-json\/wp\/v2\/posts\/90\/revisions"}],"wp:attachment":[{"href":"https:\/\/www.pmpf.rs.gov.br\/turismo\/wp-json\/wp\/v2\/media?parent=90"}],"wp:term":[{"taxonomy":"category","embeddable":true,"href":"https:\/\/www.pmpf.rs.gov.br\/turismo\/wp-json\/wp\/v2\/categories?post=90"},{"taxonomy":"post_tag","embeddable":true,"href":"https:\/\/www.pmpf.rs.gov.br\/turismo\/wp-json\/wp\/v2\/tags?post=90"}],"curies":[{"name":"wp","href":"https:\/\/api.w.org\/{rel}","templated":true}]}}