{"id":88,"date":"2013-04-25T03:00:00","date_gmt":"2013-04-25T06:00:00","guid":{"rendered":"https:\/\/www.pmpf.rs.gov.br\/turismo\/2013\/04\/25\/projetos-de-fomento-ao-turismo-sao-debatidos-durante-reuniao-na-prefeitura-6743\/"},"modified":"2013-04-25T03:00:00","modified_gmt":"2013-04-25T06:00:00","slug":"projetos-de-fomento-ao-turismo-sao-debatidos-durante-reuniao-na-prefeitura-6743","status":"publish","type":"post","link":"https:\/\/www.pmpf.rs.gov.br\/turismo\/2013\/04\/25\/projetos-de-fomento-ao-turismo-sao-debatidos-durante-reuniao-na-prefeitura-6743\/","title":{"rendered":"Projetos de fomento ao turismo s\u00e3o debatidos durante reuni\u00e3o na Prefeitura"},"content":{"rendered":"<p style=\"margin-bottom: 0cm\" class=\"western\">Projetos ligados ao turismo em Passo Fundo foram discutidos nesta quinta-feira, em reuni\u00e3o na Prefeitura com a presen\u00e7a da secret\u00e1ria de Planejamento, Ana Paula Wickert, presidente da Funzoctur, Daniel L\u00e9, respons\u00e1vel pela pasta de Projetos Especiais e Capta\u00e7\u00e3o de Recursos, \u00c9dison Nunes, al\u00e9m de t\u00e9cnicos das secretarias de Obras, Transportes e Servi\u00e7os Gerais e Seguran\u00e7a.<\/p>\n<p style=\"margin-bottom: 0cm\" class=\"western\">Na pauta, estava a elabora\u00e7\u00e3o de projetos para eventos culturais e de turismo, necess\u00e1rios para fomentar a \u00e1rea no munic\u00edpio. As propostas discutidas foram: melhorias na avenida de acesso ao Parque da Rosel\u00e2ndia, revitaliza\u00e7\u00e3o do t\u00famulo de Maria Elisabete de Oliveira e melhorias no cemit\u00e9rio da Vera Cruz \u2013 como ilumina\u00e7\u00e3o e amplia\u00e7\u00e3o do estacionamento \u2013 , remodela\u00e7\u00e3o do Parque de Rodeios e da pra\u00e7a Antonino Xavier de Oliveira (em frente ao Hospital da Cidade), sinaliza\u00e7\u00e3o de pontos tur\u00edsticos e sinaliza\u00e7\u00e3o informativa ao longo da Avenida Brasil, al\u00e9m de melhorias na rua Moron.<\/p>\n<p style=\"margin-bottom: 0cm\" class=\"western\">\u201cA ideia \u00e9 buscar recursos junto ao Minist\u00e9rio do Turismo, atrav\u00e9s de projetos que ser\u00e3o elaborados por t\u00e9cnicos da Prefeitura\u201d, destacou \u00c9dison Nunes. O turismo de eventos e religioso j\u00e1 movimenta a cidade h\u00e1 algum tempo. A Romaria de Nossa Senhora Aparecida atrai milhares de pessoas todos os anos a Passo Fundo e o Rodeio \u00e9 destaque internacionalmente. De acordo com o presidente da Funzoctur, Daniel L\u00e9, o Parque deve passar por uma avalia\u00e7\u00e3o. \u201cO parque de rodeios \u00e9 um importante atrativo e merece melhorias significativas, precisamos avaliar o que de fato \u00e9 necess\u00e1rio nesse sentido\u201d, observou. A secret\u00e1ria de Planejamento, Ana Paula Wickert, ressaltou a import\u00e2ncia de melhorar a sinaliza\u00e7\u00e3o nos pontos tur\u00edsticos e a sinaliza\u00e7\u00e3o informativa na cidade. <\/p>\n","protected":false},"excerpt":{"rendered":"<p>Projetos de fomento ao turismo s\u00e3o debatidos durante reuni\u00e3o na Prefeitura<\/p>\n","protected":false},"author":1,"featured_media":89,"comment_status":"open","ping_status":"open","sticky":false,"template":"","format":"standard","meta":{"footnotes":""},"categories":[],"tags":[],"class_list":["post-88","post","type-post","status-publish","format-standard","has-post-thumbnail","hentry"],"yoast_head":"<!-- This site is optimized with the Yoast SEO plugin v23.8 - https:\/\/yoast.com\/wordpress\/plugins\/seo\/ -->\n<title>Projetos de fomento ao turismo s\u00e3o debatidos durante reuni\u00e3o na Prefeitura - Turismo<\/title>\n<meta name=\"robots\" content=\"index, follow, max-snippet:-1, max-image-preview:large, max-video-preview:-1\" \/>\n<link rel=\"canonical\" href=\"https:\/\/www.pmpf.rs.gov.br\/turismo\/2013\/04\/25\/projetos-de-fomento-ao-turismo-sao-debatidos-durante-reuniao-na-prefeitura-6743\/\" \/>\n<meta property=\"og:locale\" content=\"pt_BR\" \/>\n<meta property=\"og:type\" content=\"article\" \/>\n<meta property=\"og:title\" content=\"Projetos de fomento ao turismo s\u00e3o debatidos durante reuni\u00e3o na Prefeitura - Turismo\" \/>\n<meta property=\"og:description\" content=\"Projetos de fomento ao turismo s\u00e3o debatidos durante reuni\u00e3o na Prefeitura\" \/>\n<meta property=\"og:url\" content=\"https:\/\/www.pmpf.rs.gov.br\/turismo\/2013\/04\/25\/projetos-de-fomento-ao-turismo-sao-debatidos-durante-reuniao-na-prefeitura-6743\/\" \/>\n<meta property=\"og:site_name\" content=\"Turismo\" \/>\n<meta property=\"article:published_time\" content=\"2013-04-25T06:00:00+00:00\" \/>\n<meta property=\"og:image\" content=\"https:\/\/www.pmpf.rs.gov.br\/turismo\/wp-content\/uploads\/sites\/51\/2021\/12\/I2013-12-11_033912_c9779.jpg\" \/>\n\t<meta property=\"og:image:width\" content=\"2048\" \/>\n\t<meta property=\"og:image:height\" content=\"1536\" \/>\n\t<meta property=\"og:image:type\" content=\"image\/jpeg\" \/>\n<meta name=\"author\" content=\"mosite\" \/>\n<meta name=\"twitter:card\" content=\"summary_large_image\" \/>\n<meta name=\"twitter:label1\" content=\"Escrito por\" \/>\n\t<meta name=\"twitter:data1\" content=\"mosite\" \/>\n\t<meta name=\"twitter:label2\" content=\"Est. tempo de leitura\" \/>\n\t<meta name=\"twitter:data2\" content=\"1 minuto\" \/>\n<script type=\"application\/ld+json\" class=\"yoast-schema-graph\">{\"@context\":\"https:\/\/schema.org\",\"@graph\":[{\"@type\":\"WebPage\",\"@id\":\"https:\/\/www.pmpf.rs.gov.br\/turismo\/2013\/04\/25\/projetos-de-fomento-ao-turismo-sao-debatidos-durante-reuniao-na-prefeitura-6743\/\",\"url\":\"https:\/\/www.pmpf.rs.gov.br\/turismo\/2013\/04\/25\/projetos-de-fomento-ao-turismo-sao-debatidos-durante-reuniao-na-prefeitura-6743\/\",\"name\":\"Projetos de fomento ao turismo s\u00e3o debatidos durante reuni\u00e3o na Prefeitura - Turismo\",\"isPartOf\":{\"@id\":\"https:\/\/www.pmpf.rs.gov.br\/turismo\/#website\"},\"primaryImageOfPage\":{\"@id\":\"https:\/\/www.pmpf.rs.gov.br\/turismo\/2013\/04\/25\/projetos-de-fomento-ao-turismo-sao-debatidos-durante-reuniao-na-prefeitura-6743\/#primaryimage\"},\"image\":{\"@id\":\"https:\/\/www.pmpf.rs.gov.br\/turismo\/2013\/04\/25\/projetos-de-fomento-ao-turismo-sao-debatidos-durante-reuniao-na-prefeitura-6743\/#primaryimage\"},\"thumbnailUrl\":\"https:\/\/www.pmpf.rs.gov.br\/turismo\/wp-content\/uploads\/sites\/51\/2021\/12\/I2013-12-11_033912_c9779.jpg\",\"datePublished\":\"2013-04-25T06:00:00+00:00\",\"dateModified\":\"2013-04-25T06:00:00+00:00\",\"author\":{\"@id\":\"https:\/\/www.pmpf.rs.gov.br\/turismo\/#\/schema\/person\/0c355b0fa68a7aa986c8594f7a60a2d7\"},\"breadcrumb\":{\"@id\":\"https:\/\/www.pmpf.rs.gov.br\/turismo\/2013\/04\/25\/projetos-de-fomento-ao-turismo-sao-debatidos-durante-reuniao-na-prefeitura-6743\/#breadcrumb\"},\"inLanguage\":\"pt-BR\",\"potentialAction\":[{\"@type\":\"ReadAction\",\"target\":[\"https:\/\/www.pmpf.rs.gov.br\/turismo\/2013\/04\/25\/projetos-de-fomento-ao-turismo-sao-debatidos-durante-reuniao-na-prefeitura-6743\/\"]}]},{\"@type\":\"ImageObject\",\"inLanguage\":\"pt-BR\",\"@id\":\"https:\/\/www.pmpf.rs.gov.br\/turismo\/2013\/04\/25\/projetos-de-fomento-ao-turismo-sao-debatidos-durante-reuniao-na-prefeitura-6743\/#primaryimage\",\"url\":\"https:\/\/www.pmpf.rs.gov.br\/turismo\/wp-content\/uploads\/sites\/51\/2021\/12\/I2013-12-11_033912_c9779.jpg\",\"contentUrl\":\"https:\/\/www.pmpf.rs.gov.br\/turismo\/wp-content\/uploads\/sites\/51\/2021\/12\/I2013-12-11_033912_c9779.jpg\",\"width\":2048,\"height\":1536},{\"@type\":\"BreadcrumbList\",\"@id\":\"https:\/\/www.pmpf.rs.gov.br\/turismo\/2013\/04\/25\/projetos-de-fomento-ao-turismo-sao-debatidos-durante-reuniao-na-prefeitura-6743\/#breadcrumb\",\"itemListElement\":[{\"@type\":\"ListItem\",\"position\":1,\"name\":\"In\u00edcio\",\"item\":\"https:\/\/www.pmpf.rs.gov.br\/turismo\/\"},{\"@type\":\"ListItem\",\"position\":2,\"name\":\"Projetos de fomento ao turismo s\u00e3o debatidos durante reuni\u00e3o na Prefeitura\"}]},{\"@type\":\"WebSite\",\"@id\":\"https:\/\/www.pmpf.rs.gov.br\/turismo\/#website\",\"url\":\"https:\/\/www.pmpf.rs.gov.br\/turismo\/\",\"name\":\"Turismo\",\"description\":\"Descubra Passo Fundo\",\"potentialAction\":[{\"@type\":\"SearchAction\",\"target\":{\"@type\":\"EntryPoint\",\"urlTemplate\":\"https:\/\/www.pmpf.rs.gov.br\/turismo\/?s={search_term_string}\"},\"query-input\":{\"@type\":\"PropertyValueSpecification\",\"valueRequired\":true,\"valueName\":\"search_term_string\"}}],\"inLanguage\":\"pt-BR\"},{\"@type\":\"Person\",\"@id\":\"https:\/\/www.pmpf.rs.gov.br\/turismo\/#\/schema\/person\/0c355b0fa68a7aa986c8594f7a60a2d7\",\"name\":\"mosite\",\"image\":{\"@type\":\"ImageObject\",\"inLanguage\":\"pt-BR\",\"@id\":\"https:\/\/www.pmpf.rs.gov.br\/turismo\/#\/schema\/person\/image\/\",\"url\":\"https:\/\/secure.gravatar.com\/avatar\/63d72595d6cecfe12bd8a94829d5a26c?s=96&d=mm&r=g\",\"contentUrl\":\"https:\/\/secure.gravatar.com\/avatar\/63d72595d6cecfe12bd8a94829d5a26c?s=96&d=mm&r=g\",\"caption\":\"mosite\"},\"sameAs\":[\"http:\/\/example.com\"],\"url\":\"https:\/\/www.pmpf.rs.gov.br\/turismo\/author\/mosite\/\"}]}<\/script>\n<!-- \/ Yoast SEO plugin. -->","yoast_head_json":{"title":"Projetos de fomento ao turismo s\u00e3o debatidos durante reuni\u00e3o na Prefeitura - Turismo","robots":{"index":"index","follow":"follow","max-snippet":"max-snippet:-1","max-image-preview":"max-image-preview:large","max-video-preview":"max-video-preview:-1"},"canonical":"https:\/\/www.pmpf.rs.gov.br\/turismo\/2013\/04\/25\/projetos-de-fomento-ao-turismo-sao-debatidos-durante-reuniao-na-prefeitura-6743\/","og_locale":"pt_BR","og_type":"article","og_title":"Projetos de fomento ao turismo s\u00e3o debatidos durante reuni\u00e3o na Prefeitura - Turismo","og_description":"Projetos de fomento ao turismo s\u00e3o debatidos durante reuni\u00e3o na Prefeitura","og_url":"https:\/\/www.pmpf.rs.gov.br\/turismo\/2013\/04\/25\/projetos-de-fomento-ao-turismo-sao-debatidos-durante-reuniao-na-prefeitura-6743\/","og_site_name":"Turismo","article_published_time":"2013-04-25T06:00:00+00:00","og_image":[{"width":2048,"height":1536,"url":"https:\/\/www.pmpf.rs.gov.br\/turismo\/wp-content\/uploads\/sites\/51\/2021\/12\/I2013-12-11_033912_c9779.jpg","type":"image\/jpeg"}],"author":"mosite","twitter_card":"summary_large_image","twitter_misc":{"Escrito por":"mosite","Est. tempo de leitura":"1 minuto"},"schema":{"@context":"https:\/\/schema.org","@graph":[{"@type":"WebPage","@id":"https:\/\/www.pmpf.rs.gov.br\/turismo\/2013\/04\/25\/projetos-de-fomento-ao-turismo-sao-debatidos-durante-reuniao-na-prefeitura-6743\/","url":"https:\/\/www.pmpf.rs.gov.br\/turismo\/2013\/04\/25\/projetos-de-fomento-ao-turismo-sao-debatidos-durante-reuniao-na-prefeitura-6743\/","name":"Projetos de fomento ao turismo s\u00e3o debatidos durante reuni\u00e3o na Prefeitura - Turismo","isPartOf":{"@id":"https:\/\/www.pmpf.rs.gov.br\/turismo\/#website"},"primaryImageOfPage":{"@id":"https:\/\/www.pmpf.rs.gov.br\/turismo\/2013\/04\/25\/projetos-de-fomento-ao-turismo-sao-debatidos-durante-reuniao-na-prefeitura-6743\/#primaryimage"},"image":{"@id":"https:\/\/www.pmpf.rs.gov.br\/turismo\/2013\/04\/25\/projetos-de-fomento-ao-turismo-sao-debatidos-durante-reuniao-na-prefeitura-6743\/#primaryimage"},"thumbnailUrl":"https:\/\/www.pmpf.rs.gov.br\/turismo\/wp-content\/uploads\/sites\/51\/2021\/12\/I2013-12-11_033912_c9779.jpg","datePublished":"2013-04-25T06:00:00+00:00","dateModified":"2013-04-25T06:00:00+00:00","author":{"@id":"https:\/\/www.pmpf.rs.gov.br\/turismo\/#\/schema\/person\/0c355b0fa68a7aa986c8594f7a60a2d7"},"breadcrumb":{"@id":"https:\/\/www.pmpf.rs.gov.br\/turismo\/2013\/04\/25\/projetos-de-fomento-ao-turismo-sao-debatidos-durante-reuniao-na-prefeitura-6743\/#breadcrumb"},"inLanguage":"pt-BR","potentialAction":[{"@type":"ReadAction","target":["https:\/\/www.pmpf.rs.gov.br\/turismo\/2013\/04\/25\/projetos-de-fomento-ao-turismo-sao-debatidos-durante-reuniao-na-prefeitura-6743\/"]}]},{"@type":"ImageObject","inLanguage":"pt-BR","@id":"https:\/\/www.pmpf.rs.gov.br\/turismo\/2013\/04\/25\/projetos-de-fomento-ao-turismo-sao-debatidos-durante-reuniao-na-prefeitura-6743\/#primaryimage","url":"https:\/\/www.pmpf.rs.gov.br\/turismo\/wp-content\/uploads\/sites\/51\/2021\/12\/I2013-12-11_033912_c9779.jpg","contentUrl":"https:\/\/www.pmpf.rs.gov.br\/turismo\/wp-content\/uploads\/sites\/51\/2021\/12\/I2013-12-11_033912_c9779.jpg","width":2048,"height":1536},{"@type":"BreadcrumbList","@id":"https:\/\/www.pmpf.rs.gov.br\/turismo\/2013\/04\/25\/projetos-de-fomento-ao-turismo-sao-debatidos-durante-reuniao-na-prefeitura-6743\/#breadcrumb","itemListElement":[{"@type":"ListItem","position":1,"name":"In\u00edcio","item":"https:\/\/www.pmpf.rs.gov.br\/turismo\/"},{"@type":"ListItem","position":2,"name":"Projetos de fomento ao turismo s\u00e3o debatidos durante reuni\u00e3o na Prefeitura"}]},{"@type":"WebSite","@id":"https:\/\/www.pmpf.rs.gov.br\/turismo\/#website","url":"https:\/\/www.pmpf.rs.gov.br\/turismo\/","name":"Turismo","description":"Descubra Passo Fundo","potentialAction":[{"@type":"SearchAction","target":{"@type":"EntryPoint","urlTemplate":"https:\/\/www.pmpf.rs.gov.br\/turismo\/?s={search_term_string}"},"query-input":{"@type":"PropertyValueSpecification","valueRequired":true,"valueName":"search_term_string"}}],"inLanguage":"pt-BR"},{"@type":"Person","@id":"https:\/\/www.pmpf.rs.gov.br\/turismo\/#\/schema\/person\/0c355b0fa68a7aa986c8594f7a60a2d7","name":"mosite","image":{"@type":"ImageObject","inLanguage":"pt-BR","@id":"https:\/\/www.pmpf.rs.gov.br\/turismo\/#\/schema\/person\/image\/","url":"https:\/\/secure.gravatar.com\/avatar\/63d72595d6cecfe12bd8a94829d5a26c?s=96&d=mm&r=g","contentUrl":"https:\/\/secure.gravatar.com\/avatar\/63d72595d6cecfe12bd8a94829d5a26c?s=96&d=mm&r=g","caption":"mosite"},"sameAs":["http:\/\/example.com"],"url":"https:\/\/www.pmpf.rs.gov.br\/turismo\/author\/mosite\/"}]}},"_links":{"self":[{"href":"https:\/\/www.pmpf.rs.gov.br\/turismo\/wp-json\/wp\/v2\/posts\/88"}],"collection":[{"href":"https:\/\/www.pmpf.rs.gov.br\/turismo\/wp-json\/wp\/v2\/posts"}],"about":[{"href":"https:\/\/www.pmpf.rs.gov.br\/turismo\/wp-json\/wp\/v2\/types\/post"}],"author":[{"embeddable":true,"href":"https:\/\/www.pmpf.rs.gov.br\/turismo\/wp-json\/wp\/v2\/users\/1"}],"replies":[{"embeddable":true,"href":"https:\/\/www.pmpf.rs.gov.br\/turismo\/wp-json\/wp\/v2\/comments?post=88"}],"version-history":[{"count":0,"href":"https:\/\/www.pmpf.rs.gov.br\/turismo\/wp-json\/wp\/v2\/posts\/88\/revisions"}],"wp:featuredmedia":[{"embeddable":true,"href":"https:\/\/www.pmpf.rs.gov.br\/turismo\/wp-json\/wp\/v2\/media\/89"}],"wp:attachment":[{"href":"https:\/\/www.pmpf.rs.gov.br\/turismo\/wp-json\/wp\/v2\/media?parent=88"}],"wp:term":[{"taxonomy":"category","embeddable":true,"href":"https:\/\/www.pmpf.rs.gov.br\/turismo\/wp-json\/wp\/v2\/categories?post=88"},{"taxonomy":"post_tag","embeddable":true,"href":"https:\/\/www.pmpf.rs.gov.br\/turismo\/wp-json\/wp\/v2\/tags?post=88"}],"curies":[{"name":"wp","href":"https:\/\/api.w.org\/{rel}","templated":true}]}}