{"id":84,"date":"2013-05-29T03:00:00","date_gmt":"2013-05-29T06:00:00","guid":{"rendered":"https:\/\/www.pmpf.rs.gov.br\/turismo\/2013\/05\/29\/passo-fundo-sedia-o-campeonato-internacional-de-paraquedismo-6883\/"},"modified":"2013-05-29T03:00:00","modified_gmt":"2013-05-29T06:00:00","slug":"passo-fundo-sedia-o-campeonato-internacional-de-paraquedismo-6883","status":"publish","type":"post","link":"https:\/\/www.pmpf.rs.gov.br\/turismo\/2013\/05\/29\/passo-fundo-sedia-o-campeonato-internacional-de-paraquedismo-6883\/","title":{"rendered":"Passo Fundo sedia o Campeonato Internacional de Paraquedismo"},"content":{"rendered":"<p class=\"western\" style=\"margin-bottom: 0cm;\">Nesta semana, Passo Fundo \u00e9 a capital nacional e latino-americana do paraquedismo. A partir de quinta-feira (dia 30), at\u00e9 o domingo (02), os melhores paraquedistas da Am\u00e9rica do Sul e Am\u00e9rica Central estar\u00e3o desafiando os ares em uma das competi\u00e7\u00f5es mais t\u00e9cnicas e emocionantes do paraquedismo mundial. O evento \u00e9 uma realiza\u00e7\u00e3o da Vertical Speed Paraquedismo, com apoio da Prefeitura de Passo Fundo.<\/p>\n<p>Paraquedistas, ou simplesmente PQDs, da Argentina, Paraguai, Uruguai, Chile, Cuba, al\u00e9m do Ex\u00e9rcito Brasileiro e da For\u00e7a \u00c1erea Brasileira, entram na disputa de precis\u00e3o com uma miss\u00e3o: saltar a tr\u00eas mil p\u00e9s de altura com o objetivo de acertar com o calcanhar na hora do pouso, um alvo do tamanho de uma moeda de um real que fica sobre um colch\u00e3o.<\/p>\n<p>Nessa disputa, um dos destaques \u00e9 o atual campe\u00e3o latino-americano da modalidade, o passofundense Marcelo Ricci. Com mais de 6.800 saltos pelo mundo, Ricci al\u00e9m de competir, foi o respons\u00e1vel por trazer essa competi\u00e7\u00e3o e quer espalhar sua paix\u00e3o pelo paraquedismo aqui em Passo Fundo. \u201c\u00c9 muito bom termos em Passo Fundo os melhores competidores nesse campeonato. Eles est\u00e3o felizes e surpresos com as excelentes condi\u00e7\u00f5es que as pistas e o campo de pouso que o nosso Aeroclube\u00a0 oferece\u201d, afirmou.<\/p>\n<p>A expectativa \u00e9 de que sejam realizados mais de 600 saltos durante todo o campeonato. Recomend\u00e1vel a todos os p\u00fablicos, a entrada \u00e9 franca. O Aeroclube de Passo Fundo fica no Distrito de Pulador (Br-285 sentido Carazinho).<\/p>\n","protected":false},"excerpt":{"rendered":"<p>Passo Fundo sedia o Campeonato Internacional de Paraquedismo<\/p>\n","protected":false},"author":1,"featured_media":0,"comment_status":"open","ping_status":"open","sticky":false,"template":"","format":"standard","meta":{"footnotes":""},"categories":[],"tags":[],"class_list":["post-84","post","type-post","status-publish","format-standard","hentry"],"yoast_head":"<!-- This site is optimized with the Yoast SEO plugin v23.8 - https:\/\/yoast.com\/wordpress\/plugins\/seo\/ -->\n<title>Passo Fundo sedia o Campeonato Internacional de Paraquedismo - Turismo<\/title>\n<meta name=\"robots\" content=\"index, follow, max-snippet:-1, max-image-preview:large, max-video-preview:-1\" \/>\n<link rel=\"canonical\" href=\"https:\/\/www.pmpf.rs.gov.br\/turismo\/2013\/05\/29\/passo-fundo-sedia-o-campeonato-internacional-de-paraquedismo-6883\/\" \/>\n<meta property=\"og:locale\" content=\"pt_BR\" \/>\n<meta property=\"og:type\" content=\"article\" \/>\n<meta property=\"og:title\" content=\"Passo Fundo sedia o Campeonato Internacional de Paraquedismo - Turismo\" \/>\n<meta property=\"og:description\" content=\"Passo Fundo sedia o Campeonato Internacional de Paraquedismo\" \/>\n<meta property=\"og:url\" content=\"https:\/\/www.pmpf.rs.gov.br\/turismo\/2013\/05\/29\/passo-fundo-sedia-o-campeonato-internacional-de-paraquedismo-6883\/\" \/>\n<meta property=\"og:site_name\" content=\"Turismo\" \/>\n<meta property=\"article:published_time\" content=\"2013-05-29T06:00:00+00:00\" \/>\n<meta name=\"author\" content=\"mosite\" \/>\n<meta name=\"twitter:card\" content=\"summary_large_image\" \/>\n<meta name=\"twitter:label1\" content=\"Escrito por\" \/>\n\t<meta name=\"twitter:data1\" content=\"mosite\" \/>\n\t<meta name=\"twitter:label2\" content=\"Est. tempo de leitura\" \/>\n\t<meta name=\"twitter:data2\" content=\"1 minuto\" \/>\n<script type=\"application\/ld+json\" class=\"yoast-schema-graph\">{\"@context\":\"https:\/\/schema.org\",\"@graph\":[{\"@type\":\"WebPage\",\"@id\":\"https:\/\/www.pmpf.rs.gov.br\/turismo\/2013\/05\/29\/passo-fundo-sedia-o-campeonato-internacional-de-paraquedismo-6883\/\",\"url\":\"https:\/\/www.pmpf.rs.gov.br\/turismo\/2013\/05\/29\/passo-fundo-sedia-o-campeonato-internacional-de-paraquedismo-6883\/\",\"name\":\"Passo Fundo sedia o Campeonato Internacional de Paraquedismo - Turismo\",\"isPartOf\":{\"@id\":\"https:\/\/www.pmpf.rs.gov.br\/turismo\/#website\"},\"datePublished\":\"2013-05-29T06:00:00+00:00\",\"dateModified\":\"2013-05-29T06:00:00+00:00\",\"author\":{\"@id\":\"https:\/\/www.pmpf.rs.gov.br\/turismo\/#\/schema\/person\/0c355b0fa68a7aa986c8594f7a60a2d7\"},\"breadcrumb\":{\"@id\":\"https:\/\/www.pmpf.rs.gov.br\/turismo\/2013\/05\/29\/passo-fundo-sedia-o-campeonato-internacional-de-paraquedismo-6883\/#breadcrumb\"},\"inLanguage\":\"pt-BR\",\"potentialAction\":[{\"@type\":\"ReadAction\",\"target\":[\"https:\/\/www.pmpf.rs.gov.br\/turismo\/2013\/05\/29\/passo-fundo-sedia-o-campeonato-internacional-de-paraquedismo-6883\/\"]}]},{\"@type\":\"BreadcrumbList\",\"@id\":\"https:\/\/www.pmpf.rs.gov.br\/turismo\/2013\/05\/29\/passo-fundo-sedia-o-campeonato-internacional-de-paraquedismo-6883\/#breadcrumb\",\"itemListElement\":[{\"@type\":\"ListItem\",\"position\":1,\"name\":\"In\u00edcio\",\"item\":\"https:\/\/www.pmpf.rs.gov.br\/turismo\/\"},{\"@type\":\"ListItem\",\"position\":2,\"name\":\"Passo Fundo sedia o Campeonato Internacional de Paraquedismo\"}]},{\"@type\":\"WebSite\",\"@id\":\"https:\/\/www.pmpf.rs.gov.br\/turismo\/#website\",\"url\":\"https:\/\/www.pmpf.rs.gov.br\/turismo\/\",\"name\":\"Turismo\",\"description\":\"Descubra Passo Fundo\",\"potentialAction\":[{\"@type\":\"SearchAction\",\"target\":{\"@type\":\"EntryPoint\",\"urlTemplate\":\"https:\/\/www.pmpf.rs.gov.br\/turismo\/?s={search_term_string}\"},\"query-input\":{\"@type\":\"PropertyValueSpecification\",\"valueRequired\":true,\"valueName\":\"search_term_string\"}}],\"inLanguage\":\"pt-BR\"},{\"@type\":\"Person\",\"@id\":\"https:\/\/www.pmpf.rs.gov.br\/turismo\/#\/schema\/person\/0c355b0fa68a7aa986c8594f7a60a2d7\",\"name\":\"mosite\",\"image\":{\"@type\":\"ImageObject\",\"inLanguage\":\"pt-BR\",\"@id\":\"https:\/\/www.pmpf.rs.gov.br\/turismo\/#\/schema\/person\/image\/\",\"url\":\"https:\/\/secure.gravatar.com\/avatar\/63d72595d6cecfe12bd8a94829d5a26c?s=96&d=mm&r=g\",\"contentUrl\":\"https:\/\/secure.gravatar.com\/avatar\/63d72595d6cecfe12bd8a94829d5a26c?s=96&d=mm&r=g\",\"caption\":\"mosite\"},\"sameAs\":[\"http:\/\/example.com\"],\"url\":\"https:\/\/www.pmpf.rs.gov.br\/turismo\/author\/mosite\/\"}]}<\/script>\n<!-- \/ Yoast SEO plugin. -->","yoast_head_json":{"title":"Passo Fundo sedia o Campeonato Internacional de Paraquedismo - Turismo","robots":{"index":"index","follow":"follow","max-snippet":"max-snippet:-1","max-image-preview":"max-image-preview:large","max-video-preview":"max-video-preview:-1"},"canonical":"https:\/\/www.pmpf.rs.gov.br\/turismo\/2013\/05\/29\/passo-fundo-sedia-o-campeonato-internacional-de-paraquedismo-6883\/","og_locale":"pt_BR","og_type":"article","og_title":"Passo Fundo sedia o Campeonato Internacional de Paraquedismo - Turismo","og_description":"Passo Fundo sedia o Campeonato Internacional de Paraquedismo","og_url":"https:\/\/www.pmpf.rs.gov.br\/turismo\/2013\/05\/29\/passo-fundo-sedia-o-campeonato-internacional-de-paraquedismo-6883\/","og_site_name":"Turismo","article_published_time":"2013-05-29T06:00:00+00:00","author":"mosite","twitter_card":"summary_large_image","twitter_misc":{"Escrito por":"mosite","Est. tempo de leitura":"1 minuto"},"schema":{"@context":"https:\/\/schema.org","@graph":[{"@type":"WebPage","@id":"https:\/\/www.pmpf.rs.gov.br\/turismo\/2013\/05\/29\/passo-fundo-sedia-o-campeonato-internacional-de-paraquedismo-6883\/","url":"https:\/\/www.pmpf.rs.gov.br\/turismo\/2013\/05\/29\/passo-fundo-sedia-o-campeonato-internacional-de-paraquedismo-6883\/","name":"Passo Fundo sedia o Campeonato Internacional de Paraquedismo - Turismo","isPartOf":{"@id":"https:\/\/www.pmpf.rs.gov.br\/turismo\/#website"},"datePublished":"2013-05-29T06:00:00+00:00","dateModified":"2013-05-29T06:00:00+00:00","author":{"@id":"https:\/\/www.pmpf.rs.gov.br\/turismo\/#\/schema\/person\/0c355b0fa68a7aa986c8594f7a60a2d7"},"breadcrumb":{"@id":"https:\/\/www.pmpf.rs.gov.br\/turismo\/2013\/05\/29\/passo-fundo-sedia-o-campeonato-internacional-de-paraquedismo-6883\/#breadcrumb"},"inLanguage":"pt-BR","potentialAction":[{"@type":"ReadAction","target":["https:\/\/www.pmpf.rs.gov.br\/turismo\/2013\/05\/29\/passo-fundo-sedia-o-campeonato-internacional-de-paraquedismo-6883\/"]}]},{"@type":"BreadcrumbList","@id":"https:\/\/www.pmpf.rs.gov.br\/turismo\/2013\/05\/29\/passo-fundo-sedia-o-campeonato-internacional-de-paraquedismo-6883\/#breadcrumb","itemListElement":[{"@type":"ListItem","position":1,"name":"In\u00edcio","item":"https:\/\/www.pmpf.rs.gov.br\/turismo\/"},{"@type":"ListItem","position":2,"name":"Passo Fundo sedia o Campeonato Internacional de Paraquedismo"}]},{"@type":"WebSite","@id":"https:\/\/www.pmpf.rs.gov.br\/turismo\/#website","url":"https:\/\/www.pmpf.rs.gov.br\/turismo\/","name":"Turismo","description":"Descubra Passo Fundo","potentialAction":[{"@type":"SearchAction","target":{"@type":"EntryPoint","urlTemplate":"https:\/\/www.pmpf.rs.gov.br\/turismo\/?s={search_term_string}"},"query-input":{"@type":"PropertyValueSpecification","valueRequired":true,"valueName":"search_term_string"}}],"inLanguage":"pt-BR"},{"@type":"Person","@id":"https:\/\/www.pmpf.rs.gov.br\/turismo\/#\/schema\/person\/0c355b0fa68a7aa986c8594f7a60a2d7","name":"mosite","image":{"@type":"ImageObject","inLanguage":"pt-BR","@id":"https:\/\/www.pmpf.rs.gov.br\/turismo\/#\/schema\/person\/image\/","url":"https:\/\/secure.gravatar.com\/avatar\/63d72595d6cecfe12bd8a94829d5a26c?s=96&d=mm&r=g","contentUrl":"https:\/\/secure.gravatar.com\/avatar\/63d72595d6cecfe12bd8a94829d5a26c?s=96&d=mm&r=g","caption":"mosite"},"sameAs":["http:\/\/example.com"],"url":"https:\/\/www.pmpf.rs.gov.br\/turismo\/author\/mosite\/"}]}},"_links":{"self":[{"href":"https:\/\/www.pmpf.rs.gov.br\/turismo\/wp-json\/wp\/v2\/posts\/84"}],"collection":[{"href":"https:\/\/www.pmpf.rs.gov.br\/turismo\/wp-json\/wp\/v2\/posts"}],"about":[{"href":"https:\/\/www.pmpf.rs.gov.br\/turismo\/wp-json\/wp\/v2\/types\/post"}],"author":[{"embeddable":true,"href":"https:\/\/www.pmpf.rs.gov.br\/turismo\/wp-json\/wp\/v2\/users\/1"}],"replies":[{"embeddable":true,"href":"https:\/\/www.pmpf.rs.gov.br\/turismo\/wp-json\/wp\/v2\/comments?post=84"}],"version-history":[{"count":0,"href":"https:\/\/www.pmpf.rs.gov.br\/turismo\/wp-json\/wp\/v2\/posts\/84\/revisions"}],"wp:attachment":[{"href":"https:\/\/www.pmpf.rs.gov.br\/turismo\/wp-json\/wp\/v2\/media?parent=84"}],"wp:term":[{"taxonomy":"category","embeddable":true,"href":"https:\/\/www.pmpf.rs.gov.br\/turismo\/wp-json\/wp\/v2\/categories?post=84"},{"taxonomy":"post_tag","embeddable":true,"href":"https:\/\/www.pmpf.rs.gov.br\/turismo\/wp-json\/wp\/v2\/tags?post=84"}],"curies":[{"name":"wp","href":"https:\/\/api.w.org\/{rel}","templated":true}]}}