{"id":82,"date":"2013-06-02T03:00:00","date_gmt":"2013-06-02T06:00:00","guid":{"rendered":"https:\/\/www.pmpf.rs.gov.br\/turismo\/2013\/06\/02\/final-de-semana-festivo-no-aeroclube-de-passo-fundo-6888\/"},"modified":"2013-06-02T03:00:00","modified_gmt":"2013-06-02T06:00:00","slug":"final-de-semana-festivo-no-aeroclube-de-passo-fundo-6888","status":"publish","type":"post","link":"https:\/\/www.pmpf.rs.gov.br\/turismo\/2013\/06\/02\/final-de-semana-festivo-no-aeroclube-de-passo-fundo-6888\/","title":{"rendered":"Final de semana festivo no aeroclube de Passo Fundo"},"content":{"rendered":"<p class=\"MsoNormal\" style=\"text-align: justify; margin-bottom: 0.0001pt;\">Ap\u00f3s tr\u00eas dias de provas de precis\u00e3o e saltos do Campeonato Internacional de Paraquedismo, que aconteceu entre quinta-feira, 30 de maio, e s\u00e1bado, 01 de junho, o domingo, 02, foi de festa no Aaeroclube de Passo Fundo. Neste dia, fam\u00edlias, crian\u00e7as e apreciadores do esporte, que formaram um p\u00fablico superior a 1,5 mil pessoas, estiveram no local para assistir a saltos de demonstra\u00e7\u00e3o de representantes das delega\u00e7\u00f5es do Brasil e Cuba, al\u00e9m de conferir as aeronaves, demonstra\u00e7\u00f5es de aeromodelismo e passear pelos angares do Aeroclube. Tamb\u00e9m participaram a For\u00e7a A\u00e9rea Brasileira e o Ex\u00e9rcito Brasileiro. Os resultados do campeonato j\u00e1 foram divulgados no s\u00e1bado, quando o passo-fundense, Marcelo Ricci, conquistou o segundo lugar na modalidade individual Latino-Americano e individual brasileiro.<u><o_p \/><\/u><\/p>\n<p class=\"MsoNormal\" style=\"text-align: justify; margin-bottom: 0.0001pt;\">Conforme o diretor da Funzoctur, Daniel L\u00e9, o evento foi positivo para a cidade, pois atraiu a aten\u00e7\u00e3o dos moradores locais e da regi\u00e3o para o paraquedismo, al\u00e9m de trazer para o munic\u00edpio esportistas de diferentes pontos da Am\u00e9rica do Sul e Central. \u201c Esta foi a primeira vez que este evento aconteceu em Passo Fundo e esperamos mais atividades como esta em nossa cidade\u201d, comentou. <\/p>\n<p><o_p \/><\/p>\n<p>  <span style=\"line-height: 115%;\"><\/p>\n<div style=\"text-align: justify;\"><span style=\"  line-height: 115%;\">Ap\u00f3s a realiza\u00e7\u00e3o de mais de 500 saltos durante o campeonato, o primeiro lugar Latino-Americano por equipes ficou com os Falc\u00f5es, da Aeron\u00e1utica Brasileira. O primeiro lugar individual Latino-Americano e, tamb\u00e9m, primeiro lugar Brasileiro, foi conquistado pelo Diego Gabriel da Silva, componente da equipe Falc\u00f5es, que venceu Ricci por apenas um cent\u00edmetro de diferen\u00e7a. No Brasileiro em equipes, os Falc\u00f5es ficaram em primeiro lugar, e no Brasileiro individual, o primeiro lugar foi conquistado pelo paraquedista Paulo Roberto, de Bras\u00edlia. <\/p>\n<p>Durante as provas,<\/span><span style=\"  line-height: 115%;\"> 80 atletas do Brasil, Argentina, Paraguai, Uruguai, Chile e Cuba, sa<\/span><span style=\"  line-height: 115%;\">ltaram de uma altura de tr\u00eas mil p\u00e9s com o objetivo de acertar, na hora do pouso, um alvo do tamanho de uma moeda.\u00a0<\/span><\/div>\n<p><\/span><\/p>\n","protected":false},"excerpt":{"rendered":"<p>Ap\u00f3s tr\u00eas dias de provas de precis\u00e3o e saltos do Campeonato Internacional de Paraquedismo, domingo foi de festa no Aaeroclube de Passo Fundo<\/p>\n","protected":false},"author":1,"featured_media":83,"comment_status":"open","ping_status":"open","sticky":false,"template":"","format":"standard","meta":{"footnotes":""},"categories":[],"tags":[],"class_list":["post-82","post","type-post","status-publish","format-standard","has-post-thumbnail","hentry"],"yoast_head":"<!-- This site is optimized with the Yoast SEO plugin v23.8 - https:\/\/yoast.com\/wordpress\/plugins\/seo\/ -->\n<title>Final de semana festivo no aeroclube de Passo Fundo - Turismo<\/title>\n<meta name=\"robots\" content=\"index, follow, max-snippet:-1, max-image-preview:large, max-video-preview:-1\" \/>\n<link rel=\"canonical\" href=\"https:\/\/www.pmpf.rs.gov.br\/turismo\/2013\/06\/02\/final-de-semana-festivo-no-aeroclube-de-passo-fundo-6888\/\" \/>\n<meta property=\"og:locale\" content=\"pt_BR\" \/>\n<meta property=\"og:type\" content=\"article\" \/>\n<meta property=\"og:title\" content=\"Final de semana festivo no aeroclube de Passo Fundo - Turismo\" \/>\n<meta property=\"og:description\" content=\"Ap\u00f3s tr\u00eas dias de provas de precis\u00e3o e saltos do Campeonato Internacional de Paraquedismo, domingo foi de festa no Aaeroclube de Passo Fundo\" \/>\n<meta property=\"og:url\" content=\"https:\/\/www.pmpf.rs.gov.br\/turismo\/2013\/06\/02\/final-de-semana-festivo-no-aeroclube-de-passo-fundo-6888\/\" \/>\n<meta property=\"og:site_name\" content=\"Turismo\" \/>\n<meta property=\"article:published_time\" content=\"2013-06-02T06:00:00+00:00\" \/>\n<meta property=\"og:image\" content=\"https:\/\/www.pmpf.rs.gov.br\/turismo\/wp-content\/uploads\/sites\/51\/2021\/12\/I2013-12-11_033916_c9893.jpg\" \/>\n\t<meta property=\"og:image:width\" content=\"350\" \/>\n\t<meta property=\"og:image:height\" content=\"263\" \/>\n\t<meta property=\"og:image:type\" content=\"image\/jpeg\" \/>\n<meta name=\"author\" content=\"mosite\" \/>\n<meta name=\"twitter:card\" content=\"summary_large_image\" \/>\n<meta name=\"twitter:label1\" content=\"Escrito por\" \/>\n\t<meta name=\"twitter:data1\" content=\"mosite\" \/>\n\t<meta name=\"twitter:label2\" content=\"Est. tempo de leitura\" \/>\n\t<meta name=\"twitter:data2\" content=\"2 minutos\" \/>\n<script type=\"application\/ld+json\" class=\"yoast-schema-graph\">{\"@context\":\"https:\/\/schema.org\",\"@graph\":[{\"@type\":\"WebPage\",\"@id\":\"https:\/\/www.pmpf.rs.gov.br\/turismo\/2013\/06\/02\/final-de-semana-festivo-no-aeroclube-de-passo-fundo-6888\/\",\"url\":\"https:\/\/www.pmpf.rs.gov.br\/turismo\/2013\/06\/02\/final-de-semana-festivo-no-aeroclube-de-passo-fundo-6888\/\",\"name\":\"Final de semana festivo no aeroclube de Passo Fundo - Turismo\",\"isPartOf\":{\"@id\":\"https:\/\/www.pmpf.rs.gov.br\/turismo\/#website\"},\"primaryImageOfPage\":{\"@id\":\"https:\/\/www.pmpf.rs.gov.br\/turismo\/2013\/06\/02\/final-de-semana-festivo-no-aeroclube-de-passo-fundo-6888\/#primaryimage\"},\"image\":{\"@id\":\"https:\/\/www.pmpf.rs.gov.br\/turismo\/2013\/06\/02\/final-de-semana-festivo-no-aeroclube-de-passo-fundo-6888\/#primaryimage\"},\"thumbnailUrl\":\"https:\/\/www.pmpf.rs.gov.br\/turismo\/wp-content\/uploads\/sites\/51\/2021\/12\/I2013-12-11_033916_c9893.jpg\",\"datePublished\":\"2013-06-02T06:00:00+00:00\",\"dateModified\":\"2013-06-02T06:00:00+00:00\",\"author\":{\"@id\":\"https:\/\/www.pmpf.rs.gov.br\/turismo\/#\/schema\/person\/0c355b0fa68a7aa986c8594f7a60a2d7\"},\"breadcrumb\":{\"@id\":\"https:\/\/www.pmpf.rs.gov.br\/turismo\/2013\/06\/02\/final-de-semana-festivo-no-aeroclube-de-passo-fundo-6888\/#breadcrumb\"},\"inLanguage\":\"pt-BR\",\"potentialAction\":[{\"@type\":\"ReadAction\",\"target\":[\"https:\/\/www.pmpf.rs.gov.br\/turismo\/2013\/06\/02\/final-de-semana-festivo-no-aeroclube-de-passo-fundo-6888\/\"]}]},{\"@type\":\"ImageObject\",\"inLanguage\":\"pt-BR\",\"@id\":\"https:\/\/www.pmpf.rs.gov.br\/turismo\/2013\/06\/02\/final-de-semana-festivo-no-aeroclube-de-passo-fundo-6888\/#primaryimage\",\"url\":\"https:\/\/www.pmpf.rs.gov.br\/turismo\/wp-content\/uploads\/sites\/51\/2021\/12\/I2013-12-11_033916_c9893.jpg\",\"contentUrl\":\"https:\/\/www.pmpf.rs.gov.br\/turismo\/wp-content\/uploads\/sites\/51\/2021\/12\/I2013-12-11_033916_c9893.jpg\",\"width\":350,\"height\":263},{\"@type\":\"BreadcrumbList\",\"@id\":\"https:\/\/www.pmpf.rs.gov.br\/turismo\/2013\/06\/02\/final-de-semana-festivo-no-aeroclube-de-passo-fundo-6888\/#breadcrumb\",\"itemListElement\":[{\"@type\":\"ListItem\",\"position\":1,\"name\":\"In\u00edcio\",\"item\":\"https:\/\/www.pmpf.rs.gov.br\/turismo\/\"},{\"@type\":\"ListItem\",\"position\":2,\"name\":\"Final de semana festivo no aeroclube de Passo Fundo\"}]},{\"@type\":\"WebSite\",\"@id\":\"https:\/\/www.pmpf.rs.gov.br\/turismo\/#website\",\"url\":\"https:\/\/www.pmpf.rs.gov.br\/turismo\/\",\"name\":\"Turismo\",\"description\":\"Descubra Passo Fundo\",\"potentialAction\":[{\"@type\":\"SearchAction\",\"target\":{\"@type\":\"EntryPoint\",\"urlTemplate\":\"https:\/\/www.pmpf.rs.gov.br\/turismo\/?s={search_term_string}\"},\"query-input\":{\"@type\":\"PropertyValueSpecification\",\"valueRequired\":true,\"valueName\":\"search_term_string\"}}],\"inLanguage\":\"pt-BR\"},{\"@type\":\"Person\",\"@id\":\"https:\/\/www.pmpf.rs.gov.br\/turismo\/#\/schema\/person\/0c355b0fa68a7aa986c8594f7a60a2d7\",\"name\":\"mosite\",\"image\":{\"@type\":\"ImageObject\",\"inLanguage\":\"pt-BR\",\"@id\":\"https:\/\/www.pmpf.rs.gov.br\/turismo\/#\/schema\/person\/image\/\",\"url\":\"https:\/\/secure.gravatar.com\/avatar\/63d72595d6cecfe12bd8a94829d5a26c?s=96&d=mm&r=g\",\"contentUrl\":\"https:\/\/secure.gravatar.com\/avatar\/63d72595d6cecfe12bd8a94829d5a26c?s=96&d=mm&r=g\",\"caption\":\"mosite\"},\"sameAs\":[\"http:\/\/example.com\"],\"url\":\"https:\/\/www.pmpf.rs.gov.br\/turismo\/author\/mosite\/\"}]}<\/script>\n<!-- \/ Yoast SEO plugin. -->","yoast_head_json":{"title":"Final de semana festivo no aeroclube de Passo Fundo - Turismo","robots":{"index":"index","follow":"follow","max-snippet":"max-snippet:-1","max-image-preview":"max-image-preview:large","max-video-preview":"max-video-preview:-1"},"canonical":"https:\/\/www.pmpf.rs.gov.br\/turismo\/2013\/06\/02\/final-de-semana-festivo-no-aeroclube-de-passo-fundo-6888\/","og_locale":"pt_BR","og_type":"article","og_title":"Final de semana festivo no aeroclube de Passo Fundo - Turismo","og_description":"Ap\u00f3s tr\u00eas dias de provas de precis\u00e3o e saltos do Campeonato Internacional de Paraquedismo, domingo foi de festa no Aaeroclube de Passo Fundo","og_url":"https:\/\/www.pmpf.rs.gov.br\/turismo\/2013\/06\/02\/final-de-semana-festivo-no-aeroclube-de-passo-fundo-6888\/","og_site_name":"Turismo","article_published_time":"2013-06-02T06:00:00+00:00","og_image":[{"width":350,"height":263,"url":"https:\/\/www.pmpf.rs.gov.br\/turismo\/wp-content\/uploads\/sites\/51\/2021\/12\/I2013-12-11_033916_c9893.jpg","type":"image\/jpeg"}],"author":"mosite","twitter_card":"summary_large_image","twitter_misc":{"Escrito por":"mosite","Est. tempo de leitura":"2 minutos"},"schema":{"@context":"https:\/\/schema.org","@graph":[{"@type":"WebPage","@id":"https:\/\/www.pmpf.rs.gov.br\/turismo\/2013\/06\/02\/final-de-semana-festivo-no-aeroclube-de-passo-fundo-6888\/","url":"https:\/\/www.pmpf.rs.gov.br\/turismo\/2013\/06\/02\/final-de-semana-festivo-no-aeroclube-de-passo-fundo-6888\/","name":"Final de semana festivo no aeroclube de Passo Fundo - Turismo","isPartOf":{"@id":"https:\/\/www.pmpf.rs.gov.br\/turismo\/#website"},"primaryImageOfPage":{"@id":"https:\/\/www.pmpf.rs.gov.br\/turismo\/2013\/06\/02\/final-de-semana-festivo-no-aeroclube-de-passo-fundo-6888\/#primaryimage"},"image":{"@id":"https:\/\/www.pmpf.rs.gov.br\/turismo\/2013\/06\/02\/final-de-semana-festivo-no-aeroclube-de-passo-fundo-6888\/#primaryimage"},"thumbnailUrl":"https:\/\/www.pmpf.rs.gov.br\/turismo\/wp-content\/uploads\/sites\/51\/2021\/12\/I2013-12-11_033916_c9893.jpg","datePublished":"2013-06-02T06:00:00+00:00","dateModified":"2013-06-02T06:00:00+00:00","author":{"@id":"https:\/\/www.pmpf.rs.gov.br\/turismo\/#\/schema\/person\/0c355b0fa68a7aa986c8594f7a60a2d7"},"breadcrumb":{"@id":"https:\/\/www.pmpf.rs.gov.br\/turismo\/2013\/06\/02\/final-de-semana-festivo-no-aeroclube-de-passo-fundo-6888\/#breadcrumb"},"inLanguage":"pt-BR","potentialAction":[{"@type":"ReadAction","target":["https:\/\/www.pmpf.rs.gov.br\/turismo\/2013\/06\/02\/final-de-semana-festivo-no-aeroclube-de-passo-fundo-6888\/"]}]},{"@type":"ImageObject","inLanguage":"pt-BR","@id":"https:\/\/www.pmpf.rs.gov.br\/turismo\/2013\/06\/02\/final-de-semana-festivo-no-aeroclube-de-passo-fundo-6888\/#primaryimage","url":"https:\/\/www.pmpf.rs.gov.br\/turismo\/wp-content\/uploads\/sites\/51\/2021\/12\/I2013-12-11_033916_c9893.jpg","contentUrl":"https:\/\/www.pmpf.rs.gov.br\/turismo\/wp-content\/uploads\/sites\/51\/2021\/12\/I2013-12-11_033916_c9893.jpg","width":350,"height":263},{"@type":"BreadcrumbList","@id":"https:\/\/www.pmpf.rs.gov.br\/turismo\/2013\/06\/02\/final-de-semana-festivo-no-aeroclube-de-passo-fundo-6888\/#breadcrumb","itemListElement":[{"@type":"ListItem","position":1,"name":"In\u00edcio","item":"https:\/\/www.pmpf.rs.gov.br\/turismo\/"},{"@type":"ListItem","position":2,"name":"Final de semana festivo no aeroclube de Passo Fundo"}]},{"@type":"WebSite","@id":"https:\/\/www.pmpf.rs.gov.br\/turismo\/#website","url":"https:\/\/www.pmpf.rs.gov.br\/turismo\/","name":"Turismo","description":"Descubra Passo Fundo","potentialAction":[{"@type":"SearchAction","target":{"@type":"EntryPoint","urlTemplate":"https:\/\/www.pmpf.rs.gov.br\/turismo\/?s={search_term_string}"},"query-input":{"@type":"PropertyValueSpecification","valueRequired":true,"valueName":"search_term_string"}}],"inLanguage":"pt-BR"},{"@type":"Person","@id":"https:\/\/www.pmpf.rs.gov.br\/turismo\/#\/schema\/person\/0c355b0fa68a7aa986c8594f7a60a2d7","name":"mosite","image":{"@type":"ImageObject","inLanguage":"pt-BR","@id":"https:\/\/www.pmpf.rs.gov.br\/turismo\/#\/schema\/person\/image\/","url":"https:\/\/secure.gravatar.com\/avatar\/63d72595d6cecfe12bd8a94829d5a26c?s=96&d=mm&r=g","contentUrl":"https:\/\/secure.gravatar.com\/avatar\/63d72595d6cecfe12bd8a94829d5a26c?s=96&d=mm&r=g","caption":"mosite"},"sameAs":["http:\/\/example.com"],"url":"https:\/\/www.pmpf.rs.gov.br\/turismo\/author\/mosite\/"}]}},"_links":{"self":[{"href":"https:\/\/www.pmpf.rs.gov.br\/turismo\/wp-json\/wp\/v2\/posts\/82"}],"collection":[{"href":"https:\/\/www.pmpf.rs.gov.br\/turismo\/wp-json\/wp\/v2\/posts"}],"about":[{"href":"https:\/\/www.pmpf.rs.gov.br\/turismo\/wp-json\/wp\/v2\/types\/post"}],"author":[{"embeddable":true,"href":"https:\/\/www.pmpf.rs.gov.br\/turismo\/wp-json\/wp\/v2\/users\/1"}],"replies":[{"embeddable":true,"href":"https:\/\/www.pmpf.rs.gov.br\/turismo\/wp-json\/wp\/v2\/comments?post=82"}],"version-history":[{"count":0,"href":"https:\/\/www.pmpf.rs.gov.br\/turismo\/wp-json\/wp\/v2\/posts\/82\/revisions"}],"wp:featuredmedia":[{"embeddable":true,"href":"https:\/\/www.pmpf.rs.gov.br\/turismo\/wp-json\/wp\/v2\/media\/83"}],"wp:attachment":[{"href":"https:\/\/www.pmpf.rs.gov.br\/turismo\/wp-json\/wp\/v2\/media?parent=82"}],"wp:term":[{"taxonomy":"category","embeddable":true,"href":"https:\/\/www.pmpf.rs.gov.br\/turismo\/wp-json\/wp\/v2\/categories?post=82"},{"taxonomy":"post_tag","embeddable":true,"href":"https:\/\/www.pmpf.rs.gov.br\/turismo\/wp-json\/wp\/v2\/tags?post=82"}],"curies":[{"name":"wp","href":"https:\/\/api.w.org\/{rel}","templated":true}]}}