{"id":80,"date":"2013-05-31T03:00:00","date_gmt":"2013-05-31T06:00:00","guid":{"rendered":"https:\/\/www.pmpf.rs.gov.br\/turismo\/2013\/05\/31\/campeonato-internacional-de-paraquedismo-segue-ate-domingo-6886\/"},"modified":"2013-05-31T03:00:00","modified_gmt":"2013-05-31T06:00:00","slug":"campeonato-internacional-de-paraquedismo-segue-ate-domingo-6886","status":"publish","type":"post","link":"https:\/\/www.pmpf.rs.gov.br\/turismo\/2013\/05\/31\/campeonato-internacional-de-paraquedismo-segue-ate-domingo-6886\/","title":{"rendered":"Campeonato Internacional de Paraquedismo segue at\u00e9 domingo"},"content":{"rendered":"<p style=\"margin-bottom: 0cm; font-weight: normal;  text-align: justify;\" class=\"western\">As provas de precis\u00e3o do Campeonato Internacional de Paraquedismo, realizado com apoio da Prefeitura, continuam at\u00e9 a tarde do pr\u00f3ximo domingo, 02, em Passo Fundo. No primeiro dia de competi\u00e7\u00e3o, cerca de 2.500 pessoas compareceram no aeroclube da cidade  para conferir os primeiros saltos dos 80 atletas que representam seis pa\u00edses na competi\u00e7\u00e3o, que envolve o Brasil, Argentina, Paraguai, Uruguai, Chile e Cuba.  <\/p>\n<p style=\"margin-bottom: 0cm; font-weight: normal;  text-align: justify;\" class=\"western\">Para o diretor da Funzoctur , Daniel L\u00e9, a presen\u00e7a do p\u00fablico no primeiro dia foi positiva. \u201cO p\u00fablico de Passo Fundo j\u00e1 marcou grande presen\u00e7a, esperamos agora que o tempo colabore e que possamos manter a m\u00e9dia de p\u00fablico no fim de semana\u201d, disse. Ainda conforme o diretor, o evento \u00e9 um um programa diferenciado, que proporciona muita emo\u00e7\u00e3o e adrenalina.  <\/p>\n<p style=\"margin-bottom: 0cm; font-weight: normal;  text-align: justify;\" class=\"western\">Os competidores saltam de uma altura de tr\u00eas mil p\u00e9s com o objetivo de acertar, na hora do pouso, um dos calcanhares em uma marca (alvo) do tamanho de uma moeda. A equipe campe\u00e3 ser\u00e1 conhecida no domingo.<\/p>\n<p style=\"margin-bottom: 0cm; font-weight: normal;  text-align: justify;\" class=\"western\">A Codepas est\u00e1 disponibilizando uma linha at\u00e9 o local do evento, a partir das 9h de s\u00e1bado, 01, e durante o domingo, 02, com sa\u00edda da Prefeitura, passando pela Avenida Brasil. A entrada no Campeonato \u00e9 gratuita.  <\/p>\n","protected":false},"excerpt":{"rendered":"<p>Cerca de 2.500 pessoas compareceram no aeroclube da cidade  para conferir os primeiros saltos dos 80 atletas que representam seis pa\u00edses na competi\u00e7\u00e3o<\/p>\n","protected":false},"author":1,"featured_media":81,"comment_status":"open","ping_status":"open","sticky":false,"template":"","format":"standard","meta":{"footnotes":""},"categories":[],"tags":[],"class_list":["post-80","post","type-post","status-publish","format-standard","has-post-thumbnail","hentry"],"yoast_head":"<!-- This site is optimized with the Yoast SEO plugin v23.8 - https:\/\/yoast.com\/wordpress\/plugins\/seo\/ -->\n<title>Campeonato Internacional de Paraquedismo segue at\u00e9 domingo - Turismo<\/title>\n<meta name=\"robots\" content=\"index, follow, max-snippet:-1, max-image-preview:large, max-video-preview:-1\" \/>\n<link rel=\"canonical\" href=\"https:\/\/www.pmpf.rs.gov.br\/turismo\/2013\/05\/31\/campeonato-internacional-de-paraquedismo-segue-ate-domingo-6886\/\" \/>\n<meta property=\"og:locale\" content=\"pt_BR\" \/>\n<meta property=\"og:type\" content=\"article\" \/>\n<meta property=\"og:title\" content=\"Campeonato Internacional de Paraquedismo segue at\u00e9 domingo - Turismo\" \/>\n<meta property=\"og:description\" content=\"Cerca de 2.500 pessoas compareceram no aeroclube da cidade para conferir os primeiros saltos dos 80 atletas que representam seis pa\u00edses na competi\u00e7\u00e3o\" \/>\n<meta property=\"og:url\" content=\"https:\/\/www.pmpf.rs.gov.br\/turismo\/2013\/05\/31\/campeonato-internacional-de-paraquedismo-segue-ate-domingo-6886\/\" \/>\n<meta property=\"og:site_name\" content=\"Turismo\" \/>\n<meta property=\"article:published_time\" content=\"2013-05-31T06:00:00+00:00\" \/>\n<meta property=\"og:image\" content=\"https:\/\/www.pmpf.rs.gov.br\/turismo\/wp-content\/uploads\/sites\/51\/2021\/12\/I2013-12-11_033916_c9890.jpg\" \/>\n\t<meta property=\"og:image:width\" content=\"350\" \/>\n\t<meta property=\"og:image:height\" content=\"263\" \/>\n\t<meta property=\"og:image:type\" content=\"image\/jpeg\" \/>\n<meta name=\"author\" content=\"mosite\" \/>\n<meta name=\"twitter:card\" content=\"summary_large_image\" \/>\n<meta name=\"twitter:label1\" content=\"Escrito por\" \/>\n\t<meta name=\"twitter:data1\" content=\"mosite\" \/>\n\t<meta name=\"twitter:label2\" content=\"Est. tempo de leitura\" \/>\n\t<meta name=\"twitter:data2\" content=\"1 minuto\" \/>\n<script type=\"application\/ld+json\" class=\"yoast-schema-graph\">{\"@context\":\"https:\/\/schema.org\",\"@graph\":[{\"@type\":\"WebPage\",\"@id\":\"https:\/\/www.pmpf.rs.gov.br\/turismo\/2013\/05\/31\/campeonato-internacional-de-paraquedismo-segue-ate-domingo-6886\/\",\"url\":\"https:\/\/www.pmpf.rs.gov.br\/turismo\/2013\/05\/31\/campeonato-internacional-de-paraquedismo-segue-ate-domingo-6886\/\",\"name\":\"Campeonato Internacional de Paraquedismo segue at\u00e9 domingo - Turismo\",\"isPartOf\":{\"@id\":\"https:\/\/www.pmpf.rs.gov.br\/turismo\/#website\"},\"primaryImageOfPage\":{\"@id\":\"https:\/\/www.pmpf.rs.gov.br\/turismo\/2013\/05\/31\/campeonato-internacional-de-paraquedismo-segue-ate-domingo-6886\/#primaryimage\"},\"image\":{\"@id\":\"https:\/\/www.pmpf.rs.gov.br\/turismo\/2013\/05\/31\/campeonato-internacional-de-paraquedismo-segue-ate-domingo-6886\/#primaryimage\"},\"thumbnailUrl\":\"https:\/\/www.pmpf.rs.gov.br\/turismo\/wp-content\/uploads\/sites\/51\/2021\/12\/I2013-12-11_033916_c9890.jpg\",\"datePublished\":\"2013-05-31T06:00:00+00:00\",\"dateModified\":\"2013-05-31T06:00:00+00:00\",\"author\":{\"@id\":\"https:\/\/www.pmpf.rs.gov.br\/turismo\/#\/schema\/person\/0c355b0fa68a7aa986c8594f7a60a2d7\"},\"breadcrumb\":{\"@id\":\"https:\/\/www.pmpf.rs.gov.br\/turismo\/2013\/05\/31\/campeonato-internacional-de-paraquedismo-segue-ate-domingo-6886\/#breadcrumb\"},\"inLanguage\":\"pt-BR\",\"potentialAction\":[{\"@type\":\"ReadAction\",\"target\":[\"https:\/\/www.pmpf.rs.gov.br\/turismo\/2013\/05\/31\/campeonato-internacional-de-paraquedismo-segue-ate-domingo-6886\/\"]}]},{\"@type\":\"ImageObject\",\"inLanguage\":\"pt-BR\",\"@id\":\"https:\/\/www.pmpf.rs.gov.br\/turismo\/2013\/05\/31\/campeonato-internacional-de-paraquedismo-segue-ate-domingo-6886\/#primaryimage\",\"url\":\"https:\/\/www.pmpf.rs.gov.br\/turismo\/wp-content\/uploads\/sites\/51\/2021\/12\/I2013-12-11_033916_c9890.jpg\",\"contentUrl\":\"https:\/\/www.pmpf.rs.gov.br\/turismo\/wp-content\/uploads\/sites\/51\/2021\/12\/I2013-12-11_033916_c9890.jpg\",\"width\":350,\"height\":263},{\"@type\":\"BreadcrumbList\",\"@id\":\"https:\/\/www.pmpf.rs.gov.br\/turismo\/2013\/05\/31\/campeonato-internacional-de-paraquedismo-segue-ate-domingo-6886\/#breadcrumb\",\"itemListElement\":[{\"@type\":\"ListItem\",\"position\":1,\"name\":\"In\u00edcio\",\"item\":\"https:\/\/www.pmpf.rs.gov.br\/turismo\/\"},{\"@type\":\"ListItem\",\"position\":2,\"name\":\"Campeonato Internacional de Paraquedismo segue at\u00e9 domingo\"}]},{\"@type\":\"WebSite\",\"@id\":\"https:\/\/www.pmpf.rs.gov.br\/turismo\/#website\",\"url\":\"https:\/\/www.pmpf.rs.gov.br\/turismo\/\",\"name\":\"Turismo\",\"description\":\"Descubra Passo Fundo\",\"potentialAction\":[{\"@type\":\"SearchAction\",\"target\":{\"@type\":\"EntryPoint\",\"urlTemplate\":\"https:\/\/www.pmpf.rs.gov.br\/turismo\/?s={search_term_string}\"},\"query-input\":{\"@type\":\"PropertyValueSpecification\",\"valueRequired\":true,\"valueName\":\"search_term_string\"}}],\"inLanguage\":\"pt-BR\"},{\"@type\":\"Person\",\"@id\":\"https:\/\/www.pmpf.rs.gov.br\/turismo\/#\/schema\/person\/0c355b0fa68a7aa986c8594f7a60a2d7\",\"name\":\"mosite\",\"image\":{\"@type\":\"ImageObject\",\"inLanguage\":\"pt-BR\",\"@id\":\"https:\/\/www.pmpf.rs.gov.br\/turismo\/#\/schema\/person\/image\/\",\"url\":\"https:\/\/secure.gravatar.com\/avatar\/63d72595d6cecfe12bd8a94829d5a26c?s=96&d=mm&r=g\",\"contentUrl\":\"https:\/\/secure.gravatar.com\/avatar\/63d72595d6cecfe12bd8a94829d5a26c?s=96&d=mm&r=g\",\"caption\":\"mosite\"},\"sameAs\":[\"http:\/\/example.com\"],\"url\":\"https:\/\/www.pmpf.rs.gov.br\/turismo\/author\/mosite\/\"}]}<\/script>\n<!-- \/ Yoast SEO plugin. -->","yoast_head_json":{"title":"Campeonato Internacional de Paraquedismo segue at\u00e9 domingo - Turismo","robots":{"index":"index","follow":"follow","max-snippet":"max-snippet:-1","max-image-preview":"max-image-preview:large","max-video-preview":"max-video-preview:-1"},"canonical":"https:\/\/www.pmpf.rs.gov.br\/turismo\/2013\/05\/31\/campeonato-internacional-de-paraquedismo-segue-ate-domingo-6886\/","og_locale":"pt_BR","og_type":"article","og_title":"Campeonato Internacional de Paraquedismo segue at\u00e9 domingo - Turismo","og_description":"Cerca de 2.500 pessoas compareceram no aeroclube da cidade para conferir os primeiros saltos dos 80 atletas que representam seis pa\u00edses na competi\u00e7\u00e3o","og_url":"https:\/\/www.pmpf.rs.gov.br\/turismo\/2013\/05\/31\/campeonato-internacional-de-paraquedismo-segue-ate-domingo-6886\/","og_site_name":"Turismo","article_published_time":"2013-05-31T06:00:00+00:00","og_image":[{"width":350,"height":263,"url":"https:\/\/www.pmpf.rs.gov.br\/turismo\/wp-content\/uploads\/sites\/51\/2021\/12\/I2013-12-11_033916_c9890.jpg","type":"image\/jpeg"}],"author":"mosite","twitter_card":"summary_large_image","twitter_misc":{"Escrito por":"mosite","Est. tempo de leitura":"1 minuto"},"schema":{"@context":"https:\/\/schema.org","@graph":[{"@type":"WebPage","@id":"https:\/\/www.pmpf.rs.gov.br\/turismo\/2013\/05\/31\/campeonato-internacional-de-paraquedismo-segue-ate-domingo-6886\/","url":"https:\/\/www.pmpf.rs.gov.br\/turismo\/2013\/05\/31\/campeonato-internacional-de-paraquedismo-segue-ate-domingo-6886\/","name":"Campeonato Internacional de Paraquedismo segue at\u00e9 domingo - Turismo","isPartOf":{"@id":"https:\/\/www.pmpf.rs.gov.br\/turismo\/#website"},"primaryImageOfPage":{"@id":"https:\/\/www.pmpf.rs.gov.br\/turismo\/2013\/05\/31\/campeonato-internacional-de-paraquedismo-segue-ate-domingo-6886\/#primaryimage"},"image":{"@id":"https:\/\/www.pmpf.rs.gov.br\/turismo\/2013\/05\/31\/campeonato-internacional-de-paraquedismo-segue-ate-domingo-6886\/#primaryimage"},"thumbnailUrl":"https:\/\/www.pmpf.rs.gov.br\/turismo\/wp-content\/uploads\/sites\/51\/2021\/12\/I2013-12-11_033916_c9890.jpg","datePublished":"2013-05-31T06:00:00+00:00","dateModified":"2013-05-31T06:00:00+00:00","author":{"@id":"https:\/\/www.pmpf.rs.gov.br\/turismo\/#\/schema\/person\/0c355b0fa68a7aa986c8594f7a60a2d7"},"breadcrumb":{"@id":"https:\/\/www.pmpf.rs.gov.br\/turismo\/2013\/05\/31\/campeonato-internacional-de-paraquedismo-segue-ate-domingo-6886\/#breadcrumb"},"inLanguage":"pt-BR","potentialAction":[{"@type":"ReadAction","target":["https:\/\/www.pmpf.rs.gov.br\/turismo\/2013\/05\/31\/campeonato-internacional-de-paraquedismo-segue-ate-domingo-6886\/"]}]},{"@type":"ImageObject","inLanguage":"pt-BR","@id":"https:\/\/www.pmpf.rs.gov.br\/turismo\/2013\/05\/31\/campeonato-internacional-de-paraquedismo-segue-ate-domingo-6886\/#primaryimage","url":"https:\/\/www.pmpf.rs.gov.br\/turismo\/wp-content\/uploads\/sites\/51\/2021\/12\/I2013-12-11_033916_c9890.jpg","contentUrl":"https:\/\/www.pmpf.rs.gov.br\/turismo\/wp-content\/uploads\/sites\/51\/2021\/12\/I2013-12-11_033916_c9890.jpg","width":350,"height":263},{"@type":"BreadcrumbList","@id":"https:\/\/www.pmpf.rs.gov.br\/turismo\/2013\/05\/31\/campeonato-internacional-de-paraquedismo-segue-ate-domingo-6886\/#breadcrumb","itemListElement":[{"@type":"ListItem","position":1,"name":"In\u00edcio","item":"https:\/\/www.pmpf.rs.gov.br\/turismo\/"},{"@type":"ListItem","position":2,"name":"Campeonato Internacional de Paraquedismo segue at\u00e9 domingo"}]},{"@type":"WebSite","@id":"https:\/\/www.pmpf.rs.gov.br\/turismo\/#website","url":"https:\/\/www.pmpf.rs.gov.br\/turismo\/","name":"Turismo","description":"Descubra Passo Fundo","potentialAction":[{"@type":"SearchAction","target":{"@type":"EntryPoint","urlTemplate":"https:\/\/www.pmpf.rs.gov.br\/turismo\/?s={search_term_string}"},"query-input":{"@type":"PropertyValueSpecification","valueRequired":true,"valueName":"search_term_string"}}],"inLanguage":"pt-BR"},{"@type":"Person","@id":"https:\/\/www.pmpf.rs.gov.br\/turismo\/#\/schema\/person\/0c355b0fa68a7aa986c8594f7a60a2d7","name":"mosite","image":{"@type":"ImageObject","inLanguage":"pt-BR","@id":"https:\/\/www.pmpf.rs.gov.br\/turismo\/#\/schema\/person\/image\/","url":"https:\/\/secure.gravatar.com\/avatar\/63d72595d6cecfe12bd8a94829d5a26c?s=96&d=mm&r=g","contentUrl":"https:\/\/secure.gravatar.com\/avatar\/63d72595d6cecfe12bd8a94829d5a26c?s=96&d=mm&r=g","caption":"mosite"},"sameAs":["http:\/\/example.com"],"url":"https:\/\/www.pmpf.rs.gov.br\/turismo\/author\/mosite\/"}]}},"_links":{"self":[{"href":"https:\/\/www.pmpf.rs.gov.br\/turismo\/wp-json\/wp\/v2\/posts\/80"}],"collection":[{"href":"https:\/\/www.pmpf.rs.gov.br\/turismo\/wp-json\/wp\/v2\/posts"}],"about":[{"href":"https:\/\/www.pmpf.rs.gov.br\/turismo\/wp-json\/wp\/v2\/types\/post"}],"author":[{"embeddable":true,"href":"https:\/\/www.pmpf.rs.gov.br\/turismo\/wp-json\/wp\/v2\/users\/1"}],"replies":[{"embeddable":true,"href":"https:\/\/www.pmpf.rs.gov.br\/turismo\/wp-json\/wp\/v2\/comments?post=80"}],"version-history":[{"count":0,"href":"https:\/\/www.pmpf.rs.gov.br\/turismo\/wp-json\/wp\/v2\/posts\/80\/revisions"}],"wp:featuredmedia":[{"embeddable":true,"href":"https:\/\/www.pmpf.rs.gov.br\/turismo\/wp-json\/wp\/v2\/media\/81"}],"wp:attachment":[{"href":"https:\/\/www.pmpf.rs.gov.br\/turismo\/wp-json\/wp\/v2\/media?parent=80"}],"wp:term":[{"taxonomy":"category","embeddable":true,"href":"https:\/\/www.pmpf.rs.gov.br\/turismo\/wp-json\/wp\/v2\/categories?post=80"},{"taxonomy":"post_tag","embeddable":true,"href":"https:\/\/www.pmpf.rs.gov.br\/turismo\/wp-json\/wp\/v2\/tags?post=80"}],"curies":[{"name":"wp","href":"https:\/\/api.w.org\/{rel}","templated":true}]}}