{"id":77,"date":"2013-07-03T03:00:00","date_gmt":"2013-07-03T06:00:00","guid":{"rendered":"https:\/\/www.pmpf.rs.gov.br\/turismo\/2013\/07\/03\/empresarios-podem-cadastrar-eventos-no-calendario-oficial-do-municipio-7035\/"},"modified":"2013-07-03T03:00:00","modified_gmt":"2013-07-03T06:00:00","slug":"empresarios-podem-cadastrar-eventos-no-calendario-oficial-do-municipio-7035","status":"publish","type":"post","link":"https:\/\/www.pmpf.rs.gov.br\/turismo\/2013\/07\/03\/empresarios-podem-cadastrar-eventos-no-calendario-oficial-do-municipio-7035\/","title":{"rendered":"Empres\u00e1rios podem cadastrar eventos no calend\u00e1rio oficial do munic\u00edpio"},"content":{"rendered":"<p>As entidades interessadas em incluir seus eventos no calend\u00e1rio oficial do munic\u00edpio podem encaminhar as informa\u00e7\u00f5es \u00e0 Prefeitura de Passo Fundo. Organizada pela Funzoctur, as informa\u00e7\u00f5es sobre as atividades promovidas na cidade est\u00e3o sendo cadastradas permanentemente, e disponibilizadas atrav\u00e9s do portal <a href=\"https:\/\/www.pmpf.rs.gov.br\/\" target=\"_blank\" rel=\"noopener\">www.pmpf.rs.gov.br<\/a>.<\/p>\n<p>Conforme o diretor da Funzoctur, Daniel L\u00e9, a inten\u00e7\u00e3o \u00e9 incluir no calend\u00e1rio oficial, dispon\u00edvel no site da Prefeitura, o maior n\u00famero de eventos confirmados e os dados poss\u00edveis para consulta da comunidade. &#8220;;Al\u00e9m disso, estamos dispostos a apoiar todos os eventos realizados em Passo Fundo&#8221;;, comentou o diretor.<\/p>\n<p>As entidades interessadas em incluir os eventos no calend\u00e1rio devem encaminhar as informa\u00e7\u00f5es para a Funzoctur atrav\u00e9s do e-mail <a href=\"mailto:calendariodeeventos@pmpf.rs.gov.br\" target=\"_blank\" rel=\"noopener\">calendariodeeventos@pmpf.rs.<u \/>go<wbr \/>v.br<\/a> ou pelo telefone 3045-1415. A Funda\u00e7\u00e3o tamb\u00e9m mant\u00e9m contato permanente com \u00f3rg\u00e3os e entidades do munic\u00edpio para promover a atualiza\u00e7\u00e3o destes dados.<\/p>\n","protected":false},"excerpt":{"rendered":"<p>Empres\u00e1rios ainda podem cadastrar eventos em calend\u00e1rio oficial do munic\u00edpio<\/p>\n","protected":false},"author":1,"featured_media":0,"comment_status":"open","ping_status":"open","sticky":false,"template":"","format":"standard","meta":{"footnotes":""},"categories":[],"tags":[],"class_list":["post-77","post","type-post","status-publish","format-standard","hentry"],"yoast_head":"<!-- This site is optimized with the Yoast SEO plugin v23.8 - https:\/\/yoast.com\/wordpress\/plugins\/seo\/ -->\n<title>Empres\u00e1rios podem cadastrar eventos no calend\u00e1rio oficial do munic\u00edpio - Turismo<\/title>\n<meta name=\"robots\" content=\"index, follow, max-snippet:-1, max-image-preview:large, max-video-preview:-1\" \/>\n<link rel=\"canonical\" href=\"https:\/\/www.pmpf.rs.gov.br\/turismo\/2013\/07\/03\/empresarios-podem-cadastrar-eventos-no-calendario-oficial-do-municipio-7035\/\" \/>\n<meta property=\"og:locale\" content=\"pt_BR\" \/>\n<meta property=\"og:type\" content=\"article\" \/>\n<meta property=\"og:title\" content=\"Empres\u00e1rios podem cadastrar eventos no calend\u00e1rio oficial do munic\u00edpio - Turismo\" \/>\n<meta property=\"og:description\" content=\"Empres\u00e1rios ainda podem cadastrar eventos em calend\u00e1rio oficial do munic\u00edpio\" \/>\n<meta property=\"og:url\" content=\"https:\/\/www.pmpf.rs.gov.br\/turismo\/2013\/07\/03\/empresarios-podem-cadastrar-eventos-no-calendario-oficial-do-municipio-7035\/\" \/>\n<meta property=\"og:site_name\" content=\"Turismo\" \/>\n<meta property=\"article:published_time\" content=\"2013-07-03T06:00:00+00:00\" \/>\n<meta name=\"author\" content=\"mosite\" \/>\n<meta name=\"twitter:card\" content=\"summary_large_image\" \/>\n<meta name=\"twitter:label1\" content=\"Escrito por\" \/>\n\t<meta name=\"twitter:data1\" content=\"mosite\" \/>\n\t<meta name=\"twitter:label2\" content=\"Est. tempo de leitura\" \/>\n\t<meta name=\"twitter:data2\" content=\"1 minuto\" \/>\n<script type=\"application\/ld+json\" class=\"yoast-schema-graph\">{\"@context\":\"https:\/\/schema.org\",\"@graph\":[{\"@type\":\"WebPage\",\"@id\":\"https:\/\/www.pmpf.rs.gov.br\/turismo\/2013\/07\/03\/empresarios-podem-cadastrar-eventos-no-calendario-oficial-do-municipio-7035\/\",\"url\":\"https:\/\/www.pmpf.rs.gov.br\/turismo\/2013\/07\/03\/empresarios-podem-cadastrar-eventos-no-calendario-oficial-do-municipio-7035\/\",\"name\":\"Empres\u00e1rios podem cadastrar eventos no calend\u00e1rio oficial do munic\u00edpio - Turismo\",\"isPartOf\":{\"@id\":\"https:\/\/www.pmpf.rs.gov.br\/turismo\/#website\"},\"datePublished\":\"2013-07-03T06:00:00+00:00\",\"dateModified\":\"2013-07-03T06:00:00+00:00\",\"author\":{\"@id\":\"https:\/\/www.pmpf.rs.gov.br\/turismo\/#\/schema\/person\/0c355b0fa68a7aa986c8594f7a60a2d7\"},\"breadcrumb\":{\"@id\":\"https:\/\/www.pmpf.rs.gov.br\/turismo\/2013\/07\/03\/empresarios-podem-cadastrar-eventos-no-calendario-oficial-do-municipio-7035\/#breadcrumb\"},\"inLanguage\":\"pt-BR\",\"potentialAction\":[{\"@type\":\"ReadAction\",\"target\":[\"https:\/\/www.pmpf.rs.gov.br\/turismo\/2013\/07\/03\/empresarios-podem-cadastrar-eventos-no-calendario-oficial-do-municipio-7035\/\"]}]},{\"@type\":\"BreadcrumbList\",\"@id\":\"https:\/\/www.pmpf.rs.gov.br\/turismo\/2013\/07\/03\/empresarios-podem-cadastrar-eventos-no-calendario-oficial-do-municipio-7035\/#breadcrumb\",\"itemListElement\":[{\"@type\":\"ListItem\",\"position\":1,\"name\":\"In\u00edcio\",\"item\":\"https:\/\/www.pmpf.rs.gov.br\/turismo\/\"},{\"@type\":\"ListItem\",\"position\":2,\"name\":\"Empres\u00e1rios podem cadastrar eventos no calend\u00e1rio oficial do munic\u00edpio\"}]},{\"@type\":\"WebSite\",\"@id\":\"https:\/\/www.pmpf.rs.gov.br\/turismo\/#website\",\"url\":\"https:\/\/www.pmpf.rs.gov.br\/turismo\/\",\"name\":\"Turismo\",\"description\":\"Descubra Passo Fundo\",\"potentialAction\":[{\"@type\":\"SearchAction\",\"target\":{\"@type\":\"EntryPoint\",\"urlTemplate\":\"https:\/\/www.pmpf.rs.gov.br\/turismo\/?s={search_term_string}\"},\"query-input\":{\"@type\":\"PropertyValueSpecification\",\"valueRequired\":true,\"valueName\":\"search_term_string\"}}],\"inLanguage\":\"pt-BR\"},{\"@type\":\"Person\",\"@id\":\"https:\/\/www.pmpf.rs.gov.br\/turismo\/#\/schema\/person\/0c355b0fa68a7aa986c8594f7a60a2d7\",\"name\":\"mosite\",\"image\":{\"@type\":\"ImageObject\",\"inLanguage\":\"pt-BR\",\"@id\":\"https:\/\/www.pmpf.rs.gov.br\/turismo\/#\/schema\/person\/image\/\",\"url\":\"https:\/\/secure.gravatar.com\/avatar\/63d72595d6cecfe12bd8a94829d5a26c?s=96&d=mm&r=g\",\"contentUrl\":\"https:\/\/secure.gravatar.com\/avatar\/63d72595d6cecfe12bd8a94829d5a26c?s=96&d=mm&r=g\",\"caption\":\"mosite\"},\"sameAs\":[\"http:\/\/example.com\"],\"url\":\"https:\/\/www.pmpf.rs.gov.br\/turismo\/author\/mosite\/\"}]}<\/script>\n<!-- \/ Yoast SEO plugin. -->","yoast_head_json":{"title":"Empres\u00e1rios podem cadastrar eventos no calend\u00e1rio oficial do munic\u00edpio - Turismo","robots":{"index":"index","follow":"follow","max-snippet":"max-snippet:-1","max-image-preview":"max-image-preview:large","max-video-preview":"max-video-preview:-1"},"canonical":"https:\/\/www.pmpf.rs.gov.br\/turismo\/2013\/07\/03\/empresarios-podem-cadastrar-eventos-no-calendario-oficial-do-municipio-7035\/","og_locale":"pt_BR","og_type":"article","og_title":"Empres\u00e1rios podem cadastrar eventos no calend\u00e1rio oficial do munic\u00edpio - Turismo","og_description":"Empres\u00e1rios ainda podem cadastrar eventos em calend\u00e1rio oficial do munic\u00edpio","og_url":"https:\/\/www.pmpf.rs.gov.br\/turismo\/2013\/07\/03\/empresarios-podem-cadastrar-eventos-no-calendario-oficial-do-municipio-7035\/","og_site_name":"Turismo","article_published_time":"2013-07-03T06:00:00+00:00","author":"mosite","twitter_card":"summary_large_image","twitter_misc":{"Escrito por":"mosite","Est. tempo de leitura":"1 minuto"},"schema":{"@context":"https:\/\/schema.org","@graph":[{"@type":"WebPage","@id":"https:\/\/www.pmpf.rs.gov.br\/turismo\/2013\/07\/03\/empresarios-podem-cadastrar-eventos-no-calendario-oficial-do-municipio-7035\/","url":"https:\/\/www.pmpf.rs.gov.br\/turismo\/2013\/07\/03\/empresarios-podem-cadastrar-eventos-no-calendario-oficial-do-municipio-7035\/","name":"Empres\u00e1rios podem cadastrar eventos no calend\u00e1rio oficial do munic\u00edpio - Turismo","isPartOf":{"@id":"https:\/\/www.pmpf.rs.gov.br\/turismo\/#website"},"datePublished":"2013-07-03T06:00:00+00:00","dateModified":"2013-07-03T06:00:00+00:00","author":{"@id":"https:\/\/www.pmpf.rs.gov.br\/turismo\/#\/schema\/person\/0c355b0fa68a7aa986c8594f7a60a2d7"},"breadcrumb":{"@id":"https:\/\/www.pmpf.rs.gov.br\/turismo\/2013\/07\/03\/empresarios-podem-cadastrar-eventos-no-calendario-oficial-do-municipio-7035\/#breadcrumb"},"inLanguage":"pt-BR","potentialAction":[{"@type":"ReadAction","target":["https:\/\/www.pmpf.rs.gov.br\/turismo\/2013\/07\/03\/empresarios-podem-cadastrar-eventos-no-calendario-oficial-do-municipio-7035\/"]}]},{"@type":"BreadcrumbList","@id":"https:\/\/www.pmpf.rs.gov.br\/turismo\/2013\/07\/03\/empresarios-podem-cadastrar-eventos-no-calendario-oficial-do-municipio-7035\/#breadcrumb","itemListElement":[{"@type":"ListItem","position":1,"name":"In\u00edcio","item":"https:\/\/www.pmpf.rs.gov.br\/turismo\/"},{"@type":"ListItem","position":2,"name":"Empres\u00e1rios podem cadastrar eventos no calend\u00e1rio oficial do munic\u00edpio"}]},{"@type":"WebSite","@id":"https:\/\/www.pmpf.rs.gov.br\/turismo\/#website","url":"https:\/\/www.pmpf.rs.gov.br\/turismo\/","name":"Turismo","description":"Descubra Passo Fundo","potentialAction":[{"@type":"SearchAction","target":{"@type":"EntryPoint","urlTemplate":"https:\/\/www.pmpf.rs.gov.br\/turismo\/?s={search_term_string}"},"query-input":{"@type":"PropertyValueSpecification","valueRequired":true,"valueName":"search_term_string"}}],"inLanguage":"pt-BR"},{"@type":"Person","@id":"https:\/\/www.pmpf.rs.gov.br\/turismo\/#\/schema\/person\/0c355b0fa68a7aa986c8594f7a60a2d7","name":"mosite","image":{"@type":"ImageObject","inLanguage":"pt-BR","@id":"https:\/\/www.pmpf.rs.gov.br\/turismo\/#\/schema\/person\/image\/","url":"https:\/\/secure.gravatar.com\/avatar\/63d72595d6cecfe12bd8a94829d5a26c?s=96&d=mm&r=g","contentUrl":"https:\/\/secure.gravatar.com\/avatar\/63d72595d6cecfe12bd8a94829d5a26c?s=96&d=mm&r=g","caption":"mosite"},"sameAs":["http:\/\/example.com"],"url":"https:\/\/www.pmpf.rs.gov.br\/turismo\/author\/mosite\/"}]}},"_links":{"self":[{"href":"https:\/\/www.pmpf.rs.gov.br\/turismo\/wp-json\/wp\/v2\/posts\/77"}],"collection":[{"href":"https:\/\/www.pmpf.rs.gov.br\/turismo\/wp-json\/wp\/v2\/posts"}],"about":[{"href":"https:\/\/www.pmpf.rs.gov.br\/turismo\/wp-json\/wp\/v2\/types\/post"}],"author":[{"embeddable":true,"href":"https:\/\/www.pmpf.rs.gov.br\/turismo\/wp-json\/wp\/v2\/users\/1"}],"replies":[{"embeddable":true,"href":"https:\/\/www.pmpf.rs.gov.br\/turismo\/wp-json\/wp\/v2\/comments?post=77"}],"version-history":[{"count":0,"href":"https:\/\/www.pmpf.rs.gov.br\/turismo\/wp-json\/wp\/v2\/posts\/77\/revisions"}],"wp:attachment":[{"href":"https:\/\/www.pmpf.rs.gov.br\/turismo\/wp-json\/wp\/v2\/media?parent=77"}],"wp:term":[{"taxonomy":"category","embeddable":true,"href":"https:\/\/www.pmpf.rs.gov.br\/turismo\/wp-json\/wp\/v2\/categories?post=77"},{"taxonomy":"post_tag","embeddable":true,"href":"https:\/\/www.pmpf.rs.gov.br\/turismo\/wp-json\/wp\/v2\/tags?post=77"}],"curies":[{"name":"wp","href":"https:\/\/api.w.org\/{rel}","templated":true}]}}