{"id":74,"date":"2013-07-17T03:00:00","date_gmt":"2013-07-17T06:00:00","guid":{"rendered":"https:\/\/www.pmpf.rs.gov.br\/turismo\/2013\/07\/17\/prefeitura-investira-no-turismo-de-negocios-7095\/"},"modified":"2013-07-17T03:00:00","modified_gmt":"2013-07-17T06:00:00","slug":"prefeitura-investira-no-turismo-de-negocios-7095","status":"publish","type":"post","link":"https:\/\/www.pmpf.rs.gov.br\/turismo\/2013\/07\/17\/prefeitura-investira-no-turismo-de-negocios-7095\/","title":{"rendered":"Prefeitura investir\u00e1 no turismo de neg\u00f3cios"},"content":{"rendered":"<p style=\"margin-bottom: 0cm;  text-align: justify;\" class=\"western\"><span style=\"font-weight: normal;\">Na manh\u00e3 desta quarta-feira, dia 17, aconteceu em Passo Fundo um dos  <\/span>Encontros Regionais RS Mais Turismo, s\u00e9rie de eventos iniciados em abril e que tem como finalidade estruturar e consolidar a a\u00e7\u00e3o regionalizada no Rio Grande do Sul. O evento, que reuniu diversas lideran\u00e7as da regi\u00e3o, foi realizado no audit\u00f3rio do ICEG na Universidade de Passo Fundo, contou com a presen\u00e7a da secret\u00e1ria estadual de Turismo, Abgail Pereira. &#8220;;N\u00e3o podemos tratar regi\u00f5es distintas como se fossem iguais. Cada uma delas tem suas particularidades e potenciais espec\u00edficos a serem trabalhados e cabe \u00e0 Secretaria induzir o desenvolvimento por meio do turismo&#8221;;, comentou a secret\u00e1ria.  <\/p>\n<p style=\"margin-bottom: 0cm;  text-align: justify;\" class=\"western\">O  prefeito Luciano Azevedo, acompanhado do vice-prefeito Juliano Roso,  ressaltou a import\u00e2ncia do munic\u00edpio investir no turismo de neg\u00f3cios, destacando que a cidade tem a caracter\u00edstica de realizar diferentes eventos, sejam eles religiosos, educacionais, profissionais ou empresariais, que contribuem para o crescimento da economia local.  <\/p>\n<p style=\"margin-bottom: 0cm;  text-align: justify;\" class=\"western\">Ainda conforme Luciano, a inten\u00e7\u00e3o do governo municipal \u00e9 de ampliar o n\u00famero e a frequ\u00eancia dos eventos na cidade, atraindo um n\u00famero maior de pessoas, incrementando os servi\u00e7os disponibilizados em Passo Fundo e, tamb\u00e9m, na regi\u00e3o do Planalto. Na oportunidade, o prefeito Luciano falou sobre a fase final da elabora\u00e7\u00e3o de dois projetos dentro do turismo, que ser\u00e3o apresentados \u00e0 comunidade nos pr\u00f3ximos dias.<\/p>\n<p align=\"JUSTIFY\" style=\"margin-bottom: 0cm; \" class=\"western\">\u201cNossa a\u00e7\u00e3o ser\u00e1 integrada com a regi\u00e3o, apostando no turismo como um produto regional, onde as pessoas venham \u00e0 Passo Fundo e, ainda, possam visitar as cidades vizinhas. Acreditamos muito no turismo como alternativa econ\u00f4mica para os munic\u00edpios\u201d, destacou o prefeito.  <\/p>\n","protected":false},"excerpt":{"rendered":"<p>Conforme o prefeito, a inten\u00e7\u00e3o do governo municipal \u00e9 de ampliar o n\u00famero e a frequ\u00eancia dos eventos na cidade<\/p>\n","protected":false},"author":1,"featured_media":75,"comment_status":"open","ping_status":"open","sticky":false,"template":"","format":"standard","meta":{"footnotes":""},"categories":[],"tags":[],"class_list":["post-74","post","type-post","status-publish","format-standard","has-post-thumbnail","hentry"],"yoast_head":"<!-- This site is optimized with the Yoast SEO plugin v23.8 - https:\/\/yoast.com\/wordpress\/plugins\/seo\/ -->\n<title>Prefeitura investir\u00e1 no turismo de neg\u00f3cios - Turismo<\/title>\n<meta name=\"robots\" content=\"index, follow, max-snippet:-1, max-image-preview:large, max-video-preview:-1\" \/>\n<link rel=\"canonical\" href=\"https:\/\/www.pmpf.rs.gov.br\/turismo\/2013\/07\/17\/prefeitura-investira-no-turismo-de-negocios-7095\/\" \/>\n<meta property=\"og:locale\" content=\"pt_BR\" \/>\n<meta property=\"og:type\" content=\"article\" \/>\n<meta property=\"og:title\" content=\"Prefeitura investir\u00e1 no turismo de neg\u00f3cios - Turismo\" \/>\n<meta property=\"og:description\" content=\"Conforme o prefeito, a inten\u00e7\u00e3o do governo municipal \u00e9 de ampliar o n\u00famero e a frequ\u00eancia dos eventos na cidade\" \/>\n<meta property=\"og:url\" content=\"https:\/\/www.pmpf.rs.gov.br\/turismo\/2013\/07\/17\/prefeitura-investira-no-turismo-de-negocios-7095\/\" \/>\n<meta property=\"og:site_name\" content=\"Turismo\" \/>\n<meta property=\"article:published_time\" content=\"2013-07-17T06:00:00+00:00\" \/>\n<meta property=\"og:image\" content=\"https:\/\/www.pmpf.rs.gov.br\/turismo\/wp-content\/uploads\/sites\/51\/2021\/12\/I2013-12-11_033922_c10108.jpg\" \/>\n\t<meta property=\"og:image:width\" content=\"350\" \/>\n\t<meta property=\"og:image:height\" content=\"233\" \/>\n\t<meta property=\"og:image:type\" content=\"image\/jpeg\" \/>\n<meta name=\"author\" content=\"mosite\" \/>\n<meta name=\"twitter:card\" content=\"summary_large_image\" \/>\n<meta name=\"twitter:label1\" content=\"Escrito por\" \/>\n\t<meta name=\"twitter:data1\" content=\"mosite\" \/>\n\t<meta name=\"twitter:label2\" content=\"Est. tempo de leitura\" \/>\n\t<meta name=\"twitter:data2\" content=\"1 minuto\" \/>\n<script type=\"application\/ld+json\" class=\"yoast-schema-graph\">{\"@context\":\"https:\/\/schema.org\",\"@graph\":[{\"@type\":\"WebPage\",\"@id\":\"https:\/\/www.pmpf.rs.gov.br\/turismo\/2013\/07\/17\/prefeitura-investira-no-turismo-de-negocios-7095\/\",\"url\":\"https:\/\/www.pmpf.rs.gov.br\/turismo\/2013\/07\/17\/prefeitura-investira-no-turismo-de-negocios-7095\/\",\"name\":\"Prefeitura investir\u00e1 no turismo de neg\u00f3cios - Turismo\",\"isPartOf\":{\"@id\":\"https:\/\/www.pmpf.rs.gov.br\/turismo\/#website\"},\"primaryImageOfPage\":{\"@id\":\"https:\/\/www.pmpf.rs.gov.br\/turismo\/2013\/07\/17\/prefeitura-investira-no-turismo-de-negocios-7095\/#primaryimage\"},\"image\":{\"@id\":\"https:\/\/www.pmpf.rs.gov.br\/turismo\/2013\/07\/17\/prefeitura-investira-no-turismo-de-negocios-7095\/#primaryimage\"},\"thumbnailUrl\":\"https:\/\/www.pmpf.rs.gov.br\/turismo\/wp-content\/uploads\/sites\/51\/2021\/12\/I2013-12-11_033922_c10108.jpg\",\"datePublished\":\"2013-07-17T06:00:00+00:00\",\"dateModified\":\"2013-07-17T06:00:00+00:00\",\"author\":{\"@id\":\"https:\/\/www.pmpf.rs.gov.br\/turismo\/#\/schema\/person\/0c355b0fa68a7aa986c8594f7a60a2d7\"},\"breadcrumb\":{\"@id\":\"https:\/\/www.pmpf.rs.gov.br\/turismo\/2013\/07\/17\/prefeitura-investira-no-turismo-de-negocios-7095\/#breadcrumb\"},\"inLanguage\":\"pt-BR\",\"potentialAction\":[{\"@type\":\"ReadAction\",\"target\":[\"https:\/\/www.pmpf.rs.gov.br\/turismo\/2013\/07\/17\/prefeitura-investira-no-turismo-de-negocios-7095\/\"]}]},{\"@type\":\"ImageObject\",\"inLanguage\":\"pt-BR\",\"@id\":\"https:\/\/www.pmpf.rs.gov.br\/turismo\/2013\/07\/17\/prefeitura-investira-no-turismo-de-negocios-7095\/#primaryimage\",\"url\":\"https:\/\/www.pmpf.rs.gov.br\/turismo\/wp-content\/uploads\/sites\/51\/2021\/12\/I2013-12-11_033922_c10108.jpg\",\"contentUrl\":\"https:\/\/www.pmpf.rs.gov.br\/turismo\/wp-content\/uploads\/sites\/51\/2021\/12\/I2013-12-11_033922_c10108.jpg\",\"width\":350,\"height\":233},{\"@type\":\"BreadcrumbList\",\"@id\":\"https:\/\/www.pmpf.rs.gov.br\/turismo\/2013\/07\/17\/prefeitura-investira-no-turismo-de-negocios-7095\/#breadcrumb\",\"itemListElement\":[{\"@type\":\"ListItem\",\"position\":1,\"name\":\"In\u00edcio\",\"item\":\"https:\/\/www.pmpf.rs.gov.br\/turismo\/\"},{\"@type\":\"ListItem\",\"position\":2,\"name\":\"Prefeitura investir\u00e1 no turismo de neg\u00f3cios\"}]},{\"@type\":\"WebSite\",\"@id\":\"https:\/\/www.pmpf.rs.gov.br\/turismo\/#website\",\"url\":\"https:\/\/www.pmpf.rs.gov.br\/turismo\/\",\"name\":\"Turismo\",\"description\":\"Descubra Passo Fundo\",\"potentialAction\":[{\"@type\":\"SearchAction\",\"target\":{\"@type\":\"EntryPoint\",\"urlTemplate\":\"https:\/\/www.pmpf.rs.gov.br\/turismo\/?s={search_term_string}\"},\"query-input\":{\"@type\":\"PropertyValueSpecification\",\"valueRequired\":true,\"valueName\":\"search_term_string\"}}],\"inLanguage\":\"pt-BR\"},{\"@type\":\"Person\",\"@id\":\"https:\/\/www.pmpf.rs.gov.br\/turismo\/#\/schema\/person\/0c355b0fa68a7aa986c8594f7a60a2d7\",\"name\":\"mosite\",\"image\":{\"@type\":\"ImageObject\",\"inLanguage\":\"pt-BR\",\"@id\":\"https:\/\/www.pmpf.rs.gov.br\/turismo\/#\/schema\/person\/image\/\",\"url\":\"https:\/\/secure.gravatar.com\/avatar\/63d72595d6cecfe12bd8a94829d5a26c?s=96&d=mm&r=g\",\"contentUrl\":\"https:\/\/secure.gravatar.com\/avatar\/63d72595d6cecfe12bd8a94829d5a26c?s=96&d=mm&r=g\",\"caption\":\"mosite\"},\"sameAs\":[\"http:\/\/example.com\"],\"url\":\"https:\/\/www.pmpf.rs.gov.br\/turismo\/author\/mosite\/\"}]}<\/script>\n<!-- \/ Yoast SEO plugin. -->","yoast_head_json":{"title":"Prefeitura investir\u00e1 no turismo de neg\u00f3cios - Turismo","robots":{"index":"index","follow":"follow","max-snippet":"max-snippet:-1","max-image-preview":"max-image-preview:large","max-video-preview":"max-video-preview:-1"},"canonical":"https:\/\/www.pmpf.rs.gov.br\/turismo\/2013\/07\/17\/prefeitura-investira-no-turismo-de-negocios-7095\/","og_locale":"pt_BR","og_type":"article","og_title":"Prefeitura investir\u00e1 no turismo de neg\u00f3cios - Turismo","og_description":"Conforme o prefeito, a inten\u00e7\u00e3o do governo municipal \u00e9 de ampliar o n\u00famero e a frequ\u00eancia dos eventos na cidade","og_url":"https:\/\/www.pmpf.rs.gov.br\/turismo\/2013\/07\/17\/prefeitura-investira-no-turismo-de-negocios-7095\/","og_site_name":"Turismo","article_published_time":"2013-07-17T06:00:00+00:00","og_image":[{"width":350,"height":233,"url":"https:\/\/www.pmpf.rs.gov.br\/turismo\/wp-content\/uploads\/sites\/51\/2021\/12\/I2013-12-11_033922_c10108.jpg","type":"image\/jpeg"}],"author":"mosite","twitter_card":"summary_large_image","twitter_misc":{"Escrito por":"mosite","Est. tempo de leitura":"1 minuto"},"schema":{"@context":"https:\/\/schema.org","@graph":[{"@type":"WebPage","@id":"https:\/\/www.pmpf.rs.gov.br\/turismo\/2013\/07\/17\/prefeitura-investira-no-turismo-de-negocios-7095\/","url":"https:\/\/www.pmpf.rs.gov.br\/turismo\/2013\/07\/17\/prefeitura-investira-no-turismo-de-negocios-7095\/","name":"Prefeitura investir\u00e1 no turismo de neg\u00f3cios - Turismo","isPartOf":{"@id":"https:\/\/www.pmpf.rs.gov.br\/turismo\/#website"},"primaryImageOfPage":{"@id":"https:\/\/www.pmpf.rs.gov.br\/turismo\/2013\/07\/17\/prefeitura-investira-no-turismo-de-negocios-7095\/#primaryimage"},"image":{"@id":"https:\/\/www.pmpf.rs.gov.br\/turismo\/2013\/07\/17\/prefeitura-investira-no-turismo-de-negocios-7095\/#primaryimage"},"thumbnailUrl":"https:\/\/www.pmpf.rs.gov.br\/turismo\/wp-content\/uploads\/sites\/51\/2021\/12\/I2013-12-11_033922_c10108.jpg","datePublished":"2013-07-17T06:00:00+00:00","dateModified":"2013-07-17T06:00:00+00:00","author":{"@id":"https:\/\/www.pmpf.rs.gov.br\/turismo\/#\/schema\/person\/0c355b0fa68a7aa986c8594f7a60a2d7"},"breadcrumb":{"@id":"https:\/\/www.pmpf.rs.gov.br\/turismo\/2013\/07\/17\/prefeitura-investira-no-turismo-de-negocios-7095\/#breadcrumb"},"inLanguage":"pt-BR","potentialAction":[{"@type":"ReadAction","target":["https:\/\/www.pmpf.rs.gov.br\/turismo\/2013\/07\/17\/prefeitura-investira-no-turismo-de-negocios-7095\/"]}]},{"@type":"ImageObject","inLanguage":"pt-BR","@id":"https:\/\/www.pmpf.rs.gov.br\/turismo\/2013\/07\/17\/prefeitura-investira-no-turismo-de-negocios-7095\/#primaryimage","url":"https:\/\/www.pmpf.rs.gov.br\/turismo\/wp-content\/uploads\/sites\/51\/2021\/12\/I2013-12-11_033922_c10108.jpg","contentUrl":"https:\/\/www.pmpf.rs.gov.br\/turismo\/wp-content\/uploads\/sites\/51\/2021\/12\/I2013-12-11_033922_c10108.jpg","width":350,"height":233},{"@type":"BreadcrumbList","@id":"https:\/\/www.pmpf.rs.gov.br\/turismo\/2013\/07\/17\/prefeitura-investira-no-turismo-de-negocios-7095\/#breadcrumb","itemListElement":[{"@type":"ListItem","position":1,"name":"In\u00edcio","item":"https:\/\/www.pmpf.rs.gov.br\/turismo\/"},{"@type":"ListItem","position":2,"name":"Prefeitura investir\u00e1 no turismo de neg\u00f3cios"}]},{"@type":"WebSite","@id":"https:\/\/www.pmpf.rs.gov.br\/turismo\/#website","url":"https:\/\/www.pmpf.rs.gov.br\/turismo\/","name":"Turismo","description":"Descubra Passo Fundo","potentialAction":[{"@type":"SearchAction","target":{"@type":"EntryPoint","urlTemplate":"https:\/\/www.pmpf.rs.gov.br\/turismo\/?s={search_term_string}"},"query-input":{"@type":"PropertyValueSpecification","valueRequired":true,"valueName":"search_term_string"}}],"inLanguage":"pt-BR"},{"@type":"Person","@id":"https:\/\/www.pmpf.rs.gov.br\/turismo\/#\/schema\/person\/0c355b0fa68a7aa986c8594f7a60a2d7","name":"mosite","image":{"@type":"ImageObject","inLanguage":"pt-BR","@id":"https:\/\/www.pmpf.rs.gov.br\/turismo\/#\/schema\/person\/image\/","url":"https:\/\/secure.gravatar.com\/avatar\/63d72595d6cecfe12bd8a94829d5a26c?s=96&d=mm&r=g","contentUrl":"https:\/\/secure.gravatar.com\/avatar\/63d72595d6cecfe12bd8a94829d5a26c?s=96&d=mm&r=g","caption":"mosite"},"sameAs":["http:\/\/example.com"],"url":"https:\/\/www.pmpf.rs.gov.br\/turismo\/author\/mosite\/"}]}},"_links":{"self":[{"href":"https:\/\/www.pmpf.rs.gov.br\/turismo\/wp-json\/wp\/v2\/posts\/74"}],"collection":[{"href":"https:\/\/www.pmpf.rs.gov.br\/turismo\/wp-json\/wp\/v2\/posts"}],"about":[{"href":"https:\/\/www.pmpf.rs.gov.br\/turismo\/wp-json\/wp\/v2\/types\/post"}],"author":[{"embeddable":true,"href":"https:\/\/www.pmpf.rs.gov.br\/turismo\/wp-json\/wp\/v2\/users\/1"}],"replies":[{"embeddable":true,"href":"https:\/\/www.pmpf.rs.gov.br\/turismo\/wp-json\/wp\/v2\/comments?post=74"}],"version-history":[{"count":0,"href":"https:\/\/www.pmpf.rs.gov.br\/turismo\/wp-json\/wp\/v2\/posts\/74\/revisions"}],"wp:featuredmedia":[{"embeddable":true,"href":"https:\/\/www.pmpf.rs.gov.br\/turismo\/wp-json\/wp\/v2\/media\/75"}],"wp:attachment":[{"href":"https:\/\/www.pmpf.rs.gov.br\/turismo\/wp-json\/wp\/v2\/media?parent=74"}],"wp:term":[{"taxonomy":"category","embeddable":true,"href":"https:\/\/www.pmpf.rs.gov.br\/turismo\/wp-json\/wp\/v2\/categories?post=74"},{"taxonomy":"post_tag","embeddable":true,"href":"https:\/\/www.pmpf.rs.gov.br\/turismo\/wp-json\/wp\/v2\/tags?post=74"}],"curies":[{"name":"wp","href":"https:\/\/api.w.org\/{rel}","templated":true}]}}