{"id":72,"date":"2013-07-23T03:00:00","date_gmt":"2013-07-23T06:00:00","guid":{"rendered":"https:\/\/www.pmpf.rs.gov.br\/turismo\/2013\/07\/23\/prefeitura-define-investimentos-no-parque-da-roselandia-7116\/"},"modified":"2013-07-23T03:00:00","modified_gmt":"2013-07-23T06:00:00","slug":"prefeitura-define-investimentos-no-parque-da-roselandia-7116","status":"publish","type":"post","link":"https:\/\/www.pmpf.rs.gov.br\/turismo\/2013\/07\/23\/prefeitura-define-investimentos-no-parque-da-roselandia-7116\/","title":{"rendered":"Prefeitura define investimentos no Parque da Rosel\u00e2ndia"},"content":{"rendered":"<div align=\"justify\">Um novo espa\u00e7o para eventos tradicionalistas em Passo Fundo est\u00e1 surgindo. Com esse pensamento e planejando melhorias para o Parque da Rosel\u00e2ndia, o prefeito Luciano Azevedo e equipe de secret\u00e1rios reuniram-se na manh\u00e3 desta ter\u00e7a-feira, dia 23, para detalhar e definir investimentos neste importante espa\u00e7o do tradicionalismo no munic\u00edpio.<\/div>\n<p><\/p>\n<div align=\"justify\">A administra\u00e7\u00e3o municipal ir\u00e1 preparar e realizar a\u00e7\u00f5es de melhorias e urbaniza\u00e7\u00e3o na \u00e1rea de camping na campeira, dividindo e organizando os lotes com pontos de ilumina\u00e7\u00e3o e abastecimento de \u00e1gua. Cria\u00e7\u00e3o de uma pracinha com brinquedos infantis r\u00fasticos como vaca parada e espa\u00e7o de conv\u00edvio na Pra\u00e7a Jaime Caetano Braum tamb\u00e9m est\u00e3o previstos. Haver\u00e1 adequa\u00e7\u00e3o dos banheiros, reestrutura\u00e7\u00e3o do pr\u00e9dio localizado ao lado da pista da campeira, estrutura\u00e7\u00e3o do estacionamento com asfalto e meio-fios e recupera\u00e7\u00e3o das vias dentro do parque e nos acessos.<\/div>\n<p><\/p>\n<div align=\"justify\">Conforme o cronograma estabelecido pelo prefeito Luciano Azevedo, \u00e9 fundamental a constru\u00e7\u00e3o de uma nova pista de eventos na campeira, com sistema de drenagem eficaz, estrutura e qualidade para os competidores apresentarem suas habilidades, dando conforto e seguran\u00e7a aos assistentes dos espet\u00e1culos.<\/div>\n<p><\/p>\n<div align=\"justify\">Outro item importante desta reforma \u00e9 a limpeza, a urbaniza\u00e7\u00e3o e o ajardinamento da entrada. O palco principal \u201cMauricio Sirotsky Sobrinho\u201d ir\u00e1\u00a0 receber melhorias, assim como os demais locais de shows e a \u00e1rea que abriga estabelecimentos comerciais (Pra\u00e7a de alimenta\u00e7\u00e3o).<\/div>\n<p><\/p>\n<div align=\"justify\">\u201cEstamos projetando realmente um novo parque da Rosel\u00e2ndia, local adequado paras as lidas campeiras e show art\u00edsticos, com muito conforto, infraestrutura e seguran\u00e7a para a comunidade tradicionalista. Os rodeios de Passo Fundo viver\u00e3o um novo tempo, e j\u00e1 a partir do rodeio em dezembro\u201d, destacou o prefeito.<\/div>\n<p><\/p>\n","protected":false},"excerpt":{"rendered":"<p>Prefeitura define investimentos no Parque da Rosel\u00e2ndia<\/p>\n","protected":false},"author":1,"featured_media":73,"comment_status":"open","ping_status":"open","sticky":false,"template":"","format":"standard","meta":{"footnotes":""},"categories":[],"tags":[],"class_list":["post-72","post","type-post","status-publish","format-standard","has-post-thumbnail","hentry"],"yoast_head":"<!-- This site is optimized with the Yoast SEO plugin v23.8 - https:\/\/yoast.com\/wordpress\/plugins\/seo\/ -->\n<title>Prefeitura define investimentos no Parque da Rosel\u00e2ndia - Turismo<\/title>\n<meta name=\"robots\" content=\"index, follow, max-snippet:-1, max-image-preview:large, max-video-preview:-1\" \/>\n<link rel=\"canonical\" href=\"https:\/\/www.pmpf.rs.gov.br\/turismo\/2013\/07\/23\/prefeitura-define-investimentos-no-parque-da-roselandia-7116\/\" \/>\n<meta property=\"og:locale\" content=\"pt_BR\" \/>\n<meta property=\"og:type\" content=\"article\" \/>\n<meta property=\"og:title\" content=\"Prefeitura define investimentos no Parque da Rosel\u00e2ndia - Turismo\" \/>\n<meta property=\"og:description\" content=\"Prefeitura define investimentos no Parque da Rosel\u00e2ndia\" \/>\n<meta property=\"og:url\" content=\"https:\/\/www.pmpf.rs.gov.br\/turismo\/2013\/07\/23\/prefeitura-define-investimentos-no-parque-da-roselandia-7116\/\" \/>\n<meta property=\"og:site_name\" content=\"Turismo\" \/>\n<meta property=\"article:published_time\" content=\"2013-07-23T06:00:00+00:00\" \/>\n<meta property=\"og:image\" content=\"https:\/\/www.pmpf.rs.gov.br\/turismo\/wp-content\/uploads\/sites\/51\/2021\/12\/I2013-12-11_033922_c10123.jpg\" \/>\n\t<meta property=\"og:image:width\" content=\"350\" \/>\n\t<meta property=\"og:image:height\" content=\"300\" \/>\n\t<meta property=\"og:image:type\" content=\"image\/jpeg\" \/>\n<meta name=\"author\" content=\"mosite\" \/>\n<meta name=\"twitter:card\" content=\"summary_large_image\" \/>\n<meta name=\"twitter:label1\" content=\"Escrito por\" \/>\n\t<meta name=\"twitter:data1\" content=\"mosite\" \/>\n\t<meta name=\"twitter:label2\" content=\"Est. tempo de leitura\" \/>\n\t<meta name=\"twitter:data2\" content=\"1 minuto\" \/>\n<script type=\"application\/ld+json\" class=\"yoast-schema-graph\">{\"@context\":\"https:\/\/schema.org\",\"@graph\":[{\"@type\":\"WebPage\",\"@id\":\"https:\/\/www.pmpf.rs.gov.br\/turismo\/2013\/07\/23\/prefeitura-define-investimentos-no-parque-da-roselandia-7116\/\",\"url\":\"https:\/\/www.pmpf.rs.gov.br\/turismo\/2013\/07\/23\/prefeitura-define-investimentos-no-parque-da-roselandia-7116\/\",\"name\":\"Prefeitura define investimentos no Parque da Rosel\u00e2ndia - Turismo\",\"isPartOf\":{\"@id\":\"https:\/\/www.pmpf.rs.gov.br\/turismo\/#website\"},\"primaryImageOfPage\":{\"@id\":\"https:\/\/www.pmpf.rs.gov.br\/turismo\/2013\/07\/23\/prefeitura-define-investimentos-no-parque-da-roselandia-7116\/#primaryimage\"},\"image\":{\"@id\":\"https:\/\/www.pmpf.rs.gov.br\/turismo\/2013\/07\/23\/prefeitura-define-investimentos-no-parque-da-roselandia-7116\/#primaryimage\"},\"thumbnailUrl\":\"https:\/\/www.pmpf.rs.gov.br\/turismo\/wp-content\/uploads\/sites\/51\/2021\/12\/I2013-12-11_033922_c10123.jpg\",\"datePublished\":\"2013-07-23T06:00:00+00:00\",\"dateModified\":\"2013-07-23T06:00:00+00:00\",\"author\":{\"@id\":\"https:\/\/www.pmpf.rs.gov.br\/turismo\/#\/schema\/person\/0c355b0fa68a7aa986c8594f7a60a2d7\"},\"breadcrumb\":{\"@id\":\"https:\/\/www.pmpf.rs.gov.br\/turismo\/2013\/07\/23\/prefeitura-define-investimentos-no-parque-da-roselandia-7116\/#breadcrumb\"},\"inLanguage\":\"pt-BR\",\"potentialAction\":[{\"@type\":\"ReadAction\",\"target\":[\"https:\/\/www.pmpf.rs.gov.br\/turismo\/2013\/07\/23\/prefeitura-define-investimentos-no-parque-da-roselandia-7116\/\"]}]},{\"@type\":\"ImageObject\",\"inLanguage\":\"pt-BR\",\"@id\":\"https:\/\/www.pmpf.rs.gov.br\/turismo\/2013\/07\/23\/prefeitura-define-investimentos-no-parque-da-roselandia-7116\/#primaryimage\",\"url\":\"https:\/\/www.pmpf.rs.gov.br\/turismo\/wp-content\/uploads\/sites\/51\/2021\/12\/I2013-12-11_033922_c10123.jpg\",\"contentUrl\":\"https:\/\/www.pmpf.rs.gov.br\/turismo\/wp-content\/uploads\/sites\/51\/2021\/12\/I2013-12-11_033922_c10123.jpg\",\"width\":350,\"height\":300},{\"@type\":\"BreadcrumbList\",\"@id\":\"https:\/\/www.pmpf.rs.gov.br\/turismo\/2013\/07\/23\/prefeitura-define-investimentos-no-parque-da-roselandia-7116\/#breadcrumb\",\"itemListElement\":[{\"@type\":\"ListItem\",\"position\":1,\"name\":\"In\u00edcio\",\"item\":\"https:\/\/www.pmpf.rs.gov.br\/turismo\/\"},{\"@type\":\"ListItem\",\"position\":2,\"name\":\"Prefeitura define investimentos no Parque da Rosel\u00e2ndia\"}]},{\"@type\":\"WebSite\",\"@id\":\"https:\/\/www.pmpf.rs.gov.br\/turismo\/#website\",\"url\":\"https:\/\/www.pmpf.rs.gov.br\/turismo\/\",\"name\":\"Turismo\",\"description\":\"Descubra Passo Fundo\",\"potentialAction\":[{\"@type\":\"SearchAction\",\"target\":{\"@type\":\"EntryPoint\",\"urlTemplate\":\"https:\/\/www.pmpf.rs.gov.br\/turismo\/?s={search_term_string}\"},\"query-input\":{\"@type\":\"PropertyValueSpecification\",\"valueRequired\":true,\"valueName\":\"search_term_string\"}}],\"inLanguage\":\"pt-BR\"},{\"@type\":\"Person\",\"@id\":\"https:\/\/www.pmpf.rs.gov.br\/turismo\/#\/schema\/person\/0c355b0fa68a7aa986c8594f7a60a2d7\",\"name\":\"mosite\",\"image\":{\"@type\":\"ImageObject\",\"inLanguage\":\"pt-BR\",\"@id\":\"https:\/\/www.pmpf.rs.gov.br\/turismo\/#\/schema\/person\/image\/\",\"url\":\"https:\/\/secure.gravatar.com\/avatar\/63d72595d6cecfe12bd8a94829d5a26c?s=96&d=mm&r=g\",\"contentUrl\":\"https:\/\/secure.gravatar.com\/avatar\/63d72595d6cecfe12bd8a94829d5a26c?s=96&d=mm&r=g\",\"caption\":\"mosite\"},\"sameAs\":[\"http:\/\/example.com\"],\"url\":\"https:\/\/www.pmpf.rs.gov.br\/turismo\/author\/mosite\/\"}]}<\/script>\n<!-- \/ Yoast SEO plugin. -->","yoast_head_json":{"title":"Prefeitura define investimentos no Parque da Rosel\u00e2ndia - Turismo","robots":{"index":"index","follow":"follow","max-snippet":"max-snippet:-1","max-image-preview":"max-image-preview:large","max-video-preview":"max-video-preview:-1"},"canonical":"https:\/\/www.pmpf.rs.gov.br\/turismo\/2013\/07\/23\/prefeitura-define-investimentos-no-parque-da-roselandia-7116\/","og_locale":"pt_BR","og_type":"article","og_title":"Prefeitura define investimentos no Parque da Rosel\u00e2ndia - Turismo","og_description":"Prefeitura define investimentos no Parque da Rosel\u00e2ndia","og_url":"https:\/\/www.pmpf.rs.gov.br\/turismo\/2013\/07\/23\/prefeitura-define-investimentos-no-parque-da-roselandia-7116\/","og_site_name":"Turismo","article_published_time":"2013-07-23T06:00:00+00:00","og_image":[{"width":350,"height":300,"url":"https:\/\/www.pmpf.rs.gov.br\/turismo\/wp-content\/uploads\/sites\/51\/2021\/12\/I2013-12-11_033922_c10123.jpg","type":"image\/jpeg"}],"author":"mosite","twitter_card":"summary_large_image","twitter_misc":{"Escrito por":"mosite","Est. tempo de leitura":"1 minuto"},"schema":{"@context":"https:\/\/schema.org","@graph":[{"@type":"WebPage","@id":"https:\/\/www.pmpf.rs.gov.br\/turismo\/2013\/07\/23\/prefeitura-define-investimentos-no-parque-da-roselandia-7116\/","url":"https:\/\/www.pmpf.rs.gov.br\/turismo\/2013\/07\/23\/prefeitura-define-investimentos-no-parque-da-roselandia-7116\/","name":"Prefeitura define investimentos no Parque da Rosel\u00e2ndia - Turismo","isPartOf":{"@id":"https:\/\/www.pmpf.rs.gov.br\/turismo\/#website"},"primaryImageOfPage":{"@id":"https:\/\/www.pmpf.rs.gov.br\/turismo\/2013\/07\/23\/prefeitura-define-investimentos-no-parque-da-roselandia-7116\/#primaryimage"},"image":{"@id":"https:\/\/www.pmpf.rs.gov.br\/turismo\/2013\/07\/23\/prefeitura-define-investimentos-no-parque-da-roselandia-7116\/#primaryimage"},"thumbnailUrl":"https:\/\/www.pmpf.rs.gov.br\/turismo\/wp-content\/uploads\/sites\/51\/2021\/12\/I2013-12-11_033922_c10123.jpg","datePublished":"2013-07-23T06:00:00+00:00","dateModified":"2013-07-23T06:00:00+00:00","author":{"@id":"https:\/\/www.pmpf.rs.gov.br\/turismo\/#\/schema\/person\/0c355b0fa68a7aa986c8594f7a60a2d7"},"breadcrumb":{"@id":"https:\/\/www.pmpf.rs.gov.br\/turismo\/2013\/07\/23\/prefeitura-define-investimentos-no-parque-da-roselandia-7116\/#breadcrumb"},"inLanguage":"pt-BR","potentialAction":[{"@type":"ReadAction","target":["https:\/\/www.pmpf.rs.gov.br\/turismo\/2013\/07\/23\/prefeitura-define-investimentos-no-parque-da-roselandia-7116\/"]}]},{"@type":"ImageObject","inLanguage":"pt-BR","@id":"https:\/\/www.pmpf.rs.gov.br\/turismo\/2013\/07\/23\/prefeitura-define-investimentos-no-parque-da-roselandia-7116\/#primaryimage","url":"https:\/\/www.pmpf.rs.gov.br\/turismo\/wp-content\/uploads\/sites\/51\/2021\/12\/I2013-12-11_033922_c10123.jpg","contentUrl":"https:\/\/www.pmpf.rs.gov.br\/turismo\/wp-content\/uploads\/sites\/51\/2021\/12\/I2013-12-11_033922_c10123.jpg","width":350,"height":300},{"@type":"BreadcrumbList","@id":"https:\/\/www.pmpf.rs.gov.br\/turismo\/2013\/07\/23\/prefeitura-define-investimentos-no-parque-da-roselandia-7116\/#breadcrumb","itemListElement":[{"@type":"ListItem","position":1,"name":"In\u00edcio","item":"https:\/\/www.pmpf.rs.gov.br\/turismo\/"},{"@type":"ListItem","position":2,"name":"Prefeitura define investimentos no Parque da Rosel\u00e2ndia"}]},{"@type":"WebSite","@id":"https:\/\/www.pmpf.rs.gov.br\/turismo\/#website","url":"https:\/\/www.pmpf.rs.gov.br\/turismo\/","name":"Turismo","description":"Descubra Passo Fundo","potentialAction":[{"@type":"SearchAction","target":{"@type":"EntryPoint","urlTemplate":"https:\/\/www.pmpf.rs.gov.br\/turismo\/?s={search_term_string}"},"query-input":{"@type":"PropertyValueSpecification","valueRequired":true,"valueName":"search_term_string"}}],"inLanguage":"pt-BR"},{"@type":"Person","@id":"https:\/\/www.pmpf.rs.gov.br\/turismo\/#\/schema\/person\/0c355b0fa68a7aa986c8594f7a60a2d7","name":"mosite","image":{"@type":"ImageObject","inLanguage":"pt-BR","@id":"https:\/\/www.pmpf.rs.gov.br\/turismo\/#\/schema\/person\/image\/","url":"https:\/\/secure.gravatar.com\/avatar\/63d72595d6cecfe12bd8a94829d5a26c?s=96&d=mm&r=g","contentUrl":"https:\/\/secure.gravatar.com\/avatar\/63d72595d6cecfe12bd8a94829d5a26c?s=96&d=mm&r=g","caption":"mosite"},"sameAs":["http:\/\/example.com"],"url":"https:\/\/www.pmpf.rs.gov.br\/turismo\/author\/mosite\/"}]}},"_links":{"self":[{"href":"https:\/\/www.pmpf.rs.gov.br\/turismo\/wp-json\/wp\/v2\/posts\/72"}],"collection":[{"href":"https:\/\/www.pmpf.rs.gov.br\/turismo\/wp-json\/wp\/v2\/posts"}],"about":[{"href":"https:\/\/www.pmpf.rs.gov.br\/turismo\/wp-json\/wp\/v2\/types\/post"}],"author":[{"embeddable":true,"href":"https:\/\/www.pmpf.rs.gov.br\/turismo\/wp-json\/wp\/v2\/users\/1"}],"replies":[{"embeddable":true,"href":"https:\/\/www.pmpf.rs.gov.br\/turismo\/wp-json\/wp\/v2\/comments?post=72"}],"version-history":[{"count":0,"href":"https:\/\/www.pmpf.rs.gov.br\/turismo\/wp-json\/wp\/v2\/posts\/72\/revisions"}],"wp:featuredmedia":[{"embeddable":true,"href":"https:\/\/www.pmpf.rs.gov.br\/turismo\/wp-json\/wp\/v2\/media\/73"}],"wp:attachment":[{"href":"https:\/\/www.pmpf.rs.gov.br\/turismo\/wp-json\/wp\/v2\/media?parent=72"}],"wp:term":[{"taxonomy":"category","embeddable":true,"href":"https:\/\/www.pmpf.rs.gov.br\/turismo\/wp-json\/wp\/v2\/categories?post=72"},{"taxonomy":"post_tag","embeddable":true,"href":"https:\/\/www.pmpf.rs.gov.br\/turismo\/wp-json\/wp\/v2\/tags?post=72"}],"curies":[{"name":"wp","href":"https:\/\/api.w.org\/{rel}","templated":true}]}}