{"id":69,"date":"2013-08-11T03:00:00","date_gmt":"2013-08-11T06:00:00","guid":{"rendered":"https:\/\/www.pmpf.rs.gov.br\/turismo\/2013\/08\/11\/prefeitura-iniciara-recuperacao-do-parque-turistico-da-roselandia-7225\/"},"modified":"2013-08-11T03:00:00","modified_gmt":"2013-08-11T06:00:00","slug":"prefeitura-iniciara-recuperacao-do-parque-turistico-da-roselandia-7225","status":"publish","type":"post","link":"https:\/\/www.pmpf.rs.gov.br\/turismo\/2013\/08\/11\/prefeitura-iniciara-recuperacao-do-parque-turistico-da-roselandia-7225\/","title":{"rendered":"Prefeitura iniciar\u00e1 recupera\u00e7\u00e3o do Parque Tur\u00edstico da Rosel\u00e2ndia"},"content":{"rendered":"<p style=\"text-align: justify; margin-bottom: 0.0001pt;\"><span style=\" \">A administra\u00e7\u00e3o municipal ir\u00e1 realizar a\u00e7\u00f5es de melhorias, urbaniza\u00e7\u00e3o, recupera\u00e7\u00e3o e a constru\u00e7\u00e3o de nova pista de la\u00e7o no Parque Tur\u00edstico da Rosel\u00e2ndia. Nesta semana, o prefeito Luciano Azevedo assinou o processo de licita\u00e7\u00e3o para contrata\u00e7\u00e3o de empresa especializada a fim de executar a substitui\u00e7\u00e3o do cercamento da pista de la\u00e7o, e outras obras, tendo em vista a realiza\u00e7\u00e3o da XVI edi\u00e7\u00e3o do Rodeio Internacional de Passo Fundo.<\/span><span style=\" \"><o_p \/><\/span><\/p>\n<p style=\"margin-bottom: 0.0001pt;\">\n<div style=\"text-align: justify;\"><\/div>\n<div style=\"text-align: justify;\"><span style=\" \">Algumas demandas foram definidas em reuni\u00e3o do prefeito com o diretor presidente da Funzoctur Daniel L\u00e9, o secret\u00e1rio de Desporto e Cultura, Jos\u00e9 Ernani de Almeida, o secret\u00e1rio de Transportes e Servi\u00e7os Gerais, Cristiam Thans, e integrantes de entidades tradicionalistas.<\/span><\/div>\n<\/p>\n<p style=\"text-align: justify; margin-bottom: 0.0001pt;\"><span style=\" \">Foi verificada a necessidade de dividir e organizar os lotes na \u00e1rea de camping, localizada na campeira, instalando pontos de ilumina\u00e7\u00e3o e abastecimento de \u00e1gua. Haver\u00e1 ainda a adequa\u00e7\u00e3o dos banheiros, restrutura\u00e7\u00e3o do pr\u00e9dio localizado ao lado da pista da campeira, estrutura\u00e7\u00e3o do estacionamento com asfalto e meio-fios e recupera\u00e7\u00e3o das vias dentro do parque e nos acessos.<\/span><span style=\" \"><o_p \/><\/span><\/p>\n<p style=\"text-align: justify; margin-bottom: 0.0001pt;\"><span style=\" \">A principal necessidade e alvo do processo licitat\u00f3rio \u00e9 a constru\u00e7\u00e3o de uma nova pista de eventos na campeira, com sistema de drenagem eficaz, estrutura e qualidade para os competidores apresentarem suas habilidades, dando conforto e seguran\u00e7a aos assistentes dos espet\u00e1culos.<\/span><span style=\" \"><o_p \/><\/span><\/p>\n<p style=\"margin-bottom: 0.0001pt;\">\n<div style=\"text-align: justify;\"><\/div>\n<div style=\"text-align: justify;\"><span style=\" \">\u201c<\/span><span style=\" \">Embora ao longo dos anos tenham sido realizadas pequenas manuten\u00e7\u00f5es na pista, ela atualmente n\u00e3o re\u00fane condi\u00e7\u00f5es para as necessidades de um evento de alto n\u00edvel como vamos proporcionar. A \u00faltima reforma ocorreu em <st1_metricconverter productid=\"2007\u201d\" w_st=\"on\">2007\u201d<\/st1_metricconverter>, destacou prefeito Luciano Azevedo.<\/span><\/div>\n<\/p>\n<p style=\"text-align: justify; margin-bottom: 0.0001pt;\"><span style=\" \">O palco principal \u201cMauricio Sirotsky Sobrinho\u201d ir\u00e1 receber melhorias, assim como os demais locais de shows e a \u00e1rea que abriga estabelecimentos comerciais (Pra\u00e7a de alimenta\u00e7\u00e3o).<\/span><span style=\"  \"><o_p \/><\/span><\/p>\n","protected":false},"excerpt":{"rendered":"<p>Prefeitura iniciar\u00e1 recupera\u00e7\u00e3o do Parque Tur\u00edstico da Rosel\u00e2ndia<\/p>\n","protected":false},"author":1,"featured_media":0,"comment_status":"open","ping_status":"open","sticky":false,"template":"","format":"standard","meta":{"footnotes":""},"categories":[],"tags":[],"class_list":["post-69","post","type-post","status-publish","format-standard","hentry"],"yoast_head":"<!-- This site is optimized with the Yoast SEO plugin v23.8 - https:\/\/yoast.com\/wordpress\/plugins\/seo\/ -->\n<title>Prefeitura iniciar\u00e1 recupera\u00e7\u00e3o do Parque Tur\u00edstico da Rosel\u00e2ndia - Turismo<\/title>\n<meta name=\"robots\" content=\"index, follow, max-snippet:-1, max-image-preview:large, max-video-preview:-1\" \/>\n<link rel=\"canonical\" href=\"https:\/\/www.pmpf.rs.gov.br\/turismo\/2013\/08\/11\/prefeitura-iniciara-recuperacao-do-parque-turistico-da-roselandia-7225\/\" \/>\n<meta property=\"og:locale\" content=\"pt_BR\" \/>\n<meta property=\"og:type\" content=\"article\" \/>\n<meta property=\"og:title\" content=\"Prefeitura iniciar\u00e1 recupera\u00e7\u00e3o do Parque Tur\u00edstico da Rosel\u00e2ndia - Turismo\" \/>\n<meta property=\"og:description\" content=\"Prefeitura iniciar\u00e1 recupera\u00e7\u00e3o do Parque Tur\u00edstico da Rosel\u00e2ndia\" \/>\n<meta property=\"og:url\" content=\"https:\/\/www.pmpf.rs.gov.br\/turismo\/2013\/08\/11\/prefeitura-iniciara-recuperacao-do-parque-turistico-da-roselandia-7225\/\" \/>\n<meta property=\"og:site_name\" content=\"Turismo\" \/>\n<meta property=\"article:published_time\" content=\"2013-08-11T06:00:00+00:00\" \/>\n<meta name=\"author\" content=\"mosite\" \/>\n<meta name=\"twitter:card\" content=\"summary_large_image\" \/>\n<meta name=\"twitter:label1\" content=\"Escrito por\" \/>\n\t<meta name=\"twitter:data1\" content=\"mosite\" \/>\n\t<meta name=\"twitter:label2\" content=\"Est. tempo de leitura\" \/>\n\t<meta name=\"twitter:data2\" content=\"2 minutos\" \/>\n<script type=\"application\/ld+json\" class=\"yoast-schema-graph\">{\"@context\":\"https:\/\/schema.org\",\"@graph\":[{\"@type\":\"WebPage\",\"@id\":\"https:\/\/www.pmpf.rs.gov.br\/turismo\/2013\/08\/11\/prefeitura-iniciara-recuperacao-do-parque-turistico-da-roselandia-7225\/\",\"url\":\"https:\/\/www.pmpf.rs.gov.br\/turismo\/2013\/08\/11\/prefeitura-iniciara-recuperacao-do-parque-turistico-da-roselandia-7225\/\",\"name\":\"Prefeitura iniciar\u00e1 recupera\u00e7\u00e3o do Parque Tur\u00edstico da Rosel\u00e2ndia - Turismo\",\"isPartOf\":{\"@id\":\"https:\/\/www.pmpf.rs.gov.br\/turismo\/#website\"},\"datePublished\":\"2013-08-11T06:00:00+00:00\",\"dateModified\":\"2013-08-11T06:00:00+00:00\",\"author\":{\"@id\":\"https:\/\/www.pmpf.rs.gov.br\/turismo\/#\/schema\/person\/0c355b0fa68a7aa986c8594f7a60a2d7\"},\"breadcrumb\":{\"@id\":\"https:\/\/www.pmpf.rs.gov.br\/turismo\/2013\/08\/11\/prefeitura-iniciara-recuperacao-do-parque-turistico-da-roselandia-7225\/#breadcrumb\"},\"inLanguage\":\"pt-BR\",\"potentialAction\":[{\"@type\":\"ReadAction\",\"target\":[\"https:\/\/www.pmpf.rs.gov.br\/turismo\/2013\/08\/11\/prefeitura-iniciara-recuperacao-do-parque-turistico-da-roselandia-7225\/\"]}]},{\"@type\":\"BreadcrumbList\",\"@id\":\"https:\/\/www.pmpf.rs.gov.br\/turismo\/2013\/08\/11\/prefeitura-iniciara-recuperacao-do-parque-turistico-da-roselandia-7225\/#breadcrumb\",\"itemListElement\":[{\"@type\":\"ListItem\",\"position\":1,\"name\":\"In\u00edcio\",\"item\":\"https:\/\/www.pmpf.rs.gov.br\/turismo\/\"},{\"@type\":\"ListItem\",\"position\":2,\"name\":\"Prefeitura iniciar\u00e1 recupera\u00e7\u00e3o do Parque Tur\u00edstico da Rosel\u00e2ndia\"}]},{\"@type\":\"WebSite\",\"@id\":\"https:\/\/www.pmpf.rs.gov.br\/turismo\/#website\",\"url\":\"https:\/\/www.pmpf.rs.gov.br\/turismo\/\",\"name\":\"Turismo\",\"description\":\"Descubra Passo Fundo\",\"potentialAction\":[{\"@type\":\"SearchAction\",\"target\":{\"@type\":\"EntryPoint\",\"urlTemplate\":\"https:\/\/www.pmpf.rs.gov.br\/turismo\/?s={search_term_string}\"},\"query-input\":{\"@type\":\"PropertyValueSpecification\",\"valueRequired\":true,\"valueName\":\"search_term_string\"}}],\"inLanguage\":\"pt-BR\"},{\"@type\":\"Person\",\"@id\":\"https:\/\/www.pmpf.rs.gov.br\/turismo\/#\/schema\/person\/0c355b0fa68a7aa986c8594f7a60a2d7\",\"name\":\"mosite\",\"image\":{\"@type\":\"ImageObject\",\"inLanguage\":\"pt-BR\",\"@id\":\"https:\/\/www.pmpf.rs.gov.br\/turismo\/#\/schema\/person\/image\/\",\"url\":\"https:\/\/secure.gravatar.com\/avatar\/63d72595d6cecfe12bd8a94829d5a26c?s=96&d=mm&r=g\",\"contentUrl\":\"https:\/\/secure.gravatar.com\/avatar\/63d72595d6cecfe12bd8a94829d5a26c?s=96&d=mm&r=g\",\"caption\":\"mosite\"},\"sameAs\":[\"http:\/\/example.com\"],\"url\":\"https:\/\/www.pmpf.rs.gov.br\/turismo\/author\/mosite\/\"}]}<\/script>\n<!-- \/ Yoast SEO plugin. -->","yoast_head_json":{"title":"Prefeitura iniciar\u00e1 recupera\u00e7\u00e3o do Parque Tur\u00edstico da Rosel\u00e2ndia - Turismo","robots":{"index":"index","follow":"follow","max-snippet":"max-snippet:-1","max-image-preview":"max-image-preview:large","max-video-preview":"max-video-preview:-1"},"canonical":"https:\/\/www.pmpf.rs.gov.br\/turismo\/2013\/08\/11\/prefeitura-iniciara-recuperacao-do-parque-turistico-da-roselandia-7225\/","og_locale":"pt_BR","og_type":"article","og_title":"Prefeitura iniciar\u00e1 recupera\u00e7\u00e3o do Parque Tur\u00edstico da Rosel\u00e2ndia - Turismo","og_description":"Prefeitura iniciar\u00e1 recupera\u00e7\u00e3o do Parque Tur\u00edstico da Rosel\u00e2ndia","og_url":"https:\/\/www.pmpf.rs.gov.br\/turismo\/2013\/08\/11\/prefeitura-iniciara-recuperacao-do-parque-turistico-da-roselandia-7225\/","og_site_name":"Turismo","article_published_time":"2013-08-11T06:00:00+00:00","author":"mosite","twitter_card":"summary_large_image","twitter_misc":{"Escrito por":"mosite","Est. tempo de leitura":"2 minutos"},"schema":{"@context":"https:\/\/schema.org","@graph":[{"@type":"WebPage","@id":"https:\/\/www.pmpf.rs.gov.br\/turismo\/2013\/08\/11\/prefeitura-iniciara-recuperacao-do-parque-turistico-da-roselandia-7225\/","url":"https:\/\/www.pmpf.rs.gov.br\/turismo\/2013\/08\/11\/prefeitura-iniciara-recuperacao-do-parque-turistico-da-roselandia-7225\/","name":"Prefeitura iniciar\u00e1 recupera\u00e7\u00e3o do Parque Tur\u00edstico da Rosel\u00e2ndia - Turismo","isPartOf":{"@id":"https:\/\/www.pmpf.rs.gov.br\/turismo\/#website"},"datePublished":"2013-08-11T06:00:00+00:00","dateModified":"2013-08-11T06:00:00+00:00","author":{"@id":"https:\/\/www.pmpf.rs.gov.br\/turismo\/#\/schema\/person\/0c355b0fa68a7aa986c8594f7a60a2d7"},"breadcrumb":{"@id":"https:\/\/www.pmpf.rs.gov.br\/turismo\/2013\/08\/11\/prefeitura-iniciara-recuperacao-do-parque-turistico-da-roselandia-7225\/#breadcrumb"},"inLanguage":"pt-BR","potentialAction":[{"@type":"ReadAction","target":["https:\/\/www.pmpf.rs.gov.br\/turismo\/2013\/08\/11\/prefeitura-iniciara-recuperacao-do-parque-turistico-da-roselandia-7225\/"]}]},{"@type":"BreadcrumbList","@id":"https:\/\/www.pmpf.rs.gov.br\/turismo\/2013\/08\/11\/prefeitura-iniciara-recuperacao-do-parque-turistico-da-roselandia-7225\/#breadcrumb","itemListElement":[{"@type":"ListItem","position":1,"name":"In\u00edcio","item":"https:\/\/www.pmpf.rs.gov.br\/turismo\/"},{"@type":"ListItem","position":2,"name":"Prefeitura iniciar\u00e1 recupera\u00e7\u00e3o do Parque Tur\u00edstico da Rosel\u00e2ndia"}]},{"@type":"WebSite","@id":"https:\/\/www.pmpf.rs.gov.br\/turismo\/#website","url":"https:\/\/www.pmpf.rs.gov.br\/turismo\/","name":"Turismo","description":"Descubra Passo Fundo","potentialAction":[{"@type":"SearchAction","target":{"@type":"EntryPoint","urlTemplate":"https:\/\/www.pmpf.rs.gov.br\/turismo\/?s={search_term_string}"},"query-input":{"@type":"PropertyValueSpecification","valueRequired":true,"valueName":"search_term_string"}}],"inLanguage":"pt-BR"},{"@type":"Person","@id":"https:\/\/www.pmpf.rs.gov.br\/turismo\/#\/schema\/person\/0c355b0fa68a7aa986c8594f7a60a2d7","name":"mosite","image":{"@type":"ImageObject","inLanguage":"pt-BR","@id":"https:\/\/www.pmpf.rs.gov.br\/turismo\/#\/schema\/person\/image\/","url":"https:\/\/secure.gravatar.com\/avatar\/63d72595d6cecfe12bd8a94829d5a26c?s=96&d=mm&r=g","contentUrl":"https:\/\/secure.gravatar.com\/avatar\/63d72595d6cecfe12bd8a94829d5a26c?s=96&d=mm&r=g","caption":"mosite"},"sameAs":["http:\/\/example.com"],"url":"https:\/\/www.pmpf.rs.gov.br\/turismo\/author\/mosite\/"}]}},"_links":{"self":[{"href":"https:\/\/www.pmpf.rs.gov.br\/turismo\/wp-json\/wp\/v2\/posts\/69"}],"collection":[{"href":"https:\/\/www.pmpf.rs.gov.br\/turismo\/wp-json\/wp\/v2\/posts"}],"about":[{"href":"https:\/\/www.pmpf.rs.gov.br\/turismo\/wp-json\/wp\/v2\/types\/post"}],"author":[{"embeddable":true,"href":"https:\/\/www.pmpf.rs.gov.br\/turismo\/wp-json\/wp\/v2\/users\/1"}],"replies":[{"embeddable":true,"href":"https:\/\/www.pmpf.rs.gov.br\/turismo\/wp-json\/wp\/v2\/comments?post=69"}],"version-history":[{"count":0,"href":"https:\/\/www.pmpf.rs.gov.br\/turismo\/wp-json\/wp\/v2\/posts\/69\/revisions"}],"wp:attachment":[{"href":"https:\/\/www.pmpf.rs.gov.br\/turismo\/wp-json\/wp\/v2\/media?parent=69"}],"wp:term":[{"taxonomy":"category","embeddable":true,"href":"https:\/\/www.pmpf.rs.gov.br\/turismo\/wp-json\/wp\/v2\/categories?post=69"},{"taxonomy":"post_tag","embeddable":true,"href":"https:\/\/www.pmpf.rs.gov.br\/turismo\/wp-json\/wp\/v2\/tags?post=69"}],"curies":[{"name":"wp","href":"https:\/\/api.w.org\/{rel}","templated":true}]}}