{"id":63,"date":"2013-09-05T03:00:00","date_gmt":"2013-09-05T06:00:00","guid":{"rendered":"https:\/\/www.pmpf.rs.gov.br\/turismo\/2013\/09\/05\/festejos-farroupilhas-iniciam-no-proximo-final-de-semana-7331\/"},"modified":"2013-09-05T03:00:00","modified_gmt":"2013-09-05T06:00:00","slug":"festejos-farroupilhas-iniciam-no-proximo-final-de-semana-7331","status":"publish","type":"post","link":"https:\/\/www.pmpf.rs.gov.br\/turismo\/2013\/09\/05\/festejos-farroupilhas-iniciam-no-proximo-final-de-semana-7331\/","title":{"rendered":"Festejos Farroupilhas iniciam no pr\u00f3ximo final de semana"},"content":{"rendered":"<p align=\"justify\" style=\"margin-bottom: 0cm;\" class=\"western\">A movimenta\u00e7\u00e3o dos tradicionalistas de Passo Fundo ser\u00e1 intensa na cidade a partir do pr\u00f3ximo final de semana, com o in\u00edcio da programa\u00e7\u00e3o dos Festejos Farroupilhas. No s\u00e1bado, 07, a partir das 19 horas, acontecer\u00e1 a fus\u00e3o do Fogo Simb\u00f3lico, aceso no Altar da P\u00e1tria, com a Chama Crioula que, vinda da cidade de General C\u00e2mara, permanece acesa no rancho dos Cavaleiros do Planalto M\u00e9dio. Ap\u00f3s a fus\u00e3o, \u00e9 encerrada a Semana da P\u00e1tria e come\u00e7am os Festejos Farroupilhas. A nova Chama Crioula de Passo Fundo, ser\u00e1 levada at\u00e9 o Quartel do 3\u00ba RPMon., da Brigada Militar.  <\/p>\n<div align=\"justify\"> <\/div>\n<p align=\"justify\" style=\"margin-bottom: 0cm;\" class=\"western\">No dia 08 de setembro iniciam as rondas nos centros tradicionalistas da cidade, pelo CTG Os\u00f3rio Porto. Ser\u00e1 servido caf\u00e9 de chaleira, a partir das 8h30, no valor simb\u00f3lico de R$ 3,00. No almo\u00e7o, haver\u00e1 prato t\u00edpico, porco com abacaxi, e atividades culturais durante todo o dia. Nos dias seguintes, outras 14 entidades dever\u00e3o realizar as rondas, que s\u00e3o abertas \u00e0 comunidade. \u201cEsperamos que todos venham visitar as entidades neste momento, que \u00e9 de orgulho para todos os ga\u00fachos. Assim, podemos manter vivas as nossas entidades, que dependem da participa\u00e7\u00e3o da comunidade em suas atividades\u201d,  afirmou a coordenadora da 7\u00aa Regi\u00e3o Tradicionalista do MTG, Gilda Galeazzi.<\/p>\n<div align=\"justify\"> <\/div>\n<p align=\"justify\" style=\"margin-bottom: 0cm;\" class=\"western\">Dia 15 de setembro est\u00e1 marcada a 21\u00aa Mostra da Cultura Ga\u00facha, a partir das 14h, na Avenida Sete de Setembro, junto \u00e0 Gare. Neste dia, oito entidades tradicionalistas far\u00e3o seus desfiles. O Desfile Farroupilha e Concurso de Cavalarias ser\u00e1 feito no dia 20 de setembro, a partir das 9h, tamb\u00e9m na Sete de Setembro. O encerramento oficial da programa\u00e7\u00e3o ser\u00e1 neste mesmo dia, a partir das 18h, no CTG Tropel de Caudilhos, onde ser\u00e1 feita a divulga\u00e7\u00e3o dos vencedores e entrega de premia\u00e7\u00e3o da Mostra da Cultura Ga\u00facha e Melhores Cavalarias. A promo\u00e7\u00e3o \u00e9 da Prefeitura de Passo Fundo, 7\u00aa Regi\u00e3o Tradicionalista do Movimento Tradicionalista Ga\u00facho, Brigada Militar e 7\u00aa Coordenadoria Regional de Educa\u00e7\u00e3o.<\/p>\n<div align=\"justify\"> <\/div>\n<p align=\"justify\" style=\"margin-bottom: 0cm;\" class=\"western\">Com o tema \u201cO Rio Grande do Sul no imagin\u00e1rio social\u201d, os festejos acontecer\u00e3o na cidade at\u00e9 o dia 20 de setembro. \u201cRelembrar os antepassados e seus feitos \u00e9 um orgulho para todos os ga\u00fachos, especialmente atrav\u00e9s da r\u00e9plica das est\u00e2ncias, hoje transformadas nos galp\u00f5es dos CTGs\u201d, declarou a coordenadora.  <\/p>\n","protected":false},"excerpt":{"rendered":"<p>Festejos Farroupilhas iniciam no pr\u00f3ximo final de semana<\/p>\n","protected":false},"author":1,"featured_media":0,"comment_status":"open","ping_status":"open","sticky":false,"template":"","format":"standard","meta":{"footnotes":""},"categories":[],"tags":[],"class_list":["post-63","post","type-post","status-publish","format-standard","hentry"],"yoast_head":"<!-- This site is optimized with the Yoast SEO plugin v23.8 - https:\/\/yoast.com\/wordpress\/plugins\/seo\/ -->\n<title>Festejos Farroupilhas iniciam no pr\u00f3ximo final de semana - Turismo<\/title>\n<meta name=\"robots\" content=\"index, follow, max-snippet:-1, max-image-preview:large, max-video-preview:-1\" \/>\n<link rel=\"canonical\" href=\"https:\/\/www.pmpf.rs.gov.br\/turismo\/2013\/09\/05\/festejos-farroupilhas-iniciam-no-proximo-final-de-semana-7331\/\" \/>\n<meta property=\"og:locale\" content=\"pt_BR\" \/>\n<meta property=\"og:type\" content=\"article\" \/>\n<meta property=\"og:title\" content=\"Festejos Farroupilhas iniciam no pr\u00f3ximo final de semana - Turismo\" \/>\n<meta property=\"og:description\" content=\"Festejos Farroupilhas iniciam no pr\u00f3ximo final de semana\" \/>\n<meta property=\"og:url\" content=\"https:\/\/www.pmpf.rs.gov.br\/turismo\/2013\/09\/05\/festejos-farroupilhas-iniciam-no-proximo-final-de-semana-7331\/\" \/>\n<meta property=\"og:site_name\" content=\"Turismo\" \/>\n<meta property=\"article:published_time\" content=\"2013-09-05T06:00:00+00:00\" \/>\n<meta name=\"author\" content=\"mosite\" \/>\n<meta name=\"twitter:card\" content=\"summary_large_image\" \/>\n<meta name=\"twitter:label1\" content=\"Escrito por\" \/>\n\t<meta name=\"twitter:data1\" content=\"mosite\" \/>\n\t<meta name=\"twitter:label2\" content=\"Est. tempo de leitura\" \/>\n\t<meta name=\"twitter:data2\" content=\"2 minutos\" \/>\n<script type=\"application\/ld+json\" class=\"yoast-schema-graph\">{\"@context\":\"https:\/\/schema.org\",\"@graph\":[{\"@type\":\"WebPage\",\"@id\":\"https:\/\/www.pmpf.rs.gov.br\/turismo\/2013\/09\/05\/festejos-farroupilhas-iniciam-no-proximo-final-de-semana-7331\/\",\"url\":\"https:\/\/www.pmpf.rs.gov.br\/turismo\/2013\/09\/05\/festejos-farroupilhas-iniciam-no-proximo-final-de-semana-7331\/\",\"name\":\"Festejos Farroupilhas iniciam no pr\u00f3ximo final de semana - Turismo\",\"isPartOf\":{\"@id\":\"https:\/\/www.pmpf.rs.gov.br\/turismo\/#website\"},\"datePublished\":\"2013-09-05T06:00:00+00:00\",\"dateModified\":\"2013-09-05T06:00:00+00:00\",\"author\":{\"@id\":\"https:\/\/www.pmpf.rs.gov.br\/turismo\/#\/schema\/person\/0c355b0fa68a7aa986c8594f7a60a2d7\"},\"breadcrumb\":{\"@id\":\"https:\/\/www.pmpf.rs.gov.br\/turismo\/2013\/09\/05\/festejos-farroupilhas-iniciam-no-proximo-final-de-semana-7331\/#breadcrumb\"},\"inLanguage\":\"pt-BR\",\"potentialAction\":[{\"@type\":\"ReadAction\",\"target\":[\"https:\/\/www.pmpf.rs.gov.br\/turismo\/2013\/09\/05\/festejos-farroupilhas-iniciam-no-proximo-final-de-semana-7331\/\"]}]},{\"@type\":\"BreadcrumbList\",\"@id\":\"https:\/\/www.pmpf.rs.gov.br\/turismo\/2013\/09\/05\/festejos-farroupilhas-iniciam-no-proximo-final-de-semana-7331\/#breadcrumb\",\"itemListElement\":[{\"@type\":\"ListItem\",\"position\":1,\"name\":\"In\u00edcio\",\"item\":\"https:\/\/www.pmpf.rs.gov.br\/turismo\/\"},{\"@type\":\"ListItem\",\"position\":2,\"name\":\"Festejos Farroupilhas iniciam no pr\u00f3ximo final de semana\"}]},{\"@type\":\"WebSite\",\"@id\":\"https:\/\/www.pmpf.rs.gov.br\/turismo\/#website\",\"url\":\"https:\/\/www.pmpf.rs.gov.br\/turismo\/\",\"name\":\"Turismo\",\"description\":\"Descubra Passo Fundo\",\"potentialAction\":[{\"@type\":\"SearchAction\",\"target\":{\"@type\":\"EntryPoint\",\"urlTemplate\":\"https:\/\/www.pmpf.rs.gov.br\/turismo\/?s={search_term_string}\"},\"query-input\":{\"@type\":\"PropertyValueSpecification\",\"valueRequired\":true,\"valueName\":\"search_term_string\"}}],\"inLanguage\":\"pt-BR\"},{\"@type\":\"Person\",\"@id\":\"https:\/\/www.pmpf.rs.gov.br\/turismo\/#\/schema\/person\/0c355b0fa68a7aa986c8594f7a60a2d7\",\"name\":\"mosite\",\"image\":{\"@type\":\"ImageObject\",\"inLanguage\":\"pt-BR\",\"@id\":\"https:\/\/www.pmpf.rs.gov.br\/turismo\/#\/schema\/person\/image\/\",\"url\":\"https:\/\/secure.gravatar.com\/avatar\/63d72595d6cecfe12bd8a94829d5a26c?s=96&d=mm&r=g\",\"contentUrl\":\"https:\/\/secure.gravatar.com\/avatar\/63d72595d6cecfe12bd8a94829d5a26c?s=96&d=mm&r=g\",\"caption\":\"mosite\"},\"sameAs\":[\"http:\/\/example.com\"],\"url\":\"https:\/\/www.pmpf.rs.gov.br\/turismo\/author\/mosite\/\"}]}<\/script>\n<!-- \/ Yoast SEO plugin. -->","yoast_head_json":{"title":"Festejos Farroupilhas iniciam no pr\u00f3ximo final de semana - Turismo","robots":{"index":"index","follow":"follow","max-snippet":"max-snippet:-1","max-image-preview":"max-image-preview:large","max-video-preview":"max-video-preview:-1"},"canonical":"https:\/\/www.pmpf.rs.gov.br\/turismo\/2013\/09\/05\/festejos-farroupilhas-iniciam-no-proximo-final-de-semana-7331\/","og_locale":"pt_BR","og_type":"article","og_title":"Festejos Farroupilhas iniciam no pr\u00f3ximo final de semana - Turismo","og_description":"Festejos Farroupilhas iniciam no pr\u00f3ximo final de semana","og_url":"https:\/\/www.pmpf.rs.gov.br\/turismo\/2013\/09\/05\/festejos-farroupilhas-iniciam-no-proximo-final-de-semana-7331\/","og_site_name":"Turismo","article_published_time":"2013-09-05T06:00:00+00:00","author":"mosite","twitter_card":"summary_large_image","twitter_misc":{"Escrito por":"mosite","Est. tempo de leitura":"2 minutos"},"schema":{"@context":"https:\/\/schema.org","@graph":[{"@type":"WebPage","@id":"https:\/\/www.pmpf.rs.gov.br\/turismo\/2013\/09\/05\/festejos-farroupilhas-iniciam-no-proximo-final-de-semana-7331\/","url":"https:\/\/www.pmpf.rs.gov.br\/turismo\/2013\/09\/05\/festejos-farroupilhas-iniciam-no-proximo-final-de-semana-7331\/","name":"Festejos Farroupilhas iniciam no pr\u00f3ximo final de semana - Turismo","isPartOf":{"@id":"https:\/\/www.pmpf.rs.gov.br\/turismo\/#website"},"datePublished":"2013-09-05T06:00:00+00:00","dateModified":"2013-09-05T06:00:00+00:00","author":{"@id":"https:\/\/www.pmpf.rs.gov.br\/turismo\/#\/schema\/person\/0c355b0fa68a7aa986c8594f7a60a2d7"},"breadcrumb":{"@id":"https:\/\/www.pmpf.rs.gov.br\/turismo\/2013\/09\/05\/festejos-farroupilhas-iniciam-no-proximo-final-de-semana-7331\/#breadcrumb"},"inLanguage":"pt-BR","potentialAction":[{"@type":"ReadAction","target":["https:\/\/www.pmpf.rs.gov.br\/turismo\/2013\/09\/05\/festejos-farroupilhas-iniciam-no-proximo-final-de-semana-7331\/"]}]},{"@type":"BreadcrumbList","@id":"https:\/\/www.pmpf.rs.gov.br\/turismo\/2013\/09\/05\/festejos-farroupilhas-iniciam-no-proximo-final-de-semana-7331\/#breadcrumb","itemListElement":[{"@type":"ListItem","position":1,"name":"In\u00edcio","item":"https:\/\/www.pmpf.rs.gov.br\/turismo\/"},{"@type":"ListItem","position":2,"name":"Festejos Farroupilhas iniciam no pr\u00f3ximo final de semana"}]},{"@type":"WebSite","@id":"https:\/\/www.pmpf.rs.gov.br\/turismo\/#website","url":"https:\/\/www.pmpf.rs.gov.br\/turismo\/","name":"Turismo","description":"Descubra Passo Fundo","potentialAction":[{"@type":"SearchAction","target":{"@type":"EntryPoint","urlTemplate":"https:\/\/www.pmpf.rs.gov.br\/turismo\/?s={search_term_string}"},"query-input":{"@type":"PropertyValueSpecification","valueRequired":true,"valueName":"search_term_string"}}],"inLanguage":"pt-BR"},{"@type":"Person","@id":"https:\/\/www.pmpf.rs.gov.br\/turismo\/#\/schema\/person\/0c355b0fa68a7aa986c8594f7a60a2d7","name":"mosite","image":{"@type":"ImageObject","inLanguage":"pt-BR","@id":"https:\/\/www.pmpf.rs.gov.br\/turismo\/#\/schema\/person\/image\/","url":"https:\/\/secure.gravatar.com\/avatar\/63d72595d6cecfe12bd8a94829d5a26c?s=96&d=mm&r=g","contentUrl":"https:\/\/secure.gravatar.com\/avatar\/63d72595d6cecfe12bd8a94829d5a26c?s=96&d=mm&r=g","caption":"mosite"},"sameAs":["http:\/\/example.com"],"url":"https:\/\/www.pmpf.rs.gov.br\/turismo\/author\/mosite\/"}]}},"_links":{"self":[{"href":"https:\/\/www.pmpf.rs.gov.br\/turismo\/wp-json\/wp\/v2\/posts\/63"}],"collection":[{"href":"https:\/\/www.pmpf.rs.gov.br\/turismo\/wp-json\/wp\/v2\/posts"}],"about":[{"href":"https:\/\/www.pmpf.rs.gov.br\/turismo\/wp-json\/wp\/v2\/types\/post"}],"author":[{"embeddable":true,"href":"https:\/\/www.pmpf.rs.gov.br\/turismo\/wp-json\/wp\/v2\/users\/1"}],"replies":[{"embeddable":true,"href":"https:\/\/www.pmpf.rs.gov.br\/turismo\/wp-json\/wp\/v2\/comments?post=63"}],"version-history":[{"count":0,"href":"https:\/\/www.pmpf.rs.gov.br\/turismo\/wp-json\/wp\/v2\/posts\/63\/revisions"}],"wp:attachment":[{"href":"https:\/\/www.pmpf.rs.gov.br\/turismo\/wp-json\/wp\/v2\/media?parent=63"}],"wp:term":[{"taxonomy":"category","embeddable":true,"href":"https:\/\/www.pmpf.rs.gov.br\/turismo\/wp-json\/wp\/v2\/categories?post=63"},{"taxonomy":"post_tag","embeddable":true,"href":"https:\/\/www.pmpf.rs.gov.br\/turismo\/wp-json\/wp\/v2\/tags?post=63"}],"curies":[{"name":"wp","href":"https:\/\/api.w.org\/{rel}","templated":true}]}}