{"id":61,"date":"2013-09-13T03:00:00","date_gmt":"2013-09-13T06:00:00","guid":{"rendered":"https:\/\/www.pmpf.rs.gov.br\/turismo\/2013\/09\/13\/recuperacao-do-parque-de-rodeios-da-roselandia-segue-ate-o-inicio-de-novembro-7357\/"},"modified":"2013-09-13T03:00:00","modified_gmt":"2013-09-13T06:00:00","slug":"recuperacao-do-parque-de-rodeios-da-roselandia-segue-ate-o-inicio-de-novembro-7357","status":"publish","type":"post","link":"https:\/\/www.pmpf.rs.gov.br\/turismo\/2013\/09\/13\/recuperacao-do-parque-de-rodeios-da-roselandia-segue-ate-o-inicio-de-novembro-7357\/","title":{"rendered":"Recupera\u00e7\u00e3o do Parque de Rodeios da Rosel\u00e2ndia segue at\u00e9 o in\u00edcio de novembro"},"content":{"rendered":"<p align=\"justify\" style=\"margin-bottom: 0cm;\" class=\"western\">Com a inten\u00e7\u00e3o de oferecer aos tradicionalistas e comunidade em geral um espa\u00e7o melhor organizado para a realiza\u00e7\u00e3o de eventos na \u00e1rea, a Prefeitura de Passo Fundo est\u00e1 realizando uma s\u00e9rie de a\u00e7\u00f5es de melhorias no Parque de Rodeios da Rosel\u00e2ndia. De acordo com o presidente da Funzoctur, Daniel L\u00e9, \u00e9 importante que seja constru\u00edda uma nova pista de eventos na campeira com sistema de drenagem eficaz, estrutura e qualidade para os competidores apresentarem suas habilidades, dando conforto e seguran\u00e7a aos assistentes dos espet\u00e1culos. &#8220;;As melhorias tamb\u00e9m incluem a urbaniza\u00e7\u00e3o na \u00e1rea de camping na campeira, dividindo e organizando os lotes com pontos de ilumina\u00e7\u00e3o e abastecimento de \u00e1gua. Tamb\u00e9m ser\u00e1 criada uma pracinha com brinquedos infantis r\u00fasticos e espa\u00e7o de conv\u00edvio na Pra\u00e7a Jaime Caetano Braum&#8221;;, explicou.<\/p>\n<p align=\"justify\" style=\"margin-bottom: 0cm;\" class=\"western\">Al\u00e9m disso, ser\u00e3o feitos reparos nos banheiros, melhorado o estacionamento com asfalto e meio-fios e recuperadas as vias dentro do parque e nos acessos. A entrada tamb\u00e9m passar\u00e1 por ajardinamento e limpeza, assim como as demais \u00e1reas de shows ser\u00e3o reparadas. Ainda segundo o presidente da Funzoctur, a previs\u00e3o \u00e9 de que as obras fiquem prontas at\u00e9 o in\u00edcio de novembro, para que o Parque possa ser utilizado para o rodeio, a ser realizado no m\u00eas de dezembro. &#8220;;O local ter\u00e1 melhor infraestrutura e oferecer\u00e1 maior conforto para a comunidade que faz uso do parque&#8221;;, comentou Daniel L\u00e9.  <\/p>\n","protected":false},"excerpt":{"rendered":"<p>Recupera\u00e7\u00e3o do Parque de Rodeios da Rosel\u00e2ndia segue at\u00e9 o in\u00edcio de novembro<\/p>\n","protected":false},"author":1,"featured_media":62,"comment_status":"open","ping_status":"open","sticky":false,"template":"","format":"standard","meta":{"footnotes":""},"categories":[],"tags":[],"class_list":["post-61","post","type-post","status-publish","format-standard","has-post-thumbnail","hentry"],"yoast_head":"<!-- This site is optimized with the Yoast SEO plugin v23.8 - https:\/\/yoast.com\/wordpress\/plugins\/seo\/ -->\n<title>Recupera\u00e7\u00e3o do Parque de Rodeios da Rosel\u00e2ndia segue at\u00e9 o in\u00edcio de novembro - Turismo<\/title>\n<meta name=\"robots\" content=\"index, follow, max-snippet:-1, max-image-preview:large, max-video-preview:-1\" \/>\n<link rel=\"canonical\" href=\"https:\/\/www.pmpf.rs.gov.br\/turismo\/2013\/09\/13\/recuperacao-do-parque-de-rodeios-da-roselandia-segue-ate-o-inicio-de-novembro-7357\/\" \/>\n<meta property=\"og:locale\" content=\"pt_BR\" \/>\n<meta property=\"og:type\" content=\"article\" \/>\n<meta property=\"og:title\" content=\"Recupera\u00e7\u00e3o do Parque de Rodeios da Rosel\u00e2ndia segue at\u00e9 o in\u00edcio de novembro - Turismo\" \/>\n<meta property=\"og:description\" content=\"Recupera\u00e7\u00e3o do Parque de Rodeios da Rosel\u00e2ndia segue at\u00e9 o in\u00edcio de novembro\" \/>\n<meta property=\"og:url\" content=\"https:\/\/www.pmpf.rs.gov.br\/turismo\/2013\/09\/13\/recuperacao-do-parque-de-rodeios-da-roselandia-segue-ate-o-inicio-de-novembro-7357\/\" \/>\n<meta property=\"og:site_name\" content=\"Turismo\" \/>\n<meta property=\"article:published_time\" content=\"2013-09-13T06:00:00+00:00\" \/>\n<meta property=\"og:image\" content=\"https:\/\/www.pmpf.rs.gov.br\/turismo\/wp-content\/uploads\/sites\/51\/2021\/12\/I2013-12-11_033929_c10283.jpg\" \/>\n\t<meta property=\"og:image:width\" content=\"350\" \/>\n\t<meta property=\"og:image:height\" content=\"263\" \/>\n\t<meta property=\"og:image:type\" content=\"image\/jpeg\" \/>\n<meta name=\"author\" content=\"mosite\" \/>\n<meta name=\"twitter:card\" content=\"summary_large_image\" \/>\n<meta name=\"twitter:label1\" content=\"Escrito por\" \/>\n\t<meta name=\"twitter:data1\" content=\"mosite\" \/>\n\t<meta name=\"twitter:label2\" content=\"Est. tempo de leitura\" \/>\n\t<meta name=\"twitter:data2\" content=\"1 minuto\" \/>\n<script type=\"application\/ld+json\" class=\"yoast-schema-graph\">{\"@context\":\"https:\/\/schema.org\",\"@graph\":[{\"@type\":\"WebPage\",\"@id\":\"https:\/\/www.pmpf.rs.gov.br\/turismo\/2013\/09\/13\/recuperacao-do-parque-de-rodeios-da-roselandia-segue-ate-o-inicio-de-novembro-7357\/\",\"url\":\"https:\/\/www.pmpf.rs.gov.br\/turismo\/2013\/09\/13\/recuperacao-do-parque-de-rodeios-da-roselandia-segue-ate-o-inicio-de-novembro-7357\/\",\"name\":\"Recupera\u00e7\u00e3o do Parque de Rodeios da Rosel\u00e2ndia segue at\u00e9 o in\u00edcio de novembro - Turismo\",\"isPartOf\":{\"@id\":\"https:\/\/www.pmpf.rs.gov.br\/turismo\/#website\"},\"primaryImageOfPage\":{\"@id\":\"https:\/\/www.pmpf.rs.gov.br\/turismo\/2013\/09\/13\/recuperacao-do-parque-de-rodeios-da-roselandia-segue-ate-o-inicio-de-novembro-7357\/#primaryimage\"},\"image\":{\"@id\":\"https:\/\/www.pmpf.rs.gov.br\/turismo\/2013\/09\/13\/recuperacao-do-parque-de-rodeios-da-roselandia-segue-ate-o-inicio-de-novembro-7357\/#primaryimage\"},\"thumbnailUrl\":\"https:\/\/www.pmpf.rs.gov.br\/turismo\/wp-content\/uploads\/sites\/51\/2021\/12\/I2013-12-11_033929_c10283.jpg\",\"datePublished\":\"2013-09-13T06:00:00+00:00\",\"dateModified\":\"2013-09-13T06:00:00+00:00\",\"author\":{\"@id\":\"https:\/\/www.pmpf.rs.gov.br\/turismo\/#\/schema\/person\/0c355b0fa68a7aa986c8594f7a60a2d7\"},\"breadcrumb\":{\"@id\":\"https:\/\/www.pmpf.rs.gov.br\/turismo\/2013\/09\/13\/recuperacao-do-parque-de-rodeios-da-roselandia-segue-ate-o-inicio-de-novembro-7357\/#breadcrumb\"},\"inLanguage\":\"pt-BR\",\"potentialAction\":[{\"@type\":\"ReadAction\",\"target\":[\"https:\/\/www.pmpf.rs.gov.br\/turismo\/2013\/09\/13\/recuperacao-do-parque-de-rodeios-da-roselandia-segue-ate-o-inicio-de-novembro-7357\/\"]}]},{\"@type\":\"ImageObject\",\"inLanguage\":\"pt-BR\",\"@id\":\"https:\/\/www.pmpf.rs.gov.br\/turismo\/2013\/09\/13\/recuperacao-do-parque-de-rodeios-da-roselandia-segue-ate-o-inicio-de-novembro-7357\/#primaryimage\",\"url\":\"https:\/\/www.pmpf.rs.gov.br\/turismo\/wp-content\/uploads\/sites\/51\/2021\/12\/I2013-12-11_033929_c10283.jpg\",\"contentUrl\":\"https:\/\/www.pmpf.rs.gov.br\/turismo\/wp-content\/uploads\/sites\/51\/2021\/12\/I2013-12-11_033929_c10283.jpg\",\"width\":350,\"height\":263},{\"@type\":\"BreadcrumbList\",\"@id\":\"https:\/\/www.pmpf.rs.gov.br\/turismo\/2013\/09\/13\/recuperacao-do-parque-de-rodeios-da-roselandia-segue-ate-o-inicio-de-novembro-7357\/#breadcrumb\",\"itemListElement\":[{\"@type\":\"ListItem\",\"position\":1,\"name\":\"In\u00edcio\",\"item\":\"https:\/\/www.pmpf.rs.gov.br\/turismo\/\"},{\"@type\":\"ListItem\",\"position\":2,\"name\":\"Recupera\u00e7\u00e3o do Parque de Rodeios da Rosel\u00e2ndia segue at\u00e9 o in\u00edcio de novembro\"}]},{\"@type\":\"WebSite\",\"@id\":\"https:\/\/www.pmpf.rs.gov.br\/turismo\/#website\",\"url\":\"https:\/\/www.pmpf.rs.gov.br\/turismo\/\",\"name\":\"Turismo\",\"description\":\"Descubra Passo Fundo\",\"potentialAction\":[{\"@type\":\"SearchAction\",\"target\":{\"@type\":\"EntryPoint\",\"urlTemplate\":\"https:\/\/www.pmpf.rs.gov.br\/turismo\/?s={search_term_string}\"},\"query-input\":{\"@type\":\"PropertyValueSpecification\",\"valueRequired\":true,\"valueName\":\"search_term_string\"}}],\"inLanguage\":\"pt-BR\"},{\"@type\":\"Person\",\"@id\":\"https:\/\/www.pmpf.rs.gov.br\/turismo\/#\/schema\/person\/0c355b0fa68a7aa986c8594f7a60a2d7\",\"name\":\"mosite\",\"image\":{\"@type\":\"ImageObject\",\"inLanguage\":\"pt-BR\",\"@id\":\"https:\/\/www.pmpf.rs.gov.br\/turismo\/#\/schema\/person\/image\/\",\"url\":\"https:\/\/secure.gravatar.com\/avatar\/63d72595d6cecfe12bd8a94829d5a26c?s=96&d=mm&r=g\",\"contentUrl\":\"https:\/\/secure.gravatar.com\/avatar\/63d72595d6cecfe12bd8a94829d5a26c?s=96&d=mm&r=g\",\"caption\":\"mosite\"},\"sameAs\":[\"http:\/\/example.com\"],\"url\":\"https:\/\/www.pmpf.rs.gov.br\/turismo\/author\/mosite\/\"}]}<\/script>\n<!-- \/ Yoast SEO plugin. -->","yoast_head_json":{"title":"Recupera\u00e7\u00e3o do Parque de Rodeios da Rosel\u00e2ndia segue at\u00e9 o in\u00edcio de novembro - Turismo","robots":{"index":"index","follow":"follow","max-snippet":"max-snippet:-1","max-image-preview":"max-image-preview:large","max-video-preview":"max-video-preview:-1"},"canonical":"https:\/\/www.pmpf.rs.gov.br\/turismo\/2013\/09\/13\/recuperacao-do-parque-de-rodeios-da-roselandia-segue-ate-o-inicio-de-novembro-7357\/","og_locale":"pt_BR","og_type":"article","og_title":"Recupera\u00e7\u00e3o do Parque de Rodeios da Rosel\u00e2ndia segue at\u00e9 o in\u00edcio de novembro - Turismo","og_description":"Recupera\u00e7\u00e3o do Parque de Rodeios da Rosel\u00e2ndia segue at\u00e9 o in\u00edcio de novembro","og_url":"https:\/\/www.pmpf.rs.gov.br\/turismo\/2013\/09\/13\/recuperacao-do-parque-de-rodeios-da-roselandia-segue-ate-o-inicio-de-novembro-7357\/","og_site_name":"Turismo","article_published_time":"2013-09-13T06:00:00+00:00","og_image":[{"width":350,"height":263,"url":"https:\/\/www.pmpf.rs.gov.br\/turismo\/wp-content\/uploads\/sites\/51\/2021\/12\/I2013-12-11_033929_c10283.jpg","type":"image\/jpeg"}],"author":"mosite","twitter_card":"summary_large_image","twitter_misc":{"Escrito por":"mosite","Est. tempo de leitura":"1 minuto"},"schema":{"@context":"https:\/\/schema.org","@graph":[{"@type":"WebPage","@id":"https:\/\/www.pmpf.rs.gov.br\/turismo\/2013\/09\/13\/recuperacao-do-parque-de-rodeios-da-roselandia-segue-ate-o-inicio-de-novembro-7357\/","url":"https:\/\/www.pmpf.rs.gov.br\/turismo\/2013\/09\/13\/recuperacao-do-parque-de-rodeios-da-roselandia-segue-ate-o-inicio-de-novembro-7357\/","name":"Recupera\u00e7\u00e3o do Parque de Rodeios da Rosel\u00e2ndia segue at\u00e9 o in\u00edcio de novembro - Turismo","isPartOf":{"@id":"https:\/\/www.pmpf.rs.gov.br\/turismo\/#website"},"primaryImageOfPage":{"@id":"https:\/\/www.pmpf.rs.gov.br\/turismo\/2013\/09\/13\/recuperacao-do-parque-de-rodeios-da-roselandia-segue-ate-o-inicio-de-novembro-7357\/#primaryimage"},"image":{"@id":"https:\/\/www.pmpf.rs.gov.br\/turismo\/2013\/09\/13\/recuperacao-do-parque-de-rodeios-da-roselandia-segue-ate-o-inicio-de-novembro-7357\/#primaryimage"},"thumbnailUrl":"https:\/\/www.pmpf.rs.gov.br\/turismo\/wp-content\/uploads\/sites\/51\/2021\/12\/I2013-12-11_033929_c10283.jpg","datePublished":"2013-09-13T06:00:00+00:00","dateModified":"2013-09-13T06:00:00+00:00","author":{"@id":"https:\/\/www.pmpf.rs.gov.br\/turismo\/#\/schema\/person\/0c355b0fa68a7aa986c8594f7a60a2d7"},"breadcrumb":{"@id":"https:\/\/www.pmpf.rs.gov.br\/turismo\/2013\/09\/13\/recuperacao-do-parque-de-rodeios-da-roselandia-segue-ate-o-inicio-de-novembro-7357\/#breadcrumb"},"inLanguage":"pt-BR","potentialAction":[{"@type":"ReadAction","target":["https:\/\/www.pmpf.rs.gov.br\/turismo\/2013\/09\/13\/recuperacao-do-parque-de-rodeios-da-roselandia-segue-ate-o-inicio-de-novembro-7357\/"]}]},{"@type":"ImageObject","inLanguage":"pt-BR","@id":"https:\/\/www.pmpf.rs.gov.br\/turismo\/2013\/09\/13\/recuperacao-do-parque-de-rodeios-da-roselandia-segue-ate-o-inicio-de-novembro-7357\/#primaryimage","url":"https:\/\/www.pmpf.rs.gov.br\/turismo\/wp-content\/uploads\/sites\/51\/2021\/12\/I2013-12-11_033929_c10283.jpg","contentUrl":"https:\/\/www.pmpf.rs.gov.br\/turismo\/wp-content\/uploads\/sites\/51\/2021\/12\/I2013-12-11_033929_c10283.jpg","width":350,"height":263},{"@type":"BreadcrumbList","@id":"https:\/\/www.pmpf.rs.gov.br\/turismo\/2013\/09\/13\/recuperacao-do-parque-de-rodeios-da-roselandia-segue-ate-o-inicio-de-novembro-7357\/#breadcrumb","itemListElement":[{"@type":"ListItem","position":1,"name":"In\u00edcio","item":"https:\/\/www.pmpf.rs.gov.br\/turismo\/"},{"@type":"ListItem","position":2,"name":"Recupera\u00e7\u00e3o do Parque de Rodeios da Rosel\u00e2ndia segue at\u00e9 o in\u00edcio de novembro"}]},{"@type":"WebSite","@id":"https:\/\/www.pmpf.rs.gov.br\/turismo\/#website","url":"https:\/\/www.pmpf.rs.gov.br\/turismo\/","name":"Turismo","description":"Descubra Passo Fundo","potentialAction":[{"@type":"SearchAction","target":{"@type":"EntryPoint","urlTemplate":"https:\/\/www.pmpf.rs.gov.br\/turismo\/?s={search_term_string}"},"query-input":{"@type":"PropertyValueSpecification","valueRequired":true,"valueName":"search_term_string"}}],"inLanguage":"pt-BR"},{"@type":"Person","@id":"https:\/\/www.pmpf.rs.gov.br\/turismo\/#\/schema\/person\/0c355b0fa68a7aa986c8594f7a60a2d7","name":"mosite","image":{"@type":"ImageObject","inLanguage":"pt-BR","@id":"https:\/\/www.pmpf.rs.gov.br\/turismo\/#\/schema\/person\/image\/","url":"https:\/\/secure.gravatar.com\/avatar\/63d72595d6cecfe12bd8a94829d5a26c?s=96&d=mm&r=g","contentUrl":"https:\/\/secure.gravatar.com\/avatar\/63d72595d6cecfe12bd8a94829d5a26c?s=96&d=mm&r=g","caption":"mosite"},"sameAs":["http:\/\/example.com"],"url":"https:\/\/www.pmpf.rs.gov.br\/turismo\/author\/mosite\/"}]}},"_links":{"self":[{"href":"https:\/\/www.pmpf.rs.gov.br\/turismo\/wp-json\/wp\/v2\/posts\/61"}],"collection":[{"href":"https:\/\/www.pmpf.rs.gov.br\/turismo\/wp-json\/wp\/v2\/posts"}],"about":[{"href":"https:\/\/www.pmpf.rs.gov.br\/turismo\/wp-json\/wp\/v2\/types\/post"}],"author":[{"embeddable":true,"href":"https:\/\/www.pmpf.rs.gov.br\/turismo\/wp-json\/wp\/v2\/users\/1"}],"replies":[{"embeddable":true,"href":"https:\/\/www.pmpf.rs.gov.br\/turismo\/wp-json\/wp\/v2\/comments?post=61"}],"version-history":[{"count":0,"href":"https:\/\/www.pmpf.rs.gov.br\/turismo\/wp-json\/wp\/v2\/posts\/61\/revisions"}],"wp:featuredmedia":[{"embeddable":true,"href":"https:\/\/www.pmpf.rs.gov.br\/turismo\/wp-json\/wp\/v2\/media\/62"}],"wp:attachment":[{"href":"https:\/\/www.pmpf.rs.gov.br\/turismo\/wp-json\/wp\/v2\/media?parent=61"}],"wp:term":[{"taxonomy":"category","embeddable":true,"href":"https:\/\/www.pmpf.rs.gov.br\/turismo\/wp-json\/wp\/v2\/categories?post=61"},{"taxonomy":"post_tag","embeddable":true,"href":"https:\/\/www.pmpf.rs.gov.br\/turismo\/wp-json\/wp\/v2\/tags?post=61"}],"curies":[{"name":"wp","href":"https:\/\/api.w.org\/{rel}","templated":true}]}}