{"id":58,"date":"2014-06-22T03:00:00","date_gmt":"2014-06-22T06:00:00","guid":{"rendered":"https:\/\/www.pmpf.rs.gov.br\/turismo\/2014\/06\/22\/mais-de-10-mil-pessoas-participam-de-encontro-de-fuscas-e-derivado-a-ar-8336\/"},"modified":"2014-06-22T03:00:00","modified_gmt":"2014-06-22T06:00:00","slug":"mais-de-10-mil-pessoas-participam-de-encontro-de-fuscas-e-derivado-a-ar-8336","status":"publish","type":"post","link":"https:\/\/www.pmpf.rs.gov.br\/turismo\/2014\/06\/22\/mais-de-10-mil-pessoas-participam-de-encontro-de-fuscas-e-derivado-a-ar-8336\/","title":{"rendered":"Mais de 10 mil pessoas participam de encontro de fuscas e derivado a ar"},"content":{"rendered":"<p class=\"MsoNormal\" style=\"margin-bottom: 0.0001pt; text-align: justify;\"><span style=\"  \">Os apaixonados por ve\u00edculos antigos e tradicionais, comemoraram o Dia Mundial do Fusca, celebrado nesse domingo (22), de forma especial. Passo Fundo recebeu o Encontro Sul Americano de Fuscas e Derivados a Ar, o <\/span><span class=\"textexposedshow\" style=\"  \">Passo Fundo Volks Jam,<\/span><span style=\"  \"> que reuniu mais de 10 mil pessoas de todo o Estado.<\/span><\/p>\n<p class=\"MsoNormal\" style=\"margin-bottom: 0.0001pt; text-align: justify;\"><span style=\" background-image: initial; background-attachment: initial; background-size: initial; background-origin: initial; background-clip: initial; background-position: initial; background-repeat: initial;\">Com apoio da Prefeitura de Passo Fundo, o evento aconteceu no Parque Wolmar Salton (Efrica), durante o final de semana. Mais<span class=\"textexposedshow\"> de 600 ve\u00edculos passaram pelo local, trazendo novidades para os participantes.<\/span><\/span><\/p>\n<p class=\"MsoNormal\" style=\"margin-bottom: 0.0001pt; text-align: justify;\"><span class=\"textexposedshow\"><span style=\" background-image: initial; background-attachment: initial; background-size: initial; background-origin: initial; background-clip: initial; background-position: initial; background-repeat: initial;\">\u201cTivemos uma recep\u00e7\u00e3o muito boa do p\u00fablico e uma grande participa\u00e7\u00e3o de expositores. A maior movimenta\u00e7\u00e3o do evento foi na tarde de s\u00e1bado, pois o tempo colaborou bastante. O encontro n\u00e3o poderia ser melhor\u201d, ressaltou o presidente do Passo Fundo Fusca Clube, Nereu Webber.<\/span><\/span><\/p>\n<p class=\"MsoNormal\" style=\"margin-bottom: 0.0001pt; text-align: justify;\"><span class=\"textexposedshow\"><span style=\" background-image: initial; background-attachment: initial; background-size: initial; background-origin: initial; background-clip: initial; background-position: initial; background-repeat: initial;\">Para o presidente da Funda\u00e7\u00e3o Passo Fundo de Turismo, Daniel L\u00e9, eventos diversificados qualificam o turismo na cidade. \u201cO Encontro de Fuscas e Derivados faz de Passo Fundo um ponto de refer\u00eancia. \u00c9 importante incentivar o conceito de trazer novos eventos para a cidade\u201d, disse.<\/span><\/span><\/p>\n<p class=\"MsoNormal\" style=\"margin-bottom: 0.0001pt; text-align: justify;\"><span class=\"textexposedshow\"><span style=\" background-image: initial; background-attachment: initial; background-size: initial; background-origin: initial; background-clip: initial; background-position: initial; background-repeat: initial;\">Entre as atra\u00e7\u00f5es principais, a Exposi\u00e7\u00e3o de Fuscas e Derivados foi uma das preferidas do p\u00fablico.\u00a0<\/span><\/span><span style=\"   background-image: initial; background-attachment: initial; background-size: initial; background-origin: initial; background-clip: initial; background-position: initial; background-repeat: initial;\"><o_p \/><\/span><\/p>\n","protected":false},"excerpt":{"rendered":"<p>Mais de 10 mil pessoas participam do Encontro Sul Americano de Fuscas e Derivados a Ar em Passo Fundo<\/p>\n","protected":false},"author":1,"featured_media":0,"comment_status":"open","ping_status":"open","sticky":false,"template":"","format":"standard","meta":{"footnotes":""},"categories":[],"tags":[],"class_list":["post-58","post","type-post","status-publish","format-standard","hentry"],"yoast_head":"<!-- This site is optimized with the Yoast SEO plugin v23.8 - https:\/\/yoast.com\/wordpress\/plugins\/seo\/ -->\n<title>Mais de 10 mil pessoas participam de encontro de fuscas e derivado a ar - Turismo<\/title>\n<meta name=\"robots\" content=\"index, follow, max-snippet:-1, max-image-preview:large, max-video-preview:-1\" \/>\n<link rel=\"canonical\" href=\"https:\/\/www.pmpf.rs.gov.br\/turismo\/2014\/06\/22\/mais-de-10-mil-pessoas-participam-de-encontro-de-fuscas-e-derivado-a-ar-8336\/\" \/>\n<meta property=\"og:locale\" content=\"pt_BR\" \/>\n<meta property=\"og:type\" content=\"article\" \/>\n<meta property=\"og:title\" content=\"Mais de 10 mil pessoas participam de encontro de fuscas e derivado a ar - Turismo\" \/>\n<meta property=\"og:description\" content=\"Mais de 10 mil pessoas participam do Encontro Sul Americano de Fuscas e Derivados a Ar em Passo Fundo\" \/>\n<meta property=\"og:url\" content=\"https:\/\/www.pmpf.rs.gov.br\/turismo\/2014\/06\/22\/mais-de-10-mil-pessoas-participam-de-encontro-de-fuscas-e-derivado-a-ar-8336\/\" \/>\n<meta property=\"og:site_name\" content=\"Turismo\" \/>\n<meta property=\"article:published_time\" content=\"2014-06-22T06:00:00+00:00\" \/>\n<meta name=\"author\" content=\"mosite\" \/>\n<meta name=\"twitter:card\" content=\"summary_large_image\" \/>\n<meta name=\"twitter:label1\" content=\"Escrito por\" \/>\n\t<meta name=\"twitter:data1\" content=\"mosite\" \/>\n\t<meta name=\"twitter:label2\" content=\"Est. tempo de leitura\" \/>\n\t<meta name=\"twitter:data2\" content=\"1 minuto\" \/>\n<script type=\"application\/ld+json\" class=\"yoast-schema-graph\">{\"@context\":\"https:\/\/schema.org\",\"@graph\":[{\"@type\":\"WebPage\",\"@id\":\"https:\/\/www.pmpf.rs.gov.br\/turismo\/2014\/06\/22\/mais-de-10-mil-pessoas-participam-de-encontro-de-fuscas-e-derivado-a-ar-8336\/\",\"url\":\"https:\/\/www.pmpf.rs.gov.br\/turismo\/2014\/06\/22\/mais-de-10-mil-pessoas-participam-de-encontro-de-fuscas-e-derivado-a-ar-8336\/\",\"name\":\"Mais de 10 mil pessoas participam de encontro de fuscas e derivado a ar - Turismo\",\"isPartOf\":{\"@id\":\"https:\/\/www.pmpf.rs.gov.br\/turismo\/#website\"},\"datePublished\":\"2014-06-22T06:00:00+00:00\",\"dateModified\":\"2014-06-22T06:00:00+00:00\",\"author\":{\"@id\":\"https:\/\/www.pmpf.rs.gov.br\/turismo\/#\/schema\/person\/0c355b0fa68a7aa986c8594f7a60a2d7\"},\"breadcrumb\":{\"@id\":\"https:\/\/www.pmpf.rs.gov.br\/turismo\/2014\/06\/22\/mais-de-10-mil-pessoas-participam-de-encontro-de-fuscas-e-derivado-a-ar-8336\/#breadcrumb\"},\"inLanguage\":\"pt-BR\",\"potentialAction\":[{\"@type\":\"ReadAction\",\"target\":[\"https:\/\/www.pmpf.rs.gov.br\/turismo\/2014\/06\/22\/mais-de-10-mil-pessoas-participam-de-encontro-de-fuscas-e-derivado-a-ar-8336\/\"]}]},{\"@type\":\"BreadcrumbList\",\"@id\":\"https:\/\/www.pmpf.rs.gov.br\/turismo\/2014\/06\/22\/mais-de-10-mil-pessoas-participam-de-encontro-de-fuscas-e-derivado-a-ar-8336\/#breadcrumb\",\"itemListElement\":[{\"@type\":\"ListItem\",\"position\":1,\"name\":\"In\u00edcio\",\"item\":\"https:\/\/www.pmpf.rs.gov.br\/turismo\/\"},{\"@type\":\"ListItem\",\"position\":2,\"name\":\"Mais de 10 mil pessoas participam de encontro de fuscas e derivado a ar\"}]},{\"@type\":\"WebSite\",\"@id\":\"https:\/\/www.pmpf.rs.gov.br\/turismo\/#website\",\"url\":\"https:\/\/www.pmpf.rs.gov.br\/turismo\/\",\"name\":\"Turismo\",\"description\":\"Descubra Passo Fundo\",\"potentialAction\":[{\"@type\":\"SearchAction\",\"target\":{\"@type\":\"EntryPoint\",\"urlTemplate\":\"https:\/\/www.pmpf.rs.gov.br\/turismo\/?s={search_term_string}\"},\"query-input\":{\"@type\":\"PropertyValueSpecification\",\"valueRequired\":true,\"valueName\":\"search_term_string\"}}],\"inLanguage\":\"pt-BR\"},{\"@type\":\"Person\",\"@id\":\"https:\/\/www.pmpf.rs.gov.br\/turismo\/#\/schema\/person\/0c355b0fa68a7aa986c8594f7a60a2d7\",\"name\":\"mosite\",\"image\":{\"@type\":\"ImageObject\",\"inLanguage\":\"pt-BR\",\"@id\":\"https:\/\/www.pmpf.rs.gov.br\/turismo\/#\/schema\/person\/image\/\",\"url\":\"https:\/\/secure.gravatar.com\/avatar\/63d72595d6cecfe12bd8a94829d5a26c?s=96&d=mm&r=g\",\"contentUrl\":\"https:\/\/secure.gravatar.com\/avatar\/63d72595d6cecfe12bd8a94829d5a26c?s=96&d=mm&r=g\",\"caption\":\"mosite\"},\"sameAs\":[\"http:\/\/example.com\"],\"url\":\"https:\/\/www.pmpf.rs.gov.br\/turismo\/author\/mosite\/\"}]}<\/script>\n<!-- \/ Yoast SEO plugin. -->","yoast_head_json":{"title":"Mais de 10 mil pessoas participam de encontro de fuscas e derivado a ar - Turismo","robots":{"index":"index","follow":"follow","max-snippet":"max-snippet:-1","max-image-preview":"max-image-preview:large","max-video-preview":"max-video-preview:-1"},"canonical":"https:\/\/www.pmpf.rs.gov.br\/turismo\/2014\/06\/22\/mais-de-10-mil-pessoas-participam-de-encontro-de-fuscas-e-derivado-a-ar-8336\/","og_locale":"pt_BR","og_type":"article","og_title":"Mais de 10 mil pessoas participam de encontro de fuscas e derivado a ar - Turismo","og_description":"Mais de 10 mil pessoas participam do Encontro Sul Americano de Fuscas e Derivados a Ar em Passo Fundo","og_url":"https:\/\/www.pmpf.rs.gov.br\/turismo\/2014\/06\/22\/mais-de-10-mil-pessoas-participam-de-encontro-de-fuscas-e-derivado-a-ar-8336\/","og_site_name":"Turismo","article_published_time":"2014-06-22T06:00:00+00:00","author":"mosite","twitter_card":"summary_large_image","twitter_misc":{"Escrito por":"mosite","Est. tempo de leitura":"1 minuto"},"schema":{"@context":"https:\/\/schema.org","@graph":[{"@type":"WebPage","@id":"https:\/\/www.pmpf.rs.gov.br\/turismo\/2014\/06\/22\/mais-de-10-mil-pessoas-participam-de-encontro-de-fuscas-e-derivado-a-ar-8336\/","url":"https:\/\/www.pmpf.rs.gov.br\/turismo\/2014\/06\/22\/mais-de-10-mil-pessoas-participam-de-encontro-de-fuscas-e-derivado-a-ar-8336\/","name":"Mais de 10 mil pessoas participam de encontro de fuscas e derivado a ar - Turismo","isPartOf":{"@id":"https:\/\/www.pmpf.rs.gov.br\/turismo\/#website"},"datePublished":"2014-06-22T06:00:00+00:00","dateModified":"2014-06-22T06:00:00+00:00","author":{"@id":"https:\/\/www.pmpf.rs.gov.br\/turismo\/#\/schema\/person\/0c355b0fa68a7aa986c8594f7a60a2d7"},"breadcrumb":{"@id":"https:\/\/www.pmpf.rs.gov.br\/turismo\/2014\/06\/22\/mais-de-10-mil-pessoas-participam-de-encontro-de-fuscas-e-derivado-a-ar-8336\/#breadcrumb"},"inLanguage":"pt-BR","potentialAction":[{"@type":"ReadAction","target":["https:\/\/www.pmpf.rs.gov.br\/turismo\/2014\/06\/22\/mais-de-10-mil-pessoas-participam-de-encontro-de-fuscas-e-derivado-a-ar-8336\/"]}]},{"@type":"BreadcrumbList","@id":"https:\/\/www.pmpf.rs.gov.br\/turismo\/2014\/06\/22\/mais-de-10-mil-pessoas-participam-de-encontro-de-fuscas-e-derivado-a-ar-8336\/#breadcrumb","itemListElement":[{"@type":"ListItem","position":1,"name":"In\u00edcio","item":"https:\/\/www.pmpf.rs.gov.br\/turismo\/"},{"@type":"ListItem","position":2,"name":"Mais de 10 mil pessoas participam de encontro de fuscas e derivado a ar"}]},{"@type":"WebSite","@id":"https:\/\/www.pmpf.rs.gov.br\/turismo\/#website","url":"https:\/\/www.pmpf.rs.gov.br\/turismo\/","name":"Turismo","description":"Descubra Passo Fundo","potentialAction":[{"@type":"SearchAction","target":{"@type":"EntryPoint","urlTemplate":"https:\/\/www.pmpf.rs.gov.br\/turismo\/?s={search_term_string}"},"query-input":{"@type":"PropertyValueSpecification","valueRequired":true,"valueName":"search_term_string"}}],"inLanguage":"pt-BR"},{"@type":"Person","@id":"https:\/\/www.pmpf.rs.gov.br\/turismo\/#\/schema\/person\/0c355b0fa68a7aa986c8594f7a60a2d7","name":"mosite","image":{"@type":"ImageObject","inLanguage":"pt-BR","@id":"https:\/\/www.pmpf.rs.gov.br\/turismo\/#\/schema\/person\/image\/","url":"https:\/\/secure.gravatar.com\/avatar\/63d72595d6cecfe12bd8a94829d5a26c?s=96&d=mm&r=g","contentUrl":"https:\/\/secure.gravatar.com\/avatar\/63d72595d6cecfe12bd8a94829d5a26c?s=96&d=mm&r=g","caption":"mosite"},"sameAs":["http:\/\/example.com"],"url":"https:\/\/www.pmpf.rs.gov.br\/turismo\/author\/mosite\/"}]}},"_links":{"self":[{"href":"https:\/\/www.pmpf.rs.gov.br\/turismo\/wp-json\/wp\/v2\/posts\/58"}],"collection":[{"href":"https:\/\/www.pmpf.rs.gov.br\/turismo\/wp-json\/wp\/v2\/posts"}],"about":[{"href":"https:\/\/www.pmpf.rs.gov.br\/turismo\/wp-json\/wp\/v2\/types\/post"}],"author":[{"embeddable":true,"href":"https:\/\/www.pmpf.rs.gov.br\/turismo\/wp-json\/wp\/v2\/users\/1"}],"replies":[{"embeddable":true,"href":"https:\/\/www.pmpf.rs.gov.br\/turismo\/wp-json\/wp\/v2\/comments?post=58"}],"version-history":[{"count":0,"href":"https:\/\/www.pmpf.rs.gov.br\/turismo\/wp-json\/wp\/v2\/posts\/58\/revisions"}],"wp:attachment":[{"href":"https:\/\/www.pmpf.rs.gov.br\/turismo\/wp-json\/wp\/v2\/media?parent=58"}],"wp:term":[{"taxonomy":"category","embeddable":true,"href":"https:\/\/www.pmpf.rs.gov.br\/turismo\/wp-json\/wp\/v2\/categories?post=58"},{"taxonomy":"post_tag","embeddable":true,"href":"https:\/\/www.pmpf.rs.gov.br\/turismo\/wp-json\/wp\/v2\/tags?post=58"}],"curies":[{"name":"wp","href":"https:\/\/api.w.org\/{rel}","templated":true}]}}