{"id":51,"date":"2014-07-15T03:00:00","date_gmt":"2014-07-15T06:00:00","guid":{"rendered":"https:\/\/www.pmpf.rs.gov.br\/turismo\/2014\/07\/15\/oficina-de-turismo-movimenta-passo-fundo-e-debate-desenvolvimento-da-regiao-8431\/"},"modified":"2014-07-15T03:00:00","modified_gmt":"2014-07-15T06:00:00","slug":"oficina-de-turismo-movimenta-passo-fundo-e-debate-desenvolvimento-da-regiao-8431","status":"publish","type":"post","link":"https:\/\/www.pmpf.rs.gov.br\/turismo\/2014\/07\/15\/oficina-de-turismo-movimenta-passo-fundo-e-debate-desenvolvimento-da-regiao-8431\/","title":{"rendered":"Oficina de Turismo movimenta Passo Fundo e debate desenvolvimento da regi\u00e3o"},"content":{"rendered":"<div align=\"justify\">Acontece nesta quarta-feira (16), em Passo Fundo, a Oficina de Planejamento da Secretaria de Turismo do Rio Grande do Sul (SETUR). A atividade tem como objetivo fazer com que os munic\u00edpios desenvolvam um plano de a\u00e7\u00e3o regionalizado, com vistas ao aumento da competitividade e a melhora da posi\u00e7\u00e3o dos destinos tur\u00edsticos no mercado. <\/div>\n<p align=\"justify\" style=\"margin-bottom: 0cm;\">Participar\u00e3o da oficina, al\u00e9m de Passo Fundo, 24 munic\u00edpios: Almirante Tamandar\u00e9 do Sul, Barra Funda, Camargo, Carazinho, Cir\u00edaco, Coqueiros do Sul, Coxilha, David Canabarro, Ernestina, Gentil, Marau, Mato Castelhano, Muliterno, Nova Alvorada, Nova Boa Vista, Novo Barreiro, Pont\u00e3o, Ronda Alta, Rondinha, Santo Ant\u00f4nio do Planalto, Sarandi, Sert\u00e3o, Tr\u00eas Palmeiras e Vanini.  <\/p>\n<p align=\"justify\" style=\"margin-bottom: 0cm;\">Os munic\u00edpios fazem parte do Conselho Regional de Turismo (CONRETUR), \u00f3rg\u00e3o deliberativo, consultivo e fiscalizador da Pol\u00edtica Regional de Turismo, criado para fomentar o desenvolvimento do turismo regional na regi\u00e3o da cultura e tradi\u00e7\u00e3o.  <\/p>\n<p align=\"justify\" style=\"margin-bottom: 0cm;\">A oficina ser\u00e1 sediada na Faculdade de Direito da UPF (pr\u00e9dio U1 \u2013 sala 211) e reunir\u00e1 centenas de representantes de toda a regi\u00e3o.  <\/p>\n<p align=\"justify\" style=\"margin-bottom: 0cm;\"> <\/p>\n<p align=\"justify\" style=\"margin-bottom: 0cm;\">\n<div align=\"justify\">  <\/div>\n<p align=\"justify\" style=\"margin-bottom: 0cm;\">\n","protected":false},"excerpt":{"rendered":"<p>Oficina de Turismo movimenta Passo Fundo e debate desenvolvimento da regi\u00e3o<\/p>\n","protected":false},"author":1,"featured_media":0,"comment_status":"open","ping_status":"open","sticky":false,"template":"","format":"standard","meta":{"footnotes":""},"categories":[],"tags":[],"class_list":["post-51","post","type-post","status-publish","format-standard","hentry"],"yoast_head":"<!-- This site is optimized with the Yoast SEO plugin v23.8 - https:\/\/yoast.com\/wordpress\/plugins\/seo\/ -->\n<title>Oficina de Turismo movimenta Passo Fundo e debate desenvolvimento da regi\u00e3o - Turismo<\/title>\n<meta name=\"robots\" content=\"index, follow, max-snippet:-1, max-image-preview:large, max-video-preview:-1\" \/>\n<link rel=\"canonical\" href=\"https:\/\/www.pmpf.rs.gov.br\/turismo\/2014\/07\/15\/oficina-de-turismo-movimenta-passo-fundo-e-debate-desenvolvimento-da-regiao-8431\/\" \/>\n<meta property=\"og:locale\" content=\"pt_BR\" \/>\n<meta property=\"og:type\" content=\"article\" \/>\n<meta property=\"og:title\" content=\"Oficina de Turismo movimenta Passo Fundo e debate desenvolvimento da regi\u00e3o - Turismo\" \/>\n<meta property=\"og:description\" content=\"Oficina de Turismo movimenta Passo Fundo e debate desenvolvimento da regi\u00e3o\" \/>\n<meta property=\"og:url\" content=\"https:\/\/www.pmpf.rs.gov.br\/turismo\/2014\/07\/15\/oficina-de-turismo-movimenta-passo-fundo-e-debate-desenvolvimento-da-regiao-8431\/\" \/>\n<meta property=\"og:site_name\" content=\"Turismo\" \/>\n<meta property=\"article:published_time\" content=\"2014-07-15T06:00:00+00:00\" \/>\n<meta name=\"author\" content=\"mosite\" \/>\n<meta name=\"twitter:card\" content=\"summary_large_image\" \/>\n<meta name=\"twitter:label1\" content=\"Escrito por\" \/>\n\t<meta name=\"twitter:data1\" content=\"mosite\" \/>\n\t<meta name=\"twitter:label2\" content=\"Est. tempo de leitura\" \/>\n\t<meta name=\"twitter:data2\" content=\"1 minuto\" \/>\n<script type=\"application\/ld+json\" class=\"yoast-schema-graph\">{\"@context\":\"https:\/\/schema.org\",\"@graph\":[{\"@type\":\"WebPage\",\"@id\":\"https:\/\/www.pmpf.rs.gov.br\/turismo\/2014\/07\/15\/oficina-de-turismo-movimenta-passo-fundo-e-debate-desenvolvimento-da-regiao-8431\/\",\"url\":\"https:\/\/www.pmpf.rs.gov.br\/turismo\/2014\/07\/15\/oficina-de-turismo-movimenta-passo-fundo-e-debate-desenvolvimento-da-regiao-8431\/\",\"name\":\"Oficina de Turismo movimenta Passo Fundo e debate desenvolvimento da regi\u00e3o - Turismo\",\"isPartOf\":{\"@id\":\"https:\/\/www.pmpf.rs.gov.br\/turismo\/#website\"},\"datePublished\":\"2014-07-15T06:00:00+00:00\",\"dateModified\":\"2014-07-15T06:00:00+00:00\",\"author\":{\"@id\":\"https:\/\/www.pmpf.rs.gov.br\/turismo\/#\/schema\/person\/0c355b0fa68a7aa986c8594f7a60a2d7\"},\"breadcrumb\":{\"@id\":\"https:\/\/www.pmpf.rs.gov.br\/turismo\/2014\/07\/15\/oficina-de-turismo-movimenta-passo-fundo-e-debate-desenvolvimento-da-regiao-8431\/#breadcrumb\"},\"inLanguage\":\"pt-BR\",\"potentialAction\":[{\"@type\":\"ReadAction\",\"target\":[\"https:\/\/www.pmpf.rs.gov.br\/turismo\/2014\/07\/15\/oficina-de-turismo-movimenta-passo-fundo-e-debate-desenvolvimento-da-regiao-8431\/\"]}]},{\"@type\":\"BreadcrumbList\",\"@id\":\"https:\/\/www.pmpf.rs.gov.br\/turismo\/2014\/07\/15\/oficina-de-turismo-movimenta-passo-fundo-e-debate-desenvolvimento-da-regiao-8431\/#breadcrumb\",\"itemListElement\":[{\"@type\":\"ListItem\",\"position\":1,\"name\":\"In\u00edcio\",\"item\":\"https:\/\/www.pmpf.rs.gov.br\/turismo\/\"},{\"@type\":\"ListItem\",\"position\":2,\"name\":\"Oficina de Turismo movimenta Passo Fundo e debate desenvolvimento da regi\u00e3o\"}]},{\"@type\":\"WebSite\",\"@id\":\"https:\/\/www.pmpf.rs.gov.br\/turismo\/#website\",\"url\":\"https:\/\/www.pmpf.rs.gov.br\/turismo\/\",\"name\":\"Turismo\",\"description\":\"Descubra Passo Fundo\",\"potentialAction\":[{\"@type\":\"SearchAction\",\"target\":{\"@type\":\"EntryPoint\",\"urlTemplate\":\"https:\/\/www.pmpf.rs.gov.br\/turismo\/?s={search_term_string}\"},\"query-input\":{\"@type\":\"PropertyValueSpecification\",\"valueRequired\":true,\"valueName\":\"search_term_string\"}}],\"inLanguage\":\"pt-BR\"},{\"@type\":\"Person\",\"@id\":\"https:\/\/www.pmpf.rs.gov.br\/turismo\/#\/schema\/person\/0c355b0fa68a7aa986c8594f7a60a2d7\",\"name\":\"mosite\",\"image\":{\"@type\":\"ImageObject\",\"inLanguage\":\"pt-BR\",\"@id\":\"https:\/\/www.pmpf.rs.gov.br\/turismo\/#\/schema\/person\/image\/\",\"url\":\"https:\/\/secure.gravatar.com\/avatar\/63d72595d6cecfe12bd8a94829d5a26c?s=96&d=mm&r=g\",\"contentUrl\":\"https:\/\/secure.gravatar.com\/avatar\/63d72595d6cecfe12bd8a94829d5a26c?s=96&d=mm&r=g\",\"caption\":\"mosite\"},\"sameAs\":[\"http:\/\/example.com\"],\"url\":\"https:\/\/www.pmpf.rs.gov.br\/turismo\/author\/mosite\/\"}]}<\/script>\n<!-- \/ Yoast SEO plugin. -->","yoast_head_json":{"title":"Oficina de Turismo movimenta Passo Fundo e debate desenvolvimento da regi\u00e3o - Turismo","robots":{"index":"index","follow":"follow","max-snippet":"max-snippet:-1","max-image-preview":"max-image-preview:large","max-video-preview":"max-video-preview:-1"},"canonical":"https:\/\/www.pmpf.rs.gov.br\/turismo\/2014\/07\/15\/oficina-de-turismo-movimenta-passo-fundo-e-debate-desenvolvimento-da-regiao-8431\/","og_locale":"pt_BR","og_type":"article","og_title":"Oficina de Turismo movimenta Passo Fundo e debate desenvolvimento da regi\u00e3o - Turismo","og_description":"Oficina de Turismo movimenta Passo Fundo e debate desenvolvimento da regi\u00e3o","og_url":"https:\/\/www.pmpf.rs.gov.br\/turismo\/2014\/07\/15\/oficina-de-turismo-movimenta-passo-fundo-e-debate-desenvolvimento-da-regiao-8431\/","og_site_name":"Turismo","article_published_time":"2014-07-15T06:00:00+00:00","author":"mosite","twitter_card":"summary_large_image","twitter_misc":{"Escrito por":"mosite","Est. tempo de leitura":"1 minuto"},"schema":{"@context":"https:\/\/schema.org","@graph":[{"@type":"WebPage","@id":"https:\/\/www.pmpf.rs.gov.br\/turismo\/2014\/07\/15\/oficina-de-turismo-movimenta-passo-fundo-e-debate-desenvolvimento-da-regiao-8431\/","url":"https:\/\/www.pmpf.rs.gov.br\/turismo\/2014\/07\/15\/oficina-de-turismo-movimenta-passo-fundo-e-debate-desenvolvimento-da-regiao-8431\/","name":"Oficina de Turismo movimenta Passo Fundo e debate desenvolvimento da regi\u00e3o - Turismo","isPartOf":{"@id":"https:\/\/www.pmpf.rs.gov.br\/turismo\/#website"},"datePublished":"2014-07-15T06:00:00+00:00","dateModified":"2014-07-15T06:00:00+00:00","author":{"@id":"https:\/\/www.pmpf.rs.gov.br\/turismo\/#\/schema\/person\/0c355b0fa68a7aa986c8594f7a60a2d7"},"breadcrumb":{"@id":"https:\/\/www.pmpf.rs.gov.br\/turismo\/2014\/07\/15\/oficina-de-turismo-movimenta-passo-fundo-e-debate-desenvolvimento-da-regiao-8431\/#breadcrumb"},"inLanguage":"pt-BR","potentialAction":[{"@type":"ReadAction","target":["https:\/\/www.pmpf.rs.gov.br\/turismo\/2014\/07\/15\/oficina-de-turismo-movimenta-passo-fundo-e-debate-desenvolvimento-da-regiao-8431\/"]}]},{"@type":"BreadcrumbList","@id":"https:\/\/www.pmpf.rs.gov.br\/turismo\/2014\/07\/15\/oficina-de-turismo-movimenta-passo-fundo-e-debate-desenvolvimento-da-regiao-8431\/#breadcrumb","itemListElement":[{"@type":"ListItem","position":1,"name":"In\u00edcio","item":"https:\/\/www.pmpf.rs.gov.br\/turismo\/"},{"@type":"ListItem","position":2,"name":"Oficina de Turismo movimenta Passo Fundo e debate desenvolvimento da regi\u00e3o"}]},{"@type":"WebSite","@id":"https:\/\/www.pmpf.rs.gov.br\/turismo\/#website","url":"https:\/\/www.pmpf.rs.gov.br\/turismo\/","name":"Turismo","description":"Descubra Passo Fundo","potentialAction":[{"@type":"SearchAction","target":{"@type":"EntryPoint","urlTemplate":"https:\/\/www.pmpf.rs.gov.br\/turismo\/?s={search_term_string}"},"query-input":{"@type":"PropertyValueSpecification","valueRequired":true,"valueName":"search_term_string"}}],"inLanguage":"pt-BR"},{"@type":"Person","@id":"https:\/\/www.pmpf.rs.gov.br\/turismo\/#\/schema\/person\/0c355b0fa68a7aa986c8594f7a60a2d7","name":"mosite","image":{"@type":"ImageObject","inLanguage":"pt-BR","@id":"https:\/\/www.pmpf.rs.gov.br\/turismo\/#\/schema\/person\/image\/","url":"https:\/\/secure.gravatar.com\/avatar\/63d72595d6cecfe12bd8a94829d5a26c?s=96&d=mm&r=g","contentUrl":"https:\/\/secure.gravatar.com\/avatar\/63d72595d6cecfe12bd8a94829d5a26c?s=96&d=mm&r=g","caption":"mosite"},"sameAs":["http:\/\/example.com"],"url":"https:\/\/www.pmpf.rs.gov.br\/turismo\/author\/mosite\/"}]}},"_links":{"self":[{"href":"https:\/\/www.pmpf.rs.gov.br\/turismo\/wp-json\/wp\/v2\/posts\/51"}],"collection":[{"href":"https:\/\/www.pmpf.rs.gov.br\/turismo\/wp-json\/wp\/v2\/posts"}],"about":[{"href":"https:\/\/www.pmpf.rs.gov.br\/turismo\/wp-json\/wp\/v2\/types\/post"}],"author":[{"embeddable":true,"href":"https:\/\/www.pmpf.rs.gov.br\/turismo\/wp-json\/wp\/v2\/users\/1"}],"replies":[{"embeddable":true,"href":"https:\/\/www.pmpf.rs.gov.br\/turismo\/wp-json\/wp\/v2\/comments?post=51"}],"version-history":[{"count":0,"href":"https:\/\/www.pmpf.rs.gov.br\/turismo\/wp-json\/wp\/v2\/posts\/51\/revisions"}],"wp:attachment":[{"href":"https:\/\/www.pmpf.rs.gov.br\/turismo\/wp-json\/wp\/v2\/media?parent=51"}],"wp:term":[{"taxonomy":"category","embeddable":true,"href":"https:\/\/www.pmpf.rs.gov.br\/turismo\/wp-json\/wp\/v2\/categories?post=51"},{"taxonomy":"post_tag","embeddable":true,"href":"https:\/\/www.pmpf.rs.gov.br\/turismo\/wp-json\/wp\/v2\/tags?post=51"}],"curies":[{"name":"wp","href":"https:\/\/api.w.org\/{rel}","templated":true}]}}