{"id":43,"date":"2014-05-06T03:00:00","date_gmt":"2014-05-06T06:00:00","guid":{"rendered":"https:\/\/www.pmpf.rs.gov.br\/turismo\/2014\/05\/06\/apos-melhorias-parque-da-roselandia-e-mais-utilizado-pela-comunidade-7855\/"},"modified":"2014-05-06T03:00:00","modified_gmt":"2014-05-06T06:00:00","slug":"apos-melhorias-parque-da-roselandia-e-mais-utilizado-pela-comunidade-7855","status":"publish","type":"post","link":"https:\/\/www.pmpf.rs.gov.br\/turismo\/2014\/05\/06\/apos-melhorias-parque-da-roselandia-e-mais-utilizado-pela-comunidade-7855\/","title":{"rendered":"Ap\u00f3s melhorias, Parque da Rosel\u00e2ndia \u00e9 mais utilizado pela comunidade"},"content":{"rendered":"<div align=\"justify\">Com o investimento realizado pela Prefeitura de Passo Fundo, o Parque da Rosel\u00e2ndia foi revitalizado para incentivar o uso do espa\u00e7o pela comunidade. Desde o ano passado, a agenda de eventos cresce e atende a diferentes modalidades de eventos.    <\/div>\n<p align=\"justify\" style=\"margin-bottom: 0cm; font-weight: normal;\" class=\"western\"> No m\u00eas de abril, todos os finais de semana contaram com eventos tradicionalistas. No in\u00edcio de maio, o Parque recebeu o circuito de mountain bike Desafio dos Desbravadores, que reuniu mais de 190 ciclistas de 33 cidades. Nos pr\u00f3ximos dias, novos eventos est\u00e3o agendados no Parque, como o lan\u00e7amento oficial da Batalha  do Pulador, no dia 10 de maio, e o Torneio de Tiro de La\u00e7o, que ser\u00e1 realizado no dia 31 de maio e 01 de junho.  <\/p>\n<div align=\"justify\"> <\/div>\n<p align=\"justify\" style=\"margin-bottom: 0cm; font-weight: normal;\" class=\"western\">\n<div align=\"justify\"> <\/div>\n<p align=\"justify\" style=\"margin-bottom: 0cm; font-weight: normal;\" class=\"western\"> O presidente da Funda\u00e7\u00e3o Passo Fundo de Turismo (PassoTur), Daniel L\u00e9, ressalta que o Parque tem o objetivo de reunir eventos diversificados e que atendam aos interesses de toda a popula\u00e7\u00e3o. \u201cO Parque est\u00e1 com uma estrutura renovada e queremos que a comunidade possa usufruir do espa\u00e7o ao ar livre e de toda a estrutura disponibilizada\u201d, disse.  <\/p>\n<div align=\"justify\">  <\/div>\n<p align=\"justify\" style=\"margin-bottom: 0cm;\" class=\"western\"><b>Um novo parque <\/b> <\/p>\n<div align=\"justify\">Entre as a\u00e7\u00f5es j\u00e1 realizadas, est\u00e3o: urbaniza\u00e7\u00e3o da \u00e1rea de camping; pontos de ilumina\u00e7\u00e3o e abastecimento de \u00e1gua; adequa\u00e7\u00e3o dos banheiros; estrutura\u00e7\u00e3o de estacionamento com asfalto e meio-fio; recupera\u00e7\u00e3o das vias do parque e  acessos; reformas pontuais em pr\u00e9dios; al\u00e9m de toda a parte de limpeza e organiza\u00e7\u00e3o estrutural.    <\/div>\n<p align=\"justify\" style=\"margin-bottom: 0cm;\" class=\"western\"><b>Eventos<\/b><\/p>\n<div align=\"justify\">A PassoTur \u00e9 a respons\u00e1vel por agendar os eventos e esclarecer poss\u00edveis d\u00favidas. Para saber mais informa\u00e7\u00f5es, o telefone para contato \u00e9 (54) 3045-1415.  <\/div>\n<p align=\"justify\" style=\"margin-bottom: 0cm;\" class=\"western\"><b>Confira as atividades prevista do calend\u00e1rio de eventos do m\u00eas de maio: <\/b> <\/p>\n<div align=\"justify\">  <\/div>\n<p align=\"justify\" style=\"margin-bottom: 0cm;\" class=\"western\"><b>Curso Cultural  em Italiano &#8220;;Se Questo \u00e9 um uomo&#8230; il fascismo e la seconda guerra mundiale<\/b><\/p>\n<div align=\"justify\"> <\/div>\n<p align=\"justify\" style=\"margin-bottom: 0cm; font-weight: normal;\" class=\"western\"> Data:02 de maio de 2014  <\/p>\n<div align=\"justify\"> <\/div>\n<p align=\"justify\" style=\"margin-bottom: 0cm; font-weight: normal;\" class=\"western\"> Hor\u00e1rio: das 19h30min \u00e1s 22h\t<\/p>\n<div align=\"justify\"> <\/div>\n<p align=\"justify\" style=\"margin-bottom: 0cm; font-weight: normal;\" class=\"western\"> Local: UPF Idiomas (Campus III &#8211; Av Brasil, 743 &#8211; Centro)<\/p>\n<div align=\"justify\"> <\/div>\n<p align=\"justify\" style=\"margin-bottom: 0cm; font-weight: normal;\" class=\"western\"> Infresso: R$ 35,00<\/p>\n<div align=\"justify\"> <\/div>\n<p align=\"justify\" style=\"margin-bottom: 0cm; font-weight: normal;\" class=\"western\"> Contato: (54) 3316-8142 ou imprensa@upf.br<\/p>\n<div align=\"justify\"> <\/div>\n<p align=\"justify\" style=\"margin-bottom: 0cm; font-weight: normal;\" class=\"western\"> <\/p>\n<div align=\"justify\"> <\/div>\n<p align=\"justify\" style=\"margin-bottom: 0cm;\" class=\"western\"><b>V Jornada Nacional de Educa\u00e7\u00e3o Matem\u00e1tica e XVIII Jornada Regional de Educa\u00e7\u00e3o Matem\u00e1tica\t<\/b><\/p>\n<div align=\"justify\"> <\/div>\n<p align=\"justify\" style=\"margin-bottom: 0cm; font-weight: normal;\" class=\"western\"> Data: 07 de maio de 2014  <\/p>\n<div align=\"justify\"> <\/div>\n<p align=\"justify\" style=\"margin-bottom: 0cm; font-weight: normal;\" class=\"western\"> Local: Campus I UPF (BR 285, Bairro S\u00e3o Jos\u00e9)<\/p>\n<div align=\"justify\"> <\/div>\n<p align=\"justify\" style=\"margin-bottom: 0cm; font-weight: normal;\" class=\"western\"> Contato: (54) 3316-8345\/8353\t\t\t<\/p>\n<div align=\"justify\"> <\/div>\n<p align=\"justify\" style=\"margin-bottom: 0cm; font-weight: normal;\" class=\"western\"> <\/p>\n<div align=\"justify\"> <\/div>\n<p align=\"justify\" style=\"margin-bottom: 0cm;\" class=\"western\"><b>Lan\u00e7amento Oficial da Batalha  do Pulador\t<\/b><\/p>\n<div align=\"justify\"> <\/div>\n<p align=\"justify\" style=\"margin-bottom: 0cm; font-weight: normal;\" class=\"western\"> Data: 10 de maio de 2014   <\/p>\n<div align=\"justify\"> <\/div>\n<p align=\"justify\" style=\"margin-bottom: 0cm; font-weight: normal;\" class=\"western\"> Local: Rancho dos Cavaleiros do Mercosul, no Parque da Rosel\u00e2ndia\t<\/p>\n<div align=\"justify\"> <\/div>\n<p align=\"justify\" style=\"margin-bottom: 0cm; font-weight: normal;\" class=\"western\"> Contato: (54)9994-4380 ou telmarmenegol@yahoo.com.br\t\t<\/p>\n<div align=\"justify\"> <\/div>\n<p align=\"justify\" style=\"margin-bottom: 0cm; font-weight: normal;\" class=\"western\"> <\/p>\n<div align=\"justify\"> <\/div>\n<p align=\"justify\" style=\"margin-bottom: 0cm; font-weight: normal;\" class=\"western\"> <b>Exposi\u00e7\u00e3o Comitato Piazza Italia<\/b>\t<\/p>\n<div align=\"justify\"> <\/div>\n<p align=\"justify\" style=\"margin-bottom: 0cm; font-weight: normal;\" class=\"western\"> Data 21 de maio de 2014<\/p>\n<div align=\"justify\"> <\/div>\n<p align=\"justify\" style=\"margin-bottom: 0cm; font-weight: normal;\" class=\"western\"> Hor\u00e1rio: das 16h \u00e1s 20h<\/p>\n<div align=\"justify\"> <\/div>\n<p align=\"justify\" style=\"margin-bottom: 0cm; font-weight: normal;\" class=\"western\"> Local: Av. Gal. Netto,  183 (interfone 44)<\/p>\n<div align=\"justify\"> <\/div>\n<p align=\"justify\" style=\"margin-bottom: 0cm; font-weight: normal;\" class=\"western\"> Contato: (54) 3313-5429 ou rep.alessandri@terra.com.br<\/p>\n<div align=\"justify\"> <\/div>\n<p align=\"justify\" style=\"margin-bottom: 0cm; font-weight: normal;\" class=\"western\">\n<div align=\"justify\"> <\/div>\n<p align=\"justify\" style=\"margin-bottom: 0cm;\" class=\"western\"><b>5\u00ba Semin\u00e1rio Nacional de L\u00edngua e Literatura: teoria e ensino<\/b><\/p>\n<div align=\"justify\"> <\/div>\n<p align=\"justify\" style=\"margin-bottom: 0cm; font-weight: normal;\" class=\"western\"> Data: 22 e 23 de maio de 2014<\/p>\n<div align=\"justify\"> <\/div>\n<p align=\"justify\" style=\"margin-bottom: 0cm; font-weight: normal;\" class=\"western\"> Local: Audit\u00f3rio do ICEG (B5) &#8211; Campus I UPF  <\/p>\n<div align=\"justify\"> <\/div>\n<p align=\"justify\" style=\"margin-bottom: 0cm; font-weight: normal;\" class=\"western\"> Contato: ppgletras@upf.br\t\t<\/p>\n<div align=\"justify\"> <\/div>\n<p align=\"justify\" style=\"margin-bottom: 0cm; font-weight: normal;\" class=\"western\"> <\/p>\n<div align=\"justify\"> <\/div>\n<p align=\"justify\" style=\"margin-bottom: 0cm;\" class=\"western\"><b>Missa em homenagem aos imigrantes Italianos\t<\/b><\/p>\n<div align=\"justify\"> <\/div>\n<p align=\"justify\" style=\"margin-bottom: 0cm; font-weight: normal;\" class=\"western\"> Data: 25 de maio de 2014<\/p>\n<div align=\"justify\"> <\/div>\n<p align=\"justify\" style=\"margin-bottom: 0cm; font-weight: normal;\" class=\"western\"> Hor\u00e1rio: 18h<\/p>\n<div align=\"justify\"> <\/div>\n<p align=\"justify\" style=\"margin-bottom: 0cm; font-weight: normal;\" class=\"western\"> Local: Catedral Nossa Senhora Aparecida<\/p>\n<div align=\"justify\"> <\/div>\n<p align=\"justify\" style=\"margin-bottom: 0cm; font-weight: normal;\" class=\"western\"> Contato: (54)3313-5429 ou rep.alessandri@terra.com.br<\/p>\n<div align=\"justify\"> <\/div>\n<p align=\"justify\" style=\"margin-bottom: 0cm; font-weight: normal;\" class=\"western\"> <\/p>\n<div align=\"justify\"> <\/div>\n<p align=\"justify\" style=\"margin-bottom: 0cm; font-weight: normal;\" class=\"western\"> <b>II Mostra Espa\u00e7oDesign<\/b>\t<\/p>\n<div align=\"justify\"> <\/div>\n<p align=\"justify\" style=\"margin-bottom: 0cm; font-weight: normal;\" class=\"western\"> Data: 31 de maio a 08 de junho  de 2014<\/p>\n<div align=\"justify\"> <\/div>\n<p align=\"justify\" style=\"margin-bottom: 0cm; font-weight: normal;\" class=\"western\"> Local: Bourbon Passo Fundo  <\/p>\n<div align=\"justify\"> <\/div>\n<p align=\"justify\" style=\"margin-bottom: 0cm; font-weight: normal;\" class=\"western\"> Contato: (54) 3317-2319 ou contato@revistaed.com.br\t\t<\/p>\n<div align=\"justify\"> <\/div>\n<p align=\"justify\" style=\"margin-bottom: 0cm;\" class=\"western\"> <\/p>\n<div align=\"justify\"> <\/div>\n<p align=\"justify\" style=\"margin-bottom: 0cm;\" class=\"western\"><b>Palestra Museu dos Imigrantes Leonardo Da Vinci\t<\/b><\/p>\n<div align=\"justify\"> <\/div>\n<p align=\"justify\" style=\"margin-bottom: 0cm; font-weight: normal;\" class=\"western\"> Todos os s\u00e1bados<\/p>\n<div align=\"justify\"> <\/div>\n<p align=\"justify\" style=\"margin-bottom: 0cm; font-weight: normal;\" class=\"western\"> Hor\u00e1rio: 15h \u00e1s 18h<\/p>\n<div align=\"justify\"> <\/div>\n<p align=\"justify\" style=\"margin-bottom: 0cm; font-weight: normal;\" class=\"western\"> Local: Avenida Gal. Netto,  183 (interfone 44)<\/p>\n<div align=\"justify\"> <\/div>\n<p align=\"justify\" style=\"margin-bottom: 0cm; font-weight: normal;\" class=\"western\"> Contato: (54) 3313-5429 ou rep.alessandri@terra.com.br\t<\/p>\n<div align=\"justify\"> <\/div>\n<p align=\"justify\" style=\"margin-bottom: 0cm; font-weight: normal;\" class=\"western\"> <\/p>\n<div align=\"justify\"> <\/div>\n<p align=\"justify\" style=\"margin-bottom: 0cm;\" class=\"western\"><b>Tiro de La\u00e7o\t<\/b><\/p>\n<div align=\"justify\"> <\/div>\n<p align=\"justify\" style=\"margin-bottom: 0cm; font-weight: normal;\" class=\"western\"> Data: 31 de maio e 01 de junho de 2014<\/p>\n<div align=\"justify\"> <\/div>\n<p align=\"justify\" style=\"margin-bottom: 0cm; font-weight: normal;\" class=\"western\"> Local: Parque da Rosel\u00e2ndia  <\/p>\n<div align=\"justify\"> <\/div>\n<p align=\"justify\" style=\"margin-bottom: 0cm; font-weight: normal;\" class=\"western\"> Contato: (54) 9114-0325<\/p>\n<div align=\"justify\"> <\/div>\n<p align=\"justify\" style=\"margin-bottom: 0cm; font-weight: normal;\" class=\"western\">\n<div align=\"justify\"> <\/div>\n<p align=\"justify\" style=\"margin-bottom: 0cm; font-weight: normal;\" class=\"western\">\n<div align=\"justify\"> <\/div>\n<p align=\"justify\" style=\"margin-bottom: 0cm; font-weight: normal;\" class=\"western\"> <\/p>\n<div align=\"justify\"> <\/div>\n<p align=\"justify\" style=\"margin-bottom: 0cm; font-weight: normal;\" class=\"western\"> <\/p>\n","protected":false},"excerpt":{"rendered":"<p>Ap\u00f3s melhorias, Parque da Rosel\u00e2ndia \u00e9 mais utilizado pela comunidade<\/p>\n","protected":false},"author":1,"featured_media":0,"comment_status":"open","ping_status":"open","sticky":false,"template":"","format":"standard","meta":{"footnotes":""},"categories":[],"tags":[],"class_list":["post-43","post","type-post","status-publish","format-standard","hentry"],"yoast_head":"<!-- This site is optimized with the Yoast SEO plugin v23.8 - https:\/\/yoast.com\/wordpress\/plugins\/seo\/ -->\n<title>Ap\u00f3s melhorias, Parque da Rosel\u00e2ndia \u00e9 mais utilizado pela comunidade - Turismo<\/title>\n<meta name=\"robots\" content=\"index, follow, max-snippet:-1, max-image-preview:large, max-video-preview:-1\" \/>\n<link rel=\"canonical\" href=\"https:\/\/www.pmpf.rs.gov.br\/turismo\/2014\/05\/06\/apos-melhorias-parque-da-roselandia-e-mais-utilizado-pela-comunidade-7855\/\" \/>\n<meta property=\"og:locale\" content=\"pt_BR\" \/>\n<meta property=\"og:type\" content=\"article\" \/>\n<meta property=\"og:title\" content=\"Ap\u00f3s melhorias, Parque da Rosel\u00e2ndia \u00e9 mais utilizado pela comunidade - Turismo\" \/>\n<meta property=\"og:description\" content=\"Ap\u00f3s melhorias, Parque da Rosel\u00e2ndia \u00e9 mais utilizado pela comunidade\" \/>\n<meta property=\"og:url\" content=\"https:\/\/www.pmpf.rs.gov.br\/turismo\/2014\/05\/06\/apos-melhorias-parque-da-roselandia-e-mais-utilizado-pela-comunidade-7855\/\" \/>\n<meta property=\"og:site_name\" content=\"Turismo\" \/>\n<meta property=\"article:published_time\" content=\"2014-05-06T06:00:00+00:00\" \/>\n<meta name=\"author\" content=\"mosite\" \/>\n<meta name=\"twitter:card\" content=\"summary_large_image\" \/>\n<meta name=\"twitter:label1\" content=\"Escrito por\" \/>\n\t<meta name=\"twitter:data1\" content=\"mosite\" \/>\n\t<meta name=\"twitter:label2\" content=\"Est. tempo de leitura\" \/>\n\t<meta name=\"twitter:data2\" content=\"3 minutos\" \/>\n<script type=\"application\/ld+json\" class=\"yoast-schema-graph\">{\"@context\":\"https:\/\/schema.org\",\"@graph\":[{\"@type\":\"WebPage\",\"@id\":\"https:\/\/www.pmpf.rs.gov.br\/turismo\/2014\/05\/06\/apos-melhorias-parque-da-roselandia-e-mais-utilizado-pela-comunidade-7855\/\",\"url\":\"https:\/\/www.pmpf.rs.gov.br\/turismo\/2014\/05\/06\/apos-melhorias-parque-da-roselandia-e-mais-utilizado-pela-comunidade-7855\/\",\"name\":\"Ap\u00f3s melhorias, Parque da Rosel\u00e2ndia \u00e9 mais utilizado pela comunidade - Turismo\",\"isPartOf\":{\"@id\":\"https:\/\/www.pmpf.rs.gov.br\/turismo\/#website\"},\"datePublished\":\"2014-05-06T06:00:00+00:00\",\"dateModified\":\"2014-05-06T06:00:00+00:00\",\"author\":{\"@id\":\"https:\/\/www.pmpf.rs.gov.br\/turismo\/#\/schema\/person\/0c355b0fa68a7aa986c8594f7a60a2d7\"},\"breadcrumb\":{\"@id\":\"https:\/\/www.pmpf.rs.gov.br\/turismo\/2014\/05\/06\/apos-melhorias-parque-da-roselandia-e-mais-utilizado-pela-comunidade-7855\/#breadcrumb\"},\"inLanguage\":\"pt-BR\",\"potentialAction\":[{\"@type\":\"ReadAction\",\"target\":[\"https:\/\/www.pmpf.rs.gov.br\/turismo\/2014\/05\/06\/apos-melhorias-parque-da-roselandia-e-mais-utilizado-pela-comunidade-7855\/\"]}]},{\"@type\":\"BreadcrumbList\",\"@id\":\"https:\/\/www.pmpf.rs.gov.br\/turismo\/2014\/05\/06\/apos-melhorias-parque-da-roselandia-e-mais-utilizado-pela-comunidade-7855\/#breadcrumb\",\"itemListElement\":[{\"@type\":\"ListItem\",\"position\":1,\"name\":\"In\u00edcio\",\"item\":\"https:\/\/www.pmpf.rs.gov.br\/turismo\/\"},{\"@type\":\"ListItem\",\"position\":2,\"name\":\"Ap\u00f3s melhorias, Parque da Rosel\u00e2ndia \u00e9 mais utilizado pela comunidade\"}]},{\"@type\":\"WebSite\",\"@id\":\"https:\/\/www.pmpf.rs.gov.br\/turismo\/#website\",\"url\":\"https:\/\/www.pmpf.rs.gov.br\/turismo\/\",\"name\":\"Turismo\",\"description\":\"Descubra Passo Fundo\",\"potentialAction\":[{\"@type\":\"SearchAction\",\"target\":{\"@type\":\"EntryPoint\",\"urlTemplate\":\"https:\/\/www.pmpf.rs.gov.br\/turismo\/?s={search_term_string}\"},\"query-input\":{\"@type\":\"PropertyValueSpecification\",\"valueRequired\":true,\"valueName\":\"search_term_string\"}}],\"inLanguage\":\"pt-BR\"},{\"@type\":\"Person\",\"@id\":\"https:\/\/www.pmpf.rs.gov.br\/turismo\/#\/schema\/person\/0c355b0fa68a7aa986c8594f7a60a2d7\",\"name\":\"mosite\",\"image\":{\"@type\":\"ImageObject\",\"inLanguage\":\"pt-BR\",\"@id\":\"https:\/\/www.pmpf.rs.gov.br\/turismo\/#\/schema\/person\/image\/\",\"url\":\"https:\/\/secure.gravatar.com\/avatar\/63d72595d6cecfe12bd8a94829d5a26c?s=96&d=mm&r=g\",\"contentUrl\":\"https:\/\/secure.gravatar.com\/avatar\/63d72595d6cecfe12bd8a94829d5a26c?s=96&d=mm&r=g\",\"caption\":\"mosite\"},\"sameAs\":[\"http:\/\/example.com\"],\"url\":\"https:\/\/www.pmpf.rs.gov.br\/turismo\/author\/mosite\/\"}]}<\/script>\n<!-- \/ Yoast SEO plugin. -->","yoast_head_json":{"title":"Ap\u00f3s melhorias, Parque da Rosel\u00e2ndia \u00e9 mais utilizado pela comunidade - Turismo","robots":{"index":"index","follow":"follow","max-snippet":"max-snippet:-1","max-image-preview":"max-image-preview:large","max-video-preview":"max-video-preview:-1"},"canonical":"https:\/\/www.pmpf.rs.gov.br\/turismo\/2014\/05\/06\/apos-melhorias-parque-da-roselandia-e-mais-utilizado-pela-comunidade-7855\/","og_locale":"pt_BR","og_type":"article","og_title":"Ap\u00f3s melhorias, Parque da Rosel\u00e2ndia \u00e9 mais utilizado pela comunidade - Turismo","og_description":"Ap\u00f3s melhorias, Parque da Rosel\u00e2ndia \u00e9 mais utilizado pela comunidade","og_url":"https:\/\/www.pmpf.rs.gov.br\/turismo\/2014\/05\/06\/apos-melhorias-parque-da-roselandia-e-mais-utilizado-pela-comunidade-7855\/","og_site_name":"Turismo","article_published_time":"2014-05-06T06:00:00+00:00","author":"mosite","twitter_card":"summary_large_image","twitter_misc":{"Escrito por":"mosite","Est. tempo de leitura":"3 minutos"},"schema":{"@context":"https:\/\/schema.org","@graph":[{"@type":"WebPage","@id":"https:\/\/www.pmpf.rs.gov.br\/turismo\/2014\/05\/06\/apos-melhorias-parque-da-roselandia-e-mais-utilizado-pela-comunidade-7855\/","url":"https:\/\/www.pmpf.rs.gov.br\/turismo\/2014\/05\/06\/apos-melhorias-parque-da-roselandia-e-mais-utilizado-pela-comunidade-7855\/","name":"Ap\u00f3s melhorias, Parque da Rosel\u00e2ndia \u00e9 mais utilizado pela comunidade - Turismo","isPartOf":{"@id":"https:\/\/www.pmpf.rs.gov.br\/turismo\/#website"},"datePublished":"2014-05-06T06:00:00+00:00","dateModified":"2014-05-06T06:00:00+00:00","author":{"@id":"https:\/\/www.pmpf.rs.gov.br\/turismo\/#\/schema\/person\/0c355b0fa68a7aa986c8594f7a60a2d7"},"breadcrumb":{"@id":"https:\/\/www.pmpf.rs.gov.br\/turismo\/2014\/05\/06\/apos-melhorias-parque-da-roselandia-e-mais-utilizado-pela-comunidade-7855\/#breadcrumb"},"inLanguage":"pt-BR","potentialAction":[{"@type":"ReadAction","target":["https:\/\/www.pmpf.rs.gov.br\/turismo\/2014\/05\/06\/apos-melhorias-parque-da-roselandia-e-mais-utilizado-pela-comunidade-7855\/"]}]},{"@type":"BreadcrumbList","@id":"https:\/\/www.pmpf.rs.gov.br\/turismo\/2014\/05\/06\/apos-melhorias-parque-da-roselandia-e-mais-utilizado-pela-comunidade-7855\/#breadcrumb","itemListElement":[{"@type":"ListItem","position":1,"name":"In\u00edcio","item":"https:\/\/www.pmpf.rs.gov.br\/turismo\/"},{"@type":"ListItem","position":2,"name":"Ap\u00f3s melhorias, Parque da Rosel\u00e2ndia \u00e9 mais utilizado pela comunidade"}]},{"@type":"WebSite","@id":"https:\/\/www.pmpf.rs.gov.br\/turismo\/#website","url":"https:\/\/www.pmpf.rs.gov.br\/turismo\/","name":"Turismo","description":"Descubra Passo Fundo","potentialAction":[{"@type":"SearchAction","target":{"@type":"EntryPoint","urlTemplate":"https:\/\/www.pmpf.rs.gov.br\/turismo\/?s={search_term_string}"},"query-input":{"@type":"PropertyValueSpecification","valueRequired":true,"valueName":"search_term_string"}}],"inLanguage":"pt-BR"},{"@type":"Person","@id":"https:\/\/www.pmpf.rs.gov.br\/turismo\/#\/schema\/person\/0c355b0fa68a7aa986c8594f7a60a2d7","name":"mosite","image":{"@type":"ImageObject","inLanguage":"pt-BR","@id":"https:\/\/www.pmpf.rs.gov.br\/turismo\/#\/schema\/person\/image\/","url":"https:\/\/secure.gravatar.com\/avatar\/63d72595d6cecfe12bd8a94829d5a26c?s=96&d=mm&r=g","contentUrl":"https:\/\/secure.gravatar.com\/avatar\/63d72595d6cecfe12bd8a94829d5a26c?s=96&d=mm&r=g","caption":"mosite"},"sameAs":["http:\/\/example.com"],"url":"https:\/\/www.pmpf.rs.gov.br\/turismo\/author\/mosite\/"}]}},"_links":{"self":[{"href":"https:\/\/www.pmpf.rs.gov.br\/turismo\/wp-json\/wp\/v2\/posts\/43"}],"collection":[{"href":"https:\/\/www.pmpf.rs.gov.br\/turismo\/wp-json\/wp\/v2\/posts"}],"about":[{"href":"https:\/\/www.pmpf.rs.gov.br\/turismo\/wp-json\/wp\/v2\/types\/post"}],"author":[{"embeddable":true,"href":"https:\/\/www.pmpf.rs.gov.br\/turismo\/wp-json\/wp\/v2\/users\/1"}],"replies":[{"embeddable":true,"href":"https:\/\/www.pmpf.rs.gov.br\/turismo\/wp-json\/wp\/v2\/comments?post=43"}],"version-history":[{"count":0,"href":"https:\/\/www.pmpf.rs.gov.br\/turismo\/wp-json\/wp\/v2\/posts\/43\/revisions"}],"wp:attachment":[{"href":"https:\/\/www.pmpf.rs.gov.br\/turismo\/wp-json\/wp\/v2\/media?parent=43"}],"wp:term":[{"taxonomy":"category","embeddable":true,"href":"https:\/\/www.pmpf.rs.gov.br\/turismo\/wp-json\/wp\/v2\/categories?post=43"},{"taxonomy":"post_tag","embeddable":true,"href":"https:\/\/www.pmpf.rs.gov.br\/turismo\/wp-json\/wp\/v2\/tags?post=43"}],"curies":[{"name":"wp","href":"https:\/\/api.w.org\/{rel}","templated":true}]}}