{"id":30,"date":"2013-07-16T03:00:00","date_gmt":"2013-07-16T06:00:00","guid":{"rendered":"https:\/\/www.pmpf.rs.gov.br\/turismo\/2013\/07\/16\/passo-fundo-sedia-encontro-do-rs-mais-turismo-6081\/"},"modified":"2013-07-16T03:00:00","modified_gmt":"2013-07-16T06:00:00","slug":"passo-fundo-sedia-encontro-do-rs-mais-turismo-6081","status":"publish","type":"post","link":"https:\/\/www.pmpf.rs.gov.br\/turismo\/2013\/07\/16\/passo-fundo-sedia-encontro-do-rs-mais-turismo-6081\/","title":{"rendered":"Passo Fundo sedia encontro do RS Mais Turismo"},"content":{"rendered":"<p style=\"margin-bottom: 0cm;  text-align: justify;\" class=\"western\">A Secretaria Estadual de Turismo do Estado realizar\u00e1 mais uma edi\u00e7\u00e3o dos Encontros Regionais 2013 \u2013 Cultura e Tradi\u00e7\u00e3o no munic\u00edpio. Nesta quarta-feira (17), das 9h \u00e0s 17h, o Audit\u00f3rio do Instituto de Ci\u00eancias Exatas e Geoci\u00eancias (ICEG), da Universidade de Passo Fundo (UPF), ser\u00e1 o palco de debates sobre as pol\u00edticas do turismo para a regi\u00e3o.  <\/p>\n<p style=\"margin-bottom: 0cm;  text-align: justify;\" class=\"western\">\n<p style=\"margin-bottom: 0cm;  text-align: justify;\" class=\"western\">O evento \u00e9 uma a\u00e7\u00e3o do RS Mais Turismo e contar\u00e1 com a participa\u00e7\u00e3o da secret\u00e1ria estadual de Turismo, Abgail Pereira. Para o  presidente da Funzoctur, Daniel L\u00e9, a iniciativa deve ter a aten\u00e7\u00e3o da comunidade. \u201c\u00c9 muito importante recebermos a Setur na nossa cidade para falarmos sobre a regi\u00e3o. \u00c9 uma boa oportunidade de informa\u00e7\u00e3o para todos que trabalham e querem o desenvolvimento do turismo\u201d, ressaltou Daniel.<\/p>\n<p style=\"margin-bottom: 0cm;  text-align: justify;\" class=\"western\">As tratativas para o encontro est\u00e3o sendo desenvolvidas pelo F\u00f3rum da Microrregi\u00e3o, Cultura e Tradi\u00e7\u00e3o. Confira a programa\u00e7\u00e3o:  <\/p>\n<p style=\"margin-bottom: 0cm;\" class=\"western\"> <\/p>\n<table width=\"592\" cellspacing=\"0\" cellpadding=\"2\" border=\"1\">\n<colgroup>\n<col width=\"139\" \/>\n<col width=\"59\" \/>\n<col width=\"49\" \/>\n<col width=\"224\" \/>\n<col width=\"99\" \/> \t<\/colgroup>\n<tbody>\n<tr>\n<td width=\"586\" height=\"24\" bgcolor=\"#666666\" colspan=\"5\">\n<p lang=\"zxx\" align=\"CENTER\" class=\"western\"><b>PROGRAMA\u00c7\u00c3O<\/b><\/p>\n<\/td>\n<\/tr>\n<tr>\n<td width=\"139\" height=\"25\" bgcolor=\"#eb613d\">\n<p lang=\"zxx\" align=\"CENTER\" style=\"font-weight: normal;\" class=\"western\"> \t\t\t<\/p>\n<\/td>\n<td width=\"59\" bgcolor=\"#eb613d\">\n<p lang=\"zxx\" align=\"CENTER\" class=\"western\"><b>IN\u00cdCIO<\/b><\/p>\n<\/td>\n<td width=\"49\" bgcolor=\"#eb613d\">\n<p lang=\"zxx\" align=\"CENTER\" class=\"western\"><b>FIM<\/b><\/p>\n<\/td>\n<td width=\"224\" bgcolor=\"#eb613d\">\n<p lang=\"zxx\" align=\"CENTER\" style=\"font-weight: normal;\" class=\"western\"> \t\t\t<\/p>\n<\/td>\n<td width=\"99\" bgcolor=\"#eb613d\">\n<p lang=\"zxx\" align=\"CENTER\" class=\"western\"><b>MEDIA\u00c7\u00c3O<\/b><\/p>\n<\/td>\n<\/tr>\n<tr>\n<td width=\"139\" height=\"17\" bgcolor=\"#ffffff\">\n<p lang=\"zxx\" style=\"font-weight: normal;\" class=\"western\">Recep\u00e7\u00e3o<\/p>\n<\/td>\n<td width=\"59\" bgcolor=\"#ffffff\">\n<p lang=\"zxx\" style=\"font-weight: normal;\" class=\"western\">09:00<\/p>\n<\/td>\n<td width=\"49\" bgcolor=\"#ffffff\">\n<p lang=\"zxx\" style=\"font-weight: normal;\" class=\"western\">09:30<\/p>\n<\/td>\n<td width=\"224\" bgcolor=\"#ffffff\">\n<p lang=\"zxx\" style=\"font-weight: normal;\" class=\"western\">Recep\u00e7\u00e3o \t\t\tde autoridades, entidades, governan\u00e7a, convidados<\/p>\n<\/td>\n<td width=\"99\" bgcolor=\"#ffffff\">\n<p lang=\"zxx\" style=\"font-weight: normal;\" class=\"western\">Equipe \t\t\tSetur<\/p>\n<\/td>\n<\/tr>\n<tr>\n<td width=\"139\" height=\"17\" bgcolor=\"#ffffff\">\n<p lang=\"zxx\" style=\"font-weight: normal;\" class=\"western\">Ato \t\t\tde Abertura<\/p>\n<\/td>\n<td width=\"59\" bgcolor=\"#ffffff\">\n<p lang=\"zxx\" style=\"font-weight: normal;\" class=\"western\">09:30<\/p>\n<\/td>\n<td width=\"49\" bgcolor=\"#ffffff\">\n<p lang=\"zxx\" style=\"font-weight: normal;\" class=\"western\">10:00<\/p>\n<\/td>\n<td width=\"224\" bgcolor=\"#ffffff\">\n<p lang=\"zxx\" style=\"font-weight: normal;\" class=\"western\"> \t\t\t<\/p>\n<\/td>\n<td width=\"99\" bgcolor=\"#ffffff\">\n<p lang=\"zxx\" style=\"font-weight: normal;\" class=\"western\">Cerimonial<\/p>\n<\/td>\n<\/tr>\n<tr>\n<td width=\"139\" height=\"55\" bgcolor=\"#ffffff\">\n<p lang=\"zxx\" style=\"font-weight: normal;\" class=\"western\">Apresenta\u00e7\u00e3o \t\t\tRS Mais Turismo e Devolutiva<\/p>\n<\/td>\n<td width=\"59\" bgcolor=\"#ffffff\">\n<p lang=\"zxx\" style=\"font-weight: normal;\" class=\"western\">10:00<\/p>\n<\/td>\n<td width=\"49\" bgcolor=\"#ffffff\">\n<p lang=\"zxx\" style=\"font-weight: normal;\" class=\"western\">10:40<\/p>\n<\/td>\n<td width=\"224\" bgcolor=\"#ffffff\">\n<p lang=\"zxx\" style=\"font-weight: normal;\" class=\"western\">Apresenta\u00e7\u00e3o \t\t\tdos Encontro RS Mais Turismo \u2013 Devolutiva das a\u00e7\u00f5es \t\t\tdesenvolvidas pela SETUR e pelo Governo para a Regi\u00e3o<\/p>\n<\/td>\n<td width=\"99\" bgcolor=\"#ffffff\">\n<p lang=\"zxx\" style=\"font-weight: normal;\" class=\"western\"> \t\t\t<\/p>\n<\/td>\n<\/tr>\n<tr>\n<td width=\"139\" height=\"17\" bgcolor=\"#ffffff\">\n<p lang=\"zxx\" style=\"font-weight: normal;\" class=\"western\">Plano \t\t\tDiretor<\/p>\n<\/td>\n<td width=\"59\" bgcolor=\"#ffffff\">\n<p lang=\"zxx\" style=\"font-weight: normal;\" class=\"western\">10:40<\/p>\n<\/td>\n<td width=\"49\" bgcolor=\"#ffffff\">\n<p lang=\"zxx\" style=\"font-weight: normal;\" class=\"western\">11:20<\/p>\n<\/td>\n<td width=\"224\" bgcolor=\"#ffffff\">\n<p lang=\"zxx\" style=\"font-weight: normal;\" class=\"western\">Apresenta\u00e7\u00e3o \t\t\tPlano Diretor, Projetos 2013<\/p>\n<\/td>\n<td width=\"99\" bgcolor=\"#ffffff\">\n<p lang=\"zxx\" style=\"font-weight: normal;\" class=\"western\">Adriana \t\t\tJota<\/p>\n<\/td>\n<\/tr>\n<tr>\n<td width=\"139\" bgcolor=\"#ffffff\">\n<p lang=\"zxx\" style=\"font-weight: normal;\" class=\"western\">Qualifica\u00e7\u00e3o \t\t\te Investimentos<\/p>\n<\/td>\n<td width=\"59\" bgcolor=\"#ffffff\">\n<p lang=\"zxx\" style=\"font-weight: normal;\" class=\"western\">11:20<\/p>\n<\/td>\n<td width=\"49\" bgcolor=\"#ffffff\">\n<p lang=\"zxx\" style=\"font-weight: normal;\" class=\"western\">11:40<\/p>\n<\/td>\n<td width=\"224\" bgcolor=\"#ffffff\">\n<p lang=\"zxx\" style=\"font-weight: normal;\" class=\"western\">Jornadas \t\t\tT\u00e9cnicas<\/p>\n<\/td>\n<td width=\"99\" bgcolor=\"#ffffff\">\n<p lang=\"zxx\" style=\"font-weight: normal;\" class=\"western\">Leandro \t\t\tCarvalho<\/p>\n<\/td>\n<\/tr>\n<tr>\n<td width=\"139\" bgcolor=\"#ffffff\">\n<p lang=\"zxx\" style=\"font-weight: normal;\" class=\"western\"> \t\t\t<\/p>\n<\/td>\n<td width=\"59\" bgcolor=\"#ffffff\">\n<p lang=\"zxx\" style=\"font-weight: normal;\" class=\"western\">11:40<\/p>\n<\/td>\n<td width=\"49\" bgcolor=\"#ffffff\">\n<p lang=\"zxx\" style=\"font-weight: normal;\" class=\"western\">12:00<\/p>\n<\/td>\n<td width=\"224\" bgcolor=\"#ffffff\">\n<p lang=\"zxx\" style=\"font-weight: normal;\" class=\"western\">Promo\u00e7\u00e3o \t\t\tda qualifica\u00e7\u00e3o dos prestadores de servi\u00e7os tur\u00edsticos. \t\t\tApresenta\u00e7\u00e3o Linhas de Financiamentos Banrisul \u2013 BRDE \u2013 \t\t\tBadesul<\/p>\n<\/td>\n<td width=\"99\" bgcolor=\"#ffffff\">\n<p lang=\"zxx\" style=\"font-weight: normal;\" class=\"western\">Banrisul<\/p>\n<\/td>\n<\/tr>\n<tr>\n<td width=\"139\" height=\"17\" bgcolor=\"#ffffff\">\n<p lang=\"zxx\" style=\"font-weight: normal;\" class=\"western\">Almo\u00e7o<\/p>\n<\/td>\n<td width=\"59\" bgcolor=\"#ffffff\">\n<p lang=\"zxx\" style=\"font-weight: normal;\" class=\"western\">12:00<\/p>\n<\/td>\n<td width=\"49\" bgcolor=\"#ffffff\">\n<p lang=\"zxx\" style=\"font-weight: normal;\" class=\"western\">13:30<\/p>\n<\/td>\n<td width=\"224\" bgcolor=\"#ffffff\">\n<p lang=\"zxx\" style=\"font-weight: normal;\" class=\"western\"> \t\t\t<\/p>\n<\/td>\n<td width=\"99\" bgcolor=\"#ffffff\">\n<p lang=\"zxx\" style=\"font-weight: normal;\" class=\"western\"> \t\t\t<\/p>\n<\/td>\n<\/tr>\n<tr>\n<td width=\"139\" bgcolor=\"#ffffff\">\n<p lang=\"zxx\" style=\"font-weight: normal;\" class=\"western\">RS \t\t\tMais Turismo<\/p>\n<\/td>\n<td width=\"59\" bgcolor=\"#ffffff\">\n<p lang=\"zxx\" style=\"font-weight: normal;\" class=\"western\">13:30<\/p>\n<\/td>\n<td width=\"49\" bgcolor=\"#ffffff\">\n<p lang=\"zxx\" style=\"font-weight: normal;\" class=\"western\">14:00<\/p>\n<\/td>\n<td width=\"224\" bgcolor=\"#ffffff\">\n<p lang=\"zxx\" style=\"font-weight: normal;\" class=\"western\">Apresenta\u00e7\u00e3o \t\t\tdo Conceito Regionaliza\u00e7\u00e3o \u2013 Sistema Estadual de Turismo \u2013 \t\t\tMapa Tu\u00edstico da Regi\u00e3o \u2013 Como a Regi\u00e3o se Projeta<\/p>\n<\/td>\n<td width=\"99\" bgcolor=\"#ffffff\">\n<p lang=\"zxx\" style=\"font-weight: normal;\" class=\"western\">Leandro \t\t\tCarvalho<\/p>\n<\/td>\n<\/tr>\n<tr>\n<td width=\"139\" bgcolor=\"#ffffff\">\n<p lang=\"zxx\" style=\"font-weight: normal;\" class=\"western\"> \t\t\t<\/p>\n<\/td>\n<td width=\"59\" bgcolor=\"#ffffff\">\n<p lang=\"zxx\" style=\"font-weight: normal;\" class=\"western\">14:00<\/p>\n<\/td>\n<td width=\"49\" bgcolor=\"#ffffff\">\n<p lang=\"zxx\" style=\"font-weight: normal;\" class=\"western\">14:30<\/p>\n<\/td>\n<td width=\"224\" bgcolor=\"#ffffff\">\n<p lang=\"zxx\" style=\"font-weight: normal;\" class=\"western\">Debate<\/p>\n<\/td>\n<td width=\"99\" bgcolor=\"#ffffff\">\n<p lang=\"zxx\" style=\"font-weight: normal;\" class=\"western\"> \t\t\t<\/p>\n<\/td>\n<\/tr>\n<tr>\n<td width=\"139\" bgcolor=\"#ffffff\">\n<p lang=\"zxx\" style=\"font-weight: normal;\" class=\"western\">Plano \t\t\tde A\u00e7\u00e3o<\/p>\n<\/td>\n<td width=\"59\" bgcolor=\"#ffffff\">\n<p lang=\"zxx\" style=\"font-weight: normal;\" class=\"western\">14:30<\/p>\n<\/td>\n<td width=\"49\" bgcolor=\"#ffffff\">\n<p lang=\"zxx\" style=\"font-weight: normal;\" class=\"western\">15:00<\/p>\n<\/td>\n<td width=\"224\" bgcolor=\"#ffffff\">\n<p lang=\"zxx\" style=\"font-weight: normal;\" class=\"western\">Passos \t\t\tpara o Planejamento Regional<\/p>\n<\/td>\n<td width=\"99\" bgcolor=\"#ffffff\">\n<p lang=\"zxx\" style=\"font-weight: normal;\" class=\"western\">Adriana \t\t\tJota<\/p>\n<\/td>\n<\/tr>\n<tr>\n<td width=\"139\" bgcolor=\"#ffffff\">\n<p lang=\"zxx\" style=\"font-weight: normal;\" class=\"western\">Debate \t\t\t \t\t\t<\/p>\n<\/td>\n<td width=\"59\" bgcolor=\"#ffffff\">\n<p lang=\"zxx\" style=\"font-weight: normal;\" class=\"western\">15:00<\/p>\n<\/td>\n<td width=\"49\" bgcolor=\"#ffffff\">\n<p lang=\"zxx\" style=\"font-weight: normal;\" class=\"western\">15:30<\/p>\n<\/td>\n<td width=\"224\" bgcolor=\"#ffffff\">\n<p lang=\"zxx\" style=\"font-weight: normal;\" class=\"western\"> \t\t\t<\/p>\n<\/td>\n<td width=\"99\" bgcolor=\"#ffffff\">\n<p lang=\"zxx\" style=\"font-weight: normal;\" class=\"western\"> \t\t\t<\/p>\n<\/td>\n<\/tr>\n<tr>\n<td width=\"139\" height=\"17\" bgcolor=\"#ffffff\">\n<p lang=\"zxx\" style=\"font-weight: normal;\" class=\"western\">Coffe \t\t\tBreak<\/p>\n<\/td>\n<td width=\"59\" bgcolor=\"#ffffff\">\n<p lang=\"zxx\" style=\"font-weight: normal;\" class=\"western\">15:30<\/p>\n<\/td>\n<td width=\"49\" bgcolor=\"#ffffff\">\n<p lang=\"zxx\" style=\"font-weight: normal;\" class=\"western\">15:50<\/p>\n<\/td>\n<td width=\"224\" bgcolor=\"#ffffff\">\n<p lang=\"zxx\" style=\"font-weight: normal;\" class=\"western\"> \t\t\t<\/p>\n<\/td>\n<td width=\"99\" bgcolor=\"#ffffff\">\n<p lang=\"zxx\" style=\"font-weight: normal;\" class=\"western\"> \t\t\t<\/p>\n<\/td>\n<\/tr>\n<tr>\n<td width=\"139\" height=\"16\" bgcolor=\"#ffffff\">\n<p lang=\"zxx\" style=\"font-weight: normal;\" class=\"western\">Encerramento \t\t\t \t\t\t<\/p>\n<\/td>\n<td width=\"59\" bgcolor=\"#ffffff\">\n<p lang=\"zxx\" style=\"font-weight: normal;\" class=\"western\">16:00<\/p>\n<\/td>\n<td width=\"49\" bgcolor=\"#ffffff\">\n<p lang=\"zxx\" style=\"font-weight: normal;\" class=\"western\">17:00<\/p>\n<\/td>\n<td width=\"224\" bgcolor=\"#ffffff\">\n<p lang=\"zxx\" style=\"font-weight: normal;\" class=\"western\"> \t\t\t<\/p>\n<\/td>\n<td width=\"99\" bgcolor=\"#ffffff\">\n<p lang=\"zxx\" style=\"font-weight: normal;\" class=\"western\"> \t\t\t<\/p>\n<\/td>\n<\/tr>\n<\/tbody>\n<\/table>\n<p class=\"western\">\n<p style=\"margin-bottom: 0cm;\" class=\"western\"> <\/p>\n","protected":false},"excerpt":{"rendered":"<p>Passo Fundo sedia encontro do RS Mais Turismo<\/p>\n","protected":false},"author":1,"featured_media":31,"comment_status":"open","ping_status":"open","sticky":false,"template":"","format":"standard","meta":{"footnotes":""},"categories":[],"tags":[],"class_list":["post-30","post","type-post","status-publish","format-standard","has-post-thumbnail","hentry"],"yoast_head":"<!-- This site is optimized with the Yoast SEO plugin v23.8 - https:\/\/yoast.com\/wordpress\/plugins\/seo\/ -->\n<title>Passo Fundo sedia encontro do RS Mais Turismo - Turismo<\/title>\n<meta name=\"robots\" content=\"index, follow, max-snippet:-1, max-image-preview:large, max-video-preview:-1\" \/>\n<link rel=\"canonical\" href=\"https:\/\/www.pmpf.rs.gov.br\/turismo\/2013\/07\/16\/passo-fundo-sedia-encontro-do-rs-mais-turismo-6081\/\" \/>\n<meta property=\"og:locale\" content=\"pt_BR\" \/>\n<meta property=\"og:type\" content=\"article\" \/>\n<meta property=\"og:title\" content=\"Passo Fundo sedia encontro do RS Mais Turismo - Turismo\" \/>\n<meta property=\"og:description\" content=\"Passo Fundo sedia encontro do RS Mais Turismo\" \/>\n<meta property=\"og:url\" content=\"https:\/\/www.pmpf.rs.gov.br\/turismo\/2013\/07\/16\/passo-fundo-sedia-encontro-do-rs-mais-turismo-6081\/\" \/>\n<meta property=\"og:site_name\" content=\"Turismo\" \/>\n<meta property=\"article:published_time\" content=\"2013-07-16T06:00:00+00:00\" \/>\n<meta property=\"og:image\" content=\"https:\/\/www.pmpf.rs.gov.br\/turismo\/wp-content\/uploads\/sites\/51\/2021\/12\/I2013-12-11_033846_c10101.jpg\" \/>\n\t<meta property=\"og:image:width\" content=\"350\" \/>\n\t<meta property=\"og:image:height\" content=\"216\" \/>\n\t<meta property=\"og:image:type\" content=\"image\/jpeg\" \/>\n<meta name=\"author\" content=\"mosite\" \/>\n<meta name=\"twitter:card\" content=\"summary_large_image\" \/>\n<meta name=\"twitter:label1\" content=\"Escrito por\" \/>\n\t<meta name=\"twitter:data1\" content=\"mosite\" \/>\n\t<meta name=\"twitter:label2\" content=\"Est. tempo de leitura\" \/>\n\t<meta name=\"twitter:data2\" content=\"1 minuto\" \/>\n<script type=\"application\/ld+json\" class=\"yoast-schema-graph\">{\"@context\":\"https:\/\/schema.org\",\"@graph\":[{\"@type\":\"WebPage\",\"@id\":\"https:\/\/www.pmpf.rs.gov.br\/turismo\/2013\/07\/16\/passo-fundo-sedia-encontro-do-rs-mais-turismo-6081\/\",\"url\":\"https:\/\/www.pmpf.rs.gov.br\/turismo\/2013\/07\/16\/passo-fundo-sedia-encontro-do-rs-mais-turismo-6081\/\",\"name\":\"Passo Fundo sedia encontro do RS Mais Turismo - Turismo\",\"isPartOf\":{\"@id\":\"https:\/\/www.pmpf.rs.gov.br\/turismo\/#website\"},\"primaryImageOfPage\":{\"@id\":\"https:\/\/www.pmpf.rs.gov.br\/turismo\/2013\/07\/16\/passo-fundo-sedia-encontro-do-rs-mais-turismo-6081\/#primaryimage\"},\"image\":{\"@id\":\"https:\/\/www.pmpf.rs.gov.br\/turismo\/2013\/07\/16\/passo-fundo-sedia-encontro-do-rs-mais-turismo-6081\/#primaryimage\"},\"thumbnailUrl\":\"https:\/\/www.pmpf.rs.gov.br\/turismo\/wp-content\/uploads\/sites\/51\/2021\/12\/I2013-12-11_033846_c10101.jpg\",\"datePublished\":\"2013-07-16T06:00:00+00:00\",\"dateModified\":\"2013-07-16T06:00:00+00:00\",\"author\":{\"@id\":\"https:\/\/www.pmpf.rs.gov.br\/turismo\/#\/schema\/person\/0c355b0fa68a7aa986c8594f7a60a2d7\"},\"breadcrumb\":{\"@id\":\"https:\/\/www.pmpf.rs.gov.br\/turismo\/2013\/07\/16\/passo-fundo-sedia-encontro-do-rs-mais-turismo-6081\/#breadcrumb\"},\"inLanguage\":\"pt-BR\",\"potentialAction\":[{\"@type\":\"ReadAction\",\"target\":[\"https:\/\/www.pmpf.rs.gov.br\/turismo\/2013\/07\/16\/passo-fundo-sedia-encontro-do-rs-mais-turismo-6081\/\"]}]},{\"@type\":\"ImageObject\",\"inLanguage\":\"pt-BR\",\"@id\":\"https:\/\/www.pmpf.rs.gov.br\/turismo\/2013\/07\/16\/passo-fundo-sedia-encontro-do-rs-mais-turismo-6081\/#primaryimage\",\"url\":\"https:\/\/www.pmpf.rs.gov.br\/turismo\/wp-content\/uploads\/sites\/51\/2021\/12\/I2013-12-11_033846_c10101.jpg\",\"contentUrl\":\"https:\/\/www.pmpf.rs.gov.br\/turismo\/wp-content\/uploads\/sites\/51\/2021\/12\/I2013-12-11_033846_c10101.jpg\",\"width\":350,\"height\":216},{\"@type\":\"BreadcrumbList\",\"@id\":\"https:\/\/www.pmpf.rs.gov.br\/turismo\/2013\/07\/16\/passo-fundo-sedia-encontro-do-rs-mais-turismo-6081\/#breadcrumb\",\"itemListElement\":[{\"@type\":\"ListItem\",\"position\":1,\"name\":\"In\u00edcio\",\"item\":\"https:\/\/www.pmpf.rs.gov.br\/turismo\/\"},{\"@type\":\"ListItem\",\"position\":2,\"name\":\"Passo Fundo sedia encontro do RS Mais Turismo\"}]},{\"@type\":\"WebSite\",\"@id\":\"https:\/\/www.pmpf.rs.gov.br\/turismo\/#website\",\"url\":\"https:\/\/www.pmpf.rs.gov.br\/turismo\/\",\"name\":\"Turismo\",\"description\":\"Descubra Passo Fundo\",\"potentialAction\":[{\"@type\":\"SearchAction\",\"target\":{\"@type\":\"EntryPoint\",\"urlTemplate\":\"https:\/\/www.pmpf.rs.gov.br\/turismo\/?s={search_term_string}\"},\"query-input\":{\"@type\":\"PropertyValueSpecification\",\"valueRequired\":true,\"valueName\":\"search_term_string\"}}],\"inLanguage\":\"pt-BR\"},{\"@type\":\"Person\",\"@id\":\"https:\/\/www.pmpf.rs.gov.br\/turismo\/#\/schema\/person\/0c355b0fa68a7aa986c8594f7a60a2d7\",\"name\":\"mosite\",\"image\":{\"@type\":\"ImageObject\",\"inLanguage\":\"pt-BR\",\"@id\":\"https:\/\/www.pmpf.rs.gov.br\/turismo\/#\/schema\/person\/image\/\",\"url\":\"https:\/\/secure.gravatar.com\/avatar\/63d72595d6cecfe12bd8a94829d5a26c?s=96&d=mm&r=g\",\"contentUrl\":\"https:\/\/secure.gravatar.com\/avatar\/63d72595d6cecfe12bd8a94829d5a26c?s=96&d=mm&r=g\",\"caption\":\"mosite\"},\"sameAs\":[\"http:\/\/example.com\"],\"url\":\"https:\/\/www.pmpf.rs.gov.br\/turismo\/author\/mosite\/\"}]}<\/script>\n<!-- \/ Yoast SEO plugin. -->","yoast_head_json":{"title":"Passo Fundo sedia encontro do RS Mais Turismo - Turismo","robots":{"index":"index","follow":"follow","max-snippet":"max-snippet:-1","max-image-preview":"max-image-preview:large","max-video-preview":"max-video-preview:-1"},"canonical":"https:\/\/www.pmpf.rs.gov.br\/turismo\/2013\/07\/16\/passo-fundo-sedia-encontro-do-rs-mais-turismo-6081\/","og_locale":"pt_BR","og_type":"article","og_title":"Passo Fundo sedia encontro do RS Mais Turismo - Turismo","og_description":"Passo Fundo sedia encontro do RS Mais Turismo","og_url":"https:\/\/www.pmpf.rs.gov.br\/turismo\/2013\/07\/16\/passo-fundo-sedia-encontro-do-rs-mais-turismo-6081\/","og_site_name":"Turismo","article_published_time":"2013-07-16T06:00:00+00:00","og_image":[{"width":350,"height":216,"url":"https:\/\/www.pmpf.rs.gov.br\/turismo\/wp-content\/uploads\/sites\/51\/2021\/12\/I2013-12-11_033846_c10101.jpg","type":"image\/jpeg"}],"author":"mosite","twitter_card":"summary_large_image","twitter_misc":{"Escrito por":"mosite","Est. tempo de leitura":"1 minuto"},"schema":{"@context":"https:\/\/schema.org","@graph":[{"@type":"WebPage","@id":"https:\/\/www.pmpf.rs.gov.br\/turismo\/2013\/07\/16\/passo-fundo-sedia-encontro-do-rs-mais-turismo-6081\/","url":"https:\/\/www.pmpf.rs.gov.br\/turismo\/2013\/07\/16\/passo-fundo-sedia-encontro-do-rs-mais-turismo-6081\/","name":"Passo Fundo sedia encontro do RS Mais Turismo - Turismo","isPartOf":{"@id":"https:\/\/www.pmpf.rs.gov.br\/turismo\/#website"},"primaryImageOfPage":{"@id":"https:\/\/www.pmpf.rs.gov.br\/turismo\/2013\/07\/16\/passo-fundo-sedia-encontro-do-rs-mais-turismo-6081\/#primaryimage"},"image":{"@id":"https:\/\/www.pmpf.rs.gov.br\/turismo\/2013\/07\/16\/passo-fundo-sedia-encontro-do-rs-mais-turismo-6081\/#primaryimage"},"thumbnailUrl":"https:\/\/www.pmpf.rs.gov.br\/turismo\/wp-content\/uploads\/sites\/51\/2021\/12\/I2013-12-11_033846_c10101.jpg","datePublished":"2013-07-16T06:00:00+00:00","dateModified":"2013-07-16T06:00:00+00:00","author":{"@id":"https:\/\/www.pmpf.rs.gov.br\/turismo\/#\/schema\/person\/0c355b0fa68a7aa986c8594f7a60a2d7"},"breadcrumb":{"@id":"https:\/\/www.pmpf.rs.gov.br\/turismo\/2013\/07\/16\/passo-fundo-sedia-encontro-do-rs-mais-turismo-6081\/#breadcrumb"},"inLanguage":"pt-BR","potentialAction":[{"@type":"ReadAction","target":["https:\/\/www.pmpf.rs.gov.br\/turismo\/2013\/07\/16\/passo-fundo-sedia-encontro-do-rs-mais-turismo-6081\/"]}]},{"@type":"ImageObject","inLanguage":"pt-BR","@id":"https:\/\/www.pmpf.rs.gov.br\/turismo\/2013\/07\/16\/passo-fundo-sedia-encontro-do-rs-mais-turismo-6081\/#primaryimage","url":"https:\/\/www.pmpf.rs.gov.br\/turismo\/wp-content\/uploads\/sites\/51\/2021\/12\/I2013-12-11_033846_c10101.jpg","contentUrl":"https:\/\/www.pmpf.rs.gov.br\/turismo\/wp-content\/uploads\/sites\/51\/2021\/12\/I2013-12-11_033846_c10101.jpg","width":350,"height":216},{"@type":"BreadcrumbList","@id":"https:\/\/www.pmpf.rs.gov.br\/turismo\/2013\/07\/16\/passo-fundo-sedia-encontro-do-rs-mais-turismo-6081\/#breadcrumb","itemListElement":[{"@type":"ListItem","position":1,"name":"In\u00edcio","item":"https:\/\/www.pmpf.rs.gov.br\/turismo\/"},{"@type":"ListItem","position":2,"name":"Passo Fundo sedia encontro do RS Mais Turismo"}]},{"@type":"WebSite","@id":"https:\/\/www.pmpf.rs.gov.br\/turismo\/#website","url":"https:\/\/www.pmpf.rs.gov.br\/turismo\/","name":"Turismo","description":"Descubra Passo Fundo","potentialAction":[{"@type":"SearchAction","target":{"@type":"EntryPoint","urlTemplate":"https:\/\/www.pmpf.rs.gov.br\/turismo\/?s={search_term_string}"},"query-input":{"@type":"PropertyValueSpecification","valueRequired":true,"valueName":"search_term_string"}}],"inLanguage":"pt-BR"},{"@type":"Person","@id":"https:\/\/www.pmpf.rs.gov.br\/turismo\/#\/schema\/person\/0c355b0fa68a7aa986c8594f7a60a2d7","name":"mosite","image":{"@type":"ImageObject","inLanguage":"pt-BR","@id":"https:\/\/www.pmpf.rs.gov.br\/turismo\/#\/schema\/person\/image\/","url":"https:\/\/secure.gravatar.com\/avatar\/63d72595d6cecfe12bd8a94829d5a26c?s=96&d=mm&r=g","contentUrl":"https:\/\/secure.gravatar.com\/avatar\/63d72595d6cecfe12bd8a94829d5a26c?s=96&d=mm&r=g","caption":"mosite"},"sameAs":["http:\/\/example.com"],"url":"https:\/\/www.pmpf.rs.gov.br\/turismo\/author\/mosite\/"}]}},"_links":{"self":[{"href":"https:\/\/www.pmpf.rs.gov.br\/turismo\/wp-json\/wp\/v2\/posts\/30"}],"collection":[{"href":"https:\/\/www.pmpf.rs.gov.br\/turismo\/wp-json\/wp\/v2\/posts"}],"about":[{"href":"https:\/\/www.pmpf.rs.gov.br\/turismo\/wp-json\/wp\/v2\/types\/post"}],"author":[{"embeddable":true,"href":"https:\/\/www.pmpf.rs.gov.br\/turismo\/wp-json\/wp\/v2\/users\/1"}],"replies":[{"embeddable":true,"href":"https:\/\/www.pmpf.rs.gov.br\/turismo\/wp-json\/wp\/v2\/comments?post=30"}],"version-history":[{"count":0,"href":"https:\/\/www.pmpf.rs.gov.br\/turismo\/wp-json\/wp\/v2\/posts\/30\/revisions"}],"wp:featuredmedia":[{"embeddable":true,"href":"https:\/\/www.pmpf.rs.gov.br\/turismo\/wp-json\/wp\/v2\/media\/31"}],"wp:attachment":[{"href":"https:\/\/www.pmpf.rs.gov.br\/turismo\/wp-json\/wp\/v2\/media?parent=30"}],"wp:term":[{"taxonomy":"category","embeddable":true,"href":"https:\/\/www.pmpf.rs.gov.br\/turismo\/wp-json\/wp\/v2\/categories?post=30"},{"taxonomy":"post_tag","embeddable":true,"href":"https:\/\/www.pmpf.rs.gov.br\/turismo\/wp-json\/wp\/v2\/tags?post=30"}],"curies":[{"name":"wp","href":"https:\/\/api.w.org\/{rel}","templated":true}]}}