{"id":278,"date":"2011-02-23T03:00:00","date_gmt":"2011-02-23T06:00:00","guid":{"rendered":"https:\/\/www.pmpf.rs.gov.br\/turismo\/2011\/02\/23\/prefeitura-municipal-obtem-lucros-com-a-organizacao-do-xv-rodeio-53\/"},"modified":"2011-02-23T03:00:00","modified_gmt":"2011-02-23T06:00:00","slug":"prefeitura-municipal-obtem-lucros-com-a-organizacao-do-xv-rodeio-53","status":"publish","type":"post","link":"https:\/\/www.pmpf.rs.gov.br\/turismo\/2011\/02\/23\/prefeitura-municipal-obtem-lucros-com-a-organizacao-do-xv-rodeio-53\/","title":{"rendered":"Prefeitura Municipal obt\u00e9m lucros com a organiza\u00e7\u00e3o do XV Rodeio"},"content":{"rendered":"<div style=\"text-align: justify; \">\n<p>Na tarde desta quarta-feira, a equipe respons\u00e1vel pela organiza\u00e7\u00e3o do XV Rodeio Internacional de Passo Fundo, realizou uma explana\u00e7\u00e3o no gabinete do prefeito municipal, Airton L\u00e2ngaro Dipp, prestando contas do evento. Realizado entre os dias 04 e 13 de fevereiro, o rodeio foi promovido pela Prefeitura Municipal e 7\u00aa Regi\u00e3o Tradicionalista, sendo realizado atrav\u00e9s da Funzoctur \u2013 Funda\u00e7\u00e3o Zoobot\u00e2nica Cultural e de Turismo da Rosel\u00e2ndia, juntamente com o grupo Cultural e Tradicionalista Cavaleiros do Planalto M\u00e9dio.<br \/>O diretor da Funzoctur, Ant\u00f4nio Augusto Reveilleau, mais uma vez destacou o sucesso do evento, e que ele foi \u201cconstru\u00eddo h\u00e0 v\u00e1rias m\u00e3os\u201d, al\u00e9m de ressaltar o empenho dos coordenadores e a import\u00e2ncia das parcerias. Ele lembrou ainda que o rodeio come\u00e7ou a ser organizado um ano antes, e que a Funzoctur ap\u00f3s receber a not\u00edcia de que n\u00e3o receberia verbas atrav\u00e9s da LIC (Lei de Incentivo \u00e0 Cultura), teve que mudar de estrat\u00e9gia para que tudo desse certo. <br \/>Em seguida, Reveilleau passou a palavra ao coordenador administrativo e financeiro do evento, Vitor Paulo Machado, que destacou todos as despesas e investimentos.<br \/>Numa receita total de R$ 879.034,00 mil, sendo R$ 120 mil oriundos do Executivo, R$ 195 de patrocinadores, e R$ 564 mil de v\u00e1rias receitas, como: R$ 236 mil de portaria, R$ 46 mil de estacionamento e R$ 154 mil da venda de espa\u00e7os comerciais, entre outras, o rodeio teve uma despesa de R$ 876.234,50, com um lucro de R$ 2.799,50. \u201cSe n\u00e3o tivesse chovido os dez dias de evento, com certeza ter\u00edamos um lucro maior\u201d, disse Vitor Machado.<br \/>Na oportunidade, o prefeito municipal, Airton L\u00e2ngaro Dipp, al\u00e9m de tamb\u00e9m parabenizar a equipe envolvida com o rodeio, disse que a resposta do evento foi \u00f3tima, principalmente na sua organiza\u00e7\u00e3o. \u201cEsse foi mais um evento para as fam\u00edlias. Quem o freq\u00fcentou viu \u00f3timos shows e disputas campeiras e art\u00edsticas\u201d, disse ele. Dipp tamb\u00e9m fez men\u00e7\u00e3o \u00e0 limpeza e a seguran\u00e7a do Parque de Rodeios da Rosel\u00e2ndia<br \/>Sobre o pr\u00f3ximo evento, ele salientou a import\u00e2ncia da prefeitura conseguir verbas atrav\u00e9s da Lei Federal Rouanet, e que somadas aos recursos privados, levar\u00e3o a Prefeitura de Passo Fundo a alocar cada vez menos recursos pr\u00f3prios na organiza\u00e7\u00e3o da festividade.<br \/>O XV Rodeio foi o maior j\u00e1 realizado no munic\u00edpio de Passo Fundo, tanto no n\u00famero de entidades tradicionalistas inscritas, 170, como nas premia\u00e7\u00f5es entregues entre provas campeiras e art\u00edsticas, R$ 129 mil e teve como homenageado o cantor e compositor Teixeirinha.<\/div>\n<p><\/p>\n","protected":false},"excerpt":{"rendered":"<p>Na tarde desta quarta-feira, a equipe respons\u00e1vel pela organiza\u00e7\u00e3o do XV Rodeio Internacional de Passo Fundo, realizou uma explana\u00e7\u00e3o no gabinete do prefeito municipal, Airton L\u00e2ngaro Dipp, prestando contas do evento. Realizado entre os dias 04 e 13 de fevereiro, o rodeio foi promovido pela Prefeitura Municipal e 7\u00aa Regi\u00e3o Tradicionalista, sendo realizado atrav\u00e9s da Funzoctur \u2013 Funda\u00e7\u00e3o Zoobot\u00e2nica Cultural e de Turismo da Rosel\u00e2ndia, juntamente com o grupo Cultural e Tradicionalista Cavaleiros do Planalto M\u00e9dio.<\/p>\n","protected":false},"author":1,"featured_media":279,"comment_status":"open","ping_status":"open","sticky":false,"template":"","format":"standard","meta":{"footnotes":""},"categories":[],"tags":[],"class_list":["post-278","post","type-post","status-publish","format-standard","has-post-thumbnail","hentry"],"yoast_head":"<!-- This site is optimized with the Yoast SEO plugin v23.8 - https:\/\/yoast.com\/wordpress\/plugins\/seo\/ -->\n<title>Prefeitura Municipal obt\u00e9m lucros com a organiza\u00e7\u00e3o do XV Rodeio - Turismo<\/title>\n<meta name=\"robots\" content=\"index, follow, max-snippet:-1, max-image-preview:large, max-video-preview:-1\" \/>\n<link rel=\"canonical\" href=\"https:\/\/www.pmpf.rs.gov.br\/turismo\/2011\/02\/23\/prefeitura-municipal-obtem-lucros-com-a-organizacao-do-xv-rodeio-53\/\" \/>\n<meta property=\"og:locale\" content=\"pt_BR\" \/>\n<meta property=\"og:type\" content=\"article\" \/>\n<meta property=\"og:title\" content=\"Prefeitura Municipal obt\u00e9m lucros com a organiza\u00e7\u00e3o do XV Rodeio - Turismo\" \/>\n<meta property=\"og:description\" content=\"Na tarde desta quarta-feira, a equipe respons\u00e1vel pela organiza\u00e7\u00e3o do XV Rodeio Internacional de Passo Fundo, realizou uma explana\u00e7\u00e3o no gabinete do prefeito municipal, Airton L\u00e2ngaro Dipp, prestando contas do evento. Realizado entre os dias 04 e 13 de fevereiro, o rodeio foi promovido pela Prefeitura Municipal e 7\u00aa Regi\u00e3o Tradicionalista, sendo realizado atrav\u00e9s da Funzoctur \u2013 Funda\u00e7\u00e3o Zoobot\u00e2nica Cultural e de Turismo da Rosel\u00e2ndia, juntamente com o grupo Cultural e Tradicionalista Cavaleiros do Planalto M\u00e9dio.\" \/>\n<meta property=\"og:url\" content=\"https:\/\/www.pmpf.rs.gov.br\/turismo\/2011\/02\/23\/prefeitura-municipal-obtem-lucros-com-a-organizacao-do-xv-rodeio-53\/\" \/>\n<meta property=\"og:site_name\" content=\"Turismo\" \/>\n<meta property=\"article:published_time\" content=\"2011-02-23T06:00:00+00:00\" \/>\n<meta property=\"og:image\" content=\"https:\/\/www.pmpf.rs.gov.br\/turismo\/wp-content\/uploads\/sites\/51\/2021\/12\/I2013-05-07_062643_c7796.jpg\" \/>\n\t<meta property=\"og:image:width\" content=\"640\" \/>\n\t<meta property=\"og:image:height\" content=\"427\" \/>\n\t<meta property=\"og:image:type\" content=\"image\/jpeg\" \/>\n<meta name=\"author\" content=\"mosite\" \/>\n<meta name=\"twitter:card\" content=\"summary_large_image\" \/>\n<meta name=\"twitter:label1\" content=\"Escrito por\" \/>\n\t<meta name=\"twitter:data1\" content=\"mosite\" \/>\n\t<meta name=\"twitter:label2\" content=\"Est. tempo de leitura\" \/>\n\t<meta name=\"twitter:data2\" content=\"2 minutos\" \/>\n<script type=\"application\/ld+json\" class=\"yoast-schema-graph\">{\"@context\":\"https:\/\/schema.org\",\"@graph\":[{\"@type\":\"WebPage\",\"@id\":\"https:\/\/www.pmpf.rs.gov.br\/turismo\/2011\/02\/23\/prefeitura-municipal-obtem-lucros-com-a-organizacao-do-xv-rodeio-53\/\",\"url\":\"https:\/\/www.pmpf.rs.gov.br\/turismo\/2011\/02\/23\/prefeitura-municipal-obtem-lucros-com-a-organizacao-do-xv-rodeio-53\/\",\"name\":\"Prefeitura Municipal obt\u00e9m lucros com a organiza\u00e7\u00e3o do XV Rodeio - Turismo\",\"isPartOf\":{\"@id\":\"https:\/\/www.pmpf.rs.gov.br\/turismo\/#website\"},\"primaryImageOfPage\":{\"@id\":\"https:\/\/www.pmpf.rs.gov.br\/turismo\/2011\/02\/23\/prefeitura-municipal-obtem-lucros-com-a-organizacao-do-xv-rodeio-53\/#primaryimage\"},\"image\":{\"@id\":\"https:\/\/www.pmpf.rs.gov.br\/turismo\/2011\/02\/23\/prefeitura-municipal-obtem-lucros-com-a-organizacao-do-xv-rodeio-53\/#primaryimage\"},\"thumbnailUrl\":\"https:\/\/www.pmpf.rs.gov.br\/turismo\/wp-content\/uploads\/sites\/51\/2021\/12\/I2013-05-07_062643_c7796.jpg\",\"datePublished\":\"2011-02-23T06:00:00+00:00\",\"dateModified\":\"2011-02-23T06:00:00+00:00\",\"author\":{\"@id\":\"https:\/\/www.pmpf.rs.gov.br\/turismo\/#\/schema\/person\/0c355b0fa68a7aa986c8594f7a60a2d7\"},\"breadcrumb\":{\"@id\":\"https:\/\/www.pmpf.rs.gov.br\/turismo\/2011\/02\/23\/prefeitura-municipal-obtem-lucros-com-a-organizacao-do-xv-rodeio-53\/#breadcrumb\"},\"inLanguage\":\"pt-BR\",\"potentialAction\":[{\"@type\":\"ReadAction\",\"target\":[\"https:\/\/www.pmpf.rs.gov.br\/turismo\/2011\/02\/23\/prefeitura-municipal-obtem-lucros-com-a-organizacao-do-xv-rodeio-53\/\"]}]},{\"@type\":\"ImageObject\",\"inLanguage\":\"pt-BR\",\"@id\":\"https:\/\/www.pmpf.rs.gov.br\/turismo\/2011\/02\/23\/prefeitura-municipal-obtem-lucros-com-a-organizacao-do-xv-rodeio-53\/#primaryimage\",\"url\":\"https:\/\/www.pmpf.rs.gov.br\/turismo\/wp-content\/uploads\/sites\/51\/2021\/12\/I2013-05-07_062643_c7796.jpg\",\"contentUrl\":\"https:\/\/www.pmpf.rs.gov.br\/turismo\/wp-content\/uploads\/sites\/51\/2021\/12\/I2013-05-07_062643_c7796.jpg\",\"width\":640,\"height\":427},{\"@type\":\"BreadcrumbList\",\"@id\":\"https:\/\/www.pmpf.rs.gov.br\/turismo\/2011\/02\/23\/prefeitura-municipal-obtem-lucros-com-a-organizacao-do-xv-rodeio-53\/#breadcrumb\",\"itemListElement\":[{\"@type\":\"ListItem\",\"position\":1,\"name\":\"In\u00edcio\",\"item\":\"https:\/\/www.pmpf.rs.gov.br\/turismo\/\"},{\"@type\":\"ListItem\",\"position\":2,\"name\":\"Prefeitura Municipal obt\u00e9m lucros com a organiza\u00e7\u00e3o do XV Rodeio\"}]},{\"@type\":\"WebSite\",\"@id\":\"https:\/\/www.pmpf.rs.gov.br\/turismo\/#website\",\"url\":\"https:\/\/www.pmpf.rs.gov.br\/turismo\/\",\"name\":\"Turismo\",\"description\":\"Descubra Passo Fundo\",\"potentialAction\":[{\"@type\":\"SearchAction\",\"target\":{\"@type\":\"EntryPoint\",\"urlTemplate\":\"https:\/\/www.pmpf.rs.gov.br\/turismo\/?s={search_term_string}\"},\"query-input\":{\"@type\":\"PropertyValueSpecification\",\"valueRequired\":true,\"valueName\":\"search_term_string\"}}],\"inLanguage\":\"pt-BR\"},{\"@type\":\"Person\",\"@id\":\"https:\/\/www.pmpf.rs.gov.br\/turismo\/#\/schema\/person\/0c355b0fa68a7aa986c8594f7a60a2d7\",\"name\":\"mosite\",\"image\":{\"@type\":\"ImageObject\",\"inLanguage\":\"pt-BR\",\"@id\":\"https:\/\/www.pmpf.rs.gov.br\/turismo\/#\/schema\/person\/image\/\",\"url\":\"https:\/\/secure.gravatar.com\/avatar\/63d72595d6cecfe12bd8a94829d5a26c?s=96&d=mm&r=g\",\"contentUrl\":\"https:\/\/secure.gravatar.com\/avatar\/63d72595d6cecfe12bd8a94829d5a26c?s=96&d=mm&r=g\",\"caption\":\"mosite\"},\"sameAs\":[\"http:\/\/example.com\"],\"url\":\"https:\/\/www.pmpf.rs.gov.br\/turismo\/author\/mosite\/\"}]}<\/script>\n<!-- \/ Yoast SEO plugin. -->","yoast_head_json":{"title":"Prefeitura Municipal obt\u00e9m lucros com a organiza\u00e7\u00e3o do XV Rodeio - Turismo","robots":{"index":"index","follow":"follow","max-snippet":"max-snippet:-1","max-image-preview":"max-image-preview:large","max-video-preview":"max-video-preview:-1"},"canonical":"https:\/\/www.pmpf.rs.gov.br\/turismo\/2011\/02\/23\/prefeitura-municipal-obtem-lucros-com-a-organizacao-do-xv-rodeio-53\/","og_locale":"pt_BR","og_type":"article","og_title":"Prefeitura Municipal obt\u00e9m lucros com a organiza\u00e7\u00e3o do XV Rodeio - Turismo","og_description":"Na tarde desta quarta-feira, a equipe respons\u00e1vel pela organiza\u00e7\u00e3o do XV Rodeio Internacional de Passo Fundo, realizou uma explana\u00e7\u00e3o no gabinete do prefeito municipal, Airton L\u00e2ngaro Dipp, prestando contas do evento. Realizado entre os dias 04 e 13 de fevereiro, o rodeio foi promovido pela Prefeitura Municipal e 7\u00aa Regi\u00e3o Tradicionalista, sendo realizado atrav\u00e9s da Funzoctur \u2013 Funda\u00e7\u00e3o Zoobot\u00e2nica Cultural e de Turismo da Rosel\u00e2ndia, juntamente com o grupo Cultural e Tradicionalista Cavaleiros do Planalto M\u00e9dio.","og_url":"https:\/\/www.pmpf.rs.gov.br\/turismo\/2011\/02\/23\/prefeitura-municipal-obtem-lucros-com-a-organizacao-do-xv-rodeio-53\/","og_site_name":"Turismo","article_published_time":"2011-02-23T06:00:00+00:00","og_image":[{"width":640,"height":427,"url":"https:\/\/www.pmpf.rs.gov.br\/turismo\/wp-content\/uploads\/sites\/51\/2021\/12\/I2013-05-07_062643_c7796.jpg","type":"image\/jpeg"}],"author":"mosite","twitter_card":"summary_large_image","twitter_misc":{"Escrito por":"mosite","Est. tempo de leitura":"2 minutos"},"schema":{"@context":"https:\/\/schema.org","@graph":[{"@type":"WebPage","@id":"https:\/\/www.pmpf.rs.gov.br\/turismo\/2011\/02\/23\/prefeitura-municipal-obtem-lucros-com-a-organizacao-do-xv-rodeio-53\/","url":"https:\/\/www.pmpf.rs.gov.br\/turismo\/2011\/02\/23\/prefeitura-municipal-obtem-lucros-com-a-organizacao-do-xv-rodeio-53\/","name":"Prefeitura Municipal obt\u00e9m lucros com a organiza\u00e7\u00e3o do XV Rodeio - Turismo","isPartOf":{"@id":"https:\/\/www.pmpf.rs.gov.br\/turismo\/#website"},"primaryImageOfPage":{"@id":"https:\/\/www.pmpf.rs.gov.br\/turismo\/2011\/02\/23\/prefeitura-municipal-obtem-lucros-com-a-organizacao-do-xv-rodeio-53\/#primaryimage"},"image":{"@id":"https:\/\/www.pmpf.rs.gov.br\/turismo\/2011\/02\/23\/prefeitura-municipal-obtem-lucros-com-a-organizacao-do-xv-rodeio-53\/#primaryimage"},"thumbnailUrl":"https:\/\/www.pmpf.rs.gov.br\/turismo\/wp-content\/uploads\/sites\/51\/2021\/12\/I2013-05-07_062643_c7796.jpg","datePublished":"2011-02-23T06:00:00+00:00","dateModified":"2011-02-23T06:00:00+00:00","author":{"@id":"https:\/\/www.pmpf.rs.gov.br\/turismo\/#\/schema\/person\/0c355b0fa68a7aa986c8594f7a60a2d7"},"breadcrumb":{"@id":"https:\/\/www.pmpf.rs.gov.br\/turismo\/2011\/02\/23\/prefeitura-municipal-obtem-lucros-com-a-organizacao-do-xv-rodeio-53\/#breadcrumb"},"inLanguage":"pt-BR","potentialAction":[{"@type":"ReadAction","target":["https:\/\/www.pmpf.rs.gov.br\/turismo\/2011\/02\/23\/prefeitura-municipal-obtem-lucros-com-a-organizacao-do-xv-rodeio-53\/"]}]},{"@type":"ImageObject","inLanguage":"pt-BR","@id":"https:\/\/www.pmpf.rs.gov.br\/turismo\/2011\/02\/23\/prefeitura-municipal-obtem-lucros-com-a-organizacao-do-xv-rodeio-53\/#primaryimage","url":"https:\/\/www.pmpf.rs.gov.br\/turismo\/wp-content\/uploads\/sites\/51\/2021\/12\/I2013-05-07_062643_c7796.jpg","contentUrl":"https:\/\/www.pmpf.rs.gov.br\/turismo\/wp-content\/uploads\/sites\/51\/2021\/12\/I2013-05-07_062643_c7796.jpg","width":640,"height":427},{"@type":"BreadcrumbList","@id":"https:\/\/www.pmpf.rs.gov.br\/turismo\/2011\/02\/23\/prefeitura-municipal-obtem-lucros-com-a-organizacao-do-xv-rodeio-53\/#breadcrumb","itemListElement":[{"@type":"ListItem","position":1,"name":"In\u00edcio","item":"https:\/\/www.pmpf.rs.gov.br\/turismo\/"},{"@type":"ListItem","position":2,"name":"Prefeitura Municipal obt\u00e9m lucros com a organiza\u00e7\u00e3o do XV Rodeio"}]},{"@type":"WebSite","@id":"https:\/\/www.pmpf.rs.gov.br\/turismo\/#website","url":"https:\/\/www.pmpf.rs.gov.br\/turismo\/","name":"Turismo","description":"Descubra Passo Fundo","potentialAction":[{"@type":"SearchAction","target":{"@type":"EntryPoint","urlTemplate":"https:\/\/www.pmpf.rs.gov.br\/turismo\/?s={search_term_string}"},"query-input":{"@type":"PropertyValueSpecification","valueRequired":true,"valueName":"search_term_string"}}],"inLanguage":"pt-BR"},{"@type":"Person","@id":"https:\/\/www.pmpf.rs.gov.br\/turismo\/#\/schema\/person\/0c355b0fa68a7aa986c8594f7a60a2d7","name":"mosite","image":{"@type":"ImageObject","inLanguage":"pt-BR","@id":"https:\/\/www.pmpf.rs.gov.br\/turismo\/#\/schema\/person\/image\/","url":"https:\/\/secure.gravatar.com\/avatar\/63d72595d6cecfe12bd8a94829d5a26c?s=96&d=mm&r=g","contentUrl":"https:\/\/secure.gravatar.com\/avatar\/63d72595d6cecfe12bd8a94829d5a26c?s=96&d=mm&r=g","caption":"mosite"},"sameAs":["http:\/\/example.com"],"url":"https:\/\/www.pmpf.rs.gov.br\/turismo\/author\/mosite\/"}]}},"_links":{"self":[{"href":"https:\/\/www.pmpf.rs.gov.br\/turismo\/wp-json\/wp\/v2\/posts\/278"}],"collection":[{"href":"https:\/\/www.pmpf.rs.gov.br\/turismo\/wp-json\/wp\/v2\/posts"}],"about":[{"href":"https:\/\/www.pmpf.rs.gov.br\/turismo\/wp-json\/wp\/v2\/types\/post"}],"author":[{"embeddable":true,"href":"https:\/\/www.pmpf.rs.gov.br\/turismo\/wp-json\/wp\/v2\/users\/1"}],"replies":[{"embeddable":true,"href":"https:\/\/www.pmpf.rs.gov.br\/turismo\/wp-json\/wp\/v2\/comments?post=278"}],"version-history":[{"count":0,"href":"https:\/\/www.pmpf.rs.gov.br\/turismo\/wp-json\/wp\/v2\/posts\/278\/revisions"}],"wp:featuredmedia":[{"embeddable":true,"href":"https:\/\/www.pmpf.rs.gov.br\/turismo\/wp-json\/wp\/v2\/media\/279"}],"wp:attachment":[{"href":"https:\/\/www.pmpf.rs.gov.br\/turismo\/wp-json\/wp\/v2\/media?parent=278"}],"wp:term":[{"taxonomy":"category","embeddable":true,"href":"https:\/\/www.pmpf.rs.gov.br\/turismo\/wp-json\/wp\/v2\/categories?post=278"},{"taxonomy":"post_tag","embeddable":true,"href":"https:\/\/www.pmpf.rs.gov.br\/turismo\/wp-json\/wp\/v2\/tags?post=278"}],"curies":[{"name":"wp","href":"https:\/\/api.w.org\/{rel}","templated":true}]}}