{"id":276,"date":"2015-08-28T03:00:00","date_gmt":"2015-08-28T06:00:00","guid":{"rendered":"https:\/\/www.pmpf.rs.gov.br\/turismo\/2015\/08\/28\/abertura-dos-festejos-farroupilhas-9921\/"},"modified":"2015-08-28T03:00:00","modified_gmt":"2015-08-28T06:00:00","slug":"abertura-dos-festejos-farroupilhas-9921","status":"publish","type":"post","link":"https:\/\/www.pmpf.rs.gov.br\/turismo\/2015\/08\/28\/abertura-dos-festejos-farroupilhas-9921\/","title":{"rendered":"Abertura dos Festejos Farroupilhas"},"content":{"rendered":"<p>A fus\u00e3o do Fogo Simb\u00f3lico e da Chama Crioula abrir\u00e1 as atividades oficiais do Festejos Farroupilhas 2015 em Passo Fundo. Nos dias 05 e 06 de setembro, o Parque da Rosel\u00e2ndia receber\u00e1 tradicionalistas da cidade e regi\u00e3o para celebrar o m\u00eas dedicado \u00e0s tradi\u00e7\u00f5es ga\u00fachas. A comiss\u00e3o organizadora dos Festejos Farroupilhas \u00e9 composta pela Prefeitura de Passo Fundo, 7\u00aa Regi\u00e3o do MTG, Brigada Militar e 7\u00aa Coordenadoria Regional de Educa\u00e7\u00e3o. <\/p>\n<p>Com o tema \u201cO campeirismo ga\u00facho e sua import\u00e2ncia social e cultural\u201d, o objetivo \u00e9 levar para os acampamentos e desfiles a viv\u00eancia das entidades tradicionalistas, al\u00e9m de uma variedade de express\u00f5es das atividades do homem no campo. A ideia \u00e9 trazer para o presente o imagin\u00e1rio de figuras como o homem e o cavalo, a m\u00fasica campeira, o la\u00e7o, os afazeres dom\u00e9sticos, a arte do guasqueiro, o galp\u00e3o, o alambrado, a tosquia e a ordenha.<\/p>\n<p>Ap\u00f3s a abertura oficial, de 08 a 20 de setembro, acontecem os tradicionais encontros nos CTGs e grupos e associa\u00e7\u00f5es tradicionalistas, com mateada, atividades culturais, ronda, Caf\u00e9 de Chaleira, almo\u00e7os e jantares com a t\u00edpica culin\u00e1ria ga\u00facha. <\/p>\n<p>No dia 13 de setembro, a partir das 14h, na Avenida 7 de Setembro (Gare), ser\u00e1 realizado o Desfile Tem\u00e1tico da 23\u00aa Mostra da Cultura Ga\u00facha, com representatividade de oito entidades. <\/p>\n<p><b>Desfile do dia 20 de setembro \u00e9 adiado <\/b><br \/>As entidades tradicionalistas e a comiss\u00e3o organizadora dos Festejos Farroupilhas decidiram que n\u00e3o haver\u00e1 o Desfile Farroupilha, no dia 20 de setembro. O motivo do cancelamento \u00e9 a doen\u00e7a do Mormo. <\/p>\n<p>Segundo o secret\u00e1rio de Cultura, Pedro Almeida, a decis\u00e3o busca garantir o bem-estar de todos. \u201c\u00c9 uma quest\u00e3o de garantir a sa\u00fade p\u00fablica. Seria necess\u00e1rio um cuidado muito grande e que foge ao controle. De qualquer forma, isso n\u00e3o ir\u00e1 interferir na extensa programa\u00e7\u00e3o que est\u00e1 prevista para comemorar os festejos do m\u00eas que marca a tradi\u00e7\u00e3o ga\u00facha\u201d, ressaltou. <br \/><b><br \/><\/b><\/p>\n<div align=\"center\"><b>Programa\u00e7\u00e3o dos Festejos Farroupilhas <br \/><\/b><\/div>\n<p><b><br \/>05 e 06 de setembro \u2013 s\u00e1bado e domingo <\/b><br \/><i>Parque da Rosel\u00e2ndia<\/i><br \/>Ta\u00e7a Chama Crioula <\/p>\n<p><b>06 de setembro \u2013 domingo <\/b><br \/><i>Parque da Rosel\u00e2ndia<\/i><br \/>11h <br \/>Solenidade de Fus\u00e3o do Fogo Simb\u00f3lico e da Chama Crioula e abertura oficial dos Festejos Farroupilhas. <\/p>\n<p><b>08 de setembro \u2013 ter\u00e7a-feira <\/b><br \/><i>Departamento Tradicionalista do Simpasso<\/i><br \/>Endere\u00e7o: Rua Antonino de Morais, 440 \u2013 Bairro Petr\u00f3polis.<br \/>Patr\u00e3o: Jos\u00e9 Ant\u00f4nio Rodrigues da Silva.<br \/>Informa\u00e7\u00f5es: (54) 9159-6770 \/ (54) 9926-0017.<\/p>\n<p>7h: Mateada<br \/>8h: Hasteamento das Bandeiras.<br \/>8h30min: Caf\u00e9 de Chaleira (R$ 5,00 por pessoa).<br \/>12h: Almo\u00e7o \u2013 prato t\u00edpico: costela de gado com mandioca.<br \/>18h: Arriamento das Bandeiras.<br \/>20h: Jantar \u2013 prato t\u00edpico: costela de gado com mandioca.<br \/>*Atividades culturais durante todo o dia.<\/p>\n<p><b>09 de setembro \u2013 quarta-feira <\/b><br \/><i>Departamento Tradicionalista do Clube Juvenil<\/i><br \/>Endere\u00e7o: Sede Campestre do Parque dos Viajantes.<br \/>Patr\u00e3o: Carlos Alberto Souza Alves.<br \/>Informa\u00e7\u00f5es: (54) 9108-6309.<\/p>\n<p>7h: Mateada.<br \/>8h: Hasteamento das Bandeiras.<br \/>8h30min: Caf\u00e9 de Chaleira (R$ 5,00 por pessoa).<br \/>12 horas: Almo\u00e7o \u2013 prato t\u00edpico: feijoada.<br \/>18 horas: Arriamento das Bandeiras.<br \/>*Atividades culturais durante todo o dia.<\/p>\n<p><b>10 de setembro \u2013 quinta-feira <\/b><br \/><i>Grupo Cultural e Tradicionalista Cavaleiros do Mercosul<\/i><br \/>Endere\u00e7o: Parque da Rosel\u00e2ndia. <br \/>Patr\u00e3o: Varlei Catto.\u00a0\u00a0\u00a0\u00a0\u00a0\u00a0 \u00a0<br \/>Informa\u00e7\u00f5es: (54) 81356410 \/ (54) 3314-6229 \/ (54) 999-44380.<\/p>\n<p>7h: Mateada.<br \/>8h: Hasteamento das Bandeiras.<br \/>8h30min: Caf\u00e9 de Chaleira (R$ 5,00 por pessoa).<br \/>12h: Almo\u00e7o \u2013 prato t\u00edpico: carreteiro de charque.<br \/>18h: Arriamento das Bandeiras.<br \/>20h: Jantar \u2013 prato t\u00edpico: carreteiro de charque.<br \/>*Atividades culturais durante todo o dia.<\/p>\n<p><b>11 de setembro \u2013 sexta-feira <\/b><br \/><i>CTG Uni\u00e3o Campeira<\/i><br \/>Endere\u00e7o: Avenida Aspirante Jenner, 251 \u2013 Vila Santa Maria.<br \/>Patr\u00e3o: Rudimar dos Santos.<br \/>Informa\u00e7\u00f5es: (54) 9940-5440 \/ (54) 91618283.<\/p>\n<p>7h: Mateada.<br \/>8h: Hasteamento das Bandeiras.<br \/>8h30min: Caf\u00e9 de Chaleira (R$ 5,00 por pessoa).<br \/>12h: Almo\u00e7o \u2013 prato t\u00edpico: costela de porco com batata doce.<br \/>18 horas: Arriamento das Bandeiras.<br \/>20h30min \u2013 prato t\u00edpico: costela de porco com batata doce.<br \/>*Atividades culturais durante todo o dia.<\/p>\n<p><b>12 de setembro \u2013 s\u00e1bado <\/b><br \/><i>CTG Lalau Miranda<\/i><br \/>Endere\u00e7o: Rua Uruguai 11 A. <br \/>Patr\u00e3o: Jos\u00e9 Henrique Fonseca.\u00a0\u00a0\u00a0 \u00a0<br \/>Informa\u00e7\u00f5es: (54) 3313-1436.<br \/>7h: Mateada.<br \/>8h: Hasteamento das Bandeiras.<br \/>8h30min: Caf\u00e9 de Chaleira (R$ 5,00 por pessoa).<br \/>12h: Almo\u00e7o \u2013 prato t\u00edpico: costel\u00e3o.<br \/>18h: Arriamento das Bandeiras.<br \/>20h: Jantar \u2013 prato t\u00edpico: costel\u00e3o.<br \/>*Atividades culturais durante todo o dia.<\/p>\n<p><i>CTG Amigos da Tradi\u00e7\u00e3o<\/i><br \/>Endere\u00e7o: Bela Vista. <br \/>Patr\u00e3o: Adonis Felix Dalmaso.<br \/>Informa\u00e7\u00f5es: (54) 9944-3219 \/ (54) 9981-3742. <\/p>\n<p>7h: Mateada.<br \/>8h: Hasteamento das Bandeiras.<br \/>8h30min: Caf\u00e9 de Chaleira (R$ 5,00 por pessoa).<br \/>12h: Almo\u00e7o \u2013 prato t\u00edpico: carne de porco com couve e arroz.<br \/>18h: Arriamento das Bandeiras.<br \/>20h: Jantar \u2013 prato t\u00edpico: carne de porco com couve e arroz.<\/p>\n<p><b>13 de setembro \u2013 domingo <\/b><br \/><i>CTG Tropel de Caudilhos<\/i><br \/>Endere\u00e7o: Sitio Dona Carmelinda s\/n\u00ba \u2013 Vila Santa Marta.<br \/>Patr\u00e3o: Oilso Almir Zanusso.<br \/>Informa\u00e7\u00f5es: (54) 9966-2825. <\/p>\n<p>7h: Mateada.<br \/>8h: Hasteamento das Bandeiras.<br \/>8h30min: Caf\u00e9 de Chaleira (R$ 5,00 por pessoa).<br \/>12h: Almo\u00e7o \u2013prato t\u00edpico: churrasco.<br \/>18h: Arriamento das Bandeiras.<br \/>*Atividades culturais durante todo o dia.<\/p>\n<p><b>23\u00aa Mostra da Cultura Ga\u00facha <\/b><br \/><i>Avenida 7 de Setembro (Gare)<\/i><br \/><i>14h<\/i><b><br \/><\/b><br \/>Tema Central: o campeirismo ga\u00facho e sua import\u00e2ncia social e cultural.<\/p>\n<p>1 \u2013 GTF Guapos da Agronomia <br \/>Tema: a luta entre o homem e o cavalo.<\/p>\n<p>2 \u2013 CTG Dom Luiz Felipe de Nadal<br \/>Tema: a m\u00fasica campeira.<\/p>\n<p>3 \u2013 CTG Fagundes dos Reis<br \/>Tema: o la\u00e7o do servi\u00e7o ao lazer.<\/p>\n<p>4 \u2013 Departamento Tradicionalista Juvenil<br \/>Tema: afazeres dom\u00e9sticos.<\/p>\n<p>5 \u2013 Associa\u00e7\u00e3o de Trovadores Pedro Ribeiro da Luz<br \/>Tema: o guasqueiro.<\/p>\n<p>6 \u2013 CTG Moacyr da Motta Fortes<br \/>Tema: no galp\u00e3o.<\/p>\n<p>7 \u2013 GCT Cavaleiro do Mercosul<br \/>Tema: a tosquia e o alambrado.<\/p>\n<p>8 \u2013 CTG Est\u00e2ncia Nova<br \/>Tema: a ordenha.<\/p>\n<p><b>14 de setembro \u2013 segunda-feira <\/b><br \/><i>CTG Eduardo Muller<\/i><br \/>Endere\u00e7o: Rua Tonico Silva, 716 \u2013 Edmundo Trein. <br \/>Patr\u00e3o: Alcedir Sitta.<br \/>Informa\u00e7\u00f5es: (54) 8409-5879 \/ (54) 3314-1360.<br \/>\u00a0 <br \/>7h: Mateada.<br \/>8h: Hasteamento das Bandeiras.<br \/>8h30min: Caf\u00e9 de Chaleira (R$ 5,00 por pessoa).<br \/>12h: Almo\u00e7o \u2013 prato t\u00edpico: porco a pururuca.<br \/>18h: Arriamento das Bandeiras.<br \/>20h: Jantar \u2013 prato t\u00edpico: porco a pururuca.<br \/>*Atividades culturais durante todo o dia.<\/p>\n<p><i>Departamento Tradicionalista Industrial<\/i><br \/>Endere\u00e7o: Sede Campestre do Clube Industrial (Parque da Rosel\u00e2ndia).<br \/>Patr\u00e3o: Diogo da Silva Bortolon.<br \/>Informa\u00e7\u00f5es: (54) 3311-3367 ou (54) 9148-6006.<\/p>\n<p>7h: Mateada.<br \/>8h: Hasteamento das Bandeiras.<br \/>8h30min: Caf\u00e9 de Chaleira (R$ 5,00 por pessoa).<br \/>12h: Almo\u00e7o \u2013 prato t\u00edpico: carreteiro.<br \/>18h: Arriamento das Bandeiras.<br \/>20h: Jantar \u2013 prato t\u00edpico: carreteiro.<br \/>*Atividades culturais durante todo o dia.<\/p>\n<p><b>15 de setembro \u2013 ter\u00e7a-feira <\/b><br \/><i>CTG Est\u00e2ncia Nova<\/i><br \/>Endere\u00e7o: Rua Mu\u00e7um, n\u00ba 246 \u2013 Bairro Valinhos. <br \/>Patr\u00e3o: Pedrinho Quevedo.\u00a0\u00a0\u00a0\u00a0\u00a0\u00a0\u00a0\u00a0\u00a0\u00a0\u00a0\u00a0\u00a0\u00a0\u00a0\u00a0 <br \/>Informa\u00e7\u00f5es: (54)3045-1585 \/ (54) 3581-0030.<\/p>\n<p>7h: Mateada.<br \/>8h: Hasteamento das Bandeiras.<br \/>8h30min: Caf\u00e9 de Chaleira (R$ 5,00 por pessoa).<br \/>12h: Almo\u00e7o \u2013 prato t\u00edpico: costela de gado com mandioca.<br \/>18h: Arriamento das Bandeiras.<br \/>*Atividades culturais durante todo o dia.<\/p>\n<p><b>16 de setembro \u2013 quarta-feira <\/b><br \/><i>CTG Moacyr da Motta Fortes<\/i><br \/>Endere\u00e7o: Serafim Lemos de Mello 342.\u00a0 <br \/>Patr\u00e3o: Jorge Floriano Correa da Silva.<br \/>Informa\u00e7\u00f5es: (54) 91415469 \/ (54)3315-5402.<\/p>\n<p>7h: Mateada.<br \/>8h: Hasteamento das Bandeiras.<br \/>8h30min: Caf\u00e9 de Chaleira (R$ 5,00 por pessoa).<br \/>12h: Almo\u00e7o \u2013 prato t\u00edpico: macarronada campeira.<br \/>18h: Arriamento das Bandeiras. <br \/>20h: Jantar \u2013 prato t\u00edpico: churrasco.<br \/>*Atividades culturais durante todo o dia.<\/p>\n<p><b>17 de setembro \u2013 quinta-feira <\/b><br \/><i>CTG Fagundes dos Reis<\/i><br \/>Endere\u00e7o: Rua Alagoas n\u00b0 300 \u2013 Bairro S\u00e3o Jos\u00e9.\u00a0 <br \/>Patr\u00e3o: Darci Jorge da Silva.<br \/>Informa\u00e7\u00f5es: (54) 99749326. <\/p>\n<p>7h: Mateada.<br \/>8h: Hasteamento das Bandeiras.<br \/>8h30min: Caf\u00e9 de Chaleira (R$ 5,00 por pessoa).<br \/>12h: Almo\u00e7o \u2013 prato t\u00edpico: feijoada.<br \/>18h: Arriamento das Bandeiras. <br \/>20h: Jantar \u2013 prato t\u00edpico: feijoada.<br \/>*Atividades culturais durante todo o dia.<\/p>\n<p><b>18 de setembro \u2013 sexta-feira <\/b><br \/><i>CTG Dom Luiz Felipe de Nadal<\/i><br \/>Endere\u00e7o: Rua Mato Castelhano n\u00ba 120 \u2013 Bairro S\u00e3o Crist\u00f3v\u00e3o. <br \/>Patr\u00e3o: Ant\u00f4nio Bortolotti.<br \/>Informa\u00e7\u00f5es: (54) 3315-5266 \/ (54) 9193-9477 \/ (54) 9130-8181.<\/p>\n<p>7h: Mateada.<br \/>8h: Hasteamento das Bandeiras.<br \/>8h30min.: Caf\u00e9 de Chaleira (R$ 5,00 por pessoa).<br \/>12h: Almo\u00e7o \u2013 prato t\u00edpico: costel\u00e3o.<br \/>18h: Arriamento das Bandeiras.<br \/>20h: Jantar \u2013 prato t\u00edpico: costel\u00e3o.<br \/>*Atividades culturais durante todo o dia.<\/p>\n<p><i>Grupo de Tradi\u00e7\u00e3o Folcl\u00f3rica Guapos da Agronomia<\/i><br \/>Endere\u00e7o: Parque de Rodeios.<br \/>Patr\u00e3o: Hamilton Amaral.<br \/>Informa\u00e7\u00f5es: (54) 9113-0445 \/ (54) 99246241.<\/p>\n<p>7h: Mateada.<br \/>8h: Hasteamento das Bandeiras.<br \/>8h30min: Caf\u00e9 de Chaleira (R$5,00 por pessoa).<br \/>12h: Almo\u00e7o \u2013 prato t\u00edpico: macarronada campeira.<br \/>18h: Arriamento das Bandeiras.<br \/>20h: Jantar \u2013 prato t\u00edpico: macarronada campeira.<br \/>*Atividades culturais durante todo o dia.<\/p>\n<p><b>19 de setembro \u2013 s\u00e1bado <\/b><br \/><i>CTG Os\u00f3rio Porto<\/i><br \/>Endere\u00e7o: Rua Independ\u00eancia n\u00b0 1968 \u2013 Boqueir\u00e3o.<br \/>Patroa: Clair Gay Freitas.<br \/>Informa\u00e7\u00f5es: (54) 3312-4687 \/ (54) 3312-2653 \/ (54) 99242050.<\/p>\n<p>7h: Mateada.<br \/>8h: Hasteamento das Bandeiras.<br \/>8h30min.: Caf\u00e9 de Chaleira (R$ 5,00 por pessoa).<br \/>12h: Almo\u00e7o \u2013 prato t\u00edpico: porco a pururuca.<br \/>18h: Arriamento das Bandeiras.<br \/>20h: Jantar \u2013 prato t\u00edpico: porco a pururuca.<br \/>*Atividades culturais durante todo o dia.<\/p>\n<p><i>Grupo Cultural e Tradicionalista Cavaleiros do Planalto M\u00e9dio<\/i><br \/>Endere\u00e7o: Sede Campestre do Clube Industrial ( Parque da Rosel\u00e2ndia).<br \/>Patr\u00e3o: Verceli Oliveira.<br \/>Informa\u00e7\u00f5es: (54) 9921-8010 \/ (54)3313-1788.<\/p>\n<p>7h: Mateada.<br \/>8h: Hasteamento das Bandeiras.<br \/>8h30min: Caf\u00e9 de Chaleira (R$ 5,00 por pessoa).<br \/>12h: Almo\u00e7o \u2013 prato t\u00edpico: ovelha assada.<br \/>18h: Arriamento das Bandeiras.<br \/>20h: Jantar \u2013 prato t\u00edpico: ovelha assada.<br \/>*Atividades culturais durante todo o dia.<\/p>\n<p><b>20 de setembro \u2013 domingo <\/b><br \/><i>Associa\u00e7\u00e3o de Trovadores Pedro Ribeiro da Luz<\/i><br \/>Endere\u00e7o: Leod\u00e1rio Pereira n\u00b0 149 \u2013 Bairro Nen\u00ea Graeff.<br \/>Patr\u00e3o: Jo\u00e3o Leonel Ferreira dos Santos.<br \/>Informa\u00e7\u00f5es: (54) 9692-1206 \/ (54) 9174-9681.<\/p>\n<p>7h: Mateada.<br \/>8h: Hasteamento das Bandeiras.<br \/>8h30min: Caf\u00e9 de Chaleira (R$5,00 por pessoa).<br \/>12h: Almo\u00e7o \u2013 prato t\u00edpico: costela de porco com batata doce.<br \/>18h: Arriamento das Bandeiras.<br \/>20h: Jantar \u2013 prato t\u00edpico: costela de porco com batata doce.<br \/>*Atividades culturais durante todo o dia.<\/p>\n<p><b>Encerramento dos Festejos Farroupilhas <\/b><br \/><i>16h<br \/>Avenida 7 de Setembro (Gare)<\/i><br \/>Encerramento oficial da programa\u00e7\u00e3o dos Festejos Farroupilha 2015 com a divulga\u00e7\u00e3o dos vencedores da 23\u00aa Mostra da Cultura Ga\u00facha e Melhores Cavalarias. <\/p>\n","protected":false},"excerpt":{"rendered":"<p>A programa\u00e7\u00e3o inicia no pr\u00f3ximo dia 05 de setembro e segue at\u00e9 o dia 20<\/p>\n","protected":false},"author":1,"featured_media":277,"comment_status":"open","ping_status":"open","sticky":false,"template":"","format":"standard","meta":{"footnotes":""},"categories":[],"tags":[],"class_list":["post-276","post","type-post","status-publish","format-standard","has-post-thumbnail","hentry"],"yoast_head":"<!-- This site is optimized with the Yoast SEO plugin v23.8 - https:\/\/yoast.com\/wordpress\/plugins\/seo\/ -->\n<title>Abertura dos Festejos Farroupilhas - Turismo<\/title>\n<meta name=\"robots\" content=\"index, follow, max-snippet:-1, max-image-preview:large, max-video-preview:-1\" \/>\n<link rel=\"canonical\" href=\"https:\/\/www.pmpf.rs.gov.br\/turismo\/2015\/08\/28\/abertura-dos-festejos-farroupilhas-9921\/\" \/>\n<meta property=\"og:locale\" content=\"pt_BR\" \/>\n<meta property=\"og:type\" content=\"article\" \/>\n<meta property=\"og:title\" content=\"Abertura dos Festejos Farroupilhas - Turismo\" \/>\n<meta property=\"og:description\" content=\"A programa\u00e7\u00e3o inicia no pr\u00f3ximo dia 05 de setembro e segue at\u00e9 o dia 20\" \/>\n<meta property=\"og:url\" content=\"https:\/\/www.pmpf.rs.gov.br\/turismo\/2015\/08\/28\/abertura-dos-festejos-farroupilhas-9921\/\" \/>\n<meta property=\"og:site_name\" content=\"Turismo\" \/>\n<meta property=\"article:published_time\" content=\"2015-08-28T06:00:00+00:00\" \/>\n<meta property=\"og:image\" content=\"https:\/\/www.pmpf.rs.gov.br\/turismo\/wp-content\/uploads\/sites\/51\/2021\/12\/I2015-08-28_042212_339528.jpg\" \/>\n\t<meta property=\"og:image:width\" content=\"481\" \/>\n\t<meta property=\"og:image:height\" content=\"249\" \/>\n\t<meta property=\"og:image:type\" content=\"image\/jpeg\" \/>\n<meta name=\"author\" content=\"mosite\" \/>\n<meta name=\"twitter:card\" content=\"summary_large_image\" \/>\n<meta name=\"twitter:label1\" content=\"Escrito por\" \/>\n\t<meta name=\"twitter:data1\" content=\"mosite\" \/>\n\t<meta name=\"twitter:label2\" content=\"Est. tempo de leitura\" \/>\n\t<meta name=\"twitter:data2\" content=\"8 minutos\" \/>\n<script type=\"application\/ld+json\" class=\"yoast-schema-graph\">{\"@context\":\"https:\/\/schema.org\",\"@graph\":[{\"@type\":\"WebPage\",\"@id\":\"https:\/\/www.pmpf.rs.gov.br\/turismo\/2015\/08\/28\/abertura-dos-festejos-farroupilhas-9921\/\",\"url\":\"https:\/\/www.pmpf.rs.gov.br\/turismo\/2015\/08\/28\/abertura-dos-festejos-farroupilhas-9921\/\",\"name\":\"Abertura dos Festejos Farroupilhas - Turismo\",\"isPartOf\":{\"@id\":\"https:\/\/www.pmpf.rs.gov.br\/turismo\/#website\"},\"primaryImageOfPage\":{\"@id\":\"https:\/\/www.pmpf.rs.gov.br\/turismo\/2015\/08\/28\/abertura-dos-festejos-farroupilhas-9921\/#primaryimage\"},\"image\":{\"@id\":\"https:\/\/www.pmpf.rs.gov.br\/turismo\/2015\/08\/28\/abertura-dos-festejos-farroupilhas-9921\/#primaryimage\"},\"thumbnailUrl\":\"https:\/\/www.pmpf.rs.gov.br\/turismo\/wp-content\/uploads\/sites\/51\/2021\/12\/I2015-08-28_042212_339528.jpg\",\"datePublished\":\"2015-08-28T06:00:00+00:00\",\"dateModified\":\"2015-08-28T06:00:00+00:00\",\"author\":{\"@id\":\"https:\/\/www.pmpf.rs.gov.br\/turismo\/#\/schema\/person\/0c355b0fa68a7aa986c8594f7a60a2d7\"},\"breadcrumb\":{\"@id\":\"https:\/\/www.pmpf.rs.gov.br\/turismo\/2015\/08\/28\/abertura-dos-festejos-farroupilhas-9921\/#breadcrumb\"},\"inLanguage\":\"pt-BR\",\"potentialAction\":[{\"@type\":\"ReadAction\",\"target\":[\"https:\/\/www.pmpf.rs.gov.br\/turismo\/2015\/08\/28\/abertura-dos-festejos-farroupilhas-9921\/\"]}]},{\"@type\":\"ImageObject\",\"inLanguage\":\"pt-BR\",\"@id\":\"https:\/\/www.pmpf.rs.gov.br\/turismo\/2015\/08\/28\/abertura-dos-festejos-farroupilhas-9921\/#primaryimage\",\"url\":\"https:\/\/www.pmpf.rs.gov.br\/turismo\/wp-content\/uploads\/sites\/51\/2021\/12\/I2015-08-28_042212_339528.jpg\",\"contentUrl\":\"https:\/\/www.pmpf.rs.gov.br\/turismo\/wp-content\/uploads\/sites\/51\/2021\/12\/I2015-08-28_042212_339528.jpg\",\"width\":481,\"height\":249},{\"@type\":\"BreadcrumbList\",\"@id\":\"https:\/\/www.pmpf.rs.gov.br\/turismo\/2015\/08\/28\/abertura-dos-festejos-farroupilhas-9921\/#breadcrumb\",\"itemListElement\":[{\"@type\":\"ListItem\",\"position\":1,\"name\":\"In\u00edcio\",\"item\":\"https:\/\/www.pmpf.rs.gov.br\/turismo\/\"},{\"@type\":\"ListItem\",\"position\":2,\"name\":\"Abertura dos Festejos Farroupilhas\"}]},{\"@type\":\"WebSite\",\"@id\":\"https:\/\/www.pmpf.rs.gov.br\/turismo\/#website\",\"url\":\"https:\/\/www.pmpf.rs.gov.br\/turismo\/\",\"name\":\"Turismo\",\"description\":\"Descubra Passo Fundo\",\"potentialAction\":[{\"@type\":\"SearchAction\",\"target\":{\"@type\":\"EntryPoint\",\"urlTemplate\":\"https:\/\/www.pmpf.rs.gov.br\/turismo\/?s={search_term_string}\"},\"query-input\":{\"@type\":\"PropertyValueSpecification\",\"valueRequired\":true,\"valueName\":\"search_term_string\"}}],\"inLanguage\":\"pt-BR\"},{\"@type\":\"Person\",\"@id\":\"https:\/\/www.pmpf.rs.gov.br\/turismo\/#\/schema\/person\/0c355b0fa68a7aa986c8594f7a60a2d7\",\"name\":\"mosite\",\"image\":{\"@type\":\"ImageObject\",\"inLanguage\":\"pt-BR\",\"@id\":\"https:\/\/www.pmpf.rs.gov.br\/turismo\/#\/schema\/person\/image\/\",\"url\":\"https:\/\/secure.gravatar.com\/avatar\/63d72595d6cecfe12bd8a94829d5a26c?s=96&d=mm&r=g\",\"contentUrl\":\"https:\/\/secure.gravatar.com\/avatar\/63d72595d6cecfe12bd8a94829d5a26c?s=96&d=mm&r=g\",\"caption\":\"mosite\"},\"sameAs\":[\"http:\/\/example.com\"],\"url\":\"https:\/\/www.pmpf.rs.gov.br\/turismo\/author\/mosite\/\"}]}<\/script>\n<!-- \/ Yoast SEO plugin. -->","yoast_head_json":{"title":"Abertura dos Festejos Farroupilhas - Turismo","robots":{"index":"index","follow":"follow","max-snippet":"max-snippet:-1","max-image-preview":"max-image-preview:large","max-video-preview":"max-video-preview:-1"},"canonical":"https:\/\/www.pmpf.rs.gov.br\/turismo\/2015\/08\/28\/abertura-dos-festejos-farroupilhas-9921\/","og_locale":"pt_BR","og_type":"article","og_title":"Abertura dos Festejos Farroupilhas - Turismo","og_description":"A programa\u00e7\u00e3o inicia no pr\u00f3ximo dia 05 de setembro e segue at\u00e9 o dia 20","og_url":"https:\/\/www.pmpf.rs.gov.br\/turismo\/2015\/08\/28\/abertura-dos-festejos-farroupilhas-9921\/","og_site_name":"Turismo","article_published_time":"2015-08-28T06:00:00+00:00","og_image":[{"width":481,"height":249,"url":"https:\/\/www.pmpf.rs.gov.br\/turismo\/wp-content\/uploads\/sites\/51\/2021\/12\/I2015-08-28_042212_339528.jpg","type":"image\/jpeg"}],"author":"mosite","twitter_card":"summary_large_image","twitter_misc":{"Escrito por":"mosite","Est. tempo de leitura":"8 minutos"},"schema":{"@context":"https:\/\/schema.org","@graph":[{"@type":"WebPage","@id":"https:\/\/www.pmpf.rs.gov.br\/turismo\/2015\/08\/28\/abertura-dos-festejos-farroupilhas-9921\/","url":"https:\/\/www.pmpf.rs.gov.br\/turismo\/2015\/08\/28\/abertura-dos-festejos-farroupilhas-9921\/","name":"Abertura dos Festejos Farroupilhas - Turismo","isPartOf":{"@id":"https:\/\/www.pmpf.rs.gov.br\/turismo\/#website"},"primaryImageOfPage":{"@id":"https:\/\/www.pmpf.rs.gov.br\/turismo\/2015\/08\/28\/abertura-dos-festejos-farroupilhas-9921\/#primaryimage"},"image":{"@id":"https:\/\/www.pmpf.rs.gov.br\/turismo\/2015\/08\/28\/abertura-dos-festejos-farroupilhas-9921\/#primaryimage"},"thumbnailUrl":"https:\/\/www.pmpf.rs.gov.br\/turismo\/wp-content\/uploads\/sites\/51\/2021\/12\/I2015-08-28_042212_339528.jpg","datePublished":"2015-08-28T06:00:00+00:00","dateModified":"2015-08-28T06:00:00+00:00","author":{"@id":"https:\/\/www.pmpf.rs.gov.br\/turismo\/#\/schema\/person\/0c355b0fa68a7aa986c8594f7a60a2d7"},"breadcrumb":{"@id":"https:\/\/www.pmpf.rs.gov.br\/turismo\/2015\/08\/28\/abertura-dos-festejos-farroupilhas-9921\/#breadcrumb"},"inLanguage":"pt-BR","potentialAction":[{"@type":"ReadAction","target":["https:\/\/www.pmpf.rs.gov.br\/turismo\/2015\/08\/28\/abertura-dos-festejos-farroupilhas-9921\/"]}]},{"@type":"ImageObject","inLanguage":"pt-BR","@id":"https:\/\/www.pmpf.rs.gov.br\/turismo\/2015\/08\/28\/abertura-dos-festejos-farroupilhas-9921\/#primaryimage","url":"https:\/\/www.pmpf.rs.gov.br\/turismo\/wp-content\/uploads\/sites\/51\/2021\/12\/I2015-08-28_042212_339528.jpg","contentUrl":"https:\/\/www.pmpf.rs.gov.br\/turismo\/wp-content\/uploads\/sites\/51\/2021\/12\/I2015-08-28_042212_339528.jpg","width":481,"height":249},{"@type":"BreadcrumbList","@id":"https:\/\/www.pmpf.rs.gov.br\/turismo\/2015\/08\/28\/abertura-dos-festejos-farroupilhas-9921\/#breadcrumb","itemListElement":[{"@type":"ListItem","position":1,"name":"In\u00edcio","item":"https:\/\/www.pmpf.rs.gov.br\/turismo\/"},{"@type":"ListItem","position":2,"name":"Abertura dos Festejos Farroupilhas"}]},{"@type":"WebSite","@id":"https:\/\/www.pmpf.rs.gov.br\/turismo\/#website","url":"https:\/\/www.pmpf.rs.gov.br\/turismo\/","name":"Turismo","description":"Descubra Passo Fundo","potentialAction":[{"@type":"SearchAction","target":{"@type":"EntryPoint","urlTemplate":"https:\/\/www.pmpf.rs.gov.br\/turismo\/?s={search_term_string}"},"query-input":{"@type":"PropertyValueSpecification","valueRequired":true,"valueName":"search_term_string"}}],"inLanguage":"pt-BR"},{"@type":"Person","@id":"https:\/\/www.pmpf.rs.gov.br\/turismo\/#\/schema\/person\/0c355b0fa68a7aa986c8594f7a60a2d7","name":"mosite","image":{"@type":"ImageObject","inLanguage":"pt-BR","@id":"https:\/\/www.pmpf.rs.gov.br\/turismo\/#\/schema\/person\/image\/","url":"https:\/\/secure.gravatar.com\/avatar\/63d72595d6cecfe12bd8a94829d5a26c?s=96&d=mm&r=g","contentUrl":"https:\/\/secure.gravatar.com\/avatar\/63d72595d6cecfe12bd8a94829d5a26c?s=96&d=mm&r=g","caption":"mosite"},"sameAs":["http:\/\/example.com"],"url":"https:\/\/www.pmpf.rs.gov.br\/turismo\/author\/mosite\/"}]}},"_links":{"self":[{"href":"https:\/\/www.pmpf.rs.gov.br\/turismo\/wp-json\/wp\/v2\/posts\/276"}],"collection":[{"href":"https:\/\/www.pmpf.rs.gov.br\/turismo\/wp-json\/wp\/v2\/posts"}],"about":[{"href":"https:\/\/www.pmpf.rs.gov.br\/turismo\/wp-json\/wp\/v2\/types\/post"}],"author":[{"embeddable":true,"href":"https:\/\/www.pmpf.rs.gov.br\/turismo\/wp-json\/wp\/v2\/users\/1"}],"replies":[{"embeddable":true,"href":"https:\/\/www.pmpf.rs.gov.br\/turismo\/wp-json\/wp\/v2\/comments?post=276"}],"version-history":[{"count":0,"href":"https:\/\/www.pmpf.rs.gov.br\/turismo\/wp-json\/wp\/v2\/posts\/276\/revisions"}],"wp:featuredmedia":[{"embeddable":true,"href":"https:\/\/www.pmpf.rs.gov.br\/turismo\/wp-json\/wp\/v2\/media\/277"}],"wp:attachment":[{"href":"https:\/\/www.pmpf.rs.gov.br\/turismo\/wp-json\/wp\/v2\/media?parent=276"}],"wp:term":[{"taxonomy":"category","embeddable":true,"href":"https:\/\/www.pmpf.rs.gov.br\/turismo\/wp-json\/wp\/v2\/categories?post=276"},{"taxonomy":"post_tag","embeddable":true,"href":"https:\/\/www.pmpf.rs.gov.br\/turismo\/wp-json\/wp\/v2\/tags?post=276"}],"curies":[{"name":"wp","href":"https:\/\/api.w.org\/{rel}","templated":true}]}}