{"id":271,"date":"2011-02-03T02:00:00","date_gmt":"2011-02-03T04:00:00","guid":{"rendered":"https:\/\/www.pmpf.rs.gov.br\/turismo\/2011\/02\/03\/horarios-especiais-de-onibus-para-o-transporte-do-publico-do-rodeio-120\/"},"modified":"2011-02-03T02:00:00","modified_gmt":"2011-02-03T04:00:00","slug":"horarios-especiais-de-onibus-para-o-transporte-do-publico-do-rodeio-120","status":"publish","type":"post","link":"https:\/\/www.pmpf.rs.gov.br\/turismo\/2011\/02\/03\/horarios-especiais-de-onibus-para-o-transporte-do-publico-do-rodeio-120\/","title":{"rendered":"Hor\u00e1rios especiais de \u00f4nibus para o transporte do p\u00fablico do Rodeio"},"content":{"rendered":"<div style=\"text-align: justify; \">\n<p>O p\u00fablico do XV Rodeio Internacional de Passo Fundo que necessita do transporte urbano para se deslocar at\u00e9 o Parque de Rodeios da Rosel\u00e2ndia n\u00e3o deve se preocupar, pois a Coleurb informou que a linha Centro\/Rosel\u00e2ndia apresenta novidades paro os dias de evento. Essa linha, que normalmente tem seu itiner\u00e1rio de hora em hora, foi ampliada, circulando de meia em meia hora, at\u00e9 \u00e0s 23h, e com ve\u00edculos de refor\u00e7o das 23h \u00e0s 2 horas.<br \/>O primeiro hor\u00e1rio da linha Centro\/Rosel\u00e2ndia, com sa\u00edda da Pra\u00e7a Marechal Floriano \u00e9 \u00e0s 06h10min com destino ao Parque de Rodeios, e \u00e0s 06h23min do Parque de Rodeios com destino ao Centro. Nos dois finais de semana do evento, \u00f4nibus extras poder\u00e3o ser inclu\u00eddos na linha, conforme demanda de passageiros.<\/div>\n<p><\/p>\n","protected":false},"excerpt":{"rendered":"<p>Hor\u00e1rios especiais de \u00f4nibus para o transporte do p\u00fablico do Rodeio<\/p>\n","protected":false},"author":1,"featured_media":0,"comment_status":"open","ping_status":"open","sticky":false,"template":"","format":"standard","meta":{"footnotes":""},"categories":[],"tags":[],"class_list":["post-271","post","type-post","status-publish","format-standard","hentry"],"yoast_head":"<!-- This site is optimized with the Yoast SEO plugin v23.8 - https:\/\/yoast.com\/wordpress\/plugins\/seo\/ -->\n<title>Hor\u00e1rios especiais de \u00f4nibus para o transporte do p\u00fablico do Rodeio - Turismo<\/title>\n<meta name=\"robots\" content=\"index, follow, max-snippet:-1, max-image-preview:large, max-video-preview:-1\" \/>\n<link rel=\"canonical\" href=\"https:\/\/www.pmpf.rs.gov.br\/turismo\/2011\/02\/03\/horarios-especiais-de-onibus-para-o-transporte-do-publico-do-rodeio-120\/\" \/>\n<meta property=\"og:locale\" content=\"pt_BR\" \/>\n<meta property=\"og:type\" content=\"article\" \/>\n<meta property=\"og:title\" content=\"Hor\u00e1rios especiais de \u00f4nibus para o transporte do p\u00fablico do Rodeio - Turismo\" \/>\n<meta property=\"og:description\" content=\"Hor\u00e1rios especiais de \u00f4nibus para o transporte do p\u00fablico do Rodeio\" \/>\n<meta property=\"og:url\" content=\"https:\/\/www.pmpf.rs.gov.br\/turismo\/2011\/02\/03\/horarios-especiais-de-onibus-para-o-transporte-do-publico-do-rodeio-120\/\" \/>\n<meta property=\"og:site_name\" content=\"Turismo\" \/>\n<meta property=\"article:published_time\" content=\"2011-02-03T04:00:00+00:00\" \/>\n<meta name=\"author\" content=\"mosite\" \/>\n<meta name=\"twitter:card\" content=\"summary_large_image\" \/>\n<meta name=\"twitter:label1\" content=\"Escrito por\" \/>\n\t<meta name=\"twitter:data1\" content=\"mosite\" \/>\n\t<meta name=\"twitter:label2\" content=\"Est. tempo de leitura\" \/>\n\t<meta name=\"twitter:data2\" content=\"1 minuto\" \/>\n<script type=\"application\/ld+json\" class=\"yoast-schema-graph\">{\"@context\":\"https:\/\/schema.org\",\"@graph\":[{\"@type\":\"WebPage\",\"@id\":\"https:\/\/www.pmpf.rs.gov.br\/turismo\/2011\/02\/03\/horarios-especiais-de-onibus-para-o-transporte-do-publico-do-rodeio-120\/\",\"url\":\"https:\/\/www.pmpf.rs.gov.br\/turismo\/2011\/02\/03\/horarios-especiais-de-onibus-para-o-transporte-do-publico-do-rodeio-120\/\",\"name\":\"Hor\u00e1rios especiais de \u00f4nibus para o transporte do p\u00fablico do Rodeio - Turismo\",\"isPartOf\":{\"@id\":\"https:\/\/www.pmpf.rs.gov.br\/turismo\/#website\"},\"datePublished\":\"2011-02-03T04:00:00+00:00\",\"dateModified\":\"2011-02-03T04:00:00+00:00\",\"author\":{\"@id\":\"https:\/\/www.pmpf.rs.gov.br\/turismo\/#\/schema\/person\/0c355b0fa68a7aa986c8594f7a60a2d7\"},\"breadcrumb\":{\"@id\":\"https:\/\/www.pmpf.rs.gov.br\/turismo\/2011\/02\/03\/horarios-especiais-de-onibus-para-o-transporte-do-publico-do-rodeio-120\/#breadcrumb\"},\"inLanguage\":\"pt-BR\",\"potentialAction\":[{\"@type\":\"ReadAction\",\"target\":[\"https:\/\/www.pmpf.rs.gov.br\/turismo\/2011\/02\/03\/horarios-especiais-de-onibus-para-o-transporte-do-publico-do-rodeio-120\/\"]}]},{\"@type\":\"BreadcrumbList\",\"@id\":\"https:\/\/www.pmpf.rs.gov.br\/turismo\/2011\/02\/03\/horarios-especiais-de-onibus-para-o-transporte-do-publico-do-rodeio-120\/#breadcrumb\",\"itemListElement\":[{\"@type\":\"ListItem\",\"position\":1,\"name\":\"In\u00edcio\",\"item\":\"https:\/\/www.pmpf.rs.gov.br\/turismo\/\"},{\"@type\":\"ListItem\",\"position\":2,\"name\":\"Hor\u00e1rios especiais de \u00f4nibus para o transporte do p\u00fablico do Rodeio\"}]},{\"@type\":\"WebSite\",\"@id\":\"https:\/\/www.pmpf.rs.gov.br\/turismo\/#website\",\"url\":\"https:\/\/www.pmpf.rs.gov.br\/turismo\/\",\"name\":\"Turismo\",\"description\":\"Descubra Passo Fundo\",\"potentialAction\":[{\"@type\":\"SearchAction\",\"target\":{\"@type\":\"EntryPoint\",\"urlTemplate\":\"https:\/\/www.pmpf.rs.gov.br\/turismo\/?s={search_term_string}\"},\"query-input\":{\"@type\":\"PropertyValueSpecification\",\"valueRequired\":true,\"valueName\":\"search_term_string\"}}],\"inLanguage\":\"pt-BR\"},{\"@type\":\"Person\",\"@id\":\"https:\/\/www.pmpf.rs.gov.br\/turismo\/#\/schema\/person\/0c355b0fa68a7aa986c8594f7a60a2d7\",\"name\":\"mosite\",\"image\":{\"@type\":\"ImageObject\",\"inLanguage\":\"pt-BR\",\"@id\":\"https:\/\/www.pmpf.rs.gov.br\/turismo\/#\/schema\/person\/image\/\",\"url\":\"https:\/\/secure.gravatar.com\/avatar\/63d72595d6cecfe12bd8a94829d5a26c?s=96&d=mm&r=g\",\"contentUrl\":\"https:\/\/secure.gravatar.com\/avatar\/63d72595d6cecfe12bd8a94829d5a26c?s=96&d=mm&r=g\",\"caption\":\"mosite\"},\"sameAs\":[\"http:\/\/example.com\"],\"url\":\"https:\/\/www.pmpf.rs.gov.br\/turismo\/author\/mosite\/\"}]}<\/script>\n<!-- \/ Yoast SEO plugin. -->","yoast_head_json":{"title":"Hor\u00e1rios especiais de \u00f4nibus para o transporte do p\u00fablico do Rodeio - Turismo","robots":{"index":"index","follow":"follow","max-snippet":"max-snippet:-1","max-image-preview":"max-image-preview:large","max-video-preview":"max-video-preview:-1"},"canonical":"https:\/\/www.pmpf.rs.gov.br\/turismo\/2011\/02\/03\/horarios-especiais-de-onibus-para-o-transporte-do-publico-do-rodeio-120\/","og_locale":"pt_BR","og_type":"article","og_title":"Hor\u00e1rios especiais de \u00f4nibus para o transporte do p\u00fablico do Rodeio - Turismo","og_description":"Hor\u00e1rios especiais de \u00f4nibus para o transporte do p\u00fablico do Rodeio","og_url":"https:\/\/www.pmpf.rs.gov.br\/turismo\/2011\/02\/03\/horarios-especiais-de-onibus-para-o-transporte-do-publico-do-rodeio-120\/","og_site_name":"Turismo","article_published_time":"2011-02-03T04:00:00+00:00","author":"mosite","twitter_card":"summary_large_image","twitter_misc":{"Escrito por":"mosite","Est. tempo de leitura":"1 minuto"},"schema":{"@context":"https:\/\/schema.org","@graph":[{"@type":"WebPage","@id":"https:\/\/www.pmpf.rs.gov.br\/turismo\/2011\/02\/03\/horarios-especiais-de-onibus-para-o-transporte-do-publico-do-rodeio-120\/","url":"https:\/\/www.pmpf.rs.gov.br\/turismo\/2011\/02\/03\/horarios-especiais-de-onibus-para-o-transporte-do-publico-do-rodeio-120\/","name":"Hor\u00e1rios especiais de \u00f4nibus para o transporte do p\u00fablico do Rodeio - Turismo","isPartOf":{"@id":"https:\/\/www.pmpf.rs.gov.br\/turismo\/#website"},"datePublished":"2011-02-03T04:00:00+00:00","dateModified":"2011-02-03T04:00:00+00:00","author":{"@id":"https:\/\/www.pmpf.rs.gov.br\/turismo\/#\/schema\/person\/0c355b0fa68a7aa986c8594f7a60a2d7"},"breadcrumb":{"@id":"https:\/\/www.pmpf.rs.gov.br\/turismo\/2011\/02\/03\/horarios-especiais-de-onibus-para-o-transporte-do-publico-do-rodeio-120\/#breadcrumb"},"inLanguage":"pt-BR","potentialAction":[{"@type":"ReadAction","target":["https:\/\/www.pmpf.rs.gov.br\/turismo\/2011\/02\/03\/horarios-especiais-de-onibus-para-o-transporte-do-publico-do-rodeio-120\/"]}]},{"@type":"BreadcrumbList","@id":"https:\/\/www.pmpf.rs.gov.br\/turismo\/2011\/02\/03\/horarios-especiais-de-onibus-para-o-transporte-do-publico-do-rodeio-120\/#breadcrumb","itemListElement":[{"@type":"ListItem","position":1,"name":"In\u00edcio","item":"https:\/\/www.pmpf.rs.gov.br\/turismo\/"},{"@type":"ListItem","position":2,"name":"Hor\u00e1rios especiais de \u00f4nibus para o transporte do p\u00fablico do Rodeio"}]},{"@type":"WebSite","@id":"https:\/\/www.pmpf.rs.gov.br\/turismo\/#website","url":"https:\/\/www.pmpf.rs.gov.br\/turismo\/","name":"Turismo","description":"Descubra Passo Fundo","potentialAction":[{"@type":"SearchAction","target":{"@type":"EntryPoint","urlTemplate":"https:\/\/www.pmpf.rs.gov.br\/turismo\/?s={search_term_string}"},"query-input":{"@type":"PropertyValueSpecification","valueRequired":true,"valueName":"search_term_string"}}],"inLanguage":"pt-BR"},{"@type":"Person","@id":"https:\/\/www.pmpf.rs.gov.br\/turismo\/#\/schema\/person\/0c355b0fa68a7aa986c8594f7a60a2d7","name":"mosite","image":{"@type":"ImageObject","inLanguage":"pt-BR","@id":"https:\/\/www.pmpf.rs.gov.br\/turismo\/#\/schema\/person\/image\/","url":"https:\/\/secure.gravatar.com\/avatar\/63d72595d6cecfe12bd8a94829d5a26c?s=96&d=mm&r=g","contentUrl":"https:\/\/secure.gravatar.com\/avatar\/63d72595d6cecfe12bd8a94829d5a26c?s=96&d=mm&r=g","caption":"mosite"},"sameAs":["http:\/\/example.com"],"url":"https:\/\/www.pmpf.rs.gov.br\/turismo\/author\/mosite\/"}]}},"_links":{"self":[{"href":"https:\/\/www.pmpf.rs.gov.br\/turismo\/wp-json\/wp\/v2\/posts\/271"}],"collection":[{"href":"https:\/\/www.pmpf.rs.gov.br\/turismo\/wp-json\/wp\/v2\/posts"}],"about":[{"href":"https:\/\/www.pmpf.rs.gov.br\/turismo\/wp-json\/wp\/v2\/types\/post"}],"author":[{"embeddable":true,"href":"https:\/\/www.pmpf.rs.gov.br\/turismo\/wp-json\/wp\/v2\/users\/1"}],"replies":[{"embeddable":true,"href":"https:\/\/www.pmpf.rs.gov.br\/turismo\/wp-json\/wp\/v2\/comments?post=271"}],"version-history":[{"count":0,"href":"https:\/\/www.pmpf.rs.gov.br\/turismo\/wp-json\/wp\/v2\/posts\/271\/revisions"}],"wp:attachment":[{"href":"https:\/\/www.pmpf.rs.gov.br\/turismo\/wp-json\/wp\/v2\/media?parent=271"}],"wp:term":[{"taxonomy":"category","embeddable":true,"href":"https:\/\/www.pmpf.rs.gov.br\/turismo\/wp-json\/wp\/v2\/categories?post=271"},{"taxonomy":"post_tag","embeddable":true,"href":"https:\/\/www.pmpf.rs.gov.br\/turismo\/wp-json\/wp\/v2\/tags?post=271"}],"curies":[{"name":"wp","href":"https:\/\/api.w.org\/{rel}","templated":true}]}}