{"id":270,"date":"2011-02-13T02:00:00","date_gmt":"2011-02-13T04:00:00","guid":{"rendered":"https:\/\/www.pmpf.rs.gov.br\/turismo\/2011\/02\/13\/delegacia-movel-permanece-no-rodeio-ate-segunda-feira-122\/"},"modified":"2011-02-13T02:00:00","modified_gmt":"2011-02-13T04:00:00","slug":"delegacia-movel-permanece-no-rodeio-ate-segunda-feira-122","status":"publish","type":"post","link":"https:\/\/www.pmpf.rs.gov.br\/turismo\/2011\/02\/13\/delegacia-movel-permanece-no-rodeio-ate-segunda-feira-122\/","title":{"rendered":"Delegacia  M\u00f3vel permanece no Rodeio at\u00e9 segunda-feira"},"content":{"rendered":"<p>O XV Rodeio Internacional de Passo Fundo inovou nesta edi\u00e7\u00e3o com a implanta\u00e7\u00e3o de uma Delegacia M\u00f3vel da Pol\u00edcia Civil. Conforme o escriv\u00e3o de pol\u00edcia do plant\u00e3o, C\u00e9sar de Freitas Batista, apenas seis ocorr\u00eancias. Sob a responsabilidade do delegado Gilberto Mutti\u00a0 Dunke a delegacia atuou com plant\u00f5es de 24 horas.<br \/>O escriv\u00e3o avalia como positiva a presen\u00e7a da Delegacia M\u00f3vel, que transmite a sensa\u00e7\u00e3o de seguran\u00e7a ao grande p\u00fablico presente. Explica Batista que as ocorr\u00eancias registradas seguem agora para o plant\u00e3o e depois ser\u00e1 dado despacho pra delegacia de compet\u00eancia da ocorr\u00eancia. <br \/>A Delegacia M\u00f3vel, que chamou aten\u00e7\u00e3o de quem circulou, pelo parque \u00e9 um Micro \u00f4nibus Volare V8,\u00a0 vindo especialmente da Capital do Estado. Composto de uma cela, banheiro, sala de atendimento com ar condicionado e dois notebooks <br \/>Brigada Militar<br \/>A Brigada Militar como tradicionalmente acontece esteve no Parque desde o in\u00edcio do Rodeio. Conforme o Sargento Osmar Toazza, a opera\u00e7\u00e3o foi tranq\u00fcila. O grupamento trabalhou 24 horas, diariamente, com cerca de 20 a 25 policiais. Quatro viaturas mais o pelot\u00e3o hipo que atua com 12 policiais montados no per\u00edodo das 15 horas at\u00e9 \u00e1s 2 horas da manh\u00e3.<br \/>No \u00faltimo dia do Rodeio com a maior concentra\u00e7\u00e3o de p\u00fablico atuaram com o pelot\u00e3o redobrado.\u00a0 O trabalho maior, disse\u00a0 ele, foi na orienta\u00e7\u00e3o quanto ao uso de faca fora da \u00e1rea campeira e tamb\u00e9m na orienta\u00e7\u00e3o aos comerciantes para que n\u00e3o vendessem bebidas alco\u00f3licas a menores de idade. Ap\u00f3s os shows tamb\u00e9m orientaram quanto ao excesso de volume no som dos nos ranchos.<\/p>\n<p \/>\n","protected":false},"excerpt":{"rendered":"<p>Delegacia  M\u00f3vel permanece no Rodeio at\u00e9 segunda-feira<\/p>\n","protected":false},"author":1,"featured_media":0,"comment_status":"open","ping_status":"open","sticky":false,"template":"","format":"standard","meta":{"footnotes":""},"categories":[],"tags":[],"class_list":["post-270","post","type-post","status-publish","format-standard","hentry"],"yoast_head":"<!-- This site is optimized with the Yoast SEO plugin v23.8 - https:\/\/yoast.com\/wordpress\/plugins\/seo\/ -->\n<title>Delegacia M\u00f3vel permanece no Rodeio at\u00e9 segunda-feira - Turismo<\/title>\n<meta name=\"robots\" content=\"index, follow, max-snippet:-1, max-image-preview:large, max-video-preview:-1\" \/>\n<link rel=\"canonical\" href=\"https:\/\/www.pmpf.rs.gov.br\/turismo\/2011\/02\/13\/delegacia-movel-permanece-no-rodeio-ate-segunda-feira-122\/\" \/>\n<meta property=\"og:locale\" content=\"pt_BR\" \/>\n<meta property=\"og:type\" content=\"article\" \/>\n<meta property=\"og:title\" content=\"Delegacia M\u00f3vel permanece no Rodeio at\u00e9 segunda-feira - Turismo\" \/>\n<meta property=\"og:description\" content=\"Delegacia M\u00f3vel permanece no Rodeio at\u00e9 segunda-feira\" \/>\n<meta property=\"og:url\" content=\"https:\/\/www.pmpf.rs.gov.br\/turismo\/2011\/02\/13\/delegacia-movel-permanece-no-rodeio-ate-segunda-feira-122\/\" \/>\n<meta property=\"og:site_name\" content=\"Turismo\" \/>\n<meta property=\"article:published_time\" content=\"2011-02-13T04:00:00+00:00\" \/>\n<meta name=\"author\" content=\"mosite\" \/>\n<meta name=\"twitter:card\" content=\"summary_large_image\" \/>\n<meta name=\"twitter:label1\" content=\"Escrito por\" \/>\n\t<meta name=\"twitter:data1\" content=\"mosite\" \/>\n\t<meta name=\"twitter:label2\" content=\"Est. tempo de leitura\" \/>\n\t<meta name=\"twitter:data2\" content=\"1 minuto\" \/>\n<script type=\"application\/ld+json\" class=\"yoast-schema-graph\">{\"@context\":\"https:\/\/schema.org\",\"@graph\":[{\"@type\":\"WebPage\",\"@id\":\"https:\/\/www.pmpf.rs.gov.br\/turismo\/2011\/02\/13\/delegacia-movel-permanece-no-rodeio-ate-segunda-feira-122\/\",\"url\":\"https:\/\/www.pmpf.rs.gov.br\/turismo\/2011\/02\/13\/delegacia-movel-permanece-no-rodeio-ate-segunda-feira-122\/\",\"name\":\"Delegacia M\u00f3vel permanece no Rodeio at\u00e9 segunda-feira - Turismo\",\"isPartOf\":{\"@id\":\"https:\/\/www.pmpf.rs.gov.br\/turismo\/#website\"},\"datePublished\":\"2011-02-13T04:00:00+00:00\",\"dateModified\":\"2011-02-13T04:00:00+00:00\",\"author\":{\"@id\":\"https:\/\/www.pmpf.rs.gov.br\/turismo\/#\/schema\/person\/0c355b0fa68a7aa986c8594f7a60a2d7\"},\"breadcrumb\":{\"@id\":\"https:\/\/www.pmpf.rs.gov.br\/turismo\/2011\/02\/13\/delegacia-movel-permanece-no-rodeio-ate-segunda-feira-122\/#breadcrumb\"},\"inLanguage\":\"pt-BR\",\"potentialAction\":[{\"@type\":\"ReadAction\",\"target\":[\"https:\/\/www.pmpf.rs.gov.br\/turismo\/2011\/02\/13\/delegacia-movel-permanece-no-rodeio-ate-segunda-feira-122\/\"]}]},{\"@type\":\"BreadcrumbList\",\"@id\":\"https:\/\/www.pmpf.rs.gov.br\/turismo\/2011\/02\/13\/delegacia-movel-permanece-no-rodeio-ate-segunda-feira-122\/#breadcrumb\",\"itemListElement\":[{\"@type\":\"ListItem\",\"position\":1,\"name\":\"In\u00edcio\",\"item\":\"https:\/\/www.pmpf.rs.gov.br\/turismo\/\"},{\"@type\":\"ListItem\",\"position\":2,\"name\":\"Delegacia M\u00f3vel permanece no Rodeio at\u00e9 segunda-feira\"}]},{\"@type\":\"WebSite\",\"@id\":\"https:\/\/www.pmpf.rs.gov.br\/turismo\/#website\",\"url\":\"https:\/\/www.pmpf.rs.gov.br\/turismo\/\",\"name\":\"Turismo\",\"description\":\"Descubra Passo Fundo\",\"potentialAction\":[{\"@type\":\"SearchAction\",\"target\":{\"@type\":\"EntryPoint\",\"urlTemplate\":\"https:\/\/www.pmpf.rs.gov.br\/turismo\/?s={search_term_string}\"},\"query-input\":{\"@type\":\"PropertyValueSpecification\",\"valueRequired\":true,\"valueName\":\"search_term_string\"}}],\"inLanguage\":\"pt-BR\"},{\"@type\":\"Person\",\"@id\":\"https:\/\/www.pmpf.rs.gov.br\/turismo\/#\/schema\/person\/0c355b0fa68a7aa986c8594f7a60a2d7\",\"name\":\"mosite\",\"image\":{\"@type\":\"ImageObject\",\"inLanguage\":\"pt-BR\",\"@id\":\"https:\/\/www.pmpf.rs.gov.br\/turismo\/#\/schema\/person\/image\/\",\"url\":\"https:\/\/secure.gravatar.com\/avatar\/63d72595d6cecfe12bd8a94829d5a26c?s=96&d=mm&r=g\",\"contentUrl\":\"https:\/\/secure.gravatar.com\/avatar\/63d72595d6cecfe12bd8a94829d5a26c?s=96&d=mm&r=g\",\"caption\":\"mosite\"},\"sameAs\":[\"http:\/\/example.com\"],\"url\":\"https:\/\/www.pmpf.rs.gov.br\/turismo\/author\/mosite\/\"}]}<\/script>\n<!-- \/ Yoast SEO plugin. -->","yoast_head_json":{"title":"Delegacia M\u00f3vel permanece no Rodeio at\u00e9 segunda-feira - Turismo","robots":{"index":"index","follow":"follow","max-snippet":"max-snippet:-1","max-image-preview":"max-image-preview:large","max-video-preview":"max-video-preview:-1"},"canonical":"https:\/\/www.pmpf.rs.gov.br\/turismo\/2011\/02\/13\/delegacia-movel-permanece-no-rodeio-ate-segunda-feira-122\/","og_locale":"pt_BR","og_type":"article","og_title":"Delegacia M\u00f3vel permanece no Rodeio at\u00e9 segunda-feira - Turismo","og_description":"Delegacia M\u00f3vel permanece no Rodeio at\u00e9 segunda-feira","og_url":"https:\/\/www.pmpf.rs.gov.br\/turismo\/2011\/02\/13\/delegacia-movel-permanece-no-rodeio-ate-segunda-feira-122\/","og_site_name":"Turismo","article_published_time":"2011-02-13T04:00:00+00:00","author":"mosite","twitter_card":"summary_large_image","twitter_misc":{"Escrito por":"mosite","Est. tempo de leitura":"1 minuto"},"schema":{"@context":"https:\/\/schema.org","@graph":[{"@type":"WebPage","@id":"https:\/\/www.pmpf.rs.gov.br\/turismo\/2011\/02\/13\/delegacia-movel-permanece-no-rodeio-ate-segunda-feira-122\/","url":"https:\/\/www.pmpf.rs.gov.br\/turismo\/2011\/02\/13\/delegacia-movel-permanece-no-rodeio-ate-segunda-feira-122\/","name":"Delegacia M\u00f3vel permanece no Rodeio at\u00e9 segunda-feira - Turismo","isPartOf":{"@id":"https:\/\/www.pmpf.rs.gov.br\/turismo\/#website"},"datePublished":"2011-02-13T04:00:00+00:00","dateModified":"2011-02-13T04:00:00+00:00","author":{"@id":"https:\/\/www.pmpf.rs.gov.br\/turismo\/#\/schema\/person\/0c355b0fa68a7aa986c8594f7a60a2d7"},"breadcrumb":{"@id":"https:\/\/www.pmpf.rs.gov.br\/turismo\/2011\/02\/13\/delegacia-movel-permanece-no-rodeio-ate-segunda-feira-122\/#breadcrumb"},"inLanguage":"pt-BR","potentialAction":[{"@type":"ReadAction","target":["https:\/\/www.pmpf.rs.gov.br\/turismo\/2011\/02\/13\/delegacia-movel-permanece-no-rodeio-ate-segunda-feira-122\/"]}]},{"@type":"BreadcrumbList","@id":"https:\/\/www.pmpf.rs.gov.br\/turismo\/2011\/02\/13\/delegacia-movel-permanece-no-rodeio-ate-segunda-feira-122\/#breadcrumb","itemListElement":[{"@type":"ListItem","position":1,"name":"In\u00edcio","item":"https:\/\/www.pmpf.rs.gov.br\/turismo\/"},{"@type":"ListItem","position":2,"name":"Delegacia M\u00f3vel permanece no Rodeio at\u00e9 segunda-feira"}]},{"@type":"WebSite","@id":"https:\/\/www.pmpf.rs.gov.br\/turismo\/#website","url":"https:\/\/www.pmpf.rs.gov.br\/turismo\/","name":"Turismo","description":"Descubra Passo Fundo","potentialAction":[{"@type":"SearchAction","target":{"@type":"EntryPoint","urlTemplate":"https:\/\/www.pmpf.rs.gov.br\/turismo\/?s={search_term_string}"},"query-input":{"@type":"PropertyValueSpecification","valueRequired":true,"valueName":"search_term_string"}}],"inLanguage":"pt-BR"},{"@type":"Person","@id":"https:\/\/www.pmpf.rs.gov.br\/turismo\/#\/schema\/person\/0c355b0fa68a7aa986c8594f7a60a2d7","name":"mosite","image":{"@type":"ImageObject","inLanguage":"pt-BR","@id":"https:\/\/www.pmpf.rs.gov.br\/turismo\/#\/schema\/person\/image\/","url":"https:\/\/secure.gravatar.com\/avatar\/63d72595d6cecfe12bd8a94829d5a26c?s=96&d=mm&r=g","contentUrl":"https:\/\/secure.gravatar.com\/avatar\/63d72595d6cecfe12bd8a94829d5a26c?s=96&d=mm&r=g","caption":"mosite"},"sameAs":["http:\/\/example.com"],"url":"https:\/\/www.pmpf.rs.gov.br\/turismo\/author\/mosite\/"}]}},"_links":{"self":[{"href":"https:\/\/www.pmpf.rs.gov.br\/turismo\/wp-json\/wp\/v2\/posts\/270"}],"collection":[{"href":"https:\/\/www.pmpf.rs.gov.br\/turismo\/wp-json\/wp\/v2\/posts"}],"about":[{"href":"https:\/\/www.pmpf.rs.gov.br\/turismo\/wp-json\/wp\/v2\/types\/post"}],"author":[{"embeddable":true,"href":"https:\/\/www.pmpf.rs.gov.br\/turismo\/wp-json\/wp\/v2\/users\/1"}],"replies":[{"embeddable":true,"href":"https:\/\/www.pmpf.rs.gov.br\/turismo\/wp-json\/wp\/v2\/comments?post=270"}],"version-history":[{"count":0,"href":"https:\/\/www.pmpf.rs.gov.br\/turismo\/wp-json\/wp\/v2\/posts\/270\/revisions"}],"wp:attachment":[{"href":"https:\/\/www.pmpf.rs.gov.br\/turismo\/wp-json\/wp\/v2\/media?parent=270"}],"wp:term":[{"taxonomy":"category","embeddable":true,"href":"https:\/\/www.pmpf.rs.gov.br\/turismo\/wp-json\/wp\/v2\/categories?post=270"},{"taxonomy":"post_tag","embeddable":true,"href":"https:\/\/www.pmpf.rs.gov.br\/turismo\/wp-json\/wp\/v2\/tags?post=270"}],"curies":[{"name":"wp","href":"https:\/\/api.w.org\/{rel}","templated":true}]}}