{"id":27,"date":"2015-04-01T03:00:00","date_gmt":"2015-04-01T06:00:00","guid":{"rendered":"https:\/\/www.pmpf.rs.gov.br\/turismo\/2015\/04\/01\/rodeio-internacional-de-passo-fundo-integra-calendario-oficial-do-mtg-9377\/"},"modified":"2015-04-01T03:00:00","modified_gmt":"2015-04-01T06:00:00","slug":"rodeio-internacional-de-passo-fundo-integra-calendario-oficial-do-mtg-9377","status":"publish","type":"post","link":"https:\/\/www.pmpf.rs.gov.br\/turismo\/2015\/04\/01\/rodeio-internacional-de-passo-fundo-integra-calendario-oficial-do-mtg-9377\/","title":{"rendered":"Rodeio Internacional de Passo Fundo integra Calend\u00e1rio Oficial do MTG"},"content":{"rendered":"<p>A organiza\u00e7\u00e3o e divulga\u00e7\u00e3o antecipada do XVII Rodeio Internacional de  Passo Fundo garantiram a integra\u00e7\u00e3o ao Calend\u00e1rio Oficial de Eventos do  Movimento Tradicionalista Ga\u00facho 2015\/2016. O evento, que acontecer\u00e1 nos  dias 02 a 06 de dezembro de 2015, contar\u00e1 com provas art\u00edsticas,  culturais, campeiras e shows e ser\u00e1 voltado para a valoriza\u00e7\u00e3o da  fam\u00edlia e do tradicionalismo ga\u00facho.<\/p>\n<p> \u201cAo integrar o Calend\u00e1rio Oficial do MTG, garantimos maior visibilidade,  essencial para o sucesso desta festa tradicionalista. Al\u00e9m disso,  pessoas de todo o estado e, tamb\u00e9m, de outras partes do pa\u00eds, podem  agendar-se para vir at\u00e9 Passo Fundo nos dias o Rodeio\u201d, disse o  diretor-presidente da Passotur \u2013 Funda\u00e7\u00e3o Passo Fundo de Turismo, Daniel  L\u00e9.<\/p>\n<p> Com 30 anos de exist\u00eancia, o Rodeio passou a ser internacional desde sua  terceira edi\u00e7\u00e3o, alcan\u00e7ando entidades e representa\u00e7\u00f5es art\u00edsticas e  campeiras da Argentina, Uruguai e Paraguai. Ap\u00f3s a quarta edi\u00e7\u00e3o, devido  \u00e0 pluralidade de eventos do mesmo segmento, as edi\u00e7\u00f5es tornaram-se  bianuais.<\/p>\n<p> Na \u00faltima edi\u00e7\u00e3o do evento, a reforma da pista de tiro de la\u00e7o foi uma  conquista para os participantes. O resultado positivo viabilizou a  constru\u00e7\u00e3o de uma cobertura de 300 metros quadrados para os cavaleiros, o  que qualificou o Parque de Rodeios. Outras melhorias est\u00e3o planejadas  para serem executadas ainda em 2015.<\/p>\n","protected":false},"excerpt":{"rendered":"<p>Rodeio Internacional de Passo Fundo integra Calend\u00e1rio Oficial do MTG<\/p>\n","protected":false},"author":1,"featured_media":0,"comment_status":"open","ping_status":"open","sticky":false,"template":"","format":"standard","meta":{"footnotes":""},"categories":[],"tags":[],"class_list":["post-27","post","type-post","status-publish","format-standard","hentry"],"yoast_head":"<!-- This site is optimized with the Yoast SEO plugin v23.8 - https:\/\/yoast.com\/wordpress\/plugins\/seo\/ -->\n<title>Rodeio Internacional de Passo Fundo integra Calend\u00e1rio Oficial do MTG - Turismo<\/title>\n<meta name=\"robots\" content=\"index, follow, max-snippet:-1, max-image-preview:large, max-video-preview:-1\" \/>\n<link rel=\"canonical\" href=\"https:\/\/www.pmpf.rs.gov.br\/turismo\/2015\/04\/01\/rodeio-internacional-de-passo-fundo-integra-calendario-oficial-do-mtg-9377\/\" \/>\n<meta property=\"og:locale\" content=\"pt_BR\" \/>\n<meta property=\"og:type\" content=\"article\" \/>\n<meta property=\"og:title\" content=\"Rodeio Internacional de Passo Fundo integra Calend\u00e1rio Oficial do MTG - Turismo\" \/>\n<meta property=\"og:description\" content=\"Rodeio Internacional de Passo Fundo integra Calend\u00e1rio Oficial do MTG\" \/>\n<meta property=\"og:url\" content=\"https:\/\/www.pmpf.rs.gov.br\/turismo\/2015\/04\/01\/rodeio-internacional-de-passo-fundo-integra-calendario-oficial-do-mtg-9377\/\" \/>\n<meta property=\"og:site_name\" content=\"Turismo\" \/>\n<meta property=\"article:published_time\" content=\"2015-04-01T06:00:00+00:00\" \/>\n<meta name=\"author\" content=\"mosite\" \/>\n<meta name=\"twitter:card\" content=\"summary_large_image\" \/>\n<meta name=\"twitter:label1\" content=\"Escrito por\" \/>\n\t<meta name=\"twitter:data1\" content=\"mosite\" \/>\n\t<meta name=\"twitter:label2\" content=\"Est. tempo de leitura\" \/>\n\t<meta name=\"twitter:data2\" content=\"1 minuto\" \/>\n<script type=\"application\/ld+json\" class=\"yoast-schema-graph\">{\"@context\":\"https:\/\/schema.org\",\"@graph\":[{\"@type\":\"WebPage\",\"@id\":\"https:\/\/www.pmpf.rs.gov.br\/turismo\/2015\/04\/01\/rodeio-internacional-de-passo-fundo-integra-calendario-oficial-do-mtg-9377\/\",\"url\":\"https:\/\/www.pmpf.rs.gov.br\/turismo\/2015\/04\/01\/rodeio-internacional-de-passo-fundo-integra-calendario-oficial-do-mtg-9377\/\",\"name\":\"Rodeio Internacional de Passo Fundo integra Calend\u00e1rio Oficial do MTG - Turismo\",\"isPartOf\":{\"@id\":\"https:\/\/www.pmpf.rs.gov.br\/turismo\/#website\"},\"datePublished\":\"2015-04-01T06:00:00+00:00\",\"dateModified\":\"2015-04-01T06:00:00+00:00\",\"author\":{\"@id\":\"https:\/\/www.pmpf.rs.gov.br\/turismo\/#\/schema\/person\/0c355b0fa68a7aa986c8594f7a60a2d7\"},\"breadcrumb\":{\"@id\":\"https:\/\/www.pmpf.rs.gov.br\/turismo\/2015\/04\/01\/rodeio-internacional-de-passo-fundo-integra-calendario-oficial-do-mtg-9377\/#breadcrumb\"},\"inLanguage\":\"pt-BR\",\"potentialAction\":[{\"@type\":\"ReadAction\",\"target\":[\"https:\/\/www.pmpf.rs.gov.br\/turismo\/2015\/04\/01\/rodeio-internacional-de-passo-fundo-integra-calendario-oficial-do-mtg-9377\/\"]}]},{\"@type\":\"BreadcrumbList\",\"@id\":\"https:\/\/www.pmpf.rs.gov.br\/turismo\/2015\/04\/01\/rodeio-internacional-de-passo-fundo-integra-calendario-oficial-do-mtg-9377\/#breadcrumb\",\"itemListElement\":[{\"@type\":\"ListItem\",\"position\":1,\"name\":\"In\u00edcio\",\"item\":\"https:\/\/www.pmpf.rs.gov.br\/turismo\/\"},{\"@type\":\"ListItem\",\"position\":2,\"name\":\"Rodeio Internacional de Passo Fundo integra Calend\u00e1rio Oficial do MTG\"}]},{\"@type\":\"WebSite\",\"@id\":\"https:\/\/www.pmpf.rs.gov.br\/turismo\/#website\",\"url\":\"https:\/\/www.pmpf.rs.gov.br\/turismo\/\",\"name\":\"Turismo\",\"description\":\"Descubra Passo Fundo\",\"potentialAction\":[{\"@type\":\"SearchAction\",\"target\":{\"@type\":\"EntryPoint\",\"urlTemplate\":\"https:\/\/www.pmpf.rs.gov.br\/turismo\/?s={search_term_string}\"},\"query-input\":{\"@type\":\"PropertyValueSpecification\",\"valueRequired\":true,\"valueName\":\"search_term_string\"}}],\"inLanguage\":\"pt-BR\"},{\"@type\":\"Person\",\"@id\":\"https:\/\/www.pmpf.rs.gov.br\/turismo\/#\/schema\/person\/0c355b0fa68a7aa986c8594f7a60a2d7\",\"name\":\"mosite\",\"image\":{\"@type\":\"ImageObject\",\"inLanguage\":\"pt-BR\",\"@id\":\"https:\/\/www.pmpf.rs.gov.br\/turismo\/#\/schema\/person\/image\/\",\"url\":\"https:\/\/secure.gravatar.com\/avatar\/63d72595d6cecfe12bd8a94829d5a26c?s=96&d=mm&r=g\",\"contentUrl\":\"https:\/\/secure.gravatar.com\/avatar\/63d72595d6cecfe12bd8a94829d5a26c?s=96&d=mm&r=g\",\"caption\":\"mosite\"},\"sameAs\":[\"http:\/\/example.com\"],\"url\":\"https:\/\/www.pmpf.rs.gov.br\/turismo\/author\/mosite\/\"}]}<\/script>\n<!-- \/ Yoast SEO plugin. -->","yoast_head_json":{"title":"Rodeio Internacional de Passo Fundo integra Calend\u00e1rio Oficial do MTG - Turismo","robots":{"index":"index","follow":"follow","max-snippet":"max-snippet:-1","max-image-preview":"max-image-preview:large","max-video-preview":"max-video-preview:-1"},"canonical":"https:\/\/www.pmpf.rs.gov.br\/turismo\/2015\/04\/01\/rodeio-internacional-de-passo-fundo-integra-calendario-oficial-do-mtg-9377\/","og_locale":"pt_BR","og_type":"article","og_title":"Rodeio Internacional de Passo Fundo integra Calend\u00e1rio Oficial do MTG - Turismo","og_description":"Rodeio Internacional de Passo Fundo integra Calend\u00e1rio Oficial do MTG","og_url":"https:\/\/www.pmpf.rs.gov.br\/turismo\/2015\/04\/01\/rodeio-internacional-de-passo-fundo-integra-calendario-oficial-do-mtg-9377\/","og_site_name":"Turismo","article_published_time":"2015-04-01T06:00:00+00:00","author":"mosite","twitter_card":"summary_large_image","twitter_misc":{"Escrito por":"mosite","Est. tempo de leitura":"1 minuto"},"schema":{"@context":"https:\/\/schema.org","@graph":[{"@type":"WebPage","@id":"https:\/\/www.pmpf.rs.gov.br\/turismo\/2015\/04\/01\/rodeio-internacional-de-passo-fundo-integra-calendario-oficial-do-mtg-9377\/","url":"https:\/\/www.pmpf.rs.gov.br\/turismo\/2015\/04\/01\/rodeio-internacional-de-passo-fundo-integra-calendario-oficial-do-mtg-9377\/","name":"Rodeio Internacional de Passo Fundo integra Calend\u00e1rio Oficial do MTG - Turismo","isPartOf":{"@id":"https:\/\/www.pmpf.rs.gov.br\/turismo\/#website"},"datePublished":"2015-04-01T06:00:00+00:00","dateModified":"2015-04-01T06:00:00+00:00","author":{"@id":"https:\/\/www.pmpf.rs.gov.br\/turismo\/#\/schema\/person\/0c355b0fa68a7aa986c8594f7a60a2d7"},"breadcrumb":{"@id":"https:\/\/www.pmpf.rs.gov.br\/turismo\/2015\/04\/01\/rodeio-internacional-de-passo-fundo-integra-calendario-oficial-do-mtg-9377\/#breadcrumb"},"inLanguage":"pt-BR","potentialAction":[{"@type":"ReadAction","target":["https:\/\/www.pmpf.rs.gov.br\/turismo\/2015\/04\/01\/rodeio-internacional-de-passo-fundo-integra-calendario-oficial-do-mtg-9377\/"]}]},{"@type":"BreadcrumbList","@id":"https:\/\/www.pmpf.rs.gov.br\/turismo\/2015\/04\/01\/rodeio-internacional-de-passo-fundo-integra-calendario-oficial-do-mtg-9377\/#breadcrumb","itemListElement":[{"@type":"ListItem","position":1,"name":"In\u00edcio","item":"https:\/\/www.pmpf.rs.gov.br\/turismo\/"},{"@type":"ListItem","position":2,"name":"Rodeio Internacional de Passo Fundo integra Calend\u00e1rio Oficial do MTG"}]},{"@type":"WebSite","@id":"https:\/\/www.pmpf.rs.gov.br\/turismo\/#website","url":"https:\/\/www.pmpf.rs.gov.br\/turismo\/","name":"Turismo","description":"Descubra Passo Fundo","potentialAction":[{"@type":"SearchAction","target":{"@type":"EntryPoint","urlTemplate":"https:\/\/www.pmpf.rs.gov.br\/turismo\/?s={search_term_string}"},"query-input":{"@type":"PropertyValueSpecification","valueRequired":true,"valueName":"search_term_string"}}],"inLanguage":"pt-BR"},{"@type":"Person","@id":"https:\/\/www.pmpf.rs.gov.br\/turismo\/#\/schema\/person\/0c355b0fa68a7aa986c8594f7a60a2d7","name":"mosite","image":{"@type":"ImageObject","inLanguage":"pt-BR","@id":"https:\/\/www.pmpf.rs.gov.br\/turismo\/#\/schema\/person\/image\/","url":"https:\/\/secure.gravatar.com\/avatar\/63d72595d6cecfe12bd8a94829d5a26c?s=96&d=mm&r=g","contentUrl":"https:\/\/secure.gravatar.com\/avatar\/63d72595d6cecfe12bd8a94829d5a26c?s=96&d=mm&r=g","caption":"mosite"},"sameAs":["http:\/\/example.com"],"url":"https:\/\/www.pmpf.rs.gov.br\/turismo\/author\/mosite\/"}]}},"_links":{"self":[{"href":"https:\/\/www.pmpf.rs.gov.br\/turismo\/wp-json\/wp\/v2\/posts\/27"}],"collection":[{"href":"https:\/\/www.pmpf.rs.gov.br\/turismo\/wp-json\/wp\/v2\/posts"}],"about":[{"href":"https:\/\/www.pmpf.rs.gov.br\/turismo\/wp-json\/wp\/v2\/types\/post"}],"author":[{"embeddable":true,"href":"https:\/\/www.pmpf.rs.gov.br\/turismo\/wp-json\/wp\/v2\/users\/1"}],"replies":[{"embeddable":true,"href":"https:\/\/www.pmpf.rs.gov.br\/turismo\/wp-json\/wp\/v2\/comments?post=27"}],"version-history":[{"count":0,"href":"https:\/\/www.pmpf.rs.gov.br\/turismo\/wp-json\/wp\/v2\/posts\/27\/revisions"}],"wp:attachment":[{"href":"https:\/\/www.pmpf.rs.gov.br\/turismo\/wp-json\/wp\/v2\/media?parent=27"}],"wp:term":[{"taxonomy":"category","embeddable":true,"href":"https:\/\/www.pmpf.rs.gov.br\/turismo\/wp-json\/wp\/v2\/categories?post=27"},{"taxonomy":"post_tag","embeddable":true,"href":"https:\/\/www.pmpf.rs.gov.br\/turismo\/wp-json\/wp\/v2\/tags?post=27"}],"curies":[{"name":"wp","href":"https:\/\/api.w.org\/{rel}","templated":true}]}}