{"id":266,"date":"2011-01-16T02:00:00","date_gmt":"2011-01-16T04:00:00","guid":{"rendered":"https:\/\/www.pmpf.rs.gov.br\/turismo\/2011\/01\/16\/filhas-de-teixeirinha-reafirmam-parceria-para-o-rodeio-de-passo-fundo-162\/"},"modified":"2011-01-16T02:00:00","modified_gmt":"2011-01-16T04:00:00","slug":"filhas-de-teixeirinha-reafirmam-parceria-para-o-rodeio-de-passo-fundo-162","status":"publish","type":"post","link":"https:\/\/www.pmpf.rs.gov.br\/turismo\/2011\/01\/16\/filhas-de-teixeirinha-reafirmam-parceria-para-o-rodeio-de-passo-fundo-162\/","title":{"rendered":"Filhas de Teixeirinha reafirmam parceria para o rodeio de Passo Fundo"},"content":{"rendered":"<p>O clima no Parque de Rodeios da Rosel\u00e2ndia \u00e9 de prepara\u00e7\u00e3o intensa para a festa que come\u00e7a nos primeiros dias de fevereiro.\u00a0 E neste domingo, um encontro selou a parceria entre a Prefeitura Municipal e a fam\u00edlia de Teixeirinha, o grande homenageado desta edi\u00e7\u00e3o do Rodeio Internacional de Passo Fundo. Beta e M\u00e1rcia Teixeira, que conduzem a Funda\u00e7\u00e3o Teixeirinha, visitaram o parque, acompanhadas pelo presidente da Funzoctur, Ant\u00f4nio Augusto Reveilleau e pelo vice-prefeito, Rene Cecconello. \u201c Nosso DNA est\u00e1 em Passo Fundo e estamos muito felizes com esta homenagem\u201d, disse M\u00e1rcia.<br \/>A Funda\u00e7\u00e3o Teixeirinha, que tem 10 anos de exist\u00eancia, dever\u00e1 fazer uma exposi\u00e7\u00e3o especial para os dias do Rodeio, no rancho batizado neste domingo como \u201cTeixeirinha, o cantador do Rio Grande\u201d. A casa est\u00e1 sendo constru\u00edda por Jo\u00e3o do Prado, grande f\u00e3 do m\u00fasico e dever\u00e1 ser vir como um espa\u00e7o cultural em homenagem a ele. A inaugura\u00e7\u00e3o do espa\u00e7o est\u00e1 marcada para o dia 3 de fevereiro, com a presen\u00e7a da fam\u00edlia de Teixeirinha.<br \/>Para Rene Cecconello, vice-prefeito de Passo Fundo, \u00e9 uma honra contar com o apoio das filhas do m\u00fasico, homenageado que vai marcar a d\u00e9cima quinta edi\u00e7\u00e3o do Rodeio Internacional de Passo Fundo, como o primeiro rodeio tem\u00e1tico realizado na cidade. \u201dEstamos na reta final de prepara\u00e7\u00e3o do parque para o Rodeio e j\u00e1 temos uma grande programa\u00e7\u00e3o para esta edi\u00e7\u00e3o, com shows tem\u00e1ticos e muitas atividades. Estamos muito satisfeitos por esta parceria que fizemos com a Funda\u00e7\u00e3o Teixeirinha, que vai qualificar ainda mais o nosso rodeio\u201d, comemorou Cecconello.<br \/>O XV Rodeio Internacional de Passo Fundo ter\u00e1 sua abertura oficial no dia 5 de fevereiro, \u00e1s 18h com uma cavalgada e uma cavalhada. Nos dias 3, 4 e 5, pessoas que fizeram parte da vida de Teixeirinha ser\u00e3o tamb\u00e9m homenageadas no parque.<\/p>\n","protected":false},"excerpt":{"rendered":"<p>Beta e M\u00e1rcia Teixeira, que conduzem a Funda\u00e7\u00e3o Teixeirinha, visitaram o parque, acompanhadas pelo presidente da Funzoctur, Ant\u00f4nio Augusto Reveilleau e pelo vice-prefeito, Rene Cecconello. \u201c Nosso DNA est\u00e1 em Passo Fundo e estamos muito felizes com esta homenagem\u201d, disse M\u00e1rcia.<\/p>\n","protected":false},"author":1,"featured_media":267,"comment_status":"open","ping_status":"open","sticky":false,"template":"","format":"standard","meta":{"footnotes":""},"categories":[],"tags":[],"class_list":["post-266","post","type-post","status-publish","format-standard","has-post-thumbnail","hentry"],"yoast_head":"<!-- This site is optimized with the Yoast SEO plugin v23.8 - https:\/\/yoast.com\/wordpress\/plugins\/seo\/ -->\n<title>Filhas de Teixeirinha reafirmam parceria para o rodeio de Passo Fundo - Turismo<\/title>\n<meta name=\"robots\" content=\"index, follow, max-snippet:-1, max-image-preview:large, max-video-preview:-1\" \/>\n<link rel=\"canonical\" href=\"https:\/\/www.pmpf.rs.gov.br\/turismo\/2011\/01\/16\/filhas-de-teixeirinha-reafirmam-parceria-para-o-rodeio-de-passo-fundo-162\/\" \/>\n<meta property=\"og:locale\" content=\"pt_BR\" \/>\n<meta property=\"og:type\" content=\"article\" \/>\n<meta property=\"og:title\" content=\"Filhas de Teixeirinha reafirmam parceria para o rodeio de Passo Fundo - Turismo\" \/>\n<meta property=\"og:description\" content=\"Beta e M\u00e1rcia Teixeira, que conduzem a Funda\u00e7\u00e3o Teixeirinha, visitaram o parque, acompanhadas pelo presidente da Funzoctur, Ant\u00f4nio Augusto Reveilleau e pelo vice-prefeito, Rene Cecconello. \u201c Nosso DNA est\u00e1 em Passo Fundo e estamos muito felizes com esta homenagem\u201d, disse M\u00e1rcia.\" \/>\n<meta property=\"og:url\" content=\"https:\/\/www.pmpf.rs.gov.br\/turismo\/2011\/01\/16\/filhas-de-teixeirinha-reafirmam-parceria-para-o-rodeio-de-passo-fundo-162\/\" \/>\n<meta property=\"og:site_name\" content=\"Turismo\" \/>\n<meta property=\"article:published_time\" content=\"2011-01-16T04:00:00+00:00\" \/>\n<meta property=\"og:image\" content=\"https:\/\/www.pmpf.rs.gov.br\/turismo\/wp-content\/uploads\/sites\/51\/2021\/12\/I2013-05-07_062645_c7715.jpg\" \/>\n\t<meta property=\"og:image:width\" content=\"640\" \/>\n\t<meta property=\"og:image:height\" content=\"480\" \/>\n\t<meta property=\"og:image:type\" content=\"image\/jpeg\" \/>\n<meta name=\"author\" content=\"mosite\" \/>\n<meta name=\"twitter:card\" content=\"summary_large_image\" \/>\n<meta name=\"twitter:label1\" content=\"Escrito por\" \/>\n\t<meta name=\"twitter:data1\" content=\"mosite\" \/>\n\t<meta name=\"twitter:label2\" content=\"Est. tempo de leitura\" \/>\n\t<meta name=\"twitter:data2\" content=\"2 minutos\" \/>\n<script type=\"application\/ld+json\" class=\"yoast-schema-graph\">{\"@context\":\"https:\/\/schema.org\",\"@graph\":[{\"@type\":\"WebPage\",\"@id\":\"https:\/\/www.pmpf.rs.gov.br\/turismo\/2011\/01\/16\/filhas-de-teixeirinha-reafirmam-parceria-para-o-rodeio-de-passo-fundo-162\/\",\"url\":\"https:\/\/www.pmpf.rs.gov.br\/turismo\/2011\/01\/16\/filhas-de-teixeirinha-reafirmam-parceria-para-o-rodeio-de-passo-fundo-162\/\",\"name\":\"Filhas de Teixeirinha reafirmam parceria para o rodeio de Passo Fundo - Turismo\",\"isPartOf\":{\"@id\":\"https:\/\/www.pmpf.rs.gov.br\/turismo\/#website\"},\"primaryImageOfPage\":{\"@id\":\"https:\/\/www.pmpf.rs.gov.br\/turismo\/2011\/01\/16\/filhas-de-teixeirinha-reafirmam-parceria-para-o-rodeio-de-passo-fundo-162\/#primaryimage\"},\"image\":{\"@id\":\"https:\/\/www.pmpf.rs.gov.br\/turismo\/2011\/01\/16\/filhas-de-teixeirinha-reafirmam-parceria-para-o-rodeio-de-passo-fundo-162\/#primaryimage\"},\"thumbnailUrl\":\"https:\/\/www.pmpf.rs.gov.br\/turismo\/wp-content\/uploads\/sites\/51\/2021\/12\/I2013-05-07_062645_c7715.jpg\",\"datePublished\":\"2011-01-16T04:00:00+00:00\",\"dateModified\":\"2011-01-16T04:00:00+00:00\",\"author\":{\"@id\":\"https:\/\/www.pmpf.rs.gov.br\/turismo\/#\/schema\/person\/0c355b0fa68a7aa986c8594f7a60a2d7\"},\"breadcrumb\":{\"@id\":\"https:\/\/www.pmpf.rs.gov.br\/turismo\/2011\/01\/16\/filhas-de-teixeirinha-reafirmam-parceria-para-o-rodeio-de-passo-fundo-162\/#breadcrumb\"},\"inLanguage\":\"pt-BR\",\"potentialAction\":[{\"@type\":\"ReadAction\",\"target\":[\"https:\/\/www.pmpf.rs.gov.br\/turismo\/2011\/01\/16\/filhas-de-teixeirinha-reafirmam-parceria-para-o-rodeio-de-passo-fundo-162\/\"]}]},{\"@type\":\"ImageObject\",\"inLanguage\":\"pt-BR\",\"@id\":\"https:\/\/www.pmpf.rs.gov.br\/turismo\/2011\/01\/16\/filhas-de-teixeirinha-reafirmam-parceria-para-o-rodeio-de-passo-fundo-162\/#primaryimage\",\"url\":\"https:\/\/www.pmpf.rs.gov.br\/turismo\/wp-content\/uploads\/sites\/51\/2021\/12\/I2013-05-07_062645_c7715.jpg\",\"contentUrl\":\"https:\/\/www.pmpf.rs.gov.br\/turismo\/wp-content\/uploads\/sites\/51\/2021\/12\/I2013-05-07_062645_c7715.jpg\",\"width\":640,\"height\":480},{\"@type\":\"BreadcrumbList\",\"@id\":\"https:\/\/www.pmpf.rs.gov.br\/turismo\/2011\/01\/16\/filhas-de-teixeirinha-reafirmam-parceria-para-o-rodeio-de-passo-fundo-162\/#breadcrumb\",\"itemListElement\":[{\"@type\":\"ListItem\",\"position\":1,\"name\":\"In\u00edcio\",\"item\":\"https:\/\/www.pmpf.rs.gov.br\/turismo\/\"},{\"@type\":\"ListItem\",\"position\":2,\"name\":\"Filhas de Teixeirinha reafirmam parceria para o rodeio de Passo Fundo\"}]},{\"@type\":\"WebSite\",\"@id\":\"https:\/\/www.pmpf.rs.gov.br\/turismo\/#website\",\"url\":\"https:\/\/www.pmpf.rs.gov.br\/turismo\/\",\"name\":\"Turismo\",\"description\":\"Descubra Passo Fundo\",\"potentialAction\":[{\"@type\":\"SearchAction\",\"target\":{\"@type\":\"EntryPoint\",\"urlTemplate\":\"https:\/\/www.pmpf.rs.gov.br\/turismo\/?s={search_term_string}\"},\"query-input\":{\"@type\":\"PropertyValueSpecification\",\"valueRequired\":true,\"valueName\":\"search_term_string\"}}],\"inLanguage\":\"pt-BR\"},{\"@type\":\"Person\",\"@id\":\"https:\/\/www.pmpf.rs.gov.br\/turismo\/#\/schema\/person\/0c355b0fa68a7aa986c8594f7a60a2d7\",\"name\":\"mosite\",\"image\":{\"@type\":\"ImageObject\",\"inLanguage\":\"pt-BR\",\"@id\":\"https:\/\/www.pmpf.rs.gov.br\/turismo\/#\/schema\/person\/image\/\",\"url\":\"https:\/\/secure.gravatar.com\/avatar\/63d72595d6cecfe12bd8a94829d5a26c?s=96&d=mm&r=g\",\"contentUrl\":\"https:\/\/secure.gravatar.com\/avatar\/63d72595d6cecfe12bd8a94829d5a26c?s=96&d=mm&r=g\",\"caption\":\"mosite\"},\"sameAs\":[\"http:\/\/example.com\"],\"url\":\"https:\/\/www.pmpf.rs.gov.br\/turismo\/author\/mosite\/\"}]}<\/script>\n<!-- \/ Yoast SEO plugin. -->","yoast_head_json":{"title":"Filhas de Teixeirinha reafirmam parceria para o rodeio de Passo Fundo - Turismo","robots":{"index":"index","follow":"follow","max-snippet":"max-snippet:-1","max-image-preview":"max-image-preview:large","max-video-preview":"max-video-preview:-1"},"canonical":"https:\/\/www.pmpf.rs.gov.br\/turismo\/2011\/01\/16\/filhas-de-teixeirinha-reafirmam-parceria-para-o-rodeio-de-passo-fundo-162\/","og_locale":"pt_BR","og_type":"article","og_title":"Filhas de Teixeirinha reafirmam parceria para o rodeio de Passo Fundo - Turismo","og_description":"Beta e M\u00e1rcia Teixeira, que conduzem a Funda\u00e7\u00e3o Teixeirinha, visitaram o parque, acompanhadas pelo presidente da Funzoctur, Ant\u00f4nio Augusto Reveilleau e pelo vice-prefeito, Rene Cecconello. \u201c Nosso DNA est\u00e1 em Passo Fundo e estamos muito felizes com esta homenagem\u201d, disse M\u00e1rcia.","og_url":"https:\/\/www.pmpf.rs.gov.br\/turismo\/2011\/01\/16\/filhas-de-teixeirinha-reafirmam-parceria-para-o-rodeio-de-passo-fundo-162\/","og_site_name":"Turismo","article_published_time":"2011-01-16T04:00:00+00:00","og_image":[{"width":640,"height":480,"url":"https:\/\/www.pmpf.rs.gov.br\/turismo\/wp-content\/uploads\/sites\/51\/2021\/12\/I2013-05-07_062645_c7715.jpg","type":"image\/jpeg"}],"author":"mosite","twitter_card":"summary_large_image","twitter_misc":{"Escrito por":"mosite","Est. tempo de leitura":"2 minutos"},"schema":{"@context":"https:\/\/schema.org","@graph":[{"@type":"WebPage","@id":"https:\/\/www.pmpf.rs.gov.br\/turismo\/2011\/01\/16\/filhas-de-teixeirinha-reafirmam-parceria-para-o-rodeio-de-passo-fundo-162\/","url":"https:\/\/www.pmpf.rs.gov.br\/turismo\/2011\/01\/16\/filhas-de-teixeirinha-reafirmam-parceria-para-o-rodeio-de-passo-fundo-162\/","name":"Filhas de Teixeirinha reafirmam parceria para o rodeio de Passo Fundo - Turismo","isPartOf":{"@id":"https:\/\/www.pmpf.rs.gov.br\/turismo\/#website"},"primaryImageOfPage":{"@id":"https:\/\/www.pmpf.rs.gov.br\/turismo\/2011\/01\/16\/filhas-de-teixeirinha-reafirmam-parceria-para-o-rodeio-de-passo-fundo-162\/#primaryimage"},"image":{"@id":"https:\/\/www.pmpf.rs.gov.br\/turismo\/2011\/01\/16\/filhas-de-teixeirinha-reafirmam-parceria-para-o-rodeio-de-passo-fundo-162\/#primaryimage"},"thumbnailUrl":"https:\/\/www.pmpf.rs.gov.br\/turismo\/wp-content\/uploads\/sites\/51\/2021\/12\/I2013-05-07_062645_c7715.jpg","datePublished":"2011-01-16T04:00:00+00:00","dateModified":"2011-01-16T04:00:00+00:00","author":{"@id":"https:\/\/www.pmpf.rs.gov.br\/turismo\/#\/schema\/person\/0c355b0fa68a7aa986c8594f7a60a2d7"},"breadcrumb":{"@id":"https:\/\/www.pmpf.rs.gov.br\/turismo\/2011\/01\/16\/filhas-de-teixeirinha-reafirmam-parceria-para-o-rodeio-de-passo-fundo-162\/#breadcrumb"},"inLanguage":"pt-BR","potentialAction":[{"@type":"ReadAction","target":["https:\/\/www.pmpf.rs.gov.br\/turismo\/2011\/01\/16\/filhas-de-teixeirinha-reafirmam-parceria-para-o-rodeio-de-passo-fundo-162\/"]}]},{"@type":"ImageObject","inLanguage":"pt-BR","@id":"https:\/\/www.pmpf.rs.gov.br\/turismo\/2011\/01\/16\/filhas-de-teixeirinha-reafirmam-parceria-para-o-rodeio-de-passo-fundo-162\/#primaryimage","url":"https:\/\/www.pmpf.rs.gov.br\/turismo\/wp-content\/uploads\/sites\/51\/2021\/12\/I2013-05-07_062645_c7715.jpg","contentUrl":"https:\/\/www.pmpf.rs.gov.br\/turismo\/wp-content\/uploads\/sites\/51\/2021\/12\/I2013-05-07_062645_c7715.jpg","width":640,"height":480},{"@type":"BreadcrumbList","@id":"https:\/\/www.pmpf.rs.gov.br\/turismo\/2011\/01\/16\/filhas-de-teixeirinha-reafirmam-parceria-para-o-rodeio-de-passo-fundo-162\/#breadcrumb","itemListElement":[{"@type":"ListItem","position":1,"name":"In\u00edcio","item":"https:\/\/www.pmpf.rs.gov.br\/turismo\/"},{"@type":"ListItem","position":2,"name":"Filhas de Teixeirinha reafirmam parceria para o rodeio de Passo Fundo"}]},{"@type":"WebSite","@id":"https:\/\/www.pmpf.rs.gov.br\/turismo\/#website","url":"https:\/\/www.pmpf.rs.gov.br\/turismo\/","name":"Turismo","description":"Descubra Passo Fundo","potentialAction":[{"@type":"SearchAction","target":{"@type":"EntryPoint","urlTemplate":"https:\/\/www.pmpf.rs.gov.br\/turismo\/?s={search_term_string}"},"query-input":{"@type":"PropertyValueSpecification","valueRequired":true,"valueName":"search_term_string"}}],"inLanguage":"pt-BR"},{"@type":"Person","@id":"https:\/\/www.pmpf.rs.gov.br\/turismo\/#\/schema\/person\/0c355b0fa68a7aa986c8594f7a60a2d7","name":"mosite","image":{"@type":"ImageObject","inLanguage":"pt-BR","@id":"https:\/\/www.pmpf.rs.gov.br\/turismo\/#\/schema\/person\/image\/","url":"https:\/\/secure.gravatar.com\/avatar\/63d72595d6cecfe12bd8a94829d5a26c?s=96&d=mm&r=g","contentUrl":"https:\/\/secure.gravatar.com\/avatar\/63d72595d6cecfe12bd8a94829d5a26c?s=96&d=mm&r=g","caption":"mosite"},"sameAs":["http:\/\/example.com"],"url":"https:\/\/www.pmpf.rs.gov.br\/turismo\/author\/mosite\/"}]}},"_links":{"self":[{"href":"https:\/\/www.pmpf.rs.gov.br\/turismo\/wp-json\/wp\/v2\/posts\/266"}],"collection":[{"href":"https:\/\/www.pmpf.rs.gov.br\/turismo\/wp-json\/wp\/v2\/posts"}],"about":[{"href":"https:\/\/www.pmpf.rs.gov.br\/turismo\/wp-json\/wp\/v2\/types\/post"}],"author":[{"embeddable":true,"href":"https:\/\/www.pmpf.rs.gov.br\/turismo\/wp-json\/wp\/v2\/users\/1"}],"replies":[{"embeddable":true,"href":"https:\/\/www.pmpf.rs.gov.br\/turismo\/wp-json\/wp\/v2\/comments?post=266"}],"version-history":[{"count":0,"href":"https:\/\/www.pmpf.rs.gov.br\/turismo\/wp-json\/wp\/v2\/posts\/266\/revisions"}],"wp:featuredmedia":[{"embeddable":true,"href":"https:\/\/www.pmpf.rs.gov.br\/turismo\/wp-json\/wp\/v2\/media\/267"}],"wp:attachment":[{"href":"https:\/\/www.pmpf.rs.gov.br\/turismo\/wp-json\/wp\/v2\/media?parent=266"}],"wp:term":[{"taxonomy":"category","embeddable":true,"href":"https:\/\/www.pmpf.rs.gov.br\/turismo\/wp-json\/wp\/v2\/categories?post=266"},{"taxonomy":"post_tag","embeddable":true,"href":"https:\/\/www.pmpf.rs.gov.br\/turismo\/wp-json\/wp\/v2\/tags?post=266"}],"curies":[{"name":"wp","href":"https:\/\/api.w.org\/{rel}","templated":true}]}}