{"id":264,"date":"2011-02-03T02:00:00","date_gmt":"2011-02-03T04:00:00","guid":{"rendered":"https:\/\/www.pmpf.rs.gov.br\/turismo\/2011\/02\/03\/quase-tudo-pronto-no-parque-de-rodeios-171\/"},"modified":"2011-02-03T02:00:00","modified_gmt":"2011-02-03T04:00:00","slug":"quase-tudo-pronto-no-parque-de-rodeios-171","status":"publish","type":"post","link":"https:\/\/www.pmpf.rs.gov.br\/turismo\/2011\/02\/03\/quase-tudo-pronto-no-parque-de-rodeios-171\/","title":{"rendered":"Quase tudo pronto no Parque de Rodeios"},"content":{"rendered":"<div style=\"text-align: justify; \">\n<p>Restam apenas alguns detalhes para o in\u00edcio do XV Rodeio Internacional de Passo Fundo, que abre as porteiras para a comunidade nesta sexta-feira e vai at\u00e9 o pr\u00f3ximo dia 13. Nessa quinta-feira foi intensa a movimenta\u00e7\u00e3o dos comerciantes, que estar\u00e3o com seus neg\u00f3cios no parque e dos campeiros, que est\u00e3o ajustando seus ranchos.<br \/>Uma novidade deste ano \u00e9\u00a0 a estrutura de cobertura instalada em frente ao palco principal de shows, que segundo o diretor da Funda\u00e7\u00e3o &#8211; Funda\u00e7\u00e3o Zoobot\u00e2nica, Cultural e de Turismo da Rosel\u00e2ndia, Ant\u00f4nio Augusto Reveillau, vai oferecer mais comodidade aos visitantes, os protegendo do sol e da chuva. Arquibancadas est\u00e3o sendo montadas nessa \u00e1rea tamb\u00e9m.<br \/>A pra\u00e7a de alimenta\u00e7\u00e3o do parque tamb\u00e9m conta com uma cobertura semelhante, e somadas as reformas de infra-estrutura finalizadas pela Prefeitura Municipal no local, v\u00e3o garantir bons neg\u00f3cios aos comerciantes parceiros do evento. A pista de tiro de la\u00e7o tamb\u00e9m recebeu aten\u00e7\u00e3o especial nesta semana, com uma nova e segura arquibancada modular montada no local, ao lado dos assentos j\u00e1 existentes, que foram cobertos com uma estrutura met\u00e1lica no ano passado. <br \/>Aproveitando o momento, Reveilleau frisou que al\u00e9m dos banheiros do parque terem sido reformados, in\u00fameros banheiros qu\u00edmicos est\u00e3o sendo instalados no local, al\u00e9m das novas lixeiras de coleta seletiva de lixo.<br \/>O evento \u00e9 promovido pela Prefeitura Municipal e pela 7\u00aa Regi\u00e3o Tradicionalista, sendo realizado atrav\u00e9s da Funzoctur, juntamente com o grupo Cultural e Art\u00edstico Cavaleiros do Planalto M\u00e9dio.<\/div>\n<p><\/p>\n","protected":false},"excerpt":{"rendered":"<p>Restam apenas alguns detalhes para o in\u00edcio do XV Rodeio Internacional de Passo Fundo, que abre as porteiras para a comunidade nesta sexta-feira e vai at\u00e9 o pr\u00f3ximo dia 13. Nessa quinta-feira foi intensa a movimenta\u00e7\u00e3o dos comerciantes, que estar\u00e3o com seus neg\u00f3cios no parque e dos campeiros, que est\u00e3o ajustando seus ranchos.<\/p>\n","protected":false},"author":1,"featured_media":265,"comment_status":"open","ping_status":"open","sticky":false,"template":"","format":"standard","meta":{"footnotes":""},"categories":[],"tags":[],"class_list":["post-264","post","type-post","status-publish","format-standard","has-post-thumbnail","hentry"],"yoast_head":"<!-- This site is optimized with the Yoast SEO plugin v23.8 - https:\/\/yoast.com\/wordpress\/plugins\/seo\/ -->\n<title>Quase tudo pronto no Parque de Rodeios - Turismo<\/title>\n<meta name=\"robots\" content=\"index, follow, max-snippet:-1, max-image-preview:large, max-video-preview:-1\" \/>\n<link rel=\"canonical\" href=\"https:\/\/www.pmpf.rs.gov.br\/turismo\/2011\/02\/03\/quase-tudo-pronto-no-parque-de-rodeios-171\/\" \/>\n<meta property=\"og:locale\" content=\"pt_BR\" \/>\n<meta property=\"og:type\" content=\"article\" \/>\n<meta property=\"og:title\" content=\"Quase tudo pronto no Parque de Rodeios - Turismo\" \/>\n<meta property=\"og:description\" content=\"Restam apenas alguns detalhes para o in\u00edcio do XV Rodeio Internacional de Passo Fundo, que abre as porteiras para a comunidade nesta sexta-feira e vai at\u00e9 o pr\u00f3ximo dia 13. Nessa quinta-feira foi intensa a movimenta\u00e7\u00e3o dos comerciantes, que estar\u00e3o com seus neg\u00f3cios no parque e dos campeiros, que est\u00e3o ajustando seus ranchos.\" \/>\n<meta property=\"og:url\" content=\"https:\/\/www.pmpf.rs.gov.br\/turismo\/2011\/02\/03\/quase-tudo-pronto-no-parque-de-rodeios-171\/\" \/>\n<meta property=\"og:site_name\" content=\"Turismo\" \/>\n<meta property=\"article:published_time\" content=\"2011-02-03T04:00:00+00:00\" \/>\n<meta property=\"og:image\" content=\"https:\/\/www.pmpf.rs.gov.br\/turismo\/wp-content\/uploads\/sites\/51\/2021\/12\/I2013-05-07_062645_c7760.jpg\" \/>\n\t<meta property=\"og:image:width\" content=\"640\" \/>\n\t<meta property=\"og:image:height\" content=\"427\" \/>\n\t<meta property=\"og:image:type\" content=\"image\/jpeg\" \/>\n<meta name=\"author\" content=\"mosite\" \/>\n<meta name=\"twitter:card\" content=\"summary_large_image\" \/>\n<meta name=\"twitter:label1\" content=\"Escrito por\" \/>\n\t<meta name=\"twitter:data1\" content=\"mosite\" \/>\n\t<meta name=\"twitter:label2\" content=\"Est. tempo de leitura\" \/>\n\t<meta name=\"twitter:data2\" content=\"1 minuto\" \/>\n<script type=\"application\/ld+json\" class=\"yoast-schema-graph\">{\"@context\":\"https:\/\/schema.org\",\"@graph\":[{\"@type\":\"WebPage\",\"@id\":\"https:\/\/www.pmpf.rs.gov.br\/turismo\/2011\/02\/03\/quase-tudo-pronto-no-parque-de-rodeios-171\/\",\"url\":\"https:\/\/www.pmpf.rs.gov.br\/turismo\/2011\/02\/03\/quase-tudo-pronto-no-parque-de-rodeios-171\/\",\"name\":\"Quase tudo pronto no Parque de Rodeios - Turismo\",\"isPartOf\":{\"@id\":\"https:\/\/www.pmpf.rs.gov.br\/turismo\/#website\"},\"primaryImageOfPage\":{\"@id\":\"https:\/\/www.pmpf.rs.gov.br\/turismo\/2011\/02\/03\/quase-tudo-pronto-no-parque-de-rodeios-171\/#primaryimage\"},\"image\":{\"@id\":\"https:\/\/www.pmpf.rs.gov.br\/turismo\/2011\/02\/03\/quase-tudo-pronto-no-parque-de-rodeios-171\/#primaryimage\"},\"thumbnailUrl\":\"https:\/\/www.pmpf.rs.gov.br\/turismo\/wp-content\/uploads\/sites\/51\/2021\/12\/I2013-05-07_062645_c7760.jpg\",\"datePublished\":\"2011-02-03T04:00:00+00:00\",\"dateModified\":\"2011-02-03T04:00:00+00:00\",\"author\":{\"@id\":\"https:\/\/www.pmpf.rs.gov.br\/turismo\/#\/schema\/person\/0c355b0fa68a7aa986c8594f7a60a2d7\"},\"breadcrumb\":{\"@id\":\"https:\/\/www.pmpf.rs.gov.br\/turismo\/2011\/02\/03\/quase-tudo-pronto-no-parque-de-rodeios-171\/#breadcrumb\"},\"inLanguage\":\"pt-BR\",\"potentialAction\":[{\"@type\":\"ReadAction\",\"target\":[\"https:\/\/www.pmpf.rs.gov.br\/turismo\/2011\/02\/03\/quase-tudo-pronto-no-parque-de-rodeios-171\/\"]}]},{\"@type\":\"ImageObject\",\"inLanguage\":\"pt-BR\",\"@id\":\"https:\/\/www.pmpf.rs.gov.br\/turismo\/2011\/02\/03\/quase-tudo-pronto-no-parque-de-rodeios-171\/#primaryimage\",\"url\":\"https:\/\/www.pmpf.rs.gov.br\/turismo\/wp-content\/uploads\/sites\/51\/2021\/12\/I2013-05-07_062645_c7760.jpg\",\"contentUrl\":\"https:\/\/www.pmpf.rs.gov.br\/turismo\/wp-content\/uploads\/sites\/51\/2021\/12\/I2013-05-07_062645_c7760.jpg\",\"width\":640,\"height\":427},{\"@type\":\"BreadcrumbList\",\"@id\":\"https:\/\/www.pmpf.rs.gov.br\/turismo\/2011\/02\/03\/quase-tudo-pronto-no-parque-de-rodeios-171\/#breadcrumb\",\"itemListElement\":[{\"@type\":\"ListItem\",\"position\":1,\"name\":\"In\u00edcio\",\"item\":\"https:\/\/www.pmpf.rs.gov.br\/turismo\/\"},{\"@type\":\"ListItem\",\"position\":2,\"name\":\"Quase tudo pronto no Parque de Rodeios\"}]},{\"@type\":\"WebSite\",\"@id\":\"https:\/\/www.pmpf.rs.gov.br\/turismo\/#website\",\"url\":\"https:\/\/www.pmpf.rs.gov.br\/turismo\/\",\"name\":\"Turismo\",\"description\":\"Descubra Passo Fundo\",\"potentialAction\":[{\"@type\":\"SearchAction\",\"target\":{\"@type\":\"EntryPoint\",\"urlTemplate\":\"https:\/\/www.pmpf.rs.gov.br\/turismo\/?s={search_term_string}\"},\"query-input\":{\"@type\":\"PropertyValueSpecification\",\"valueRequired\":true,\"valueName\":\"search_term_string\"}}],\"inLanguage\":\"pt-BR\"},{\"@type\":\"Person\",\"@id\":\"https:\/\/www.pmpf.rs.gov.br\/turismo\/#\/schema\/person\/0c355b0fa68a7aa986c8594f7a60a2d7\",\"name\":\"mosite\",\"image\":{\"@type\":\"ImageObject\",\"inLanguage\":\"pt-BR\",\"@id\":\"https:\/\/www.pmpf.rs.gov.br\/turismo\/#\/schema\/person\/image\/\",\"url\":\"https:\/\/secure.gravatar.com\/avatar\/63d72595d6cecfe12bd8a94829d5a26c?s=96&d=mm&r=g\",\"contentUrl\":\"https:\/\/secure.gravatar.com\/avatar\/63d72595d6cecfe12bd8a94829d5a26c?s=96&d=mm&r=g\",\"caption\":\"mosite\"},\"sameAs\":[\"http:\/\/example.com\"],\"url\":\"https:\/\/www.pmpf.rs.gov.br\/turismo\/author\/mosite\/\"}]}<\/script>\n<!-- \/ Yoast SEO plugin. -->","yoast_head_json":{"title":"Quase tudo pronto no Parque de Rodeios - Turismo","robots":{"index":"index","follow":"follow","max-snippet":"max-snippet:-1","max-image-preview":"max-image-preview:large","max-video-preview":"max-video-preview:-1"},"canonical":"https:\/\/www.pmpf.rs.gov.br\/turismo\/2011\/02\/03\/quase-tudo-pronto-no-parque-de-rodeios-171\/","og_locale":"pt_BR","og_type":"article","og_title":"Quase tudo pronto no Parque de Rodeios - Turismo","og_description":"Restam apenas alguns detalhes para o in\u00edcio do XV Rodeio Internacional de Passo Fundo, que abre as porteiras para a comunidade nesta sexta-feira e vai at\u00e9 o pr\u00f3ximo dia 13. Nessa quinta-feira foi intensa a movimenta\u00e7\u00e3o dos comerciantes, que estar\u00e3o com seus neg\u00f3cios no parque e dos campeiros, que est\u00e3o ajustando seus ranchos.","og_url":"https:\/\/www.pmpf.rs.gov.br\/turismo\/2011\/02\/03\/quase-tudo-pronto-no-parque-de-rodeios-171\/","og_site_name":"Turismo","article_published_time":"2011-02-03T04:00:00+00:00","og_image":[{"width":640,"height":427,"url":"https:\/\/www.pmpf.rs.gov.br\/turismo\/wp-content\/uploads\/sites\/51\/2021\/12\/I2013-05-07_062645_c7760.jpg","type":"image\/jpeg"}],"author":"mosite","twitter_card":"summary_large_image","twitter_misc":{"Escrito por":"mosite","Est. tempo de leitura":"1 minuto"},"schema":{"@context":"https:\/\/schema.org","@graph":[{"@type":"WebPage","@id":"https:\/\/www.pmpf.rs.gov.br\/turismo\/2011\/02\/03\/quase-tudo-pronto-no-parque-de-rodeios-171\/","url":"https:\/\/www.pmpf.rs.gov.br\/turismo\/2011\/02\/03\/quase-tudo-pronto-no-parque-de-rodeios-171\/","name":"Quase tudo pronto no Parque de Rodeios - Turismo","isPartOf":{"@id":"https:\/\/www.pmpf.rs.gov.br\/turismo\/#website"},"primaryImageOfPage":{"@id":"https:\/\/www.pmpf.rs.gov.br\/turismo\/2011\/02\/03\/quase-tudo-pronto-no-parque-de-rodeios-171\/#primaryimage"},"image":{"@id":"https:\/\/www.pmpf.rs.gov.br\/turismo\/2011\/02\/03\/quase-tudo-pronto-no-parque-de-rodeios-171\/#primaryimage"},"thumbnailUrl":"https:\/\/www.pmpf.rs.gov.br\/turismo\/wp-content\/uploads\/sites\/51\/2021\/12\/I2013-05-07_062645_c7760.jpg","datePublished":"2011-02-03T04:00:00+00:00","dateModified":"2011-02-03T04:00:00+00:00","author":{"@id":"https:\/\/www.pmpf.rs.gov.br\/turismo\/#\/schema\/person\/0c355b0fa68a7aa986c8594f7a60a2d7"},"breadcrumb":{"@id":"https:\/\/www.pmpf.rs.gov.br\/turismo\/2011\/02\/03\/quase-tudo-pronto-no-parque-de-rodeios-171\/#breadcrumb"},"inLanguage":"pt-BR","potentialAction":[{"@type":"ReadAction","target":["https:\/\/www.pmpf.rs.gov.br\/turismo\/2011\/02\/03\/quase-tudo-pronto-no-parque-de-rodeios-171\/"]}]},{"@type":"ImageObject","inLanguage":"pt-BR","@id":"https:\/\/www.pmpf.rs.gov.br\/turismo\/2011\/02\/03\/quase-tudo-pronto-no-parque-de-rodeios-171\/#primaryimage","url":"https:\/\/www.pmpf.rs.gov.br\/turismo\/wp-content\/uploads\/sites\/51\/2021\/12\/I2013-05-07_062645_c7760.jpg","contentUrl":"https:\/\/www.pmpf.rs.gov.br\/turismo\/wp-content\/uploads\/sites\/51\/2021\/12\/I2013-05-07_062645_c7760.jpg","width":640,"height":427},{"@type":"BreadcrumbList","@id":"https:\/\/www.pmpf.rs.gov.br\/turismo\/2011\/02\/03\/quase-tudo-pronto-no-parque-de-rodeios-171\/#breadcrumb","itemListElement":[{"@type":"ListItem","position":1,"name":"In\u00edcio","item":"https:\/\/www.pmpf.rs.gov.br\/turismo\/"},{"@type":"ListItem","position":2,"name":"Quase tudo pronto no Parque de Rodeios"}]},{"@type":"WebSite","@id":"https:\/\/www.pmpf.rs.gov.br\/turismo\/#website","url":"https:\/\/www.pmpf.rs.gov.br\/turismo\/","name":"Turismo","description":"Descubra Passo Fundo","potentialAction":[{"@type":"SearchAction","target":{"@type":"EntryPoint","urlTemplate":"https:\/\/www.pmpf.rs.gov.br\/turismo\/?s={search_term_string}"},"query-input":{"@type":"PropertyValueSpecification","valueRequired":true,"valueName":"search_term_string"}}],"inLanguage":"pt-BR"},{"@type":"Person","@id":"https:\/\/www.pmpf.rs.gov.br\/turismo\/#\/schema\/person\/0c355b0fa68a7aa986c8594f7a60a2d7","name":"mosite","image":{"@type":"ImageObject","inLanguage":"pt-BR","@id":"https:\/\/www.pmpf.rs.gov.br\/turismo\/#\/schema\/person\/image\/","url":"https:\/\/secure.gravatar.com\/avatar\/63d72595d6cecfe12bd8a94829d5a26c?s=96&d=mm&r=g","contentUrl":"https:\/\/secure.gravatar.com\/avatar\/63d72595d6cecfe12bd8a94829d5a26c?s=96&d=mm&r=g","caption":"mosite"},"sameAs":["http:\/\/example.com"],"url":"https:\/\/www.pmpf.rs.gov.br\/turismo\/author\/mosite\/"}]}},"_links":{"self":[{"href":"https:\/\/www.pmpf.rs.gov.br\/turismo\/wp-json\/wp\/v2\/posts\/264"}],"collection":[{"href":"https:\/\/www.pmpf.rs.gov.br\/turismo\/wp-json\/wp\/v2\/posts"}],"about":[{"href":"https:\/\/www.pmpf.rs.gov.br\/turismo\/wp-json\/wp\/v2\/types\/post"}],"author":[{"embeddable":true,"href":"https:\/\/www.pmpf.rs.gov.br\/turismo\/wp-json\/wp\/v2\/users\/1"}],"replies":[{"embeddable":true,"href":"https:\/\/www.pmpf.rs.gov.br\/turismo\/wp-json\/wp\/v2\/comments?post=264"}],"version-history":[{"count":0,"href":"https:\/\/www.pmpf.rs.gov.br\/turismo\/wp-json\/wp\/v2\/posts\/264\/revisions"}],"wp:featuredmedia":[{"embeddable":true,"href":"https:\/\/www.pmpf.rs.gov.br\/turismo\/wp-json\/wp\/v2\/media\/265"}],"wp:attachment":[{"href":"https:\/\/www.pmpf.rs.gov.br\/turismo\/wp-json\/wp\/v2\/media?parent=264"}],"wp:term":[{"taxonomy":"category","embeddable":true,"href":"https:\/\/www.pmpf.rs.gov.br\/turismo\/wp-json\/wp\/v2\/categories?post=264"},{"taxonomy":"post_tag","embeddable":true,"href":"https:\/\/www.pmpf.rs.gov.br\/turismo\/wp-json\/wp\/v2\/tags?post=264"}],"curies":[{"name":"wp","href":"https:\/\/api.w.org\/{rel}","templated":true}]}}