{"id":262,"date":"2011-01-13T02:00:00","date_gmt":"2011-01-13T04:00:00","guid":{"rendered":"https:\/\/www.pmpf.rs.gov.br\/turismo\/2011\/01\/13\/inscricoes-para-provas-artisticas-do-rodeio-de-passo-fundo-estao-abertas-183\/"},"modified":"2011-01-13T02:00:00","modified_gmt":"2011-01-13T04:00:00","slug":"inscricoes-para-provas-artisticas-do-rodeio-de-passo-fundo-estao-abertas-183","status":"publish","type":"post","link":"https:\/\/www.pmpf.rs.gov.br\/turismo\/2011\/01\/13\/inscricoes-para-provas-artisticas-do-rodeio-de-passo-fundo-estao-abertas-183\/","title":{"rendered":"Inscri\u00e7\u00f5es para provas art\u00edsticas do  Rodeio  de Passo Fundo est\u00e3o abertas"},"content":{"rendered":"<p><span style=\"\"><\/span><span style=\"\">Continuam abertas as inscri\u00e7\u00f5es para as entidades tradicionalistas que queiram participar das provas art\u00edsticas do XV Rodeio Internacional de Passo Fundo. Os interessados devem se inscrever no site do evento, atrav\u00e9s do www.rodeiodepassofundo.com.br.<\/span><br style=\"\" \/><span style=\"\">O rodeio, que ser\u00e1 o maior j\u00e1 realizado no munic\u00edpio de Passo Fundo, acontece entre os dias 4 e 13 de fevereiro de 2011 no Parque da Rosel\u00e2ndia, numa promo\u00e7\u00e3o da Prefeitura Municipal e da 7\u00aa Regi\u00e3o Tradicionalista, sendo realizado atrav\u00e9s da Funzoctur (Funda\u00e7\u00e3o Zoobot\u00e2nica, Cultural e de Turismo da Rosel\u00e2ndia), juntamente com o grupo Cultural e Art\u00edstico Cavaleiros do Planalto M\u00e9dio.<\/span><br style=\"\" \/><span style=\"\">O presidente da Funda\u00e7\u00e3o, Ant\u00f4nio Augusto Reveilleau, confirmou que a procura pelas inscri\u00e7\u00f5es continua intensa, sendo que entidades de in\u00fameras cidades j\u00e1 se inscreveram no site do evento. Reveilleau destacou que as entidades podem consultar o regulamento no site, e devem ficar atentas, pois a ordem de apresenta\u00e7\u00e3o dos grupos art\u00edsticos durante o evento \u00e9 inversa a de inscri\u00e7\u00e3o, ou seja, o \u00faltimo grupo a se inscrever, \u00e9 o primeiro a se apresentar.<\/span><br style=\"\" \/><span style=\"\">O presidente da Funda\u00e7\u00e3o salientou ainda, que as inscri\u00e7\u00f5es para as competi\u00e7\u00f5es campeiras acontecem somente durante o evento, no momento das provas. Mais informa\u00e7\u00f5es sobre o XV Rodeio pelo fone (54) 30451415, ou pelo e-mail turismo@pmpf.rs.gov.br.<\/span><\/p>\n","protected":false},"excerpt":{"rendered":"<p>Continuam abertas as inscri\u00e7\u00f5es para as entidades tradicionalistas que queiram participar das provas art\u00edsticas do XV Rodeio Internacional de Passo Fundo. Os interessados devem se inscrever no site do evento, atrav\u00e9s do www.rodeiodepassofundo.com.br.<\/p>\n","protected":false},"author":1,"featured_media":263,"comment_status":"open","ping_status":"open","sticky":false,"template":"","format":"standard","meta":{"footnotes":""},"categories":[],"tags":[],"class_list":["post-262","post","type-post","status-publish","format-standard","has-post-thumbnail","hentry"],"yoast_head":"<!-- This site is optimized with the Yoast SEO plugin v23.8 - https:\/\/yoast.com\/wordpress\/plugins\/seo\/ -->\n<title>Inscri\u00e7\u00f5es para provas art\u00edsticas do Rodeio de Passo Fundo est\u00e3o abertas - Turismo<\/title>\n<meta name=\"robots\" content=\"index, follow, max-snippet:-1, max-image-preview:large, max-video-preview:-1\" \/>\n<link rel=\"canonical\" href=\"https:\/\/www.pmpf.rs.gov.br\/turismo\/2011\/01\/13\/inscricoes-para-provas-artisticas-do-rodeio-de-passo-fundo-estao-abertas-183\/\" \/>\n<meta property=\"og:locale\" content=\"pt_BR\" \/>\n<meta property=\"og:type\" content=\"article\" \/>\n<meta property=\"og:title\" content=\"Inscri\u00e7\u00f5es para provas art\u00edsticas do Rodeio de Passo Fundo est\u00e3o abertas - Turismo\" \/>\n<meta property=\"og:description\" content=\"Continuam abertas as inscri\u00e7\u00f5es para as entidades tradicionalistas que queiram participar das provas art\u00edsticas do XV Rodeio Internacional de Passo Fundo. Os interessados devem se inscrever no site do evento, atrav\u00e9s do www.rodeiodepassofundo.com.br.\" \/>\n<meta property=\"og:url\" content=\"https:\/\/www.pmpf.rs.gov.br\/turismo\/2011\/01\/13\/inscricoes-para-provas-artisticas-do-rodeio-de-passo-fundo-estao-abertas-183\/\" \/>\n<meta property=\"og:site_name\" content=\"Turismo\" \/>\n<meta property=\"article:published_time\" content=\"2011-01-13T04:00:00+00:00\" \/>\n<meta property=\"og:image\" content=\"https:\/\/www.pmpf.rs.gov.br\/turismo\/wp-content\/uploads\/sites\/51\/2021\/12\/I2013-05-07_062645_c7708.jpg\" \/>\n\t<meta property=\"og:image:width\" content=\"640\" \/>\n\t<meta property=\"og:image:height\" content=\"480\" \/>\n\t<meta property=\"og:image:type\" content=\"image\/jpeg\" \/>\n<meta name=\"author\" content=\"mosite\" \/>\n<meta name=\"twitter:card\" content=\"summary_large_image\" \/>\n<meta name=\"twitter:label1\" content=\"Escrito por\" \/>\n\t<meta name=\"twitter:data1\" content=\"mosite\" \/>\n\t<meta name=\"twitter:label2\" content=\"Est. tempo de leitura\" \/>\n\t<meta name=\"twitter:data2\" content=\"1 minuto\" \/>\n<script type=\"application\/ld+json\" class=\"yoast-schema-graph\">{\"@context\":\"https:\/\/schema.org\",\"@graph\":[{\"@type\":\"WebPage\",\"@id\":\"https:\/\/www.pmpf.rs.gov.br\/turismo\/2011\/01\/13\/inscricoes-para-provas-artisticas-do-rodeio-de-passo-fundo-estao-abertas-183\/\",\"url\":\"https:\/\/www.pmpf.rs.gov.br\/turismo\/2011\/01\/13\/inscricoes-para-provas-artisticas-do-rodeio-de-passo-fundo-estao-abertas-183\/\",\"name\":\"Inscri\u00e7\u00f5es para provas art\u00edsticas do Rodeio de Passo Fundo est\u00e3o abertas - Turismo\",\"isPartOf\":{\"@id\":\"https:\/\/www.pmpf.rs.gov.br\/turismo\/#website\"},\"primaryImageOfPage\":{\"@id\":\"https:\/\/www.pmpf.rs.gov.br\/turismo\/2011\/01\/13\/inscricoes-para-provas-artisticas-do-rodeio-de-passo-fundo-estao-abertas-183\/#primaryimage\"},\"image\":{\"@id\":\"https:\/\/www.pmpf.rs.gov.br\/turismo\/2011\/01\/13\/inscricoes-para-provas-artisticas-do-rodeio-de-passo-fundo-estao-abertas-183\/#primaryimage\"},\"thumbnailUrl\":\"https:\/\/www.pmpf.rs.gov.br\/turismo\/wp-content\/uploads\/sites\/51\/2021\/12\/I2013-05-07_062645_c7708.jpg\",\"datePublished\":\"2011-01-13T04:00:00+00:00\",\"dateModified\":\"2011-01-13T04:00:00+00:00\",\"author\":{\"@id\":\"https:\/\/www.pmpf.rs.gov.br\/turismo\/#\/schema\/person\/0c355b0fa68a7aa986c8594f7a60a2d7\"},\"breadcrumb\":{\"@id\":\"https:\/\/www.pmpf.rs.gov.br\/turismo\/2011\/01\/13\/inscricoes-para-provas-artisticas-do-rodeio-de-passo-fundo-estao-abertas-183\/#breadcrumb\"},\"inLanguage\":\"pt-BR\",\"potentialAction\":[{\"@type\":\"ReadAction\",\"target\":[\"https:\/\/www.pmpf.rs.gov.br\/turismo\/2011\/01\/13\/inscricoes-para-provas-artisticas-do-rodeio-de-passo-fundo-estao-abertas-183\/\"]}]},{\"@type\":\"ImageObject\",\"inLanguage\":\"pt-BR\",\"@id\":\"https:\/\/www.pmpf.rs.gov.br\/turismo\/2011\/01\/13\/inscricoes-para-provas-artisticas-do-rodeio-de-passo-fundo-estao-abertas-183\/#primaryimage\",\"url\":\"https:\/\/www.pmpf.rs.gov.br\/turismo\/wp-content\/uploads\/sites\/51\/2021\/12\/I2013-05-07_062645_c7708.jpg\",\"contentUrl\":\"https:\/\/www.pmpf.rs.gov.br\/turismo\/wp-content\/uploads\/sites\/51\/2021\/12\/I2013-05-07_062645_c7708.jpg\",\"width\":640,\"height\":480},{\"@type\":\"BreadcrumbList\",\"@id\":\"https:\/\/www.pmpf.rs.gov.br\/turismo\/2011\/01\/13\/inscricoes-para-provas-artisticas-do-rodeio-de-passo-fundo-estao-abertas-183\/#breadcrumb\",\"itemListElement\":[{\"@type\":\"ListItem\",\"position\":1,\"name\":\"In\u00edcio\",\"item\":\"https:\/\/www.pmpf.rs.gov.br\/turismo\/\"},{\"@type\":\"ListItem\",\"position\":2,\"name\":\"Inscri\u00e7\u00f5es para provas art\u00edsticas do Rodeio de Passo Fundo est\u00e3o abertas\"}]},{\"@type\":\"WebSite\",\"@id\":\"https:\/\/www.pmpf.rs.gov.br\/turismo\/#website\",\"url\":\"https:\/\/www.pmpf.rs.gov.br\/turismo\/\",\"name\":\"Turismo\",\"description\":\"Descubra Passo Fundo\",\"potentialAction\":[{\"@type\":\"SearchAction\",\"target\":{\"@type\":\"EntryPoint\",\"urlTemplate\":\"https:\/\/www.pmpf.rs.gov.br\/turismo\/?s={search_term_string}\"},\"query-input\":{\"@type\":\"PropertyValueSpecification\",\"valueRequired\":true,\"valueName\":\"search_term_string\"}}],\"inLanguage\":\"pt-BR\"},{\"@type\":\"Person\",\"@id\":\"https:\/\/www.pmpf.rs.gov.br\/turismo\/#\/schema\/person\/0c355b0fa68a7aa986c8594f7a60a2d7\",\"name\":\"mosite\",\"image\":{\"@type\":\"ImageObject\",\"inLanguage\":\"pt-BR\",\"@id\":\"https:\/\/www.pmpf.rs.gov.br\/turismo\/#\/schema\/person\/image\/\",\"url\":\"https:\/\/secure.gravatar.com\/avatar\/63d72595d6cecfe12bd8a94829d5a26c?s=96&d=mm&r=g\",\"contentUrl\":\"https:\/\/secure.gravatar.com\/avatar\/63d72595d6cecfe12bd8a94829d5a26c?s=96&d=mm&r=g\",\"caption\":\"mosite\"},\"sameAs\":[\"http:\/\/example.com\"],\"url\":\"https:\/\/www.pmpf.rs.gov.br\/turismo\/author\/mosite\/\"}]}<\/script>\n<!-- \/ Yoast SEO plugin. -->","yoast_head_json":{"title":"Inscri\u00e7\u00f5es para provas art\u00edsticas do Rodeio de Passo Fundo est\u00e3o abertas - Turismo","robots":{"index":"index","follow":"follow","max-snippet":"max-snippet:-1","max-image-preview":"max-image-preview:large","max-video-preview":"max-video-preview:-1"},"canonical":"https:\/\/www.pmpf.rs.gov.br\/turismo\/2011\/01\/13\/inscricoes-para-provas-artisticas-do-rodeio-de-passo-fundo-estao-abertas-183\/","og_locale":"pt_BR","og_type":"article","og_title":"Inscri\u00e7\u00f5es para provas art\u00edsticas do Rodeio de Passo Fundo est\u00e3o abertas - Turismo","og_description":"Continuam abertas as inscri\u00e7\u00f5es para as entidades tradicionalistas que queiram participar das provas art\u00edsticas do XV Rodeio Internacional de Passo Fundo. Os interessados devem se inscrever no site do evento, atrav\u00e9s do www.rodeiodepassofundo.com.br.","og_url":"https:\/\/www.pmpf.rs.gov.br\/turismo\/2011\/01\/13\/inscricoes-para-provas-artisticas-do-rodeio-de-passo-fundo-estao-abertas-183\/","og_site_name":"Turismo","article_published_time":"2011-01-13T04:00:00+00:00","og_image":[{"width":640,"height":480,"url":"https:\/\/www.pmpf.rs.gov.br\/turismo\/wp-content\/uploads\/sites\/51\/2021\/12\/I2013-05-07_062645_c7708.jpg","type":"image\/jpeg"}],"author":"mosite","twitter_card":"summary_large_image","twitter_misc":{"Escrito por":"mosite","Est. tempo de leitura":"1 minuto"},"schema":{"@context":"https:\/\/schema.org","@graph":[{"@type":"WebPage","@id":"https:\/\/www.pmpf.rs.gov.br\/turismo\/2011\/01\/13\/inscricoes-para-provas-artisticas-do-rodeio-de-passo-fundo-estao-abertas-183\/","url":"https:\/\/www.pmpf.rs.gov.br\/turismo\/2011\/01\/13\/inscricoes-para-provas-artisticas-do-rodeio-de-passo-fundo-estao-abertas-183\/","name":"Inscri\u00e7\u00f5es para provas art\u00edsticas do Rodeio de Passo Fundo est\u00e3o abertas - Turismo","isPartOf":{"@id":"https:\/\/www.pmpf.rs.gov.br\/turismo\/#website"},"primaryImageOfPage":{"@id":"https:\/\/www.pmpf.rs.gov.br\/turismo\/2011\/01\/13\/inscricoes-para-provas-artisticas-do-rodeio-de-passo-fundo-estao-abertas-183\/#primaryimage"},"image":{"@id":"https:\/\/www.pmpf.rs.gov.br\/turismo\/2011\/01\/13\/inscricoes-para-provas-artisticas-do-rodeio-de-passo-fundo-estao-abertas-183\/#primaryimage"},"thumbnailUrl":"https:\/\/www.pmpf.rs.gov.br\/turismo\/wp-content\/uploads\/sites\/51\/2021\/12\/I2013-05-07_062645_c7708.jpg","datePublished":"2011-01-13T04:00:00+00:00","dateModified":"2011-01-13T04:00:00+00:00","author":{"@id":"https:\/\/www.pmpf.rs.gov.br\/turismo\/#\/schema\/person\/0c355b0fa68a7aa986c8594f7a60a2d7"},"breadcrumb":{"@id":"https:\/\/www.pmpf.rs.gov.br\/turismo\/2011\/01\/13\/inscricoes-para-provas-artisticas-do-rodeio-de-passo-fundo-estao-abertas-183\/#breadcrumb"},"inLanguage":"pt-BR","potentialAction":[{"@type":"ReadAction","target":["https:\/\/www.pmpf.rs.gov.br\/turismo\/2011\/01\/13\/inscricoes-para-provas-artisticas-do-rodeio-de-passo-fundo-estao-abertas-183\/"]}]},{"@type":"ImageObject","inLanguage":"pt-BR","@id":"https:\/\/www.pmpf.rs.gov.br\/turismo\/2011\/01\/13\/inscricoes-para-provas-artisticas-do-rodeio-de-passo-fundo-estao-abertas-183\/#primaryimage","url":"https:\/\/www.pmpf.rs.gov.br\/turismo\/wp-content\/uploads\/sites\/51\/2021\/12\/I2013-05-07_062645_c7708.jpg","contentUrl":"https:\/\/www.pmpf.rs.gov.br\/turismo\/wp-content\/uploads\/sites\/51\/2021\/12\/I2013-05-07_062645_c7708.jpg","width":640,"height":480},{"@type":"BreadcrumbList","@id":"https:\/\/www.pmpf.rs.gov.br\/turismo\/2011\/01\/13\/inscricoes-para-provas-artisticas-do-rodeio-de-passo-fundo-estao-abertas-183\/#breadcrumb","itemListElement":[{"@type":"ListItem","position":1,"name":"In\u00edcio","item":"https:\/\/www.pmpf.rs.gov.br\/turismo\/"},{"@type":"ListItem","position":2,"name":"Inscri\u00e7\u00f5es para provas art\u00edsticas do Rodeio de Passo Fundo est\u00e3o abertas"}]},{"@type":"WebSite","@id":"https:\/\/www.pmpf.rs.gov.br\/turismo\/#website","url":"https:\/\/www.pmpf.rs.gov.br\/turismo\/","name":"Turismo","description":"Descubra Passo Fundo","potentialAction":[{"@type":"SearchAction","target":{"@type":"EntryPoint","urlTemplate":"https:\/\/www.pmpf.rs.gov.br\/turismo\/?s={search_term_string}"},"query-input":{"@type":"PropertyValueSpecification","valueRequired":true,"valueName":"search_term_string"}}],"inLanguage":"pt-BR"},{"@type":"Person","@id":"https:\/\/www.pmpf.rs.gov.br\/turismo\/#\/schema\/person\/0c355b0fa68a7aa986c8594f7a60a2d7","name":"mosite","image":{"@type":"ImageObject","inLanguage":"pt-BR","@id":"https:\/\/www.pmpf.rs.gov.br\/turismo\/#\/schema\/person\/image\/","url":"https:\/\/secure.gravatar.com\/avatar\/63d72595d6cecfe12bd8a94829d5a26c?s=96&d=mm&r=g","contentUrl":"https:\/\/secure.gravatar.com\/avatar\/63d72595d6cecfe12bd8a94829d5a26c?s=96&d=mm&r=g","caption":"mosite"},"sameAs":["http:\/\/example.com"],"url":"https:\/\/www.pmpf.rs.gov.br\/turismo\/author\/mosite\/"}]}},"_links":{"self":[{"href":"https:\/\/www.pmpf.rs.gov.br\/turismo\/wp-json\/wp\/v2\/posts\/262"}],"collection":[{"href":"https:\/\/www.pmpf.rs.gov.br\/turismo\/wp-json\/wp\/v2\/posts"}],"about":[{"href":"https:\/\/www.pmpf.rs.gov.br\/turismo\/wp-json\/wp\/v2\/types\/post"}],"author":[{"embeddable":true,"href":"https:\/\/www.pmpf.rs.gov.br\/turismo\/wp-json\/wp\/v2\/users\/1"}],"replies":[{"embeddable":true,"href":"https:\/\/www.pmpf.rs.gov.br\/turismo\/wp-json\/wp\/v2\/comments?post=262"}],"version-history":[{"count":0,"href":"https:\/\/www.pmpf.rs.gov.br\/turismo\/wp-json\/wp\/v2\/posts\/262\/revisions"}],"wp:featuredmedia":[{"embeddable":true,"href":"https:\/\/www.pmpf.rs.gov.br\/turismo\/wp-json\/wp\/v2\/media\/263"}],"wp:attachment":[{"href":"https:\/\/www.pmpf.rs.gov.br\/turismo\/wp-json\/wp\/v2\/media?parent=262"}],"wp:term":[{"taxonomy":"category","embeddable":true,"href":"https:\/\/www.pmpf.rs.gov.br\/turismo\/wp-json\/wp\/v2\/categories?post=262"},{"taxonomy":"post_tag","embeddable":true,"href":"https:\/\/www.pmpf.rs.gov.br\/turismo\/wp-json\/wp\/v2\/tags?post=262"}],"curies":[{"name":"wp","href":"https:\/\/api.w.org\/{rel}","templated":true}]}}