{"id":261,"date":"2011-01-12T02:00:00","date_gmt":"2011-01-12T04:00:00","guid":{"rendered":"https:\/\/www.pmpf.rs.gov.br\/turismo\/2011\/01\/12\/rodeio-espacos-comerciais-e-de-acampamento-ja-estao-sendo-comercializados-195\/"},"modified":"2011-01-12T02:00:00","modified_gmt":"2011-01-12T04:00:00","slug":"rodeio-espacos-comerciais-e-de-acampamento-ja-estao-sendo-comercializados-195","status":"publish","type":"post","link":"https:\/\/www.pmpf.rs.gov.br\/turismo\/2011\/01\/12\/rodeio-espacos-comerciais-e-de-acampamento-ja-estao-sendo-comercializados-195\/","title":{"rendered":"Rodeio: Espa\u00e7os comerciais e de acampamento j\u00e1 est\u00e3o sendo comercializados"},"content":{"rendered":"<p><\/p>\n<div style=\"text-align: justify;\">Quem pretende acampar ou vender seus produtos durante o XV Rodeio Internacional de Passo Fundo deve se apressar. A comercializa\u00e7\u00e3o dos espa\u00e7os para acampamento e a sele\u00e7\u00e3o de comerciantes que ocupar\u00e3o os espa\u00e7os comerciais j\u00e1 est\u00e1 aberta e a procura est\u00e1 intensa, segundo o diretor da Funzoctur- Funda\u00e7\u00e3o Zoobot\u00e2nica, Cultural e de Turismo da Rosel\u00e2ndia, Ant\u00f4nio Augusto Reveilleau. Neste ano ser\u00e3o at\u00e9 40 espa\u00e7os comerciais e mais de 100 terrenos para acampamento.<br \/>O evento acontecer\u00e1 entre os dias 4 e 13 de fevereiro de 2011 e de acordo com\u00a0 Reveilleau, j\u00e1 \u00e9 bom o n\u00famero de espa\u00e7os comercializados nas duas \u00e1reas. O coordenador de infra-estrutura, acampamento e recep\u00e7\u00e3o do evento, Flamino Mello de Lima, ressaltou que existem terrenos na \u00e1rea de camping que v\u00e3o de R$ 100,00 a R$ 400,00, sendo que o valor depende do tamanho e da localiza\u00e7\u00e3o da \u00e1rea. Flamino disse ainda que a comunidade interessada em acampar vai ter toda uma estrutura dispon\u00edvel, com \u00e1gua, luz e banheiros reformados. Ranchos de costaneira n\u00e3o podem mais ser constru\u00eddos, somente ser\u00e3o permitidas barracas. \u201cPalanques podem ser fixados no caso de servirem de estrutura para a coloca\u00e7\u00e3o de uma lona por exemplo, mas devem ser retirados assim que terminar o evento\u201d, explicou.<br \/>Os interessados em espa\u00e7os comerciais devem entrar em contato para verificar se suas inten\u00e7\u00f5es de neg\u00f3cios s\u00e3o compat\u00edveis com o evento. N\u00e3o ser\u00e1 permitido que muitos comerciantes vendam o mesmo produto ou disponibilizem o mesmo servi\u00e7o, o que garantir\u00e1 bons neg\u00f3cios \u00e0 todos os parceiros. <br \/>O XV Rodeio Internacional de Passo Fundo ser\u00e1 o maior rodeio que o munic\u00edpio j\u00e1 promoveu, em fun\u00e7\u00e3o da organiza\u00e7\u00e3o e pelas medidas que foram tomadas, principalmente no aumento consider\u00e1vel da premia\u00e7\u00e3o. S\u00e3o R$ 129 mil em pr\u00eamios. Somente as provas art\u00edsticas v\u00e3o distribuir mais de R$ 60 mil em dinheiro, j\u00e1 nas provas campeiras, al\u00e9m de R$ 25 mil, um autom\u00f3vel e duas motocicletas far\u00e3o parte das premia\u00e7\u00f5es. <br \/>Outras informa\u00e7\u00f5es sobre o evento est\u00e3o no site www.rodeiodepassofundo.com.br, ou pelo fone da Funzoctur, (54) 30451415.<\/div>\n<p><\/p>\n","protected":false},"excerpt":{"rendered":"<p>Rodeio: Espa\u00e7os comerciais e de acampamento j\u00e1 est\u00e3o sendo comercializados<\/p>\n","protected":false},"author":1,"featured_media":0,"comment_status":"open","ping_status":"open","sticky":false,"template":"","format":"standard","meta":{"footnotes":""},"categories":[],"tags":[],"class_list":["post-261","post","type-post","status-publish","format-standard","hentry"],"yoast_head":"<!-- This site is optimized with the Yoast SEO plugin v23.8 - https:\/\/yoast.com\/wordpress\/plugins\/seo\/ -->\n<title>Rodeio: Espa\u00e7os comerciais e de acampamento j\u00e1 est\u00e3o sendo comercializados - Turismo<\/title>\n<meta name=\"robots\" content=\"index, follow, max-snippet:-1, max-image-preview:large, max-video-preview:-1\" \/>\n<link rel=\"canonical\" href=\"https:\/\/www.pmpf.rs.gov.br\/turismo\/2011\/01\/12\/rodeio-espacos-comerciais-e-de-acampamento-ja-estao-sendo-comercializados-195\/\" \/>\n<meta property=\"og:locale\" content=\"pt_BR\" \/>\n<meta property=\"og:type\" content=\"article\" \/>\n<meta property=\"og:title\" content=\"Rodeio: Espa\u00e7os comerciais e de acampamento j\u00e1 est\u00e3o sendo comercializados - Turismo\" \/>\n<meta property=\"og:description\" content=\"Rodeio: Espa\u00e7os comerciais e de acampamento j\u00e1 est\u00e3o sendo comercializados\" \/>\n<meta property=\"og:url\" content=\"https:\/\/www.pmpf.rs.gov.br\/turismo\/2011\/01\/12\/rodeio-espacos-comerciais-e-de-acampamento-ja-estao-sendo-comercializados-195\/\" \/>\n<meta property=\"og:site_name\" content=\"Turismo\" \/>\n<meta property=\"article:published_time\" content=\"2011-01-12T04:00:00+00:00\" \/>\n<meta name=\"author\" content=\"mosite\" \/>\n<meta name=\"twitter:card\" content=\"summary_large_image\" \/>\n<meta name=\"twitter:label1\" content=\"Escrito por\" \/>\n\t<meta name=\"twitter:data1\" content=\"mosite\" \/>\n\t<meta name=\"twitter:label2\" content=\"Est. tempo de leitura\" \/>\n\t<meta name=\"twitter:data2\" content=\"2 minutos\" \/>\n<script type=\"application\/ld+json\" class=\"yoast-schema-graph\">{\"@context\":\"https:\/\/schema.org\",\"@graph\":[{\"@type\":\"WebPage\",\"@id\":\"https:\/\/www.pmpf.rs.gov.br\/turismo\/2011\/01\/12\/rodeio-espacos-comerciais-e-de-acampamento-ja-estao-sendo-comercializados-195\/\",\"url\":\"https:\/\/www.pmpf.rs.gov.br\/turismo\/2011\/01\/12\/rodeio-espacos-comerciais-e-de-acampamento-ja-estao-sendo-comercializados-195\/\",\"name\":\"Rodeio: Espa\u00e7os comerciais e de acampamento j\u00e1 est\u00e3o sendo comercializados - Turismo\",\"isPartOf\":{\"@id\":\"https:\/\/www.pmpf.rs.gov.br\/turismo\/#website\"},\"datePublished\":\"2011-01-12T04:00:00+00:00\",\"dateModified\":\"2011-01-12T04:00:00+00:00\",\"author\":{\"@id\":\"https:\/\/www.pmpf.rs.gov.br\/turismo\/#\/schema\/person\/0c355b0fa68a7aa986c8594f7a60a2d7\"},\"breadcrumb\":{\"@id\":\"https:\/\/www.pmpf.rs.gov.br\/turismo\/2011\/01\/12\/rodeio-espacos-comerciais-e-de-acampamento-ja-estao-sendo-comercializados-195\/#breadcrumb\"},\"inLanguage\":\"pt-BR\",\"potentialAction\":[{\"@type\":\"ReadAction\",\"target\":[\"https:\/\/www.pmpf.rs.gov.br\/turismo\/2011\/01\/12\/rodeio-espacos-comerciais-e-de-acampamento-ja-estao-sendo-comercializados-195\/\"]}]},{\"@type\":\"BreadcrumbList\",\"@id\":\"https:\/\/www.pmpf.rs.gov.br\/turismo\/2011\/01\/12\/rodeio-espacos-comerciais-e-de-acampamento-ja-estao-sendo-comercializados-195\/#breadcrumb\",\"itemListElement\":[{\"@type\":\"ListItem\",\"position\":1,\"name\":\"In\u00edcio\",\"item\":\"https:\/\/www.pmpf.rs.gov.br\/turismo\/\"},{\"@type\":\"ListItem\",\"position\":2,\"name\":\"Rodeio: Espa\u00e7os comerciais e de acampamento j\u00e1 est\u00e3o sendo comercializados\"}]},{\"@type\":\"WebSite\",\"@id\":\"https:\/\/www.pmpf.rs.gov.br\/turismo\/#website\",\"url\":\"https:\/\/www.pmpf.rs.gov.br\/turismo\/\",\"name\":\"Turismo\",\"description\":\"Descubra Passo Fundo\",\"potentialAction\":[{\"@type\":\"SearchAction\",\"target\":{\"@type\":\"EntryPoint\",\"urlTemplate\":\"https:\/\/www.pmpf.rs.gov.br\/turismo\/?s={search_term_string}\"},\"query-input\":{\"@type\":\"PropertyValueSpecification\",\"valueRequired\":true,\"valueName\":\"search_term_string\"}}],\"inLanguage\":\"pt-BR\"},{\"@type\":\"Person\",\"@id\":\"https:\/\/www.pmpf.rs.gov.br\/turismo\/#\/schema\/person\/0c355b0fa68a7aa986c8594f7a60a2d7\",\"name\":\"mosite\",\"image\":{\"@type\":\"ImageObject\",\"inLanguage\":\"pt-BR\",\"@id\":\"https:\/\/www.pmpf.rs.gov.br\/turismo\/#\/schema\/person\/image\/\",\"url\":\"https:\/\/secure.gravatar.com\/avatar\/63d72595d6cecfe12bd8a94829d5a26c?s=96&d=mm&r=g\",\"contentUrl\":\"https:\/\/secure.gravatar.com\/avatar\/63d72595d6cecfe12bd8a94829d5a26c?s=96&d=mm&r=g\",\"caption\":\"mosite\"},\"sameAs\":[\"http:\/\/example.com\"],\"url\":\"https:\/\/www.pmpf.rs.gov.br\/turismo\/author\/mosite\/\"}]}<\/script>\n<!-- \/ Yoast SEO plugin. -->","yoast_head_json":{"title":"Rodeio: Espa\u00e7os comerciais e de acampamento j\u00e1 est\u00e3o sendo comercializados - Turismo","robots":{"index":"index","follow":"follow","max-snippet":"max-snippet:-1","max-image-preview":"max-image-preview:large","max-video-preview":"max-video-preview:-1"},"canonical":"https:\/\/www.pmpf.rs.gov.br\/turismo\/2011\/01\/12\/rodeio-espacos-comerciais-e-de-acampamento-ja-estao-sendo-comercializados-195\/","og_locale":"pt_BR","og_type":"article","og_title":"Rodeio: Espa\u00e7os comerciais e de acampamento j\u00e1 est\u00e3o sendo comercializados - Turismo","og_description":"Rodeio: Espa\u00e7os comerciais e de acampamento j\u00e1 est\u00e3o sendo comercializados","og_url":"https:\/\/www.pmpf.rs.gov.br\/turismo\/2011\/01\/12\/rodeio-espacos-comerciais-e-de-acampamento-ja-estao-sendo-comercializados-195\/","og_site_name":"Turismo","article_published_time":"2011-01-12T04:00:00+00:00","author":"mosite","twitter_card":"summary_large_image","twitter_misc":{"Escrito por":"mosite","Est. tempo de leitura":"2 minutos"},"schema":{"@context":"https:\/\/schema.org","@graph":[{"@type":"WebPage","@id":"https:\/\/www.pmpf.rs.gov.br\/turismo\/2011\/01\/12\/rodeio-espacos-comerciais-e-de-acampamento-ja-estao-sendo-comercializados-195\/","url":"https:\/\/www.pmpf.rs.gov.br\/turismo\/2011\/01\/12\/rodeio-espacos-comerciais-e-de-acampamento-ja-estao-sendo-comercializados-195\/","name":"Rodeio: Espa\u00e7os comerciais e de acampamento j\u00e1 est\u00e3o sendo comercializados - Turismo","isPartOf":{"@id":"https:\/\/www.pmpf.rs.gov.br\/turismo\/#website"},"datePublished":"2011-01-12T04:00:00+00:00","dateModified":"2011-01-12T04:00:00+00:00","author":{"@id":"https:\/\/www.pmpf.rs.gov.br\/turismo\/#\/schema\/person\/0c355b0fa68a7aa986c8594f7a60a2d7"},"breadcrumb":{"@id":"https:\/\/www.pmpf.rs.gov.br\/turismo\/2011\/01\/12\/rodeio-espacos-comerciais-e-de-acampamento-ja-estao-sendo-comercializados-195\/#breadcrumb"},"inLanguage":"pt-BR","potentialAction":[{"@type":"ReadAction","target":["https:\/\/www.pmpf.rs.gov.br\/turismo\/2011\/01\/12\/rodeio-espacos-comerciais-e-de-acampamento-ja-estao-sendo-comercializados-195\/"]}]},{"@type":"BreadcrumbList","@id":"https:\/\/www.pmpf.rs.gov.br\/turismo\/2011\/01\/12\/rodeio-espacos-comerciais-e-de-acampamento-ja-estao-sendo-comercializados-195\/#breadcrumb","itemListElement":[{"@type":"ListItem","position":1,"name":"In\u00edcio","item":"https:\/\/www.pmpf.rs.gov.br\/turismo\/"},{"@type":"ListItem","position":2,"name":"Rodeio: Espa\u00e7os comerciais e de acampamento j\u00e1 est\u00e3o sendo comercializados"}]},{"@type":"WebSite","@id":"https:\/\/www.pmpf.rs.gov.br\/turismo\/#website","url":"https:\/\/www.pmpf.rs.gov.br\/turismo\/","name":"Turismo","description":"Descubra Passo Fundo","potentialAction":[{"@type":"SearchAction","target":{"@type":"EntryPoint","urlTemplate":"https:\/\/www.pmpf.rs.gov.br\/turismo\/?s={search_term_string}"},"query-input":{"@type":"PropertyValueSpecification","valueRequired":true,"valueName":"search_term_string"}}],"inLanguage":"pt-BR"},{"@type":"Person","@id":"https:\/\/www.pmpf.rs.gov.br\/turismo\/#\/schema\/person\/0c355b0fa68a7aa986c8594f7a60a2d7","name":"mosite","image":{"@type":"ImageObject","inLanguage":"pt-BR","@id":"https:\/\/www.pmpf.rs.gov.br\/turismo\/#\/schema\/person\/image\/","url":"https:\/\/secure.gravatar.com\/avatar\/63d72595d6cecfe12bd8a94829d5a26c?s=96&d=mm&r=g","contentUrl":"https:\/\/secure.gravatar.com\/avatar\/63d72595d6cecfe12bd8a94829d5a26c?s=96&d=mm&r=g","caption":"mosite"},"sameAs":["http:\/\/example.com"],"url":"https:\/\/www.pmpf.rs.gov.br\/turismo\/author\/mosite\/"}]}},"_links":{"self":[{"href":"https:\/\/www.pmpf.rs.gov.br\/turismo\/wp-json\/wp\/v2\/posts\/261"}],"collection":[{"href":"https:\/\/www.pmpf.rs.gov.br\/turismo\/wp-json\/wp\/v2\/posts"}],"about":[{"href":"https:\/\/www.pmpf.rs.gov.br\/turismo\/wp-json\/wp\/v2\/types\/post"}],"author":[{"embeddable":true,"href":"https:\/\/www.pmpf.rs.gov.br\/turismo\/wp-json\/wp\/v2\/users\/1"}],"replies":[{"embeddable":true,"href":"https:\/\/www.pmpf.rs.gov.br\/turismo\/wp-json\/wp\/v2\/comments?post=261"}],"version-history":[{"count":0,"href":"https:\/\/www.pmpf.rs.gov.br\/turismo\/wp-json\/wp\/v2\/posts\/261\/revisions"}],"wp:attachment":[{"href":"https:\/\/www.pmpf.rs.gov.br\/turismo\/wp-json\/wp\/v2\/media?parent=261"}],"wp:term":[{"taxonomy":"category","embeddable":true,"href":"https:\/\/www.pmpf.rs.gov.br\/turismo\/wp-json\/wp\/v2\/categories?post=261"},{"taxonomy":"post_tag","embeddable":true,"href":"https:\/\/www.pmpf.rs.gov.br\/turismo\/wp-json\/wp\/v2\/tags?post=261"}],"curies":[{"name":"wp","href":"https:\/\/api.w.org\/{rel}","templated":true}]}}