{"id":256,"date":"2011-02-10T02:00:00","date_gmt":"2011-02-10T04:00:00","guid":{"rendered":"https:\/\/www.pmpf.rs.gov.br\/turismo\/2011\/02\/10\/competidores-iniciaram-a-disputa-pelo-grande-premio-do-rodeio-340\/"},"modified":"2011-02-10T02:00:00","modified_gmt":"2011-02-10T04:00:00","slug":"competidores-iniciaram-a-disputa-pelo-grande-premio-do-rodeio-340","status":"publish","type":"post","link":"https:\/\/www.pmpf.rs.gov.br\/turismo\/2011\/02\/10\/competidores-iniciaram-a-disputa-pelo-grande-premio-do-rodeio-340\/","title":{"rendered":"Competidores iniciaram a disputa pelo grande pr\u00eamio do rodeio"},"content":{"rendered":"<div style=\"text-align: justify;\">\n<p>O dia de quinta-feira foi intenso na pista de tiro de la\u00e7o do XV Rodeio Internacional de Passo Fundo. Al\u00e9m das provas de tiro de la\u00e7o em dupla, iniciou Crioula\u00e7o e a Campeirada. <br \/>No crioula\u00e7o, modalidade disputada de cavalo crioulo, al\u00e9m de uma motocicleta como pr\u00eamio, garante vaga para as disputas na Expointer 2011, no munic\u00edpio de Esteio. As provas iniciaram hoje e terminam domingo, sendo que no tiro de la\u00e7o em duplas, o pr\u00eamio \u00e9 uma Pick-Up.<br \/>Um dos coordenadores das provas campeitas, Joel Fran\u00e7a, frisou que a campeirada realizada nesta quinta, tamb\u00e9m \u00e9 uma modalidade de cavalos crioulos e sempre destaca nos rodeios. Na oportunidade trinta bois s\u00e3o soltos na pista de tiro de la\u00e7o com um colete os distinguindo por n\u00fameros, sendo assim, uma equipe de tr\u00eas cavaleiros\u00a0 recebe da organiza\u00e7\u00e3o da prova tr\u00eas n\u00fameros correspondentes aos bois, e tem a tarefa de conduzir esses animais determinados \u00e0 outra pequena arena. \u201cQuem fecha os tr\u00eas bois em menos tempo vence a prova\u201d, disse.<br \/>Esse rodeio, que \u00e9 uma promo\u00e7\u00e3o da Prefeitura Municipal e da 7\u00aa Regi\u00e3o Tradicionalista, est\u00e1 sendo realizado atrav\u00e9s da Funzoctur, juntamente com o grupo Cultural e Tradicionalista Cavaleiros do Planalto M\u00e9dio, acontece at\u00e9 o dia 13 fevereiro de 2011. <\/div>\n<p><\/p>\n","protected":false},"excerpt":{"rendered":"<p>O dia de quinta-feira foi intenso na pista de tiro de la\u00e7o do XV Rodeio Internacional de Passo Fundo. Al\u00e9m das provas de tiro de la\u00e7o em dupla, iniciou Crioula\u00e7o e a Campeirada.<\/p>\n","protected":false},"author":1,"featured_media":257,"comment_status":"open","ping_status":"open","sticky":false,"template":"","format":"standard","meta":{"footnotes":""},"categories":[],"tags":[],"class_list":["post-256","post","type-post","status-publish","format-standard","has-post-thumbnail","hentry"],"yoast_head":"<!-- This site is optimized with the Yoast SEO plugin v23.8 - https:\/\/yoast.com\/wordpress\/plugins\/seo\/ -->\n<title>Competidores iniciaram a disputa pelo grande pr\u00eamio do rodeio - Turismo<\/title>\n<meta name=\"robots\" content=\"index, follow, max-snippet:-1, max-image-preview:large, max-video-preview:-1\" \/>\n<link rel=\"canonical\" href=\"https:\/\/www.pmpf.rs.gov.br\/turismo\/2011\/02\/10\/competidores-iniciaram-a-disputa-pelo-grande-premio-do-rodeio-340\/\" \/>\n<meta property=\"og:locale\" content=\"pt_BR\" \/>\n<meta property=\"og:type\" content=\"article\" \/>\n<meta property=\"og:title\" content=\"Competidores iniciaram a disputa pelo grande pr\u00eamio do rodeio - Turismo\" \/>\n<meta property=\"og:description\" content=\"O dia de quinta-feira foi intenso na pista de tiro de la\u00e7o do XV Rodeio Internacional de Passo Fundo. Al\u00e9m das provas de tiro de la\u00e7o em dupla, iniciou Crioula\u00e7o e a Campeirada.\" \/>\n<meta property=\"og:url\" content=\"https:\/\/www.pmpf.rs.gov.br\/turismo\/2011\/02\/10\/competidores-iniciaram-a-disputa-pelo-grande-premio-do-rodeio-340\/\" \/>\n<meta property=\"og:site_name\" content=\"Turismo\" \/>\n<meta property=\"article:published_time\" content=\"2011-02-10T04:00:00+00:00\" \/>\n<meta property=\"og:image\" content=\"https:\/\/www.pmpf.rs.gov.br\/turismo\/wp-content\/uploads\/sites\/51\/2021\/12\/I2013-05-07_062648_c7769.jpg\" \/>\n\t<meta property=\"og:image:width\" content=\"640\" \/>\n\t<meta property=\"og:image:height\" content=\"427\" \/>\n\t<meta property=\"og:image:type\" content=\"image\/jpeg\" \/>\n<meta name=\"author\" content=\"mosite\" \/>\n<meta name=\"twitter:card\" content=\"summary_large_image\" \/>\n<meta name=\"twitter:label1\" content=\"Escrito por\" \/>\n\t<meta name=\"twitter:data1\" content=\"mosite\" \/>\n\t<meta name=\"twitter:label2\" content=\"Est. tempo de leitura\" \/>\n\t<meta name=\"twitter:data2\" content=\"1 minuto\" \/>\n<script type=\"application\/ld+json\" class=\"yoast-schema-graph\">{\"@context\":\"https:\/\/schema.org\",\"@graph\":[{\"@type\":\"WebPage\",\"@id\":\"https:\/\/www.pmpf.rs.gov.br\/turismo\/2011\/02\/10\/competidores-iniciaram-a-disputa-pelo-grande-premio-do-rodeio-340\/\",\"url\":\"https:\/\/www.pmpf.rs.gov.br\/turismo\/2011\/02\/10\/competidores-iniciaram-a-disputa-pelo-grande-premio-do-rodeio-340\/\",\"name\":\"Competidores iniciaram a disputa pelo grande pr\u00eamio do rodeio - Turismo\",\"isPartOf\":{\"@id\":\"https:\/\/www.pmpf.rs.gov.br\/turismo\/#website\"},\"primaryImageOfPage\":{\"@id\":\"https:\/\/www.pmpf.rs.gov.br\/turismo\/2011\/02\/10\/competidores-iniciaram-a-disputa-pelo-grande-premio-do-rodeio-340\/#primaryimage\"},\"image\":{\"@id\":\"https:\/\/www.pmpf.rs.gov.br\/turismo\/2011\/02\/10\/competidores-iniciaram-a-disputa-pelo-grande-premio-do-rodeio-340\/#primaryimage\"},\"thumbnailUrl\":\"https:\/\/www.pmpf.rs.gov.br\/turismo\/wp-content\/uploads\/sites\/51\/2021\/12\/I2013-05-07_062648_c7769.jpg\",\"datePublished\":\"2011-02-10T04:00:00+00:00\",\"dateModified\":\"2011-02-10T04:00:00+00:00\",\"author\":{\"@id\":\"https:\/\/www.pmpf.rs.gov.br\/turismo\/#\/schema\/person\/0c355b0fa68a7aa986c8594f7a60a2d7\"},\"breadcrumb\":{\"@id\":\"https:\/\/www.pmpf.rs.gov.br\/turismo\/2011\/02\/10\/competidores-iniciaram-a-disputa-pelo-grande-premio-do-rodeio-340\/#breadcrumb\"},\"inLanguage\":\"pt-BR\",\"potentialAction\":[{\"@type\":\"ReadAction\",\"target\":[\"https:\/\/www.pmpf.rs.gov.br\/turismo\/2011\/02\/10\/competidores-iniciaram-a-disputa-pelo-grande-premio-do-rodeio-340\/\"]}]},{\"@type\":\"ImageObject\",\"inLanguage\":\"pt-BR\",\"@id\":\"https:\/\/www.pmpf.rs.gov.br\/turismo\/2011\/02\/10\/competidores-iniciaram-a-disputa-pelo-grande-premio-do-rodeio-340\/#primaryimage\",\"url\":\"https:\/\/www.pmpf.rs.gov.br\/turismo\/wp-content\/uploads\/sites\/51\/2021\/12\/I2013-05-07_062648_c7769.jpg\",\"contentUrl\":\"https:\/\/www.pmpf.rs.gov.br\/turismo\/wp-content\/uploads\/sites\/51\/2021\/12\/I2013-05-07_062648_c7769.jpg\",\"width\":640,\"height\":427},{\"@type\":\"BreadcrumbList\",\"@id\":\"https:\/\/www.pmpf.rs.gov.br\/turismo\/2011\/02\/10\/competidores-iniciaram-a-disputa-pelo-grande-premio-do-rodeio-340\/#breadcrumb\",\"itemListElement\":[{\"@type\":\"ListItem\",\"position\":1,\"name\":\"In\u00edcio\",\"item\":\"https:\/\/www.pmpf.rs.gov.br\/turismo\/\"},{\"@type\":\"ListItem\",\"position\":2,\"name\":\"Competidores iniciaram a disputa pelo grande pr\u00eamio do rodeio\"}]},{\"@type\":\"WebSite\",\"@id\":\"https:\/\/www.pmpf.rs.gov.br\/turismo\/#website\",\"url\":\"https:\/\/www.pmpf.rs.gov.br\/turismo\/\",\"name\":\"Turismo\",\"description\":\"Descubra Passo Fundo\",\"potentialAction\":[{\"@type\":\"SearchAction\",\"target\":{\"@type\":\"EntryPoint\",\"urlTemplate\":\"https:\/\/www.pmpf.rs.gov.br\/turismo\/?s={search_term_string}\"},\"query-input\":{\"@type\":\"PropertyValueSpecification\",\"valueRequired\":true,\"valueName\":\"search_term_string\"}}],\"inLanguage\":\"pt-BR\"},{\"@type\":\"Person\",\"@id\":\"https:\/\/www.pmpf.rs.gov.br\/turismo\/#\/schema\/person\/0c355b0fa68a7aa986c8594f7a60a2d7\",\"name\":\"mosite\",\"image\":{\"@type\":\"ImageObject\",\"inLanguage\":\"pt-BR\",\"@id\":\"https:\/\/www.pmpf.rs.gov.br\/turismo\/#\/schema\/person\/image\/\",\"url\":\"https:\/\/secure.gravatar.com\/avatar\/63d72595d6cecfe12bd8a94829d5a26c?s=96&d=mm&r=g\",\"contentUrl\":\"https:\/\/secure.gravatar.com\/avatar\/63d72595d6cecfe12bd8a94829d5a26c?s=96&d=mm&r=g\",\"caption\":\"mosite\"},\"sameAs\":[\"http:\/\/example.com\"],\"url\":\"https:\/\/www.pmpf.rs.gov.br\/turismo\/author\/mosite\/\"}]}<\/script>\n<!-- \/ Yoast SEO plugin. -->","yoast_head_json":{"title":"Competidores iniciaram a disputa pelo grande pr\u00eamio do rodeio - Turismo","robots":{"index":"index","follow":"follow","max-snippet":"max-snippet:-1","max-image-preview":"max-image-preview:large","max-video-preview":"max-video-preview:-1"},"canonical":"https:\/\/www.pmpf.rs.gov.br\/turismo\/2011\/02\/10\/competidores-iniciaram-a-disputa-pelo-grande-premio-do-rodeio-340\/","og_locale":"pt_BR","og_type":"article","og_title":"Competidores iniciaram a disputa pelo grande pr\u00eamio do rodeio - Turismo","og_description":"O dia de quinta-feira foi intenso na pista de tiro de la\u00e7o do XV Rodeio Internacional de Passo Fundo. Al\u00e9m das provas de tiro de la\u00e7o em dupla, iniciou Crioula\u00e7o e a Campeirada.","og_url":"https:\/\/www.pmpf.rs.gov.br\/turismo\/2011\/02\/10\/competidores-iniciaram-a-disputa-pelo-grande-premio-do-rodeio-340\/","og_site_name":"Turismo","article_published_time":"2011-02-10T04:00:00+00:00","og_image":[{"width":640,"height":427,"url":"https:\/\/www.pmpf.rs.gov.br\/turismo\/wp-content\/uploads\/sites\/51\/2021\/12\/I2013-05-07_062648_c7769.jpg","type":"image\/jpeg"}],"author":"mosite","twitter_card":"summary_large_image","twitter_misc":{"Escrito por":"mosite","Est. tempo de leitura":"1 minuto"},"schema":{"@context":"https:\/\/schema.org","@graph":[{"@type":"WebPage","@id":"https:\/\/www.pmpf.rs.gov.br\/turismo\/2011\/02\/10\/competidores-iniciaram-a-disputa-pelo-grande-premio-do-rodeio-340\/","url":"https:\/\/www.pmpf.rs.gov.br\/turismo\/2011\/02\/10\/competidores-iniciaram-a-disputa-pelo-grande-premio-do-rodeio-340\/","name":"Competidores iniciaram a disputa pelo grande pr\u00eamio do rodeio - Turismo","isPartOf":{"@id":"https:\/\/www.pmpf.rs.gov.br\/turismo\/#website"},"primaryImageOfPage":{"@id":"https:\/\/www.pmpf.rs.gov.br\/turismo\/2011\/02\/10\/competidores-iniciaram-a-disputa-pelo-grande-premio-do-rodeio-340\/#primaryimage"},"image":{"@id":"https:\/\/www.pmpf.rs.gov.br\/turismo\/2011\/02\/10\/competidores-iniciaram-a-disputa-pelo-grande-premio-do-rodeio-340\/#primaryimage"},"thumbnailUrl":"https:\/\/www.pmpf.rs.gov.br\/turismo\/wp-content\/uploads\/sites\/51\/2021\/12\/I2013-05-07_062648_c7769.jpg","datePublished":"2011-02-10T04:00:00+00:00","dateModified":"2011-02-10T04:00:00+00:00","author":{"@id":"https:\/\/www.pmpf.rs.gov.br\/turismo\/#\/schema\/person\/0c355b0fa68a7aa986c8594f7a60a2d7"},"breadcrumb":{"@id":"https:\/\/www.pmpf.rs.gov.br\/turismo\/2011\/02\/10\/competidores-iniciaram-a-disputa-pelo-grande-premio-do-rodeio-340\/#breadcrumb"},"inLanguage":"pt-BR","potentialAction":[{"@type":"ReadAction","target":["https:\/\/www.pmpf.rs.gov.br\/turismo\/2011\/02\/10\/competidores-iniciaram-a-disputa-pelo-grande-premio-do-rodeio-340\/"]}]},{"@type":"ImageObject","inLanguage":"pt-BR","@id":"https:\/\/www.pmpf.rs.gov.br\/turismo\/2011\/02\/10\/competidores-iniciaram-a-disputa-pelo-grande-premio-do-rodeio-340\/#primaryimage","url":"https:\/\/www.pmpf.rs.gov.br\/turismo\/wp-content\/uploads\/sites\/51\/2021\/12\/I2013-05-07_062648_c7769.jpg","contentUrl":"https:\/\/www.pmpf.rs.gov.br\/turismo\/wp-content\/uploads\/sites\/51\/2021\/12\/I2013-05-07_062648_c7769.jpg","width":640,"height":427},{"@type":"BreadcrumbList","@id":"https:\/\/www.pmpf.rs.gov.br\/turismo\/2011\/02\/10\/competidores-iniciaram-a-disputa-pelo-grande-premio-do-rodeio-340\/#breadcrumb","itemListElement":[{"@type":"ListItem","position":1,"name":"In\u00edcio","item":"https:\/\/www.pmpf.rs.gov.br\/turismo\/"},{"@type":"ListItem","position":2,"name":"Competidores iniciaram a disputa pelo grande pr\u00eamio do rodeio"}]},{"@type":"WebSite","@id":"https:\/\/www.pmpf.rs.gov.br\/turismo\/#website","url":"https:\/\/www.pmpf.rs.gov.br\/turismo\/","name":"Turismo","description":"Descubra Passo Fundo","potentialAction":[{"@type":"SearchAction","target":{"@type":"EntryPoint","urlTemplate":"https:\/\/www.pmpf.rs.gov.br\/turismo\/?s={search_term_string}"},"query-input":{"@type":"PropertyValueSpecification","valueRequired":true,"valueName":"search_term_string"}}],"inLanguage":"pt-BR"},{"@type":"Person","@id":"https:\/\/www.pmpf.rs.gov.br\/turismo\/#\/schema\/person\/0c355b0fa68a7aa986c8594f7a60a2d7","name":"mosite","image":{"@type":"ImageObject","inLanguage":"pt-BR","@id":"https:\/\/www.pmpf.rs.gov.br\/turismo\/#\/schema\/person\/image\/","url":"https:\/\/secure.gravatar.com\/avatar\/63d72595d6cecfe12bd8a94829d5a26c?s=96&d=mm&r=g","contentUrl":"https:\/\/secure.gravatar.com\/avatar\/63d72595d6cecfe12bd8a94829d5a26c?s=96&d=mm&r=g","caption":"mosite"},"sameAs":["http:\/\/example.com"],"url":"https:\/\/www.pmpf.rs.gov.br\/turismo\/author\/mosite\/"}]}},"_links":{"self":[{"href":"https:\/\/www.pmpf.rs.gov.br\/turismo\/wp-json\/wp\/v2\/posts\/256"}],"collection":[{"href":"https:\/\/www.pmpf.rs.gov.br\/turismo\/wp-json\/wp\/v2\/posts"}],"about":[{"href":"https:\/\/www.pmpf.rs.gov.br\/turismo\/wp-json\/wp\/v2\/types\/post"}],"author":[{"embeddable":true,"href":"https:\/\/www.pmpf.rs.gov.br\/turismo\/wp-json\/wp\/v2\/users\/1"}],"replies":[{"embeddable":true,"href":"https:\/\/www.pmpf.rs.gov.br\/turismo\/wp-json\/wp\/v2\/comments?post=256"}],"version-history":[{"count":0,"href":"https:\/\/www.pmpf.rs.gov.br\/turismo\/wp-json\/wp\/v2\/posts\/256\/revisions"}],"wp:featuredmedia":[{"embeddable":true,"href":"https:\/\/www.pmpf.rs.gov.br\/turismo\/wp-json\/wp\/v2\/media\/257"}],"wp:attachment":[{"href":"https:\/\/www.pmpf.rs.gov.br\/turismo\/wp-json\/wp\/v2\/media?parent=256"}],"wp:term":[{"taxonomy":"category","embeddable":true,"href":"https:\/\/www.pmpf.rs.gov.br\/turismo\/wp-json\/wp\/v2\/categories?post=256"},{"taxonomy":"post_tag","embeddable":true,"href":"https:\/\/www.pmpf.rs.gov.br\/turismo\/wp-json\/wp\/v2\/tags?post=256"}],"curies":[{"name":"wp","href":"https:\/\/api.w.org\/{rel}","templated":true}]}}