{"id":253,"date":"2011-02-01T02:00:00","date_gmt":"2011-02-01T04:00:00","guid":{"rendered":"https:\/\/www.pmpf.rs.gov.br\/turismo\/2011\/02\/01\/ainda-restam-terrenos-para-acampar-no-rodeio-354\/"},"modified":"2011-02-01T02:00:00","modified_gmt":"2011-02-01T04:00:00","slug":"ainda-restam-terrenos-para-acampar-no-rodeio-354","status":"publish","type":"post","link":"https:\/\/www.pmpf.rs.gov.br\/turismo\/2011\/02\/01\/ainda-restam-terrenos-para-acampar-no-rodeio-354\/","title":{"rendered":"Ainda restam terrenos para acampar no Rodeio"},"content":{"rendered":"<p align=\"justify\">\n<p align=\"justify\">Quem ainda pretende acampar durante o XV Rodeio Internacional de Passo Fundo, deve se apressar. A Prefeitura Municipal,- atrav\u00e9s Funzoctur, continua recebendo os interessados em comprar um terreno para os dez dias de festa.<br \/>De acordo com o diretor da Funda\u00e7\u00e3o, Ant\u00f4nio Augusto Reveilleau, um bom\u00a0 n\u00famero de espa\u00e7os j\u00e1 foram comercializados. Existem terrenos na \u00e1rea de camping que variam de R$ 100,00 a R$ 400,00, sendo que o valor depende do tamanho e da localiza\u00e7\u00e3o da \u00e1rea. Ele ressaltou que uma \u00f3tima estrutura est\u00e1\u00a0 dispon\u00edvel \u00e0s pessoas que v\u00e3o acampar, com \u00e1gua, luz e banheiros reformados.<br \/>Sobre os ranchos de costaneira, Reveilleau ressaltou\u00a0 que eles n\u00e3o podem mais ser constru\u00eddos, somente barracas ser\u00e3o permitidas. Ele explicou que palanques podem ser fixados no caso de servirem de estrutura para a coloca\u00e7\u00e3o de uma lona por exemplo, mas devem ser retirados assim que terminar o evento.<br \/>Para os interessados que quiserem contatar a equipe da funda\u00e7\u00e3o que est\u00e1 instalada no Parque de Rodeios est\u00e3o dispon\u00edveis os fones (54) 35811926, e (54) 35811906. Este rodeio ser\u00e1 o maior rodeio que o munic\u00edpio j\u00e1 promoveu, sendo que os ingressos j\u00e1 est\u00e3o \u00e0 venda. Outras informa\u00e7\u00f5es sobre o evento est\u00e3o no site <a href=\"http:\/\/www.rodeiodepassofundo.com.br\">www.rodeiodepassofundo.com.br<\/a>.<\/p>\n<p \/>\n","protected":false},"excerpt":{"rendered":"<p>Ainda restam terrenos para acampar no Rodeio<\/p>\n","protected":false},"author":1,"featured_media":0,"comment_status":"open","ping_status":"open","sticky":false,"template":"","format":"standard","meta":{"footnotes":""},"categories":[],"tags":[],"class_list":["post-253","post","type-post","status-publish","format-standard","hentry"],"yoast_head":"<!-- This site is optimized with the Yoast SEO plugin v23.8 - https:\/\/yoast.com\/wordpress\/plugins\/seo\/ -->\n<title>Ainda restam terrenos para acampar no Rodeio - Turismo<\/title>\n<meta name=\"robots\" content=\"index, follow, max-snippet:-1, max-image-preview:large, max-video-preview:-1\" \/>\n<link rel=\"canonical\" href=\"https:\/\/www.pmpf.rs.gov.br\/turismo\/2011\/02\/01\/ainda-restam-terrenos-para-acampar-no-rodeio-354\/\" \/>\n<meta property=\"og:locale\" content=\"pt_BR\" \/>\n<meta property=\"og:type\" content=\"article\" \/>\n<meta property=\"og:title\" content=\"Ainda restam terrenos para acampar no Rodeio - Turismo\" \/>\n<meta property=\"og:description\" content=\"Ainda restam terrenos para acampar no Rodeio\" \/>\n<meta property=\"og:url\" content=\"https:\/\/www.pmpf.rs.gov.br\/turismo\/2011\/02\/01\/ainda-restam-terrenos-para-acampar-no-rodeio-354\/\" \/>\n<meta property=\"og:site_name\" content=\"Turismo\" \/>\n<meta property=\"article:published_time\" content=\"2011-02-01T04:00:00+00:00\" \/>\n<meta name=\"author\" content=\"mosite\" \/>\n<meta name=\"twitter:card\" content=\"summary_large_image\" \/>\n<meta name=\"twitter:label1\" content=\"Escrito por\" \/>\n\t<meta name=\"twitter:data1\" content=\"mosite\" \/>\n\t<meta name=\"twitter:label2\" content=\"Est. tempo de leitura\" \/>\n\t<meta name=\"twitter:data2\" content=\"1 minuto\" \/>\n<script type=\"application\/ld+json\" class=\"yoast-schema-graph\">{\"@context\":\"https:\/\/schema.org\",\"@graph\":[{\"@type\":\"WebPage\",\"@id\":\"https:\/\/www.pmpf.rs.gov.br\/turismo\/2011\/02\/01\/ainda-restam-terrenos-para-acampar-no-rodeio-354\/\",\"url\":\"https:\/\/www.pmpf.rs.gov.br\/turismo\/2011\/02\/01\/ainda-restam-terrenos-para-acampar-no-rodeio-354\/\",\"name\":\"Ainda restam terrenos para acampar no Rodeio - Turismo\",\"isPartOf\":{\"@id\":\"https:\/\/www.pmpf.rs.gov.br\/turismo\/#website\"},\"datePublished\":\"2011-02-01T04:00:00+00:00\",\"dateModified\":\"2011-02-01T04:00:00+00:00\",\"author\":{\"@id\":\"https:\/\/www.pmpf.rs.gov.br\/turismo\/#\/schema\/person\/0c355b0fa68a7aa986c8594f7a60a2d7\"},\"breadcrumb\":{\"@id\":\"https:\/\/www.pmpf.rs.gov.br\/turismo\/2011\/02\/01\/ainda-restam-terrenos-para-acampar-no-rodeio-354\/#breadcrumb\"},\"inLanguage\":\"pt-BR\",\"potentialAction\":[{\"@type\":\"ReadAction\",\"target\":[\"https:\/\/www.pmpf.rs.gov.br\/turismo\/2011\/02\/01\/ainda-restam-terrenos-para-acampar-no-rodeio-354\/\"]}]},{\"@type\":\"BreadcrumbList\",\"@id\":\"https:\/\/www.pmpf.rs.gov.br\/turismo\/2011\/02\/01\/ainda-restam-terrenos-para-acampar-no-rodeio-354\/#breadcrumb\",\"itemListElement\":[{\"@type\":\"ListItem\",\"position\":1,\"name\":\"In\u00edcio\",\"item\":\"https:\/\/www.pmpf.rs.gov.br\/turismo\/\"},{\"@type\":\"ListItem\",\"position\":2,\"name\":\"Ainda restam terrenos para acampar no Rodeio\"}]},{\"@type\":\"WebSite\",\"@id\":\"https:\/\/www.pmpf.rs.gov.br\/turismo\/#website\",\"url\":\"https:\/\/www.pmpf.rs.gov.br\/turismo\/\",\"name\":\"Turismo\",\"description\":\"Descubra Passo Fundo\",\"potentialAction\":[{\"@type\":\"SearchAction\",\"target\":{\"@type\":\"EntryPoint\",\"urlTemplate\":\"https:\/\/www.pmpf.rs.gov.br\/turismo\/?s={search_term_string}\"},\"query-input\":{\"@type\":\"PropertyValueSpecification\",\"valueRequired\":true,\"valueName\":\"search_term_string\"}}],\"inLanguage\":\"pt-BR\"},{\"@type\":\"Person\",\"@id\":\"https:\/\/www.pmpf.rs.gov.br\/turismo\/#\/schema\/person\/0c355b0fa68a7aa986c8594f7a60a2d7\",\"name\":\"mosite\",\"image\":{\"@type\":\"ImageObject\",\"inLanguage\":\"pt-BR\",\"@id\":\"https:\/\/www.pmpf.rs.gov.br\/turismo\/#\/schema\/person\/image\/\",\"url\":\"https:\/\/secure.gravatar.com\/avatar\/63d72595d6cecfe12bd8a94829d5a26c?s=96&d=mm&r=g\",\"contentUrl\":\"https:\/\/secure.gravatar.com\/avatar\/63d72595d6cecfe12bd8a94829d5a26c?s=96&d=mm&r=g\",\"caption\":\"mosite\"},\"sameAs\":[\"http:\/\/example.com\"],\"url\":\"https:\/\/www.pmpf.rs.gov.br\/turismo\/author\/mosite\/\"}]}<\/script>\n<!-- \/ Yoast SEO plugin. -->","yoast_head_json":{"title":"Ainda restam terrenos para acampar no Rodeio - Turismo","robots":{"index":"index","follow":"follow","max-snippet":"max-snippet:-1","max-image-preview":"max-image-preview:large","max-video-preview":"max-video-preview:-1"},"canonical":"https:\/\/www.pmpf.rs.gov.br\/turismo\/2011\/02\/01\/ainda-restam-terrenos-para-acampar-no-rodeio-354\/","og_locale":"pt_BR","og_type":"article","og_title":"Ainda restam terrenos para acampar no Rodeio - Turismo","og_description":"Ainda restam terrenos para acampar no Rodeio","og_url":"https:\/\/www.pmpf.rs.gov.br\/turismo\/2011\/02\/01\/ainda-restam-terrenos-para-acampar-no-rodeio-354\/","og_site_name":"Turismo","article_published_time":"2011-02-01T04:00:00+00:00","author":"mosite","twitter_card":"summary_large_image","twitter_misc":{"Escrito por":"mosite","Est. tempo de leitura":"1 minuto"},"schema":{"@context":"https:\/\/schema.org","@graph":[{"@type":"WebPage","@id":"https:\/\/www.pmpf.rs.gov.br\/turismo\/2011\/02\/01\/ainda-restam-terrenos-para-acampar-no-rodeio-354\/","url":"https:\/\/www.pmpf.rs.gov.br\/turismo\/2011\/02\/01\/ainda-restam-terrenos-para-acampar-no-rodeio-354\/","name":"Ainda restam terrenos para acampar no Rodeio - Turismo","isPartOf":{"@id":"https:\/\/www.pmpf.rs.gov.br\/turismo\/#website"},"datePublished":"2011-02-01T04:00:00+00:00","dateModified":"2011-02-01T04:00:00+00:00","author":{"@id":"https:\/\/www.pmpf.rs.gov.br\/turismo\/#\/schema\/person\/0c355b0fa68a7aa986c8594f7a60a2d7"},"breadcrumb":{"@id":"https:\/\/www.pmpf.rs.gov.br\/turismo\/2011\/02\/01\/ainda-restam-terrenos-para-acampar-no-rodeio-354\/#breadcrumb"},"inLanguage":"pt-BR","potentialAction":[{"@type":"ReadAction","target":["https:\/\/www.pmpf.rs.gov.br\/turismo\/2011\/02\/01\/ainda-restam-terrenos-para-acampar-no-rodeio-354\/"]}]},{"@type":"BreadcrumbList","@id":"https:\/\/www.pmpf.rs.gov.br\/turismo\/2011\/02\/01\/ainda-restam-terrenos-para-acampar-no-rodeio-354\/#breadcrumb","itemListElement":[{"@type":"ListItem","position":1,"name":"In\u00edcio","item":"https:\/\/www.pmpf.rs.gov.br\/turismo\/"},{"@type":"ListItem","position":2,"name":"Ainda restam terrenos para acampar no Rodeio"}]},{"@type":"WebSite","@id":"https:\/\/www.pmpf.rs.gov.br\/turismo\/#website","url":"https:\/\/www.pmpf.rs.gov.br\/turismo\/","name":"Turismo","description":"Descubra Passo Fundo","potentialAction":[{"@type":"SearchAction","target":{"@type":"EntryPoint","urlTemplate":"https:\/\/www.pmpf.rs.gov.br\/turismo\/?s={search_term_string}"},"query-input":{"@type":"PropertyValueSpecification","valueRequired":true,"valueName":"search_term_string"}}],"inLanguage":"pt-BR"},{"@type":"Person","@id":"https:\/\/www.pmpf.rs.gov.br\/turismo\/#\/schema\/person\/0c355b0fa68a7aa986c8594f7a60a2d7","name":"mosite","image":{"@type":"ImageObject","inLanguage":"pt-BR","@id":"https:\/\/www.pmpf.rs.gov.br\/turismo\/#\/schema\/person\/image\/","url":"https:\/\/secure.gravatar.com\/avatar\/63d72595d6cecfe12bd8a94829d5a26c?s=96&d=mm&r=g","contentUrl":"https:\/\/secure.gravatar.com\/avatar\/63d72595d6cecfe12bd8a94829d5a26c?s=96&d=mm&r=g","caption":"mosite"},"sameAs":["http:\/\/example.com"],"url":"https:\/\/www.pmpf.rs.gov.br\/turismo\/author\/mosite\/"}]}},"_links":{"self":[{"href":"https:\/\/www.pmpf.rs.gov.br\/turismo\/wp-json\/wp\/v2\/posts\/253"}],"collection":[{"href":"https:\/\/www.pmpf.rs.gov.br\/turismo\/wp-json\/wp\/v2\/posts"}],"about":[{"href":"https:\/\/www.pmpf.rs.gov.br\/turismo\/wp-json\/wp\/v2\/types\/post"}],"author":[{"embeddable":true,"href":"https:\/\/www.pmpf.rs.gov.br\/turismo\/wp-json\/wp\/v2\/users\/1"}],"replies":[{"embeddable":true,"href":"https:\/\/www.pmpf.rs.gov.br\/turismo\/wp-json\/wp\/v2\/comments?post=253"}],"version-history":[{"count":0,"href":"https:\/\/www.pmpf.rs.gov.br\/turismo\/wp-json\/wp\/v2\/posts\/253\/revisions"}],"wp:attachment":[{"href":"https:\/\/www.pmpf.rs.gov.br\/turismo\/wp-json\/wp\/v2\/media?parent=253"}],"wp:term":[{"taxonomy":"category","embeddable":true,"href":"https:\/\/www.pmpf.rs.gov.br\/turismo\/wp-json\/wp\/v2\/categories?post=253"},{"taxonomy":"post_tag","embeddable":true,"href":"https:\/\/www.pmpf.rs.gov.br\/turismo\/wp-json\/wp\/v2\/tags?post=253"}],"curies":[{"name":"wp","href":"https:\/\/api.w.org\/{rel}","templated":true}]}}