{"id":240,"date":"2011-02-04T02:00:00","date_gmt":"2011-02-04T04:00:00","guid":{"rendered":"https:\/\/www.pmpf.rs.gov.br\/turismo\/2011\/02\/04\/shows-agitam-as-noites-do-xv-rodeio-de-passo-fundo-544\/"},"modified":"2011-02-04T02:00:00","modified_gmt":"2011-02-04T04:00:00","slug":"shows-agitam-as-noites-do-xv-rodeio-de-passo-fundo-544","status":"publish","type":"post","link":"https:\/\/www.pmpf.rs.gov.br\/turismo\/2011\/02\/04\/shows-agitam-as-noites-do-xv-rodeio-de-passo-fundo-544\/","title":{"rendered":"Shows agitam as noites do XV Rodeio de Passo Fundo"},"content":{"rendered":"<p><span style=\"\"><\/span><span style=\"\">O primeiro final de semana do XV Rodeio Internacional de Passo Fundo promete ser agitado principalmente no que diz respeito aos shows do palco principal do evento. J\u00e1 nesta sexta-feira, primeiro dia de festa, o cantor e compositor missioneiro Pedro Orta\u00e7a se apresenta para o p\u00fablico passo-fundense, para no s\u00e1bado ser o momento de Teixeirinha Filho, j\u00e1 que seu falecido pai ser\u00e1 o grande homenageado dessa edi\u00e7\u00e3o.<\/span><br style=\"\" \/><span style=\"\">De acordo com Teixeirinha, ele e seu filho, Teixeirinha Neto, que se apresentar\u00e1 junto, est\u00e3o com um repert\u00f3rio especial para esse show, que j\u00e1 vem sendo ensaiado h\u00e1 muito tempo. \u201cSer\u00e1 uma honra se apresentar mais uma vez nesse rodeio, principalmente agora, oportunidade em que meu pai pela primeira vez est\u00e1 sendo homenageado em um rodeio. N\u00e3o \u00e9 um baile qualquer, \u00e9 o Rodeio de Passo Fundo\u201d, disse.<\/span><br style=\"\" \/><span style=\"\">Na ocasi\u00e3o, ele ir\u00e1 cantar uma m\u00fasica que comp\u00f4s para o munic\u00edpio, chamada \u201cQuer\u00eancia do Meu Pai\u201d, que diz: \u201cPrepare o mate e a erva buena que estou chegando\u201d. Ela est\u00e1 no CD Canta meu Povo.<\/span><br style=\"\" \/><span style=\"\">Para fechar o domingo, a dupla C\u00e9sar Oliveira e Rog\u00e9rio Melo, que atuam como dueto desde 2001, mostram o seu trabalho, resultado de nove CDs e dois DVDs.<\/span><br style=\"\" \/><span style=\"\">Outro destaque dos quase 30 shows confirmados para os 10 dias de festa \u00e9 o bagual Mano Lima, que se apresenta na ter\u00e7a-feira, dia 8 de fevereiro. Essa ser\u00e1 11\u00aa apresenta\u00e7\u00e3o de Mano no Rodeio de Passo Fundo, trazendo para o p\u00fablico m\u00fasicas do seu \u00faltimo \u00e1lbum, &#8220;;Homem da Terra&#8221;;, al\u00e9m dos seus conhecidos cl\u00e1ssicos, como \u201cMui\u00e9zinha Incomodativa\u201d e \u201cLobisomem do Arvoredo\u201d. \u201cO munic\u00edpio de Passo Fundo nos d\u00e1 um grande exemplo de como valorizar e cultuar a nossa tradi\u00e7\u00e3o ga\u00facha, e como diz uma m\u00fasica minha: \u2018Eu estou de volta pra cantar na minha terra\u2019. Afirmo isso, pois volta e meia boleio a perna para os pagos de Passo Fundo pra cantar aos amigos\u201d, disse ele. <\/span><br style=\"\" \/><span style=\"\">O XV Rodeio ainda ir\u00e1 contar quatro apresenta\u00e7\u00f5es do grupo internacional \u201cParaguai ETE\u201d, dos dias 9 a 12, tamb\u00e9m no palco principal. O conjunto \u00e9 composto por bailarinos, dan\u00e7arinos e m\u00fasicos, que s\u00e3o respons\u00e1veis por uma verdadeira representa\u00e7\u00e3o da cultura popular e tradicional do Paraguai, tendo participado de festivais internacionais na Espanha, Fran\u00e7a, It\u00e1lia, Su\u00ed\u00e7a, Eslov\u00eania, B\u00e9lgica, Holanda, Alemanha, Portugal, Gr\u00e9cia, Brasil e Chile.<\/span><br style=\"\" \/><span style=\"\">Promovido pela Prefeitura Municipal e pela 7\u00aa Regi\u00e3o Tradicionalista, sendo realizado atrav\u00e9s da Funzoctur (Funda\u00e7\u00e3o Zoobot\u00e2nica, Cultural e de Turismo da Rosel\u00e2ndia), juntamente com o grupo Cultural e Art\u00edstico Cavaleiros do Planalto M\u00e9dio, o XV Rodeio internacional de Passo Fundo acontecer\u00e1 entre os dias 4 e 13 de fevereiro de 2011.<\/span><br style=\"\" \/><br style=\"\" \/><span style=\"\">Shows<\/span><br style=\"\" \/><span style=\"\">Pedro Orta\u00e7a<\/span><br style=\"\" \/><span style=\"\">Sexta\u2013Feira<\/span><br style=\"\" \/><span style=\"\">Dia: 04\/02\/2011<\/span><br style=\"\" \/><span style=\"\">23:00 Horas<\/span><br style=\"\" \/><br style=\"\" \/><br style=\"\" \/><span style=\"\">Teixerinha Filho<\/span><br style=\"\" \/><span style=\"\">S\u00e1bado<\/span><br style=\"\" \/><span style=\"\">Dia: 05\/02\/2011<\/span><br style=\"\" \/><span style=\"\">23:00 Horas<\/span><br style=\"\" \/><br style=\"\" \/><span style=\"\">C\u00e9sar Oliveira e Rog\u00e9rio Melo<\/span><br style=\"\" \/><span style=\"\">Domingo<\/span><br style=\"\" \/><span style=\"\">Dia: 06\/02\/2011<\/span><br style=\"\" \/><span style=\"\">23:00 Horas<\/span><br style=\"\" \/><br style=\"\" \/><span style=\"\">Grupo Rodeio<\/span><br style=\"\" \/><span style=\"\">Segunda-Feira<\/span><br style=\"\" \/><span style=\"\">Dia: 07\/02\/2011<\/span><br style=\"\" \/><span style=\"\">23:00 Horas<\/span><br style=\"\" \/><br style=\"\" \/><span style=\"\">Mano Lima<\/span><br style=\"\" \/><span style=\"\">Ter\u00e7a-Feira<\/span><br style=\"\" \/><span style=\"\">Dia: 08\/02\/2011<\/span><br style=\"\" \/><span style=\"\">23:00 Horas<\/span><br style=\"\" \/><br style=\"\" \/><span style=\"\">Luiz Marenco<\/span><br style=\"\" \/><span style=\"\">Quarta-Feira<\/span><br style=\"\" \/><span style=\"\">Dia: 09\/02\/2011<\/span><br style=\"\" \/><span style=\"\">23:00 Horas<\/span><br style=\"\" \/><br style=\"\" \/><span style=\"\">Buenas e M\u2019espalho<\/span><br style=\"\" \/><span style=\"\">Quinta-Feira<\/span><br style=\"\" \/><span style=\"\">Dia: 10\/02\/2011<\/span><br style=\"\" \/><span style=\"\">23:00 Horas<\/span><br style=\"\" \/><br style=\"\" \/><span style=\"\">Joca Martins<\/span><br style=\"\" \/><span style=\"\">Sexta-Feira<\/span><br style=\"\" \/><span style=\"\">Dia: 11\/02\/2011<\/span><br style=\"\" \/><span style=\"\">23:00 Horas<\/span><br style=\"\" \/><br style=\"\" \/><span style=\"\">Osvaldir e Carlos Magr\u00e3o<\/span><br style=\"\" \/><span style=\"\">S\u00e1bado<\/span><br style=\"\" \/><span style=\"\">Dia: 12\/02\/2011<\/span><br style=\"\" \/><span style=\"\">23:00 Horas<\/span><br style=\"\" \/><br style=\"\" \/><span style=\"\">Demais apresenta\u00e7\u00f5es<\/span><br style=\"\" \/><br style=\"\" \/><span style=\"\">Pedrinho Almeida &amp; Sabrina Antunes &#8211; Show Ga\u00facho e Latino<\/span><br style=\"\" \/><span style=\"\">Os Pi\u00e1s de Passo Fundo<\/span><br style=\"\" \/><span style=\"\">Jo\u00e3o Kadela e Grupo Canil <\/span><br style=\"\" \/><span style=\"\">Grupo C\u00f3digo Sul<\/span><br style=\"\" \/><span style=\"\">Grupo Tch\u00ea Coisarada &#8211; 2 Apresenta\u00e7\u00f5es<\/span><br style=\"\" \/><span style=\"\">Tch\u00ea Sarandeio<\/span><br style=\"\" \/><span style=\"\">Jo\u00e3o dos Santos <\/span><br style=\"\" \/><span style=\"\">Ricardo Cassiano Ramos da Silva<\/span><br style=\"\" \/><span style=\"\">Jorge Trindade<\/span><br style=\"\" \/><span style=\"\">S\u00e9rgio dos Santos Oliveira <\/span><br style=\"\" \/><span style=\"\">Grupo O Campo que Trago <\/span><br style=\"\" \/><span style=\"\">Rodrigo Cavalheiro <\/span><br style=\"\" \/><span style=\"\">Pedro Neves <\/span><br style=\"\" \/><span style=\"\">Rom\u00e1rio Ga\u00facho <\/span><br style=\"\" \/><span style=\"\">For\u00e7a Fandangueira <\/span><br style=\"\" \/><span style=\"\">Cl\u00f3vis Mendes <\/span><br style=\"\" \/><span style=\"\">Luiz Carlos Alves <\/span><br style=\"\" \/><span style=\"\">Show Internacional \u2013 Grupo do Paraguai ETE\u2013 4 Apresenta\u00e7\u00f5es<\/span><\/p>\n","protected":false},"excerpt":{"rendered":"<p>Shows agitam as noites do XV Rodeio de Passo Fundo<\/p>\n","protected":false},"author":1,"featured_media":241,"comment_status":"open","ping_status":"open","sticky":false,"template":"","format":"standard","meta":{"footnotes":""},"categories":[],"tags":[],"class_list":["post-240","post","type-post","status-publish","format-standard","has-post-thumbnail","hentry"],"yoast_head":"<!-- This site is optimized with the Yoast SEO plugin v23.8 - https:\/\/yoast.com\/wordpress\/plugins\/seo\/ -->\n<title>Shows agitam as noites do XV Rodeio de Passo Fundo - Turismo<\/title>\n<meta name=\"robots\" content=\"index, follow, max-snippet:-1, max-image-preview:large, max-video-preview:-1\" \/>\n<link rel=\"canonical\" href=\"https:\/\/www.pmpf.rs.gov.br\/turismo\/2011\/02\/04\/shows-agitam-as-noites-do-xv-rodeio-de-passo-fundo-544\/\" \/>\n<meta property=\"og:locale\" content=\"pt_BR\" \/>\n<meta property=\"og:type\" content=\"article\" \/>\n<meta property=\"og:title\" content=\"Shows agitam as noites do XV Rodeio de Passo Fundo - Turismo\" \/>\n<meta property=\"og:description\" content=\"Shows agitam as noites do XV Rodeio de Passo Fundo\" \/>\n<meta property=\"og:url\" content=\"https:\/\/www.pmpf.rs.gov.br\/turismo\/2011\/02\/04\/shows-agitam-as-noites-do-xv-rodeio-de-passo-fundo-544\/\" \/>\n<meta property=\"og:site_name\" content=\"Turismo\" \/>\n<meta property=\"article:published_time\" content=\"2011-02-04T04:00:00+00:00\" \/>\n<meta property=\"og:image\" content=\"https:\/\/www.pmpf.rs.gov.br\/turismo\/wp-content\/uploads\/sites\/51\/2021\/12\/I2013-05-07_062650_c7762.jpg\" \/>\n\t<meta property=\"og:image:width\" content=\"640\" \/>\n\t<meta property=\"og:image:height\" content=\"427\" \/>\n\t<meta property=\"og:image:type\" content=\"image\/jpeg\" \/>\n<meta name=\"author\" content=\"mosite\" \/>\n<meta name=\"twitter:card\" content=\"summary_large_image\" \/>\n<meta name=\"twitter:label1\" content=\"Escrito por\" \/>\n\t<meta name=\"twitter:data1\" content=\"mosite\" \/>\n\t<meta name=\"twitter:label2\" content=\"Est. tempo de leitura\" \/>\n\t<meta name=\"twitter:data2\" content=\"3 minutos\" \/>\n<script type=\"application\/ld+json\" class=\"yoast-schema-graph\">{\"@context\":\"https:\/\/schema.org\",\"@graph\":[{\"@type\":\"WebPage\",\"@id\":\"https:\/\/www.pmpf.rs.gov.br\/turismo\/2011\/02\/04\/shows-agitam-as-noites-do-xv-rodeio-de-passo-fundo-544\/\",\"url\":\"https:\/\/www.pmpf.rs.gov.br\/turismo\/2011\/02\/04\/shows-agitam-as-noites-do-xv-rodeio-de-passo-fundo-544\/\",\"name\":\"Shows agitam as noites do XV Rodeio de Passo Fundo - Turismo\",\"isPartOf\":{\"@id\":\"https:\/\/www.pmpf.rs.gov.br\/turismo\/#website\"},\"primaryImageOfPage\":{\"@id\":\"https:\/\/www.pmpf.rs.gov.br\/turismo\/2011\/02\/04\/shows-agitam-as-noites-do-xv-rodeio-de-passo-fundo-544\/#primaryimage\"},\"image\":{\"@id\":\"https:\/\/www.pmpf.rs.gov.br\/turismo\/2011\/02\/04\/shows-agitam-as-noites-do-xv-rodeio-de-passo-fundo-544\/#primaryimage\"},\"thumbnailUrl\":\"https:\/\/www.pmpf.rs.gov.br\/turismo\/wp-content\/uploads\/sites\/51\/2021\/12\/I2013-05-07_062650_c7762.jpg\",\"datePublished\":\"2011-02-04T04:00:00+00:00\",\"dateModified\":\"2011-02-04T04:00:00+00:00\",\"author\":{\"@id\":\"https:\/\/www.pmpf.rs.gov.br\/turismo\/#\/schema\/person\/0c355b0fa68a7aa986c8594f7a60a2d7\"},\"breadcrumb\":{\"@id\":\"https:\/\/www.pmpf.rs.gov.br\/turismo\/2011\/02\/04\/shows-agitam-as-noites-do-xv-rodeio-de-passo-fundo-544\/#breadcrumb\"},\"inLanguage\":\"pt-BR\",\"potentialAction\":[{\"@type\":\"ReadAction\",\"target\":[\"https:\/\/www.pmpf.rs.gov.br\/turismo\/2011\/02\/04\/shows-agitam-as-noites-do-xv-rodeio-de-passo-fundo-544\/\"]}]},{\"@type\":\"ImageObject\",\"inLanguage\":\"pt-BR\",\"@id\":\"https:\/\/www.pmpf.rs.gov.br\/turismo\/2011\/02\/04\/shows-agitam-as-noites-do-xv-rodeio-de-passo-fundo-544\/#primaryimage\",\"url\":\"https:\/\/www.pmpf.rs.gov.br\/turismo\/wp-content\/uploads\/sites\/51\/2021\/12\/I2013-05-07_062650_c7762.jpg\",\"contentUrl\":\"https:\/\/www.pmpf.rs.gov.br\/turismo\/wp-content\/uploads\/sites\/51\/2021\/12\/I2013-05-07_062650_c7762.jpg\",\"width\":640,\"height\":427},{\"@type\":\"BreadcrumbList\",\"@id\":\"https:\/\/www.pmpf.rs.gov.br\/turismo\/2011\/02\/04\/shows-agitam-as-noites-do-xv-rodeio-de-passo-fundo-544\/#breadcrumb\",\"itemListElement\":[{\"@type\":\"ListItem\",\"position\":1,\"name\":\"In\u00edcio\",\"item\":\"https:\/\/www.pmpf.rs.gov.br\/turismo\/\"},{\"@type\":\"ListItem\",\"position\":2,\"name\":\"Shows agitam as noites do XV Rodeio de Passo Fundo\"}]},{\"@type\":\"WebSite\",\"@id\":\"https:\/\/www.pmpf.rs.gov.br\/turismo\/#website\",\"url\":\"https:\/\/www.pmpf.rs.gov.br\/turismo\/\",\"name\":\"Turismo\",\"description\":\"Descubra Passo Fundo\",\"potentialAction\":[{\"@type\":\"SearchAction\",\"target\":{\"@type\":\"EntryPoint\",\"urlTemplate\":\"https:\/\/www.pmpf.rs.gov.br\/turismo\/?s={search_term_string}\"},\"query-input\":{\"@type\":\"PropertyValueSpecification\",\"valueRequired\":true,\"valueName\":\"search_term_string\"}}],\"inLanguage\":\"pt-BR\"},{\"@type\":\"Person\",\"@id\":\"https:\/\/www.pmpf.rs.gov.br\/turismo\/#\/schema\/person\/0c355b0fa68a7aa986c8594f7a60a2d7\",\"name\":\"mosite\",\"image\":{\"@type\":\"ImageObject\",\"inLanguage\":\"pt-BR\",\"@id\":\"https:\/\/www.pmpf.rs.gov.br\/turismo\/#\/schema\/person\/image\/\",\"url\":\"https:\/\/secure.gravatar.com\/avatar\/63d72595d6cecfe12bd8a94829d5a26c?s=96&d=mm&r=g\",\"contentUrl\":\"https:\/\/secure.gravatar.com\/avatar\/63d72595d6cecfe12bd8a94829d5a26c?s=96&d=mm&r=g\",\"caption\":\"mosite\"},\"sameAs\":[\"http:\/\/example.com\"],\"url\":\"https:\/\/www.pmpf.rs.gov.br\/turismo\/author\/mosite\/\"}]}<\/script>\n<!-- \/ Yoast SEO plugin. -->","yoast_head_json":{"title":"Shows agitam as noites do XV Rodeio de Passo Fundo - Turismo","robots":{"index":"index","follow":"follow","max-snippet":"max-snippet:-1","max-image-preview":"max-image-preview:large","max-video-preview":"max-video-preview:-1"},"canonical":"https:\/\/www.pmpf.rs.gov.br\/turismo\/2011\/02\/04\/shows-agitam-as-noites-do-xv-rodeio-de-passo-fundo-544\/","og_locale":"pt_BR","og_type":"article","og_title":"Shows agitam as noites do XV Rodeio de Passo Fundo - Turismo","og_description":"Shows agitam as noites do XV Rodeio de Passo Fundo","og_url":"https:\/\/www.pmpf.rs.gov.br\/turismo\/2011\/02\/04\/shows-agitam-as-noites-do-xv-rodeio-de-passo-fundo-544\/","og_site_name":"Turismo","article_published_time":"2011-02-04T04:00:00+00:00","og_image":[{"width":640,"height":427,"url":"https:\/\/www.pmpf.rs.gov.br\/turismo\/wp-content\/uploads\/sites\/51\/2021\/12\/I2013-05-07_062650_c7762.jpg","type":"image\/jpeg"}],"author":"mosite","twitter_card":"summary_large_image","twitter_misc":{"Escrito por":"mosite","Est. tempo de leitura":"3 minutos"},"schema":{"@context":"https:\/\/schema.org","@graph":[{"@type":"WebPage","@id":"https:\/\/www.pmpf.rs.gov.br\/turismo\/2011\/02\/04\/shows-agitam-as-noites-do-xv-rodeio-de-passo-fundo-544\/","url":"https:\/\/www.pmpf.rs.gov.br\/turismo\/2011\/02\/04\/shows-agitam-as-noites-do-xv-rodeio-de-passo-fundo-544\/","name":"Shows agitam as noites do XV Rodeio de Passo Fundo - Turismo","isPartOf":{"@id":"https:\/\/www.pmpf.rs.gov.br\/turismo\/#website"},"primaryImageOfPage":{"@id":"https:\/\/www.pmpf.rs.gov.br\/turismo\/2011\/02\/04\/shows-agitam-as-noites-do-xv-rodeio-de-passo-fundo-544\/#primaryimage"},"image":{"@id":"https:\/\/www.pmpf.rs.gov.br\/turismo\/2011\/02\/04\/shows-agitam-as-noites-do-xv-rodeio-de-passo-fundo-544\/#primaryimage"},"thumbnailUrl":"https:\/\/www.pmpf.rs.gov.br\/turismo\/wp-content\/uploads\/sites\/51\/2021\/12\/I2013-05-07_062650_c7762.jpg","datePublished":"2011-02-04T04:00:00+00:00","dateModified":"2011-02-04T04:00:00+00:00","author":{"@id":"https:\/\/www.pmpf.rs.gov.br\/turismo\/#\/schema\/person\/0c355b0fa68a7aa986c8594f7a60a2d7"},"breadcrumb":{"@id":"https:\/\/www.pmpf.rs.gov.br\/turismo\/2011\/02\/04\/shows-agitam-as-noites-do-xv-rodeio-de-passo-fundo-544\/#breadcrumb"},"inLanguage":"pt-BR","potentialAction":[{"@type":"ReadAction","target":["https:\/\/www.pmpf.rs.gov.br\/turismo\/2011\/02\/04\/shows-agitam-as-noites-do-xv-rodeio-de-passo-fundo-544\/"]}]},{"@type":"ImageObject","inLanguage":"pt-BR","@id":"https:\/\/www.pmpf.rs.gov.br\/turismo\/2011\/02\/04\/shows-agitam-as-noites-do-xv-rodeio-de-passo-fundo-544\/#primaryimage","url":"https:\/\/www.pmpf.rs.gov.br\/turismo\/wp-content\/uploads\/sites\/51\/2021\/12\/I2013-05-07_062650_c7762.jpg","contentUrl":"https:\/\/www.pmpf.rs.gov.br\/turismo\/wp-content\/uploads\/sites\/51\/2021\/12\/I2013-05-07_062650_c7762.jpg","width":640,"height":427},{"@type":"BreadcrumbList","@id":"https:\/\/www.pmpf.rs.gov.br\/turismo\/2011\/02\/04\/shows-agitam-as-noites-do-xv-rodeio-de-passo-fundo-544\/#breadcrumb","itemListElement":[{"@type":"ListItem","position":1,"name":"In\u00edcio","item":"https:\/\/www.pmpf.rs.gov.br\/turismo\/"},{"@type":"ListItem","position":2,"name":"Shows agitam as noites do XV Rodeio de Passo Fundo"}]},{"@type":"WebSite","@id":"https:\/\/www.pmpf.rs.gov.br\/turismo\/#website","url":"https:\/\/www.pmpf.rs.gov.br\/turismo\/","name":"Turismo","description":"Descubra Passo Fundo","potentialAction":[{"@type":"SearchAction","target":{"@type":"EntryPoint","urlTemplate":"https:\/\/www.pmpf.rs.gov.br\/turismo\/?s={search_term_string}"},"query-input":{"@type":"PropertyValueSpecification","valueRequired":true,"valueName":"search_term_string"}}],"inLanguage":"pt-BR"},{"@type":"Person","@id":"https:\/\/www.pmpf.rs.gov.br\/turismo\/#\/schema\/person\/0c355b0fa68a7aa986c8594f7a60a2d7","name":"mosite","image":{"@type":"ImageObject","inLanguage":"pt-BR","@id":"https:\/\/www.pmpf.rs.gov.br\/turismo\/#\/schema\/person\/image\/","url":"https:\/\/secure.gravatar.com\/avatar\/63d72595d6cecfe12bd8a94829d5a26c?s=96&d=mm&r=g","contentUrl":"https:\/\/secure.gravatar.com\/avatar\/63d72595d6cecfe12bd8a94829d5a26c?s=96&d=mm&r=g","caption":"mosite"},"sameAs":["http:\/\/example.com"],"url":"https:\/\/www.pmpf.rs.gov.br\/turismo\/author\/mosite\/"}]}},"_links":{"self":[{"href":"https:\/\/www.pmpf.rs.gov.br\/turismo\/wp-json\/wp\/v2\/posts\/240"}],"collection":[{"href":"https:\/\/www.pmpf.rs.gov.br\/turismo\/wp-json\/wp\/v2\/posts"}],"about":[{"href":"https:\/\/www.pmpf.rs.gov.br\/turismo\/wp-json\/wp\/v2\/types\/post"}],"author":[{"embeddable":true,"href":"https:\/\/www.pmpf.rs.gov.br\/turismo\/wp-json\/wp\/v2\/users\/1"}],"replies":[{"embeddable":true,"href":"https:\/\/www.pmpf.rs.gov.br\/turismo\/wp-json\/wp\/v2\/comments?post=240"}],"version-history":[{"count":0,"href":"https:\/\/www.pmpf.rs.gov.br\/turismo\/wp-json\/wp\/v2\/posts\/240\/revisions"}],"wp:featuredmedia":[{"embeddable":true,"href":"https:\/\/www.pmpf.rs.gov.br\/turismo\/wp-json\/wp\/v2\/media\/241"}],"wp:attachment":[{"href":"https:\/\/www.pmpf.rs.gov.br\/turismo\/wp-json\/wp\/v2\/media?parent=240"}],"wp:term":[{"taxonomy":"category","embeddable":true,"href":"https:\/\/www.pmpf.rs.gov.br\/turismo\/wp-json\/wp\/v2\/categories?post=240"},{"taxonomy":"post_tag","embeddable":true,"href":"https:\/\/www.pmpf.rs.gov.br\/turismo\/wp-json\/wp\/v2\/tags?post=240"}],"curies":[{"name":"wp","href":"https:\/\/api.w.org\/{rel}","templated":true}]}}