{"id":239,"date":"2011-02-08T02:00:00","date_gmt":"2011-02-08T04:00:00","guid":{"rendered":"https:\/\/www.pmpf.rs.gov.br\/turismo\/2011\/02\/08\/show-de-touros-divertira-o-publico-do-rodeio-neste-final-de-semana-540\/"},"modified":"2011-02-08T02:00:00","modified_gmt":"2011-02-08T04:00:00","slug":"show-de-touros-divertira-o-publico-do-rodeio-neste-final-de-semana-540","status":"publish","type":"post","link":"https:\/\/www.pmpf.rs.gov.br\/turismo\/2011\/02\/08\/show-de-touros-divertira-o-publico-do-rodeio-neste-final-de-semana-540\/","title":{"rendered":"Show de Touros divertir\u00e1 o p\u00fablico do Rodeio neste final de semana"},"content":{"rendered":"<p align=\"justify\">O in\u00edcio das noites desta quinta, sexta e s\u00e1bado prometem ser diferentes na pista de tiro de la\u00e7o do XV Rodeio Internacional de Passo Fundo. Al\u00e9m de in\u00fameras provas campeiras que est\u00e3o sendo disputadas, a organiza\u00e7\u00e3o do evento espera grande p\u00fablico para um Show de Touros que ser\u00e1 montado na arena.<br \/>Com mais de trinta anos de experi\u00eancia com esse tipo de apresenta\u00e7\u00e3o, a Equipe de Touradas Airton Vargas, vem mais uma vez a Passo Fundo. Segundo o propriet\u00e1rio e diretor do espet\u00e1culo, o toureiro Airton Vargas, tr\u00eas profissionais entram na arena, dentre eles um palha\u00e7o, mas que no decorrer do show, que dura em m\u00e9dia 45 min, pe\u00f5es corajosos que integram a plat\u00e9ia podem sentir a adrenalina participando da tourada dentro na arena.<br \/>Ele explicou que a intera\u00e7\u00e3o com o p\u00fablico acontece em dois momentos, um deles, chamado a \u201cMesa da Amargura\u201d, quatro espectadores s\u00e3o convidados \u00e0 se acomodarem em uma mesa dentro da pista, momento que um touro estar\u00e1 fazendo companhia \u00e0 eles. Vargas disse que para preservar a integridade f\u00edsica dos participantes, garantindo somente divers\u00e3o ao p\u00fablico, o touro \u00e9 mocho, ou seja, sem chifres.<br \/>Outro momento para os corajosos ser\u00e1 o \u201cTonel em Apuro\u201d, em que o toureiro da plat\u00e9ia entra em um tonel, e com a ajuda do palha\u00e7o, chama a aten\u00e7\u00e3o do touro para que ele venha ao seu encontro. Nesse momento, ele rapidamente deve se abaixar e ag\u00fcentar o impacto do bicho, que vai fazer o tonel rolar dentro da arena. \u201cS\u00e3o v\u00e1rias as cabe\u00e7adas do touro no tonel\u201d, contou Vargas, garantindo que para participar desta parte do show n\u00e3o basta querer. Ele explicou que s\u00e3o escolhidos somente ga\u00fachos acostumados com as lidas campeiras, diferentemente da Mesa da Amargura, em que os leigos nessas atividades podem participar.<br \/>Quinta e sexta o Show de Touros ser\u00e1 realizado \u00e0s 21 horas e no s\u00e1bado \u00e0s 20 horas. Noites que tamb\u00e9m ser\u00e3o movimentadas no palco principal do evento a partir das 23 horas, com shows de Buenas e M\u2019espalho, Joca Martins e Osvaldir e Carlos Magr\u00e3o, respectivamente.<\/p>\n","protected":false},"excerpt":{"rendered":"<p>Show de Touros divertir\u00e1 o p\u00fablico do Rodeio neste final de semana<\/p>\n","protected":false},"author":1,"featured_media":0,"comment_status":"open","ping_status":"open","sticky":false,"template":"","format":"standard","meta":{"footnotes":""},"categories":[],"tags":[],"class_list":["post-239","post","type-post","status-publish","format-standard","hentry"],"yoast_head":"<!-- This site is optimized with the Yoast SEO plugin v23.8 - https:\/\/yoast.com\/wordpress\/plugins\/seo\/ -->\n<title>Show de Touros divertir\u00e1 o p\u00fablico do Rodeio neste final de semana - Turismo<\/title>\n<meta name=\"robots\" content=\"index, follow, max-snippet:-1, max-image-preview:large, max-video-preview:-1\" \/>\n<link rel=\"canonical\" href=\"https:\/\/www.pmpf.rs.gov.br\/turismo\/2011\/02\/08\/show-de-touros-divertira-o-publico-do-rodeio-neste-final-de-semana-540\/\" \/>\n<meta property=\"og:locale\" content=\"pt_BR\" \/>\n<meta property=\"og:type\" content=\"article\" \/>\n<meta property=\"og:title\" content=\"Show de Touros divertir\u00e1 o p\u00fablico do Rodeio neste final de semana - Turismo\" \/>\n<meta property=\"og:description\" content=\"Show de Touros divertir\u00e1 o p\u00fablico do Rodeio neste final de semana\" \/>\n<meta property=\"og:url\" content=\"https:\/\/www.pmpf.rs.gov.br\/turismo\/2011\/02\/08\/show-de-touros-divertira-o-publico-do-rodeio-neste-final-de-semana-540\/\" \/>\n<meta property=\"og:site_name\" content=\"Turismo\" \/>\n<meta property=\"article:published_time\" content=\"2011-02-08T04:00:00+00:00\" \/>\n<meta name=\"author\" content=\"mosite\" \/>\n<meta name=\"twitter:card\" content=\"summary_large_image\" \/>\n<meta name=\"twitter:label1\" content=\"Escrito por\" \/>\n\t<meta name=\"twitter:data1\" content=\"mosite\" \/>\n\t<meta name=\"twitter:label2\" content=\"Est. tempo de leitura\" \/>\n\t<meta name=\"twitter:data2\" content=\"2 minutos\" \/>\n<script type=\"application\/ld+json\" class=\"yoast-schema-graph\">{\"@context\":\"https:\/\/schema.org\",\"@graph\":[{\"@type\":\"WebPage\",\"@id\":\"https:\/\/www.pmpf.rs.gov.br\/turismo\/2011\/02\/08\/show-de-touros-divertira-o-publico-do-rodeio-neste-final-de-semana-540\/\",\"url\":\"https:\/\/www.pmpf.rs.gov.br\/turismo\/2011\/02\/08\/show-de-touros-divertira-o-publico-do-rodeio-neste-final-de-semana-540\/\",\"name\":\"Show de Touros divertir\u00e1 o p\u00fablico do Rodeio neste final de semana - Turismo\",\"isPartOf\":{\"@id\":\"https:\/\/www.pmpf.rs.gov.br\/turismo\/#website\"},\"datePublished\":\"2011-02-08T04:00:00+00:00\",\"dateModified\":\"2011-02-08T04:00:00+00:00\",\"author\":{\"@id\":\"https:\/\/www.pmpf.rs.gov.br\/turismo\/#\/schema\/person\/0c355b0fa68a7aa986c8594f7a60a2d7\"},\"breadcrumb\":{\"@id\":\"https:\/\/www.pmpf.rs.gov.br\/turismo\/2011\/02\/08\/show-de-touros-divertira-o-publico-do-rodeio-neste-final-de-semana-540\/#breadcrumb\"},\"inLanguage\":\"pt-BR\",\"potentialAction\":[{\"@type\":\"ReadAction\",\"target\":[\"https:\/\/www.pmpf.rs.gov.br\/turismo\/2011\/02\/08\/show-de-touros-divertira-o-publico-do-rodeio-neste-final-de-semana-540\/\"]}]},{\"@type\":\"BreadcrumbList\",\"@id\":\"https:\/\/www.pmpf.rs.gov.br\/turismo\/2011\/02\/08\/show-de-touros-divertira-o-publico-do-rodeio-neste-final-de-semana-540\/#breadcrumb\",\"itemListElement\":[{\"@type\":\"ListItem\",\"position\":1,\"name\":\"In\u00edcio\",\"item\":\"https:\/\/www.pmpf.rs.gov.br\/turismo\/\"},{\"@type\":\"ListItem\",\"position\":2,\"name\":\"Show de Touros divertir\u00e1 o p\u00fablico do Rodeio neste final de semana\"}]},{\"@type\":\"WebSite\",\"@id\":\"https:\/\/www.pmpf.rs.gov.br\/turismo\/#website\",\"url\":\"https:\/\/www.pmpf.rs.gov.br\/turismo\/\",\"name\":\"Turismo\",\"description\":\"Descubra Passo Fundo\",\"potentialAction\":[{\"@type\":\"SearchAction\",\"target\":{\"@type\":\"EntryPoint\",\"urlTemplate\":\"https:\/\/www.pmpf.rs.gov.br\/turismo\/?s={search_term_string}\"},\"query-input\":{\"@type\":\"PropertyValueSpecification\",\"valueRequired\":true,\"valueName\":\"search_term_string\"}}],\"inLanguage\":\"pt-BR\"},{\"@type\":\"Person\",\"@id\":\"https:\/\/www.pmpf.rs.gov.br\/turismo\/#\/schema\/person\/0c355b0fa68a7aa986c8594f7a60a2d7\",\"name\":\"mosite\",\"image\":{\"@type\":\"ImageObject\",\"inLanguage\":\"pt-BR\",\"@id\":\"https:\/\/www.pmpf.rs.gov.br\/turismo\/#\/schema\/person\/image\/\",\"url\":\"https:\/\/secure.gravatar.com\/avatar\/63d72595d6cecfe12bd8a94829d5a26c?s=96&d=mm&r=g\",\"contentUrl\":\"https:\/\/secure.gravatar.com\/avatar\/63d72595d6cecfe12bd8a94829d5a26c?s=96&d=mm&r=g\",\"caption\":\"mosite\"},\"sameAs\":[\"http:\/\/example.com\"],\"url\":\"https:\/\/www.pmpf.rs.gov.br\/turismo\/author\/mosite\/\"}]}<\/script>\n<!-- \/ Yoast SEO plugin. -->","yoast_head_json":{"title":"Show de Touros divertir\u00e1 o p\u00fablico do Rodeio neste final de semana - Turismo","robots":{"index":"index","follow":"follow","max-snippet":"max-snippet:-1","max-image-preview":"max-image-preview:large","max-video-preview":"max-video-preview:-1"},"canonical":"https:\/\/www.pmpf.rs.gov.br\/turismo\/2011\/02\/08\/show-de-touros-divertira-o-publico-do-rodeio-neste-final-de-semana-540\/","og_locale":"pt_BR","og_type":"article","og_title":"Show de Touros divertir\u00e1 o p\u00fablico do Rodeio neste final de semana - Turismo","og_description":"Show de Touros divertir\u00e1 o p\u00fablico do Rodeio neste final de semana","og_url":"https:\/\/www.pmpf.rs.gov.br\/turismo\/2011\/02\/08\/show-de-touros-divertira-o-publico-do-rodeio-neste-final-de-semana-540\/","og_site_name":"Turismo","article_published_time":"2011-02-08T04:00:00+00:00","author":"mosite","twitter_card":"summary_large_image","twitter_misc":{"Escrito por":"mosite","Est. tempo de leitura":"2 minutos"},"schema":{"@context":"https:\/\/schema.org","@graph":[{"@type":"WebPage","@id":"https:\/\/www.pmpf.rs.gov.br\/turismo\/2011\/02\/08\/show-de-touros-divertira-o-publico-do-rodeio-neste-final-de-semana-540\/","url":"https:\/\/www.pmpf.rs.gov.br\/turismo\/2011\/02\/08\/show-de-touros-divertira-o-publico-do-rodeio-neste-final-de-semana-540\/","name":"Show de Touros divertir\u00e1 o p\u00fablico do Rodeio neste final de semana - Turismo","isPartOf":{"@id":"https:\/\/www.pmpf.rs.gov.br\/turismo\/#website"},"datePublished":"2011-02-08T04:00:00+00:00","dateModified":"2011-02-08T04:00:00+00:00","author":{"@id":"https:\/\/www.pmpf.rs.gov.br\/turismo\/#\/schema\/person\/0c355b0fa68a7aa986c8594f7a60a2d7"},"breadcrumb":{"@id":"https:\/\/www.pmpf.rs.gov.br\/turismo\/2011\/02\/08\/show-de-touros-divertira-o-publico-do-rodeio-neste-final-de-semana-540\/#breadcrumb"},"inLanguage":"pt-BR","potentialAction":[{"@type":"ReadAction","target":["https:\/\/www.pmpf.rs.gov.br\/turismo\/2011\/02\/08\/show-de-touros-divertira-o-publico-do-rodeio-neste-final-de-semana-540\/"]}]},{"@type":"BreadcrumbList","@id":"https:\/\/www.pmpf.rs.gov.br\/turismo\/2011\/02\/08\/show-de-touros-divertira-o-publico-do-rodeio-neste-final-de-semana-540\/#breadcrumb","itemListElement":[{"@type":"ListItem","position":1,"name":"In\u00edcio","item":"https:\/\/www.pmpf.rs.gov.br\/turismo\/"},{"@type":"ListItem","position":2,"name":"Show de Touros divertir\u00e1 o p\u00fablico do Rodeio neste final de semana"}]},{"@type":"WebSite","@id":"https:\/\/www.pmpf.rs.gov.br\/turismo\/#website","url":"https:\/\/www.pmpf.rs.gov.br\/turismo\/","name":"Turismo","description":"Descubra Passo Fundo","potentialAction":[{"@type":"SearchAction","target":{"@type":"EntryPoint","urlTemplate":"https:\/\/www.pmpf.rs.gov.br\/turismo\/?s={search_term_string}"},"query-input":{"@type":"PropertyValueSpecification","valueRequired":true,"valueName":"search_term_string"}}],"inLanguage":"pt-BR"},{"@type":"Person","@id":"https:\/\/www.pmpf.rs.gov.br\/turismo\/#\/schema\/person\/0c355b0fa68a7aa986c8594f7a60a2d7","name":"mosite","image":{"@type":"ImageObject","inLanguage":"pt-BR","@id":"https:\/\/www.pmpf.rs.gov.br\/turismo\/#\/schema\/person\/image\/","url":"https:\/\/secure.gravatar.com\/avatar\/63d72595d6cecfe12bd8a94829d5a26c?s=96&d=mm&r=g","contentUrl":"https:\/\/secure.gravatar.com\/avatar\/63d72595d6cecfe12bd8a94829d5a26c?s=96&d=mm&r=g","caption":"mosite"},"sameAs":["http:\/\/example.com"],"url":"https:\/\/www.pmpf.rs.gov.br\/turismo\/author\/mosite\/"}]}},"_links":{"self":[{"href":"https:\/\/www.pmpf.rs.gov.br\/turismo\/wp-json\/wp\/v2\/posts\/239"}],"collection":[{"href":"https:\/\/www.pmpf.rs.gov.br\/turismo\/wp-json\/wp\/v2\/posts"}],"about":[{"href":"https:\/\/www.pmpf.rs.gov.br\/turismo\/wp-json\/wp\/v2\/types\/post"}],"author":[{"embeddable":true,"href":"https:\/\/www.pmpf.rs.gov.br\/turismo\/wp-json\/wp\/v2\/users\/1"}],"replies":[{"embeddable":true,"href":"https:\/\/www.pmpf.rs.gov.br\/turismo\/wp-json\/wp\/v2\/comments?post=239"}],"version-history":[{"count":0,"href":"https:\/\/www.pmpf.rs.gov.br\/turismo\/wp-json\/wp\/v2\/posts\/239\/revisions"}],"wp:attachment":[{"href":"https:\/\/www.pmpf.rs.gov.br\/turismo\/wp-json\/wp\/v2\/media?parent=239"}],"wp:term":[{"taxonomy":"category","embeddable":true,"href":"https:\/\/www.pmpf.rs.gov.br\/turismo\/wp-json\/wp\/v2\/categories?post=239"},{"taxonomy":"post_tag","embeddable":true,"href":"https:\/\/www.pmpf.rs.gov.br\/turismo\/wp-json\/wp\/v2\/tags?post=239"}],"curies":[{"name":"wp","href":"https:\/\/api.w.org\/{rel}","templated":true}]}}