{"id":234,"date":"2011-08-11T03:00:00","date_gmt":"2011-08-11T06:00:00","guid":{"rendered":"https:\/\/www.pmpf.rs.gov.br\/turismo\/2011\/08\/11\/tropeiros-de-passo-fundo-percorrerao-156-km-648\/"},"modified":"2011-08-11T03:00:00","modified_gmt":"2011-08-11T06:00:00","slug":"tropeiros-de-passo-fundo-percorrerao-156-km-648","status":"publish","type":"post","link":"https:\/\/www.pmpf.rs.gov.br\/turismo\/2011\/08\/11\/tropeiros-de-passo-fundo-percorrerao-156-km-648\/","title":{"rendered":"Tropeiros de Passo Fundo percorrer\u00e3o 156 Km"},"content":{"rendered":"<p><\/p>\n<div style=\"text-align: justify;\">\n<p>O grupo tradicionalista Tropeiros de Passo Fundo, partiu na manh\u00e3 de hoje, rumo a Cruz Alta. Acompanha os 12 cavaleiros um caminh\u00e3o cozinha e uma camionete batedor que comporta toda a infraestrutura necess\u00e1ria para o bom desempenho do evento.<br \/>Os cavaleiros\u00a0 percorrer\u00e3o 156 quil\u00f4metros, devendo chegar em Cruz Alta no domingo, por volta das 10h30min, quando ser\u00e3o recebidos pelo prefeitoVilson Roberto Bastos dos Santos (PT).<br \/>Sob o comando do cavaleiro Nelson Pavim Filho, o grupo far\u00e1 a entrega em Cruz Alta de uma placa comemorativa aos 154 anos de emancipa\u00e7\u00e3o politico administrativa de Passo Fundo ao munic\u00edpio do qual se emancipou em 18 de janeiro de 1857.<br \/>Antes da partida uma solenidade marcou o descerramento da placa alusiva, que homenageia os 154 anos do munic\u00edpio\u00a0 e os 190 anos do munic\u00edpio m\u00e3e.<br \/>O vice-Prefeito Rene Cecconello prestou homenagem aos cavaleiros, destacando que ideias e atitudes promovem mudan\u00e7a. O Poder Executivo, disse, presta total apoio ao grupo e comprometeu-se a estar em Cruz Alta no domingo quando ser\u00e1 feita a entrega da placa comemorativa. Tamb\u00e9m o diretor da Funzoctur Ant\u00f4nio Augusto Reivelleau cumprimentou os cavaleiros pelo importante desafio que ora iniciaram. Gilda Galeazzi, coordenadora da 7\u00aa Regi\u00e3o Tradicionalista, passou as m\u00e3os do coordenador da cavalgada, Nelson Pavim Filho uma r\u00e9plica da bandeira do MTG que ser\u00e1 empunhada em todo o trajeto. Destacou que S\u00e3o Pedro \u00e9 ga\u00facho e que o Rio Grande prossegue sua trajet\u00f3ria sob patas de cavalos.<br \/>Logo ap\u00f3s os pronunciamentos o padre Vilson Lil da par\u00f3quia S\u00e3o Crist\u00f3v\u00e3o aben\u00e7oou o grupo.<br \/>Os Tropeiros de Passo Fundo, formam um grupo independe. N\u00e3o pertencem ao MTG, nem possuem estatuto. Esta \u00e9 a primeira cavalgada do grupo coordenado por Nelson Pavim Filho. <br \/>Tr\u00eas gera\u00e7\u00f5es de Pavim integram a caminhada, o pai, o filho e o neto de apenas 11 anos.\u00a0<\/div>\n","protected":false},"excerpt":{"rendered":"<p>O grupo tradicionalista Tropeiros de Passo Fundo, partiu na manh\u00e3 de hoje, rumo a Cruz Alta. O grupo far\u00e1 a entrega de uma placa comemorativa aos 154 anos de Passo Fundo.<\/p>\n","protected":false},"author":1,"featured_media":235,"comment_status":"open","ping_status":"open","sticky":false,"template":"","format":"standard","meta":{"footnotes":""},"categories":[],"tags":[],"class_list":["post-234","post","type-post","status-publish","format-standard","has-post-thumbnail","hentry"],"yoast_head":"<!-- This site is optimized with the Yoast SEO plugin v23.8 - https:\/\/yoast.com\/wordpress\/plugins\/seo\/ -->\n<title>Tropeiros de Passo Fundo percorrer\u00e3o 156 Km - Turismo<\/title>\n<meta name=\"robots\" content=\"index, follow, max-snippet:-1, max-image-preview:large, max-video-preview:-1\" \/>\n<link rel=\"canonical\" href=\"https:\/\/www.pmpf.rs.gov.br\/turismo\/2011\/08\/11\/tropeiros-de-passo-fundo-percorrerao-156-km-648\/\" \/>\n<meta property=\"og:locale\" content=\"pt_BR\" \/>\n<meta property=\"og:type\" content=\"article\" \/>\n<meta property=\"og:title\" content=\"Tropeiros de Passo Fundo percorrer\u00e3o 156 Km - Turismo\" \/>\n<meta property=\"og:description\" content=\"O grupo tradicionalista Tropeiros de Passo Fundo, partiu na manh\u00e3 de hoje, rumo a Cruz Alta. O grupo far\u00e1 a entrega de uma placa comemorativa aos 154 anos de Passo Fundo.\" \/>\n<meta property=\"og:url\" content=\"https:\/\/www.pmpf.rs.gov.br\/turismo\/2011\/08\/11\/tropeiros-de-passo-fundo-percorrerao-156-km-648\/\" \/>\n<meta property=\"og:site_name\" content=\"Turismo\" \/>\n<meta property=\"article:published_time\" content=\"2011-08-11T06:00:00+00:00\" \/>\n<meta property=\"og:image\" content=\"https:\/\/www.pmpf.rs.gov.br\/turismo\/wp-content\/uploads\/sites\/51\/2021\/12\/I2013-05-07_062651_c8210.jpg\" \/>\n\t<meta property=\"og:image:width\" content=\"640\" \/>\n\t<meta property=\"og:image:height\" content=\"480\" \/>\n\t<meta property=\"og:image:type\" content=\"image\/jpeg\" \/>\n<meta name=\"author\" content=\"mosite\" \/>\n<meta name=\"twitter:card\" content=\"summary_large_image\" \/>\n<meta name=\"twitter:label1\" content=\"Escrito por\" \/>\n\t<meta name=\"twitter:data1\" content=\"mosite\" \/>\n\t<meta name=\"twitter:label2\" content=\"Est. tempo de leitura\" \/>\n\t<meta name=\"twitter:data2\" content=\"2 minutos\" \/>\n<script type=\"application\/ld+json\" class=\"yoast-schema-graph\">{\"@context\":\"https:\/\/schema.org\",\"@graph\":[{\"@type\":\"WebPage\",\"@id\":\"https:\/\/www.pmpf.rs.gov.br\/turismo\/2011\/08\/11\/tropeiros-de-passo-fundo-percorrerao-156-km-648\/\",\"url\":\"https:\/\/www.pmpf.rs.gov.br\/turismo\/2011\/08\/11\/tropeiros-de-passo-fundo-percorrerao-156-km-648\/\",\"name\":\"Tropeiros de Passo Fundo percorrer\u00e3o 156 Km - Turismo\",\"isPartOf\":{\"@id\":\"https:\/\/www.pmpf.rs.gov.br\/turismo\/#website\"},\"primaryImageOfPage\":{\"@id\":\"https:\/\/www.pmpf.rs.gov.br\/turismo\/2011\/08\/11\/tropeiros-de-passo-fundo-percorrerao-156-km-648\/#primaryimage\"},\"image\":{\"@id\":\"https:\/\/www.pmpf.rs.gov.br\/turismo\/2011\/08\/11\/tropeiros-de-passo-fundo-percorrerao-156-km-648\/#primaryimage\"},\"thumbnailUrl\":\"https:\/\/www.pmpf.rs.gov.br\/turismo\/wp-content\/uploads\/sites\/51\/2021\/12\/I2013-05-07_062651_c8210.jpg\",\"datePublished\":\"2011-08-11T06:00:00+00:00\",\"dateModified\":\"2011-08-11T06:00:00+00:00\",\"author\":{\"@id\":\"https:\/\/www.pmpf.rs.gov.br\/turismo\/#\/schema\/person\/0c355b0fa68a7aa986c8594f7a60a2d7\"},\"breadcrumb\":{\"@id\":\"https:\/\/www.pmpf.rs.gov.br\/turismo\/2011\/08\/11\/tropeiros-de-passo-fundo-percorrerao-156-km-648\/#breadcrumb\"},\"inLanguage\":\"pt-BR\",\"potentialAction\":[{\"@type\":\"ReadAction\",\"target\":[\"https:\/\/www.pmpf.rs.gov.br\/turismo\/2011\/08\/11\/tropeiros-de-passo-fundo-percorrerao-156-km-648\/\"]}]},{\"@type\":\"ImageObject\",\"inLanguage\":\"pt-BR\",\"@id\":\"https:\/\/www.pmpf.rs.gov.br\/turismo\/2011\/08\/11\/tropeiros-de-passo-fundo-percorrerao-156-km-648\/#primaryimage\",\"url\":\"https:\/\/www.pmpf.rs.gov.br\/turismo\/wp-content\/uploads\/sites\/51\/2021\/12\/I2013-05-07_062651_c8210.jpg\",\"contentUrl\":\"https:\/\/www.pmpf.rs.gov.br\/turismo\/wp-content\/uploads\/sites\/51\/2021\/12\/I2013-05-07_062651_c8210.jpg\",\"width\":640,\"height\":480},{\"@type\":\"BreadcrumbList\",\"@id\":\"https:\/\/www.pmpf.rs.gov.br\/turismo\/2011\/08\/11\/tropeiros-de-passo-fundo-percorrerao-156-km-648\/#breadcrumb\",\"itemListElement\":[{\"@type\":\"ListItem\",\"position\":1,\"name\":\"In\u00edcio\",\"item\":\"https:\/\/www.pmpf.rs.gov.br\/turismo\/\"},{\"@type\":\"ListItem\",\"position\":2,\"name\":\"Tropeiros de Passo Fundo percorrer\u00e3o 156 Km\"}]},{\"@type\":\"WebSite\",\"@id\":\"https:\/\/www.pmpf.rs.gov.br\/turismo\/#website\",\"url\":\"https:\/\/www.pmpf.rs.gov.br\/turismo\/\",\"name\":\"Turismo\",\"description\":\"Descubra Passo Fundo\",\"potentialAction\":[{\"@type\":\"SearchAction\",\"target\":{\"@type\":\"EntryPoint\",\"urlTemplate\":\"https:\/\/www.pmpf.rs.gov.br\/turismo\/?s={search_term_string}\"},\"query-input\":{\"@type\":\"PropertyValueSpecification\",\"valueRequired\":true,\"valueName\":\"search_term_string\"}}],\"inLanguage\":\"pt-BR\"},{\"@type\":\"Person\",\"@id\":\"https:\/\/www.pmpf.rs.gov.br\/turismo\/#\/schema\/person\/0c355b0fa68a7aa986c8594f7a60a2d7\",\"name\":\"mosite\",\"image\":{\"@type\":\"ImageObject\",\"inLanguage\":\"pt-BR\",\"@id\":\"https:\/\/www.pmpf.rs.gov.br\/turismo\/#\/schema\/person\/image\/\",\"url\":\"https:\/\/secure.gravatar.com\/avatar\/63d72595d6cecfe12bd8a94829d5a26c?s=96&d=mm&r=g\",\"contentUrl\":\"https:\/\/secure.gravatar.com\/avatar\/63d72595d6cecfe12bd8a94829d5a26c?s=96&d=mm&r=g\",\"caption\":\"mosite\"},\"sameAs\":[\"http:\/\/example.com\"],\"url\":\"https:\/\/www.pmpf.rs.gov.br\/turismo\/author\/mosite\/\"}]}<\/script>\n<!-- \/ Yoast SEO plugin. -->","yoast_head_json":{"title":"Tropeiros de Passo Fundo percorrer\u00e3o 156 Km - Turismo","robots":{"index":"index","follow":"follow","max-snippet":"max-snippet:-1","max-image-preview":"max-image-preview:large","max-video-preview":"max-video-preview:-1"},"canonical":"https:\/\/www.pmpf.rs.gov.br\/turismo\/2011\/08\/11\/tropeiros-de-passo-fundo-percorrerao-156-km-648\/","og_locale":"pt_BR","og_type":"article","og_title":"Tropeiros de Passo Fundo percorrer\u00e3o 156 Km - Turismo","og_description":"O grupo tradicionalista Tropeiros de Passo Fundo, partiu na manh\u00e3 de hoje, rumo a Cruz Alta. O grupo far\u00e1 a entrega de uma placa comemorativa aos 154 anos de Passo Fundo.","og_url":"https:\/\/www.pmpf.rs.gov.br\/turismo\/2011\/08\/11\/tropeiros-de-passo-fundo-percorrerao-156-km-648\/","og_site_name":"Turismo","article_published_time":"2011-08-11T06:00:00+00:00","og_image":[{"width":640,"height":480,"url":"https:\/\/www.pmpf.rs.gov.br\/turismo\/wp-content\/uploads\/sites\/51\/2021\/12\/I2013-05-07_062651_c8210.jpg","type":"image\/jpeg"}],"author":"mosite","twitter_card":"summary_large_image","twitter_misc":{"Escrito por":"mosite","Est. tempo de leitura":"2 minutos"},"schema":{"@context":"https:\/\/schema.org","@graph":[{"@type":"WebPage","@id":"https:\/\/www.pmpf.rs.gov.br\/turismo\/2011\/08\/11\/tropeiros-de-passo-fundo-percorrerao-156-km-648\/","url":"https:\/\/www.pmpf.rs.gov.br\/turismo\/2011\/08\/11\/tropeiros-de-passo-fundo-percorrerao-156-km-648\/","name":"Tropeiros de Passo Fundo percorrer\u00e3o 156 Km - Turismo","isPartOf":{"@id":"https:\/\/www.pmpf.rs.gov.br\/turismo\/#website"},"primaryImageOfPage":{"@id":"https:\/\/www.pmpf.rs.gov.br\/turismo\/2011\/08\/11\/tropeiros-de-passo-fundo-percorrerao-156-km-648\/#primaryimage"},"image":{"@id":"https:\/\/www.pmpf.rs.gov.br\/turismo\/2011\/08\/11\/tropeiros-de-passo-fundo-percorrerao-156-km-648\/#primaryimage"},"thumbnailUrl":"https:\/\/www.pmpf.rs.gov.br\/turismo\/wp-content\/uploads\/sites\/51\/2021\/12\/I2013-05-07_062651_c8210.jpg","datePublished":"2011-08-11T06:00:00+00:00","dateModified":"2011-08-11T06:00:00+00:00","author":{"@id":"https:\/\/www.pmpf.rs.gov.br\/turismo\/#\/schema\/person\/0c355b0fa68a7aa986c8594f7a60a2d7"},"breadcrumb":{"@id":"https:\/\/www.pmpf.rs.gov.br\/turismo\/2011\/08\/11\/tropeiros-de-passo-fundo-percorrerao-156-km-648\/#breadcrumb"},"inLanguage":"pt-BR","potentialAction":[{"@type":"ReadAction","target":["https:\/\/www.pmpf.rs.gov.br\/turismo\/2011\/08\/11\/tropeiros-de-passo-fundo-percorrerao-156-km-648\/"]}]},{"@type":"ImageObject","inLanguage":"pt-BR","@id":"https:\/\/www.pmpf.rs.gov.br\/turismo\/2011\/08\/11\/tropeiros-de-passo-fundo-percorrerao-156-km-648\/#primaryimage","url":"https:\/\/www.pmpf.rs.gov.br\/turismo\/wp-content\/uploads\/sites\/51\/2021\/12\/I2013-05-07_062651_c8210.jpg","contentUrl":"https:\/\/www.pmpf.rs.gov.br\/turismo\/wp-content\/uploads\/sites\/51\/2021\/12\/I2013-05-07_062651_c8210.jpg","width":640,"height":480},{"@type":"BreadcrumbList","@id":"https:\/\/www.pmpf.rs.gov.br\/turismo\/2011\/08\/11\/tropeiros-de-passo-fundo-percorrerao-156-km-648\/#breadcrumb","itemListElement":[{"@type":"ListItem","position":1,"name":"In\u00edcio","item":"https:\/\/www.pmpf.rs.gov.br\/turismo\/"},{"@type":"ListItem","position":2,"name":"Tropeiros de Passo Fundo percorrer\u00e3o 156 Km"}]},{"@type":"WebSite","@id":"https:\/\/www.pmpf.rs.gov.br\/turismo\/#website","url":"https:\/\/www.pmpf.rs.gov.br\/turismo\/","name":"Turismo","description":"Descubra Passo Fundo","potentialAction":[{"@type":"SearchAction","target":{"@type":"EntryPoint","urlTemplate":"https:\/\/www.pmpf.rs.gov.br\/turismo\/?s={search_term_string}"},"query-input":{"@type":"PropertyValueSpecification","valueRequired":true,"valueName":"search_term_string"}}],"inLanguage":"pt-BR"},{"@type":"Person","@id":"https:\/\/www.pmpf.rs.gov.br\/turismo\/#\/schema\/person\/0c355b0fa68a7aa986c8594f7a60a2d7","name":"mosite","image":{"@type":"ImageObject","inLanguage":"pt-BR","@id":"https:\/\/www.pmpf.rs.gov.br\/turismo\/#\/schema\/person\/image\/","url":"https:\/\/secure.gravatar.com\/avatar\/63d72595d6cecfe12bd8a94829d5a26c?s=96&d=mm&r=g","contentUrl":"https:\/\/secure.gravatar.com\/avatar\/63d72595d6cecfe12bd8a94829d5a26c?s=96&d=mm&r=g","caption":"mosite"},"sameAs":["http:\/\/example.com"],"url":"https:\/\/www.pmpf.rs.gov.br\/turismo\/author\/mosite\/"}]}},"_links":{"self":[{"href":"https:\/\/www.pmpf.rs.gov.br\/turismo\/wp-json\/wp\/v2\/posts\/234"}],"collection":[{"href":"https:\/\/www.pmpf.rs.gov.br\/turismo\/wp-json\/wp\/v2\/posts"}],"about":[{"href":"https:\/\/www.pmpf.rs.gov.br\/turismo\/wp-json\/wp\/v2\/types\/post"}],"author":[{"embeddable":true,"href":"https:\/\/www.pmpf.rs.gov.br\/turismo\/wp-json\/wp\/v2\/users\/1"}],"replies":[{"embeddable":true,"href":"https:\/\/www.pmpf.rs.gov.br\/turismo\/wp-json\/wp\/v2\/comments?post=234"}],"version-history":[{"count":0,"href":"https:\/\/www.pmpf.rs.gov.br\/turismo\/wp-json\/wp\/v2\/posts\/234\/revisions"}],"wp:featuredmedia":[{"embeddable":true,"href":"https:\/\/www.pmpf.rs.gov.br\/turismo\/wp-json\/wp\/v2\/media\/235"}],"wp:attachment":[{"href":"https:\/\/www.pmpf.rs.gov.br\/turismo\/wp-json\/wp\/v2\/media?parent=234"}],"wp:term":[{"taxonomy":"category","embeddable":true,"href":"https:\/\/www.pmpf.rs.gov.br\/turismo\/wp-json\/wp\/v2\/categories?post=234"},{"taxonomy":"post_tag","embeddable":true,"href":"https:\/\/www.pmpf.rs.gov.br\/turismo\/wp-json\/wp\/v2\/tags?post=234"}],"curies":[{"name":"wp","href":"https:\/\/api.w.org\/{rel}","templated":true}]}}