{"id":231,"date":"2011-01-07T02:00:00","date_gmt":"2011-01-07T04:00:00","guid":{"rendered":"https:\/\/www.pmpf.rs.gov.br\/turismo\/2011\/01\/07\/prefeito-dipp-acompanha-obras-para-xv-rodeio-de-passo-fundo-661\/"},"modified":"2011-01-07T02:00:00","modified_gmt":"2011-01-07T04:00:00","slug":"prefeito-dipp-acompanha-obras-para-xv-rodeio-de-passo-fundo-661","status":"publish","type":"post","link":"https:\/\/www.pmpf.rs.gov.br\/turismo\/2011\/01\/07\/prefeito-dipp-acompanha-obras-para-xv-rodeio-de-passo-fundo-661\/","title":{"rendered":"Prefeito Dipp acompanha obras para XV Rodeio de Passo Fundo"},"content":{"rendered":"<div style=\"text-align: justify; \">\n<p>O prefeito municipal de Passo Fundo, Airton L\u00e2ngaro Dipp, esteve nesta sexta-feira no Parque da Rosel\u00e2ndia para vistoriar as obras de infra-estrutura que est\u00e3o sendo realizadas\u00a0 para XV Rodeio Internacional de Passo Fundo, que acontece entre os dias 4 e 13 de fevereiro de 2011. Na oportunidade, ele esteve acompanhado pelo diretor-presidente da Funzoctur (Funda\u00e7\u00e3o Zoobot\u00e2nica, Cultural e de Turismo da Rosel\u00e2ndia), Ant\u00f4nio Augusto Reveillau, respons\u00e1vel pelas obras no Parque.<br \/>Dipp acompanhou o andamento da reforma que est\u00e1 acontecendo na \u00e1rea comercial do parque. Os quiosques j\u00e1 receberam novos po\u00e7os negros e mais 260m de canaliza\u00e7\u00e3o de \u00e1gua e esgoto. No palco principal, onde acontecer\u00e3o 27 shows, em dez dias de evento, Reveillau explicou ao prefeito como ser\u00e1 o novo tablado e como est\u00e3o sendo efetivados os reparos na sua cobertura. Reformas estas que tamb\u00e9m est\u00e3o sendo feitas no ambulat\u00f3rio do parque, com a troca do telhado e do forro. Os dois principais banheiros tamb\u00e9m est\u00e3o sendo remodelados.<br \/>Nessa empreitada, ainda sofrer\u00e3o altera\u00e7\u00f5es a secretaria geral do Parque da Rosel\u00e2ndia, localizada no p\u00f3rtico de entrada, e a depend\u00eancia da R\u00e1dio-Parque, junto ao espa\u00e7o em que o p\u00fablico assistir\u00e1 os shows.<br \/>Aproveitando o momento, Dipp destacou que as reformas n\u00e3o s\u00e3o somente para este Rodeio, mas sim para a comunidade utilizar durante o ano todo, pois o parque recebe em m\u00e9dia tr\u00eas mil pessoas em cada final de semana para realiza\u00e7\u00e3o de atividades campeiras e art\u00edsticas. Dipp e Reveillau, tamb\u00e9m foram at\u00e9 a arquibancada coberta localizada na pista de tiro de la\u00e7o, que foi entregue h\u00e1 cerca de um ano. \u201cEssa estrutura \u00e9 nota dez\u201d, disse o prefeito. <br \/>O XV Rodeio Internacional de Passo Fundo ser\u00e1 promovido pela Prefeitura Municipal e pela 7\u00aa Regi\u00e3o Tradicionalista, sendo realizado atrav\u00e9s da Funzoctur, juntamente com o grupo Cultural e Art\u00edstico Cavaleiros do Planalto M\u00e9dio, edi\u00e7\u00e3o que vai homenagear Teixeirinha, em fun\u00e7\u00e3o dos 25 anos de seu falecimento. O evento tamb\u00e9m ser\u00e1 o maior de todos os tempos, com um investimento em pr\u00eamios de R$ 129 mil.<\/div>\n<figure id=\"attachment_476\" aria-describedby=\"caption-attachment-476\" style=\"width: 360px\" class=\"wp-caption alignleft\"><img decoding=\"async\" class=\"wp-image-476 size-medium\" src=\"https:\/\/www.pmpf.rs.gov.br\/turismo\/wp-content\/uploads\/sites\/51\/2021\/12\/I2013-05-07_062652_c7700.jpg\" alt=\"Dipp e Reveillau vistoriaram obras do parque\" width=\"360\" \/><figcaption id=\"caption-attachment-476\" class=\"wp-caption-text\">Foto: HERMANO FAVERO<\/figcaption><\/figure>\n","protected":false},"excerpt":{"rendered":"<p>Prefeito Dipp acompanha obras para XV Rodeio de Passo Fundo<\/p>\n","protected":false},"author":1,"featured_media":233,"comment_status":"open","ping_status":"open","sticky":false,"template":"","format":"standard","meta":{"footnotes":""},"categories":[],"tags":[],"class_list":["post-231","post","type-post","status-publish","format-standard","has-post-thumbnail","hentry"],"yoast_head":"<!-- This site is optimized with the Yoast SEO plugin v23.8 - https:\/\/yoast.com\/wordpress\/plugins\/seo\/ -->\n<title>Prefeito Dipp acompanha obras para XV Rodeio de Passo Fundo - Turismo<\/title>\n<meta name=\"robots\" content=\"index, follow, max-snippet:-1, max-image-preview:large, max-video-preview:-1\" \/>\n<link rel=\"canonical\" href=\"https:\/\/www.pmpf.rs.gov.br\/turismo\/2011\/01\/07\/prefeito-dipp-acompanha-obras-para-xv-rodeio-de-passo-fundo-661\/\" \/>\n<meta property=\"og:locale\" content=\"pt_BR\" \/>\n<meta property=\"og:type\" content=\"article\" \/>\n<meta property=\"og:title\" content=\"Prefeito Dipp acompanha obras para XV Rodeio de Passo Fundo - Turismo\" \/>\n<meta property=\"og:description\" content=\"Prefeito Dipp acompanha obras para XV Rodeio de Passo Fundo\" \/>\n<meta property=\"og:url\" content=\"https:\/\/www.pmpf.rs.gov.br\/turismo\/2011\/01\/07\/prefeito-dipp-acompanha-obras-para-xv-rodeio-de-passo-fundo-661\/\" \/>\n<meta property=\"og:site_name\" content=\"Turismo\" \/>\n<meta property=\"article:published_time\" content=\"2011-01-07T04:00:00+00:00\" \/>\n<meta property=\"og:image\" content=\"https:\/\/www.pmpf.rs.gov.br\/turismo\/wp-content\/uploads\/sites\/51\/2021\/12\/I2013-05-07_062652_c7699.jpg\" \/>\n\t<meta property=\"og:image:width\" content=\"640\" \/>\n\t<meta property=\"og:image:height\" content=\"430\" \/>\n\t<meta property=\"og:image:type\" content=\"image\/jpeg\" \/>\n<meta name=\"author\" content=\"mosite\" \/>\n<meta name=\"twitter:card\" content=\"summary_large_image\" \/>\n<meta name=\"twitter:label1\" content=\"Escrito por\" \/>\n\t<meta name=\"twitter:data1\" content=\"mosite\" \/>\n\t<meta name=\"twitter:label2\" content=\"Est. tempo de leitura\" \/>\n\t<meta name=\"twitter:data2\" content=\"2 minutos\" \/>\n<script type=\"application\/ld+json\" class=\"yoast-schema-graph\">{\"@context\":\"https:\/\/schema.org\",\"@graph\":[{\"@type\":\"WebPage\",\"@id\":\"https:\/\/www.pmpf.rs.gov.br\/turismo\/2011\/01\/07\/prefeito-dipp-acompanha-obras-para-xv-rodeio-de-passo-fundo-661\/\",\"url\":\"https:\/\/www.pmpf.rs.gov.br\/turismo\/2011\/01\/07\/prefeito-dipp-acompanha-obras-para-xv-rodeio-de-passo-fundo-661\/\",\"name\":\"Prefeito Dipp acompanha obras para XV Rodeio de Passo Fundo - Turismo\",\"isPartOf\":{\"@id\":\"https:\/\/www.pmpf.rs.gov.br\/turismo\/#website\"},\"primaryImageOfPage\":{\"@id\":\"https:\/\/www.pmpf.rs.gov.br\/turismo\/2011\/01\/07\/prefeito-dipp-acompanha-obras-para-xv-rodeio-de-passo-fundo-661\/#primaryimage\"},\"image\":{\"@id\":\"https:\/\/www.pmpf.rs.gov.br\/turismo\/2011\/01\/07\/prefeito-dipp-acompanha-obras-para-xv-rodeio-de-passo-fundo-661\/#primaryimage\"},\"thumbnailUrl\":\"https:\/\/www.pmpf.rs.gov.br\/turismo\/wp-content\/uploads\/sites\/51\/2021\/12\/I2013-05-07_062652_c7699.jpg\",\"datePublished\":\"2011-01-07T04:00:00+00:00\",\"dateModified\":\"2011-01-07T04:00:00+00:00\",\"author\":{\"@id\":\"https:\/\/www.pmpf.rs.gov.br\/turismo\/#\/schema\/person\/0c355b0fa68a7aa986c8594f7a60a2d7\"},\"breadcrumb\":{\"@id\":\"https:\/\/www.pmpf.rs.gov.br\/turismo\/2011\/01\/07\/prefeito-dipp-acompanha-obras-para-xv-rodeio-de-passo-fundo-661\/#breadcrumb\"},\"inLanguage\":\"pt-BR\",\"potentialAction\":[{\"@type\":\"ReadAction\",\"target\":[\"https:\/\/www.pmpf.rs.gov.br\/turismo\/2011\/01\/07\/prefeito-dipp-acompanha-obras-para-xv-rodeio-de-passo-fundo-661\/\"]}]},{\"@type\":\"ImageObject\",\"inLanguage\":\"pt-BR\",\"@id\":\"https:\/\/www.pmpf.rs.gov.br\/turismo\/2011\/01\/07\/prefeito-dipp-acompanha-obras-para-xv-rodeio-de-passo-fundo-661\/#primaryimage\",\"url\":\"https:\/\/www.pmpf.rs.gov.br\/turismo\/wp-content\/uploads\/sites\/51\/2021\/12\/I2013-05-07_062652_c7699.jpg\",\"contentUrl\":\"https:\/\/www.pmpf.rs.gov.br\/turismo\/wp-content\/uploads\/sites\/51\/2021\/12\/I2013-05-07_062652_c7699.jpg\",\"width\":640,\"height\":430},{\"@type\":\"BreadcrumbList\",\"@id\":\"https:\/\/www.pmpf.rs.gov.br\/turismo\/2011\/01\/07\/prefeito-dipp-acompanha-obras-para-xv-rodeio-de-passo-fundo-661\/#breadcrumb\",\"itemListElement\":[{\"@type\":\"ListItem\",\"position\":1,\"name\":\"In\u00edcio\",\"item\":\"https:\/\/www.pmpf.rs.gov.br\/turismo\/\"},{\"@type\":\"ListItem\",\"position\":2,\"name\":\"Prefeito Dipp acompanha obras para XV Rodeio de Passo Fundo\"}]},{\"@type\":\"WebSite\",\"@id\":\"https:\/\/www.pmpf.rs.gov.br\/turismo\/#website\",\"url\":\"https:\/\/www.pmpf.rs.gov.br\/turismo\/\",\"name\":\"Turismo\",\"description\":\"Descubra Passo Fundo\",\"potentialAction\":[{\"@type\":\"SearchAction\",\"target\":{\"@type\":\"EntryPoint\",\"urlTemplate\":\"https:\/\/www.pmpf.rs.gov.br\/turismo\/?s={search_term_string}\"},\"query-input\":{\"@type\":\"PropertyValueSpecification\",\"valueRequired\":true,\"valueName\":\"search_term_string\"}}],\"inLanguage\":\"pt-BR\"},{\"@type\":\"Person\",\"@id\":\"https:\/\/www.pmpf.rs.gov.br\/turismo\/#\/schema\/person\/0c355b0fa68a7aa986c8594f7a60a2d7\",\"name\":\"mosite\",\"image\":{\"@type\":\"ImageObject\",\"inLanguage\":\"pt-BR\",\"@id\":\"https:\/\/www.pmpf.rs.gov.br\/turismo\/#\/schema\/person\/image\/\",\"url\":\"https:\/\/secure.gravatar.com\/avatar\/63d72595d6cecfe12bd8a94829d5a26c?s=96&d=mm&r=g\",\"contentUrl\":\"https:\/\/secure.gravatar.com\/avatar\/63d72595d6cecfe12bd8a94829d5a26c?s=96&d=mm&r=g\",\"caption\":\"mosite\"},\"sameAs\":[\"http:\/\/example.com\"],\"url\":\"https:\/\/www.pmpf.rs.gov.br\/turismo\/author\/mosite\/\"}]}<\/script>\n<!-- \/ Yoast SEO plugin. -->","yoast_head_json":{"title":"Prefeito Dipp acompanha obras para XV Rodeio de Passo Fundo - Turismo","robots":{"index":"index","follow":"follow","max-snippet":"max-snippet:-1","max-image-preview":"max-image-preview:large","max-video-preview":"max-video-preview:-1"},"canonical":"https:\/\/www.pmpf.rs.gov.br\/turismo\/2011\/01\/07\/prefeito-dipp-acompanha-obras-para-xv-rodeio-de-passo-fundo-661\/","og_locale":"pt_BR","og_type":"article","og_title":"Prefeito Dipp acompanha obras para XV Rodeio de Passo Fundo - Turismo","og_description":"Prefeito Dipp acompanha obras para XV Rodeio de Passo Fundo","og_url":"https:\/\/www.pmpf.rs.gov.br\/turismo\/2011\/01\/07\/prefeito-dipp-acompanha-obras-para-xv-rodeio-de-passo-fundo-661\/","og_site_name":"Turismo","article_published_time":"2011-01-07T04:00:00+00:00","og_image":[{"width":640,"height":430,"url":"https:\/\/www.pmpf.rs.gov.br\/turismo\/wp-content\/uploads\/sites\/51\/2021\/12\/I2013-05-07_062652_c7699.jpg","type":"image\/jpeg"}],"author":"mosite","twitter_card":"summary_large_image","twitter_misc":{"Escrito por":"mosite","Est. tempo de leitura":"2 minutos"},"schema":{"@context":"https:\/\/schema.org","@graph":[{"@type":"WebPage","@id":"https:\/\/www.pmpf.rs.gov.br\/turismo\/2011\/01\/07\/prefeito-dipp-acompanha-obras-para-xv-rodeio-de-passo-fundo-661\/","url":"https:\/\/www.pmpf.rs.gov.br\/turismo\/2011\/01\/07\/prefeito-dipp-acompanha-obras-para-xv-rodeio-de-passo-fundo-661\/","name":"Prefeito Dipp acompanha obras para XV Rodeio de Passo Fundo - Turismo","isPartOf":{"@id":"https:\/\/www.pmpf.rs.gov.br\/turismo\/#website"},"primaryImageOfPage":{"@id":"https:\/\/www.pmpf.rs.gov.br\/turismo\/2011\/01\/07\/prefeito-dipp-acompanha-obras-para-xv-rodeio-de-passo-fundo-661\/#primaryimage"},"image":{"@id":"https:\/\/www.pmpf.rs.gov.br\/turismo\/2011\/01\/07\/prefeito-dipp-acompanha-obras-para-xv-rodeio-de-passo-fundo-661\/#primaryimage"},"thumbnailUrl":"https:\/\/www.pmpf.rs.gov.br\/turismo\/wp-content\/uploads\/sites\/51\/2021\/12\/I2013-05-07_062652_c7699.jpg","datePublished":"2011-01-07T04:00:00+00:00","dateModified":"2011-01-07T04:00:00+00:00","author":{"@id":"https:\/\/www.pmpf.rs.gov.br\/turismo\/#\/schema\/person\/0c355b0fa68a7aa986c8594f7a60a2d7"},"breadcrumb":{"@id":"https:\/\/www.pmpf.rs.gov.br\/turismo\/2011\/01\/07\/prefeito-dipp-acompanha-obras-para-xv-rodeio-de-passo-fundo-661\/#breadcrumb"},"inLanguage":"pt-BR","potentialAction":[{"@type":"ReadAction","target":["https:\/\/www.pmpf.rs.gov.br\/turismo\/2011\/01\/07\/prefeito-dipp-acompanha-obras-para-xv-rodeio-de-passo-fundo-661\/"]}]},{"@type":"ImageObject","inLanguage":"pt-BR","@id":"https:\/\/www.pmpf.rs.gov.br\/turismo\/2011\/01\/07\/prefeito-dipp-acompanha-obras-para-xv-rodeio-de-passo-fundo-661\/#primaryimage","url":"https:\/\/www.pmpf.rs.gov.br\/turismo\/wp-content\/uploads\/sites\/51\/2021\/12\/I2013-05-07_062652_c7699.jpg","contentUrl":"https:\/\/www.pmpf.rs.gov.br\/turismo\/wp-content\/uploads\/sites\/51\/2021\/12\/I2013-05-07_062652_c7699.jpg","width":640,"height":430},{"@type":"BreadcrumbList","@id":"https:\/\/www.pmpf.rs.gov.br\/turismo\/2011\/01\/07\/prefeito-dipp-acompanha-obras-para-xv-rodeio-de-passo-fundo-661\/#breadcrumb","itemListElement":[{"@type":"ListItem","position":1,"name":"In\u00edcio","item":"https:\/\/www.pmpf.rs.gov.br\/turismo\/"},{"@type":"ListItem","position":2,"name":"Prefeito Dipp acompanha obras para XV Rodeio de Passo Fundo"}]},{"@type":"WebSite","@id":"https:\/\/www.pmpf.rs.gov.br\/turismo\/#website","url":"https:\/\/www.pmpf.rs.gov.br\/turismo\/","name":"Turismo","description":"Descubra Passo Fundo","potentialAction":[{"@type":"SearchAction","target":{"@type":"EntryPoint","urlTemplate":"https:\/\/www.pmpf.rs.gov.br\/turismo\/?s={search_term_string}"},"query-input":{"@type":"PropertyValueSpecification","valueRequired":true,"valueName":"search_term_string"}}],"inLanguage":"pt-BR"},{"@type":"Person","@id":"https:\/\/www.pmpf.rs.gov.br\/turismo\/#\/schema\/person\/0c355b0fa68a7aa986c8594f7a60a2d7","name":"mosite","image":{"@type":"ImageObject","inLanguage":"pt-BR","@id":"https:\/\/www.pmpf.rs.gov.br\/turismo\/#\/schema\/person\/image\/","url":"https:\/\/secure.gravatar.com\/avatar\/63d72595d6cecfe12bd8a94829d5a26c?s=96&d=mm&r=g","contentUrl":"https:\/\/secure.gravatar.com\/avatar\/63d72595d6cecfe12bd8a94829d5a26c?s=96&d=mm&r=g","caption":"mosite"},"sameAs":["http:\/\/example.com"],"url":"https:\/\/www.pmpf.rs.gov.br\/turismo\/author\/mosite\/"}]}},"_links":{"self":[{"href":"https:\/\/www.pmpf.rs.gov.br\/turismo\/wp-json\/wp\/v2\/posts\/231"}],"collection":[{"href":"https:\/\/www.pmpf.rs.gov.br\/turismo\/wp-json\/wp\/v2\/posts"}],"about":[{"href":"https:\/\/www.pmpf.rs.gov.br\/turismo\/wp-json\/wp\/v2\/types\/post"}],"author":[{"embeddable":true,"href":"https:\/\/www.pmpf.rs.gov.br\/turismo\/wp-json\/wp\/v2\/users\/1"}],"replies":[{"embeddable":true,"href":"https:\/\/www.pmpf.rs.gov.br\/turismo\/wp-json\/wp\/v2\/comments?post=231"}],"version-history":[{"count":0,"href":"https:\/\/www.pmpf.rs.gov.br\/turismo\/wp-json\/wp\/v2\/posts\/231\/revisions"}],"wp:featuredmedia":[{"embeddable":true,"href":"https:\/\/www.pmpf.rs.gov.br\/turismo\/wp-json\/wp\/v2\/media\/233"}],"wp:attachment":[{"href":"https:\/\/www.pmpf.rs.gov.br\/turismo\/wp-json\/wp\/v2\/media?parent=231"}],"wp:term":[{"taxonomy":"category","embeddable":true,"href":"https:\/\/www.pmpf.rs.gov.br\/turismo\/wp-json\/wp\/v2\/categories?post=231"},{"taxonomy":"post_tag","embeddable":true,"href":"https:\/\/www.pmpf.rs.gov.br\/turismo\/wp-json\/wp\/v2\/tags?post=231"}],"curies":[{"name":"wp","href":"https:\/\/api.w.org\/{rel}","templated":true}]}}