{"id":230,"date":"2011-01-27T02:00:00","date_gmt":"2011-01-27T04:00:00","guid":{"rendered":"https:\/\/www.pmpf.rs.gov.br\/turismo\/2011\/01\/27\/cavalgada-parte-para-divulgar-xv-rodeio-de-passo-fundo-672\/"},"modified":"2011-01-27T02:00:00","modified_gmt":"2011-01-27T04:00:00","slug":"cavalgada-parte-para-divulgar-xv-rodeio-de-passo-fundo-672","status":"publish","type":"post","link":"https:\/\/www.pmpf.rs.gov.br\/turismo\/2011\/01\/27\/cavalgada-parte-para-divulgar-xv-rodeio-de-passo-fundo-672\/","title":{"rendered":"Cavalgada parte para divulgar XV Rodeio de Passo Fundo"},"content":{"rendered":"<p><span style=\"\"><\/span><span style=\"\">Na tarde desta quinta-feira, com o intuito de divulgar XV Rodeio Internacional de Passo Fundo, os cavaleiros do grupo Cultural e Art\u00edstico Cavaleiros do Planalto M\u00e9dio, partiram em cavalgada do Parque Wolmar Salton rumo ao munic\u00edpio de Lagoa Vermelha, que \u00e9 sede at\u00e9 domingo da XV Festa Nacional do Churrasco, I Rodeio Crioulo Internacional e XX Rodeio Crioulo Nacional. Com previs\u00e3o de chegada para s\u00e1bado ao meio dia, os cavaleiros ir\u00e3o convidar os campeiros da regi\u00e3o de Lagoa Vermelha \u00e0 participarem das festividades crioulas do evento passo-fundense, que acontece entre os dias 4 e 13 de fevereiro.<\/span><br style=\"\" \/><span style=\"\">Presente na sa\u00edda da cavalgada, o prefeito em exerc\u00edcio, Rene Cecconello, destacou a atitude do grupo e satisfa\u00e7\u00e3o em t\u00ea-los como parceiros da Funzoctur -Funda\u00e7\u00e3o Zoobot\u00e2nica, Cultural e de Turismo da Rosel\u00e2ndia, na promo\u00e7\u00e3o do evento. \u201cOs cavaleiros est\u00e3o fazendo tudo o que podem para fazer um grande rodeio em Passo Fundo\u201d, disse.<\/span><br style=\"\" \/><span style=\"\">J\u00e1 o presidente da Funzoctur, Ant\u00f4nio Augusto Reveilleau, frisou que \u00e9 muito importante essa integra\u00e7\u00e3o com os cavalarianos do munic\u00edpio de Lagoa, pois eles tamb\u00e9m ser\u00e3o importantes na efetiva\u00e7\u00e3o do evento passo-fundense.<\/span><br style=\"\" \/><span style=\"\">\u00a0O XV Rodeio Internacional de Passo Fundo ser\u00e1 promovido pela Prefeitura Municipal e pela 7\u00aa Regi\u00e3o Tradicionalista, sendo realizado atrav\u00e9s da Funzoctur, juntamente com o grupo Cultural e Art\u00edstico Cavaleiros do Planalto M\u00e9dio, edi\u00e7\u00e3o que vai homenagear Teixeirinha, em fun\u00e7\u00e3o dos 25 anos de seu falecimento. O evento tamb\u00e9m ser\u00e1 o maior de todos os tempos, com um investimento em pr\u00eamios de R$ 129 mil. Outras informa\u00e7\u00f5es sobre o rodeio est\u00e3o no site www.rodeiodepassofundo.com.br.<\/span><\/p>\n","protected":false},"excerpt":{"rendered":"<p>Na tarde desta quinta-feira, com o intuito de divulgar XV Rodeio Internacional de Passo Fundo, os cavaleiros do grupo Cultural e Art\u00edstico Cavaleiros do Planalto M\u00e9dio, partiram em cavalgada do Parque Wolmar Salton rumo ao munic\u00edpio de Lagoa Vermelha, que \u00e9 sede at\u00e9 domingo da XV Festa Nacional do Churrasco, I Rodeio Crioulo Internacional e XX Rodeio Crioulo Nacional.<\/p>\n","protected":false},"author":1,"featured_media":0,"comment_status":"open","ping_status":"open","sticky":false,"template":"","format":"standard","meta":{"footnotes":""},"categories":[],"tags":[],"class_list":["post-230","post","type-post","status-publish","format-standard","hentry"],"yoast_head":"<!-- This site is optimized with the Yoast SEO plugin v23.8 - https:\/\/yoast.com\/wordpress\/plugins\/seo\/ -->\n<title>Cavalgada parte para divulgar XV Rodeio de Passo Fundo - Turismo<\/title>\n<meta name=\"robots\" content=\"index, follow, max-snippet:-1, max-image-preview:large, max-video-preview:-1\" \/>\n<link rel=\"canonical\" href=\"https:\/\/www.pmpf.rs.gov.br\/turismo\/2011\/01\/27\/cavalgada-parte-para-divulgar-xv-rodeio-de-passo-fundo-672\/\" \/>\n<meta property=\"og:locale\" content=\"pt_BR\" \/>\n<meta property=\"og:type\" content=\"article\" \/>\n<meta property=\"og:title\" content=\"Cavalgada parte para divulgar XV Rodeio de Passo Fundo - Turismo\" \/>\n<meta property=\"og:description\" content=\"Na tarde desta quinta-feira, com o intuito de divulgar XV Rodeio Internacional de Passo Fundo, os cavaleiros do grupo Cultural e Art\u00edstico Cavaleiros do Planalto M\u00e9dio, partiram em cavalgada do Parque Wolmar Salton rumo ao munic\u00edpio de Lagoa Vermelha, que \u00e9 sede at\u00e9 domingo da XV Festa Nacional do Churrasco, I Rodeio Crioulo Internacional e XX Rodeio Crioulo Nacional.\" \/>\n<meta property=\"og:url\" content=\"https:\/\/www.pmpf.rs.gov.br\/turismo\/2011\/01\/27\/cavalgada-parte-para-divulgar-xv-rodeio-de-passo-fundo-672\/\" \/>\n<meta property=\"og:site_name\" content=\"Turismo\" \/>\n<meta property=\"article:published_time\" content=\"2011-01-27T04:00:00+00:00\" \/>\n<meta name=\"author\" content=\"mosite\" \/>\n<meta name=\"twitter:card\" content=\"summary_large_image\" \/>\n<meta name=\"twitter:label1\" content=\"Escrito por\" \/>\n\t<meta name=\"twitter:data1\" content=\"mosite\" \/>\n\t<meta name=\"twitter:label2\" content=\"Est. tempo de leitura\" \/>\n\t<meta name=\"twitter:data2\" content=\"1 minuto\" \/>\n<script type=\"application\/ld+json\" class=\"yoast-schema-graph\">{\"@context\":\"https:\/\/schema.org\",\"@graph\":[{\"@type\":\"WebPage\",\"@id\":\"https:\/\/www.pmpf.rs.gov.br\/turismo\/2011\/01\/27\/cavalgada-parte-para-divulgar-xv-rodeio-de-passo-fundo-672\/\",\"url\":\"https:\/\/www.pmpf.rs.gov.br\/turismo\/2011\/01\/27\/cavalgada-parte-para-divulgar-xv-rodeio-de-passo-fundo-672\/\",\"name\":\"Cavalgada parte para divulgar XV Rodeio de Passo Fundo - Turismo\",\"isPartOf\":{\"@id\":\"https:\/\/www.pmpf.rs.gov.br\/turismo\/#website\"},\"datePublished\":\"2011-01-27T04:00:00+00:00\",\"dateModified\":\"2011-01-27T04:00:00+00:00\",\"author\":{\"@id\":\"https:\/\/www.pmpf.rs.gov.br\/turismo\/#\/schema\/person\/0c355b0fa68a7aa986c8594f7a60a2d7\"},\"breadcrumb\":{\"@id\":\"https:\/\/www.pmpf.rs.gov.br\/turismo\/2011\/01\/27\/cavalgada-parte-para-divulgar-xv-rodeio-de-passo-fundo-672\/#breadcrumb\"},\"inLanguage\":\"pt-BR\",\"potentialAction\":[{\"@type\":\"ReadAction\",\"target\":[\"https:\/\/www.pmpf.rs.gov.br\/turismo\/2011\/01\/27\/cavalgada-parte-para-divulgar-xv-rodeio-de-passo-fundo-672\/\"]}]},{\"@type\":\"BreadcrumbList\",\"@id\":\"https:\/\/www.pmpf.rs.gov.br\/turismo\/2011\/01\/27\/cavalgada-parte-para-divulgar-xv-rodeio-de-passo-fundo-672\/#breadcrumb\",\"itemListElement\":[{\"@type\":\"ListItem\",\"position\":1,\"name\":\"In\u00edcio\",\"item\":\"https:\/\/www.pmpf.rs.gov.br\/turismo\/\"},{\"@type\":\"ListItem\",\"position\":2,\"name\":\"Cavalgada parte para divulgar XV Rodeio de Passo Fundo\"}]},{\"@type\":\"WebSite\",\"@id\":\"https:\/\/www.pmpf.rs.gov.br\/turismo\/#website\",\"url\":\"https:\/\/www.pmpf.rs.gov.br\/turismo\/\",\"name\":\"Turismo\",\"description\":\"Descubra Passo Fundo\",\"potentialAction\":[{\"@type\":\"SearchAction\",\"target\":{\"@type\":\"EntryPoint\",\"urlTemplate\":\"https:\/\/www.pmpf.rs.gov.br\/turismo\/?s={search_term_string}\"},\"query-input\":{\"@type\":\"PropertyValueSpecification\",\"valueRequired\":true,\"valueName\":\"search_term_string\"}}],\"inLanguage\":\"pt-BR\"},{\"@type\":\"Person\",\"@id\":\"https:\/\/www.pmpf.rs.gov.br\/turismo\/#\/schema\/person\/0c355b0fa68a7aa986c8594f7a60a2d7\",\"name\":\"mosite\",\"image\":{\"@type\":\"ImageObject\",\"inLanguage\":\"pt-BR\",\"@id\":\"https:\/\/www.pmpf.rs.gov.br\/turismo\/#\/schema\/person\/image\/\",\"url\":\"https:\/\/secure.gravatar.com\/avatar\/63d72595d6cecfe12bd8a94829d5a26c?s=96&d=mm&r=g\",\"contentUrl\":\"https:\/\/secure.gravatar.com\/avatar\/63d72595d6cecfe12bd8a94829d5a26c?s=96&d=mm&r=g\",\"caption\":\"mosite\"},\"sameAs\":[\"http:\/\/example.com\"],\"url\":\"https:\/\/www.pmpf.rs.gov.br\/turismo\/author\/mosite\/\"}]}<\/script>\n<!-- \/ Yoast SEO plugin. -->","yoast_head_json":{"title":"Cavalgada parte para divulgar XV Rodeio de Passo Fundo - Turismo","robots":{"index":"index","follow":"follow","max-snippet":"max-snippet:-1","max-image-preview":"max-image-preview:large","max-video-preview":"max-video-preview:-1"},"canonical":"https:\/\/www.pmpf.rs.gov.br\/turismo\/2011\/01\/27\/cavalgada-parte-para-divulgar-xv-rodeio-de-passo-fundo-672\/","og_locale":"pt_BR","og_type":"article","og_title":"Cavalgada parte para divulgar XV Rodeio de Passo Fundo - Turismo","og_description":"Na tarde desta quinta-feira, com o intuito de divulgar XV Rodeio Internacional de Passo Fundo, os cavaleiros do grupo Cultural e Art\u00edstico Cavaleiros do Planalto M\u00e9dio, partiram em cavalgada do Parque Wolmar Salton rumo ao munic\u00edpio de Lagoa Vermelha, que \u00e9 sede at\u00e9 domingo da XV Festa Nacional do Churrasco, I Rodeio Crioulo Internacional e XX Rodeio Crioulo Nacional.","og_url":"https:\/\/www.pmpf.rs.gov.br\/turismo\/2011\/01\/27\/cavalgada-parte-para-divulgar-xv-rodeio-de-passo-fundo-672\/","og_site_name":"Turismo","article_published_time":"2011-01-27T04:00:00+00:00","author":"mosite","twitter_card":"summary_large_image","twitter_misc":{"Escrito por":"mosite","Est. tempo de leitura":"1 minuto"},"schema":{"@context":"https:\/\/schema.org","@graph":[{"@type":"WebPage","@id":"https:\/\/www.pmpf.rs.gov.br\/turismo\/2011\/01\/27\/cavalgada-parte-para-divulgar-xv-rodeio-de-passo-fundo-672\/","url":"https:\/\/www.pmpf.rs.gov.br\/turismo\/2011\/01\/27\/cavalgada-parte-para-divulgar-xv-rodeio-de-passo-fundo-672\/","name":"Cavalgada parte para divulgar XV Rodeio de Passo Fundo - Turismo","isPartOf":{"@id":"https:\/\/www.pmpf.rs.gov.br\/turismo\/#website"},"datePublished":"2011-01-27T04:00:00+00:00","dateModified":"2011-01-27T04:00:00+00:00","author":{"@id":"https:\/\/www.pmpf.rs.gov.br\/turismo\/#\/schema\/person\/0c355b0fa68a7aa986c8594f7a60a2d7"},"breadcrumb":{"@id":"https:\/\/www.pmpf.rs.gov.br\/turismo\/2011\/01\/27\/cavalgada-parte-para-divulgar-xv-rodeio-de-passo-fundo-672\/#breadcrumb"},"inLanguage":"pt-BR","potentialAction":[{"@type":"ReadAction","target":["https:\/\/www.pmpf.rs.gov.br\/turismo\/2011\/01\/27\/cavalgada-parte-para-divulgar-xv-rodeio-de-passo-fundo-672\/"]}]},{"@type":"BreadcrumbList","@id":"https:\/\/www.pmpf.rs.gov.br\/turismo\/2011\/01\/27\/cavalgada-parte-para-divulgar-xv-rodeio-de-passo-fundo-672\/#breadcrumb","itemListElement":[{"@type":"ListItem","position":1,"name":"In\u00edcio","item":"https:\/\/www.pmpf.rs.gov.br\/turismo\/"},{"@type":"ListItem","position":2,"name":"Cavalgada parte para divulgar XV Rodeio de Passo Fundo"}]},{"@type":"WebSite","@id":"https:\/\/www.pmpf.rs.gov.br\/turismo\/#website","url":"https:\/\/www.pmpf.rs.gov.br\/turismo\/","name":"Turismo","description":"Descubra Passo Fundo","potentialAction":[{"@type":"SearchAction","target":{"@type":"EntryPoint","urlTemplate":"https:\/\/www.pmpf.rs.gov.br\/turismo\/?s={search_term_string}"},"query-input":{"@type":"PropertyValueSpecification","valueRequired":true,"valueName":"search_term_string"}}],"inLanguage":"pt-BR"},{"@type":"Person","@id":"https:\/\/www.pmpf.rs.gov.br\/turismo\/#\/schema\/person\/0c355b0fa68a7aa986c8594f7a60a2d7","name":"mosite","image":{"@type":"ImageObject","inLanguage":"pt-BR","@id":"https:\/\/www.pmpf.rs.gov.br\/turismo\/#\/schema\/person\/image\/","url":"https:\/\/secure.gravatar.com\/avatar\/63d72595d6cecfe12bd8a94829d5a26c?s=96&d=mm&r=g","contentUrl":"https:\/\/secure.gravatar.com\/avatar\/63d72595d6cecfe12bd8a94829d5a26c?s=96&d=mm&r=g","caption":"mosite"},"sameAs":["http:\/\/example.com"],"url":"https:\/\/www.pmpf.rs.gov.br\/turismo\/author\/mosite\/"}]}},"_links":{"self":[{"href":"https:\/\/www.pmpf.rs.gov.br\/turismo\/wp-json\/wp\/v2\/posts\/230"}],"collection":[{"href":"https:\/\/www.pmpf.rs.gov.br\/turismo\/wp-json\/wp\/v2\/posts"}],"about":[{"href":"https:\/\/www.pmpf.rs.gov.br\/turismo\/wp-json\/wp\/v2\/types\/post"}],"author":[{"embeddable":true,"href":"https:\/\/www.pmpf.rs.gov.br\/turismo\/wp-json\/wp\/v2\/users\/1"}],"replies":[{"embeddable":true,"href":"https:\/\/www.pmpf.rs.gov.br\/turismo\/wp-json\/wp\/v2\/comments?post=230"}],"version-history":[{"count":0,"href":"https:\/\/www.pmpf.rs.gov.br\/turismo\/wp-json\/wp\/v2\/posts\/230\/revisions"}],"wp:attachment":[{"href":"https:\/\/www.pmpf.rs.gov.br\/turismo\/wp-json\/wp\/v2\/media?parent=230"}],"wp:term":[{"taxonomy":"category","embeddable":true,"href":"https:\/\/www.pmpf.rs.gov.br\/turismo\/wp-json\/wp\/v2\/categories?post=230"},{"taxonomy":"post_tag","embeddable":true,"href":"https:\/\/www.pmpf.rs.gov.br\/turismo\/wp-json\/wp\/v2\/tags?post=230"}],"curies":[{"name":"wp","href":"https:\/\/api.w.org\/{rel}","templated":true}]}}