{"id":228,"date":"2011-02-04T02:00:00","date_gmt":"2011-02-04T04:00:00","guid":{"rendered":"https:\/\/www.pmpf.rs.gov.br\/turismo\/2011\/02\/04\/passo-fundo-ganha-museu-do-teixeirinha-691\/"},"modified":"2011-02-04T02:00:00","modified_gmt":"2011-02-04T04:00:00","slug":"passo-fundo-ganha-museu-do-teixeirinha-691","status":"publish","type":"post","link":"https:\/\/www.pmpf.rs.gov.br\/turismo\/2011\/02\/04\/passo-fundo-ganha-museu-do-teixeirinha-691\/","title":{"rendered":"Passo Fundo ganha Museu do Teixeirinha"},"content":{"rendered":"<p><br style=\"\" \/><span style=\"\"><\/span><span style=\"\">Passo Fundo est\u00e1 Imortalizando seu \u00eddolo. Idealizado pelo empres\u00e1rio Jo\u00e3o do Prado, Passo Fundo tem agora no seu parque de rodeios, o museu \u201cTeixeirinha, O Cantador do Rio Grande\u201d. Inaugurado nesta quinta-feira, contou com as presen\u00e7as da vi\u00fava Zoraida Teixeira, suas filhas, Betha e M\u00e1rcia e de tr\u00eas netas.<\/span><br style=\"\" \/><span style=\"\">Nascida em Passo Fundo, a filha Betha Teixeira contou que era um orgulho enorme para ele ter uma filha nascida aqui. \u201cEle era de Passo Fundo e Passo Fundo era dele. Fico impressionada como voc\u00eas gostam e amam ele, isso pra uma filha \u00e9 muito importante\u201d, disse. Ela contou que est\u00e1 muito emocionada e que na finaliza\u00e7\u00e3o do rancho, durante \u00e0 tarde, as tarefas foram feitas entre risos e l\u00e1grimas. \u201cQuando ele viajava para trabalhar, n\u00f3s sent\u00edamos muita falta, mas agora vimos que valeu a pena dividir ele com o mundo\u201d, finalizou.<\/span><br style=\"\" \/><span style=\"\">J\u00e1 M\u00e1rcia Teixeira, presidente da Funda\u00e7\u00e3o Vitor Mateus Teixeira, relatou emocionada que o seu pai sempre dizia \u00e0 ela: \u201cPrimeiro voc\u00eas estudem, o resto o pai faz\u201d. Ela exaltou ainda que Teixeirinha\u00a0 sempre levou Passo Fundo na mem\u00f3ria, no cora\u00e7\u00e3o e no verso. Na oportunidade, ela nomeou Jo\u00e3o do Prado com o t\u00edtulo de representante da Funda\u00e7\u00e3o aqui no munic\u00edpio.<\/span><br style=\"\" \/><span style=\"\">Emocionado, Prado contou que realizou um sonho de muitos anos, lembrando que j\u00e1 foi chamado de louco e de vision\u00e1rio. \u201cEle levou o nome de nosso munic\u00edpio para o mundo, exaltando que era o melhor lugar para se morar\u201d, disse. Tamb\u00e9m presente na festa, o jornalista Paulo Giongo, contou sobre a amizade entre os dois, e sobre epis\u00f3dios da \u00e9poca em que Teixeirinha chegou em Passo Fundo com sua esposa, duas malas e um caminh\u00e3o com os equipamentos para montar um neg\u00f3cio de tiro ao alvo.<\/span><br style=\"\" \/><span style=\"\">Aproveitando o momento, o prefeito em exerc\u00edcio Rene Cecconello, destacou a trajet\u00f3ria e o amor de Teixeirinha por Passo fundo, frisando tamb\u00e9m, a participa\u00e7\u00e3o de Prado nesse processo de efetiva\u00e7\u00e3o do Museu. Sobre o grande porte desse Rodeio, Cecconello salientou que ele est\u00e1 assim em fun\u00e7\u00e3o da comunidade estar ajudando.<\/span><br style=\"\" \/><span style=\"\">No interior desse rancho\/museu, todos os lados contam a hist\u00f3ria de Teixeirinha, fazendo os visitantes voltarem no tempo, como no caso da amplia\u00e7\u00e3o da folha original em que ele escreveu o sucesso \u201cCora\u00e7\u00e3o de Luto\u201d. Al\u00e9m de fotos curiosas e banners de seus filmes, o acervo conta com objetos pessoais do m\u00fasico, que ficar\u00e3o expostos durante todo o ano.<\/span><br style=\"\" \/><span style=\"\">O XV Rodeio Internacional de Passo Fundo, que vai at\u00e9 o dia 13 deste m\u00eas, \u00e9 o maior rodeio j\u00e1 realizado no munic\u00edpio, sendo promovido pela Prefeitura Municipal e pela 7\u00aa Regi\u00e3o Tradicionalista, e realizado atrav\u00e9s da Funzoctur, juntamente com o grupo Cultural e Art\u00edstico Cavaleiros do Planalto M\u00e9dio.<\/span><br style=\"\" \/><\/p>\n","protected":false},"excerpt":{"rendered":"<p>Passo Fundo est\u00e1 Imortalizando seu \u00eddolo. Idealizado pelo empres\u00e1rio Jo\u00e3o do Prado, Passo Fundo tem agora no seu parque de rodeios, o museu \u201cTeixeirinha, O Cantador do Rio Grande\u201d. Inaugurado nesta quinta-feira, contou com as presen\u00e7as da vi\u00fava Zoraida Teixeira, suas filhas, Betha e M\u00e1rcia e de tr\u00eas netas.<\/p>\n","protected":false},"author":1,"featured_media":229,"comment_status":"open","ping_status":"open","sticky":false,"template":"","format":"standard","meta":{"footnotes":""},"categories":[],"tags":[],"class_list":["post-228","post","type-post","status-publish","format-standard","has-post-thumbnail","hentry"],"yoast_head":"<!-- This site is optimized with the Yoast SEO plugin v23.8 - https:\/\/yoast.com\/wordpress\/plugins\/seo\/ -->\n<title>Passo Fundo ganha Museu do Teixeirinha - Turismo<\/title>\n<meta name=\"robots\" content=\"index, follow, max-snippet:-1, max-image-preview:large, max-video-preview:-1\" \/>\n<link rel=\"canonical\" href=\"https:\/\/www.pmpf.rs.gov.br\/turismo\/2011\/02\/04\/passo-fundo-ganha-museu-do-teixeirinha-691\/\" \/>\n<meta property=\"og:locale\" content=\"pt_BR\" \/>\n<meta property=\"og:type\" content=\"article\" \/>\n<meta property=\"og:title\" content=\"Passo Fundo ganha Museu do Teixeirinha - Turismo\" \/>\n<meta property=\"og:description\" content=\"Passo Fundo est\u00e1 Imortalizando seu \u00eddolo. Idealizado pelo empres\u00e1rio Jo\u00e3o do Prado, Passo Fundo tem agora no seu parque de rodeios, o museu \u201cTeixeirinha, O Cantador do Rio Grande\u201d. Inaugurado nesta quinta-feira, contou com as presen\u00e7as da vi\u00fava Zoraida Teixeira, suas filhas, Betha e M\u00e1rcia e de tr\u00eas netas.\" \/>\n<meta property=\"og:url\" content=\"https:\/\/www.pmpf.rs.gov.br\/turismo\/2011\/02\/04\/passo-fundo-ganha-museu-do-teixeirinha-691\/\" \/>\n<meta property=\"og:site_name\" content=\"Turismo\" \/>\n<meta property=\"article:published_time\" content=\"2011-02-04T04:00:00+00:00\" \/>\n<meta property=\"og:image\" content=\"https:\/\/www.pmpf.rs.gov.br\/turismo\/wp-content\/uploads\/sites\/51\/2021\/12\/I2013-05-07_062652_c7763.jpg\" \/>\n\t<meta property=\"og:image:width\" content=\"640\" \/>\n\t<meta property=\"og:image:height\" content=\"427\" \/>\n\t<meta property=\"og:image:type\" content=\"image\/jpeg\" \/>\n<meta name=\"author\" content=\"mosite\" \/>\n<meta name=\"twitter:card\" content=\"summary_large_image\" \/>\n<meta name=\"twitter:label1\" content=\"Escrito por\" \/>\n\t<meta name=\"twitter:data1\" content=\"mosite\" \/>\n\t<meta name=\"twitter:label2\" content=\"Est. tempo de leitura\" \/>\n\t<meta name=\"twitter:data2\" content=\"2 minutos\" \/>\n<script type=\"application\/ld+json\" class=\"yoast-schema-graph\">{\"@context\":\"https:\/\/schema.org\",\"@graph\":[{\"@type\":\"WebPage\",\"@id\":\"https:\/\/www.pmpf.rs.gov.br\/turismo\/2011\/02\/04\/passo-fundo-ganha-museu-do-teixeirinha-691\/\",\"url\":\"https:\/\/www.pmpf.rs.gov.br\/turismo\/2011\/02\/04\/passo-fundo-ganha-museu-do-teixeirinha-691\/\",\"name\":\"Passo Fundo ganha Museu do Teixeirinha - Turismo\",\"isPartOf\":{\"@id\":\"https:\/\/www.pmpf.rs.gov.br\/turismo\/#website\"},\"primaryImageOfPage\":{\"@id\":\"https:\/\/www.pmpf.rs.gov.br\/turismo\/2011\/02\/04\/passo-fundo-ganha-museu-do-teixeirinha-691\/#primaryimage\"},\"image\":{\"@id\":\"https:\/\/www.pmpf.rs.gov.br\/turismo\/2011\/02\/04\/passo-fundo-ganha-museu-do-teixeirinha-691\/#primaryimage\"},\"thumbnailUrl\":\"https:\/\/www.pmpf.rs.gov.br\/turismo\/wp-content\/uploads\/sites\/51\/2021\/12\/I2013-05-07_062652_c7763.jpg\",\"datePublished\":\"2011-02-04T04:00:00+00:00\",\"dateModified\":\"2011-02-04T04:00:00+00:00\",\"author\":{\"@id\":\"https:\/\/www.pmpf.rs.gov.br\/turismo\/#\/schema\/person\/0c355b0fa68a7aa986c8594f7a60a2d7\"},\"breadcrumb\":{\"@id\":\"https:\/\/www.pmpf.rs.gov.br\/turismo\/2011\/02\/04\/passo-fundo-ganha-museu-do-teixeirinha-691\/#breadcrumb\"},\"inLanguage\":\"pt-BR\",\"potentialAction\":[{\"@type\":\"ReadAction\",\"target\":[\"https:\/\/www.pmpf.rs.gov.br\/turismo\/2011\/02\/04\/passo-fundo-ganha-museu-do-teixeirinha-691\/\"]}]},{\"@type\":\"ImageObject\",\"inLanguage\":\"pt-BR\",\"@id\":\"https:\/\/www.pmpf.rs.gov.br\/turismo\/2011\/02\/04\/passo-fundo-ganha-museu-do-teixeirinha-691\/#primaryimage\",\"url\":\"https:\/\/www.pmpf.rs.gov.br\/turismo\/wp-content\/uploads\/sites\/51\/2021\/12\/I2013-05-07_062652_c7763.jpg\",\"contentUrl\":\"https:\/\/www.pmpf.rs.gov.br\/turismo\/wp-content\/uploads\/sites\/51\/2021\/12\/I2013-05-07_062652_c7763.jpg\",\"width\":640,\"height\":427},{\"@type\":\"BreadcrumbList\",\"@id\":\"https:\/\/www.pmpf.rs.gov.br\/turismo\/2011\/02\/04\/passo-fundo-ganha-museu-do-teixeirinha-691\/#breadcrumb\",\"itemListElement\":[{\"@type\":\"ListItem\",\"position\":1,\"name\":\"In\u00edcio\",\"item\":\"https:\/\/www.pmpf.rs.gov.br\/turismo\/\"},{\"@type\":\"ListItem\",\"position\":2,\"name\":\"Passo Fundo ganha Museu do Teixeirinha\"}]},{\"@type\":\"WebSite\",\"@id\":\"https:\/\/www.pmpf.rs.gov.br\/turismo\/#website\",\"url\":\"https:\/\/www.pmpf.rs.gov.br\/turismo\/\",\"name\":\"Turismo\",\"description\":\"Descubra Passo Fundo\",\"potentialAction\":[{\"@type\":\"SearchAction\",\"target\":{\"@type\":\"EntryPoint\",\"urlTemplate\":\"https:\/\/www.pmpf.rs.gov.br\/turismo\/?s={search_term_string}\"},\"query-input\":{\"@type\":\"PropertyValueSpecification\",\"valueRequired\":true,\"valueName\":\"search_term_string\"}}],\"inLanguage\":\"pt-BR\"},{\"@type\":\"Person\",\"@id\":\"https:\/\/www.pmpf.rs.gov.br\/turismo\/#\/schema\/person\/0c355b0fa68a7aa986c8594f7a60a2d7\",\"name\":\"mosite\",\"image\":{\"@type\":\"ImageObject\",\"inLanguage\":\"pt-BR\",\"@id\":\"https:\/\/www.pmpf.rs.gov.br\/turismo\/#\/schema\/person\/image\/\",\"url\":\"https:\/\/secure.gravatar.com\/avatar\/63d72595d6cecfe12bd8a94829d5a26c?s=96&d=mm&r=g\",\"contentUrl\":\"https:\/\/secure.gravatar.com\/avatar\/63d72595d6cecfe12bd8a94829d5a26c?s=96&d=mm&r=g\",\"caption\":\"mosite\"},\"sameAs\":[\"http:\/\/example.com\"],\"url\":\"https:\/\/www.pmpf.rs.gov.br\/turismo\/author\/mosite\/\"}]}<\/script>\n<!-- \/ Yoast SEO plugin. -->","yoast_head_json":{"title":"Passo Fundo ganha Museu do Teixeirinha - Turismo","robots":{"index":"index","follow":"follow","max-snippet":"max-snippet:-1","max-image-preview":"max-image-preview:large","max-video-preview":"max-video-preview:-1"},"canonical":"https:\/\/www.pmpf.rs.gov.br\/turismo\/2011\/02\/04\/passo-fundo-ganha-museu-do-teixeirinha-691\/","og_locale":"pt_BR","og_type":"article","og_title":"Passo Fundo ganha Museu do Teixeirinha - Turismo","og_description":"Passo Fundo est\u00e1 Imortalizando seu \u00eddolo. Idealizado pelo empres\u00e1rio Jo\u00e3o do Prado, Passo Fundo tem agora no seu parque de rodeios, o museu \u201cTeixeirinha, O Cantador do Rio Grande\u201d. Inaugurado nesta quinta-feira, contou com as presen\u00e7as da vi\u00fava Zoraida Teixeira, suas filhas, Betha e M\u00e1rcia e de tr\u00eas netas.","og_url":"https:\/\/www.pmpf.rs.gov.br\/turismo\/2011\/02\/04\/passo-fundo-ganha-museu-do-teixeirinha-691\/","og_site_name":"Turismo","article_published_time":"2011-02-04T04:00:00+00:00","og_image":[{"width":640,"height":427,"url":"https:\/\/www.pmpf.rs.gov.br\/turismo\/wp-content\/uploads\/sites\/51\/2021\/12\/I2013-05-07_062652_c7763.jpg","type":"image\/jpeg"}],"author":"mosite","twitter_card":"summary_large_image","twitter_misc":{"Escrito por":"mosite","Est. tempo de leitura":"2 minutos"},"schema":{"@context":"https:\/\/schema.org","@graph":[{"@type":"WebPage","@id":"https:\/\/www.pmpf.rs.gov.br\/turismo\/2011\/02\/04\/passo-fundo-ganha-museu-do-teixeirinha-691\/","url":"https:\/\/www.pmpf.rs.gov.br\/turismo\/2011\/02\/04\/passo-fundo-ganha-museu-do-teixeirinha-691\/","name":"Passo Fundo ganha Museu do Teixeirinha - Turismo","isPartOf":{"@id":"https:\/\/www.pmpf.rs.gov.br\/turismo\/#website"},"primaryImageOfPage":{"@id":"https:\/\/www.pmpf.rs.gov.br\/turismo\/2011\/02\/04\/passo-fundo-ganha-museu-do-teixeirinha-691\/#primaryimage"},"image":{"@id":"https:\/\/www.pmpf.rs.gov.br\/turismo\/2011\/02\/04\/passo-fundo-ganha-museu-do-teixeirinha-691\/#primaryimage"},"thumbnailUrl":"https:\/\/www.pmpf.rs.gov.br\/turismo\/wp-content\/uploads\/sites\/51\/2021\/12\/I2013-05-07_062652_c7763.jpg","datePublished":"2011-02-04T04:00:00+00:00","dateModified":"2011-02-04T04:00:00+00:00","author":{"@id":"https:\/\/www.pmpf.rs.gov.br\/turismo\/#\/schema\/person\/0c355b0fa68a7aa986c8594f7a60a2d7"},"breadcrumb":{"@id":"https:\/\/www.pmpf.rs.gov.br\/turismo\/2011\/02\/04\/passo-fundo-ganha-museu-do-teixeirinha-691\/#breadcrumb"},"inLanguage":"pt-BR","potentialAction":[{"@type":"ReadAction","target":["https:\/\/www.pmpf.rs.gov.br\/turismo\/2011\/02\/04\/passo-fundo-ganha-museu-do-teixeirinha-691\/"]}]},{"@type":"ImageObject","inLanguage":"pt-BR","@id":"https:\/\/www.pmpf.rs.gov.br\/turismo\/2011\/02\/04\/passo-fundo-ganha-museu-do-teixeirinha-691\/#primaryimage","url":"https:\/\/www.pmpf.rs.gov.br\/turismo\/wp-content\/uploads\/sites\/51\/2021\/12\/I2013-05-07_062652_c7763.jpg","contentUrl":"https:\/\/www.pmpf.rs.gov.br\/turismo\/wp-content\/uploads\/sites\/51\/2021\/12\/I2013-05-07_062652_c7763.jpg","width":640,"height":427},{"@type":"BreadcrumbList","@id":"https:\/\/www.pmpf.rs.gov.br\/turismo\/2011\/02\/04\/passo-fundo-ganha-museu-do-teixeirinha-691\/#breadcrumb","itemListElement":[{"@type":"ListItem","position":1,"name":"In\u00edcio","item":"https:\/\/www.pmpf.rs.gov.br\/turismo\/"},{"@type":"ListItem","position":2,"name":"Passo Fundo ganha Museu do Teixeirinha"}]},{"@type":"WebSite","@id":"https:\/\/www.pmpf.rs.gov.br\/turismo\/#website","url":"https:\/\/www.pmpf.rs.gov.br\/turismo\/","name":"Turismo","description":"Descubra Passo Fundo","potentialAction":[{"@type":"SearchAction","target":{"@type":"EntryPoint","urlTemplate":"https:\/\/www.pmpf.rs.gov.br\/turismo\/?s={search_term_string}"},"query-input":{"@type":"PropertyValueSpecification","valueRequired":true,"valueName":"search_term_string"}}],"inLanguage":"pt-BR"},{"@type":"Person","@id":"https:\/\/www.pmpf.rs.gov.br\/turismo\/#\/schema\/person\/0c355b0fa68a7aa986c8594f7a60a2d7","name":"mosite","image":{"@type":"ImageObject","inLanguage":"pt-BR","@id":"https:\/\/www.pmpf.rs.gov.br\/turismo\/#\/schema\/person\/image\/","url":"https:\/\/secure.gravatar.com\/avatar\/63d72595d6cecfe12bd8a94829d5a26c?s=96&d=mm&r=g","contentUrl":"https:\/\/secure.gravatar.com\/avatar\/63d72595d6cecfe12bd8a94829d5a26c?s=96&d=mm&r=g","caption":"mosite"},"sameAs":["http:\/\/example.com"],"url":"https:\/\/www.pmpf.rs.gov.br\/turismo\/author\/mosite\/"}]}},"_links":{"self":[{"href":"https:\/\/www.pmpf.rs.gov.br\/turismo\/wp-json\/wp\/v2\/posts\/228"}],"collection":[{"href":"https:\/\/www.pmpf.rs.gov.br\/turismo\/wp-json\/wp\/v2\/posts"}],"about":[{"href":"https:\/\/www.pmpf.rs.gov.br\/turismo\/wp-json\/wp\/v2\/types\/post"}],"author":[{"embeddable":true,"href":"https:\/\/www.pmpf.rs.gov.br\/turismo\/wp-json\/wp\/v2\/users\/1"}],"replies":[{"embeddable":true,"href":"https:\/\/www.pmpf.rs.gov.br\/turismo\/wp-json\/wp\/v2\/comments?post=228"}],"version-history":[{"count":0,"href":"https:\/\/www.pmpf.rs.gov.br\/turismo\/wp-json\/wp\/v2\/posts\/228\/revisions"}],"wp:featuredmedia":[{"embeddable":true,"href":"https:\/\/www.pmpf.rs.gov.br\/turismo\/wp-json\/wp\/v2\/media\/229"}],"wp:attachment":[{"href":"https:\/\/www.pmpf.rs.gov.br\/turismo\/wp-json\/wp\/v2\/media?parent=228"}],"wp:term":[{"taxonomy":"category","embeddable":true,"href":"https:\/\/www.pmpf.rs.gov.br\/turismo\/wp-json\/wp\/v2\/categories?post=228"},{"taxonomy":"post_tag","embeddable":true,"href":"https:\/\/www.pmpf.rs.gov.br\/turismo\/wp-json\/wp\/v2\/tags?post=228"}],"curies":[{"name":"wp","href":"https:\/\/api.w.org\/{rel}","templated":true}]}}