{"id":219,"date":"2011-02-06T02:00:00","date_gmt":"2011-02-06T04:00:00","guid":{"rendered":"https:\/\/www.pmpf.rs.gov.br\/turismo\/2011\/02\/06\/valorizacao-da-cultura-gaucha-em-dez-dias-de-festa-832\/"},"modified":"2011-02-06T02:00:00","modified_gmt":"2011-02-06T04:00:00","slug":"valorizacao-da-cultura-gaucha-em-dez-dias-de-festa-832","status":"publish","type":"post","link":"https:\/\/www.pmpf.rs.gov.br\/turismo\/2011\/02\/06\/valorizacao-da-cultura-gaucha-em-dez-dias-de-festa-832\/","title":{"rendered":"Valoriza\u00e7\u00e3o da cultura ga\u00facha em dez dias de festa"},"content":{"rendered":"<p>Em homenagem ao filho ilustre de Passo Fundo, Teixeirinha, mais de 150 entidades tradicionalistas e campeiros de v\u00e1rios lugares do Brasil e do exterior est\u00e3o disputando R$ 129 mil em pr\u00eamios no XV Rodeio Internacional de Passo Fundo, aberto oficialmente neste s\u00e1bado. Ap\u00f3s a entrada dos Cavaleiros do Planalto M\u00e9dio, que conduziram de charrete, a imagem de Nossa Senhora Aparecida, o prefeito municipal, Airton L\u00e2ngaro Dipp, entregou flores \u00e0 vi\u00fava de Teixeirinha, Zoraida Teixeira, que estava na companhia de suas filhas e netas.<br \/>Na oportunidade, o prefeito falou sobre a felicidade e a justi\u00e7a da escolha do nome de Teixeirinha para ser homenageado: \u201cEle \u00e9 o maior artista que Passo Fundo j\u00e1 teve\u201d.<br \/>Dipp destacou ainda o empenho dos envolvidos na organiza\u00e7\u00e3o do Rodeio, o maior da hist\u00f3ria do munic\u00edpio de Passo Fundo. Sobre o parque de rodeios, ele salientou que ele \u00e9 utilizado o ano todo para a valoriza\u00e7\u00e3o da cultura ga\u00facha, e que por isso a Prefeitura mant\u00e9m sua infra-estrutura em dia. O diretor da Funzoctur, Ant\u00f4nio Augusto Reveillau, respons\u00e1vel pela organiza\u00e7\u00e3o do evento, frisou que ele foi constru\u00eddo por v\u00e1rias m\u00e3os, relembrando que \u00e9 um rodeio organizado para as fam\u00edlias. <br \/>J\u00e1 M\u00e1rcia Teixeira, filha do homenageado, ressaltou que mais uma vez Passo Fundo acolheu a fam\u00edlia Teixeira. \u201cO nosso pai, onde estiver, est\u00e1 com o cora\u00e7\u00e3o transbordando de felicidade\u201d, disse ela.<br \/>O patr\u00e3o dos Cavaleiros do planalto M\u00e9dio, Paulo dos Santos, tamb\u00e9m destacou a amplitude do evento. Tamb\u00e9m presente, representando o governador Tarso Genro, o secret\u00e1rio de Desenvolvimento Rural e Cooperativismo, Ivar Pavan, al\u00e9m de parabenizar a Prefeitura pelas condi\u00e7\u00f5es do parque, exaltou que Passo Fundo \u00e9 uma das cidades que mais valoriza a cultura ga\u00facha, tamb\u00e9m destacando escolha do homenageado.<br \/>Finalizando a cerim\u00f4nia, que contou com a presen\u00e7a dos secret\u00e1rios municipais, vereadores e dos deputados Estaduais Di\u00f3genes Bas\u00e9gio e Luciano Azevedo, o cantor Am\u00e9rico interpretou duas m\u00fasicas de Teixeirinha.<br \/>O XV Rodeio Internacional de Passo Fundo\u00a0 vai at\u00e9 o dia 13 deste m\u00eas, e al\u00e9m de provas art\u00edsticas e campeiras sendo disputadas em alto n\u00edvel, conta com shows todas as noites e \u00f3tima infra-estrutura para os visitantes. Ele est\u00e1 sendo promovido pela Prefeitura Municipal e pela 7\u00aa Regi\u00e3o Tradicionalista, e realizado atrav\u00e9s da Funzoctur, juntamente com o grupo Cultural e Art\u00edstico Cavaleiros do Planalto M\u00e9dio.<\/p>\n","protected":false},"excerpt":{"rendered":"<p>Em homenagem ao filho ilustre de Passo Fundo, Teixeirinha, mais de 150 entidades tradicionalistas e campeiros de v\u00e1rios lugares do Brasil e do exterior est\u00e3o disputando R$ 129 mil em pr\u00eamios no XV Rodeio Internacional de Passo Fundo, aberto oficialmente neste s\u00e1bado.<\/p>\n","protected":false},"author":1,"featured_media":0,"comment_status":"open","ping_status":"open","sticky":false,"template":"","format":"standard","meta":{"footnotes":""},"categories":[],"tags":[],"class_list":["post-219","post","type-post","status-publish","format-standard","hentry"],"yoast_head":"<!-- This site is optimized with the Yoast SEO plugin v23.8 - https:\/\/yoast.com\/wordpress\/plugins\/seo\/ -->\n<title>Valoriza\u00e7\u00e3o da cultura ga\u00facha em dez dias de festa - Turismo<\/title>\n<meta name=\"robots\" content=\"index, follow, max-snippet:-1, max-image-preview:large, max-video-preview:-1\" \/>\n<link rel=\"canonical\" href=\"https:\/\/www.pmpf.rs.gov.br\/turismo\/2011\/02\/06\/valorizacao-da-cultura-gaucha-em-dez-dias-de-festa-832\/\" \/>\n<meta property=\"og:locale\" content=\"pt_BR\" \/>\n<meta property=\"og:type\" content=\"article\" \/>\n<meta property=\"og:title\" content=\"Valoriza\u00e7\u00e3o da cultura ga\u00facha em dez dias de festa - Turismo\" \/>\n<meta property=\"og:description\" content=\"Em homenagem ao filho ilustre de Passo Fundo, Teixeirinha, mais de 150 entidades tradicionalistas e campeiros de v\u00e1rios lugares do Brasil e do exterior est\u00e3o disputando R$ 129 mil em pr\u00eamios no XV Rodeio Internacional de Passo Fundo, aberto oficialmente neste s\u00e1bado.\" \/>\n<meta property=\"og:url\" content=\"https:\/\/www.pmpf.rs.gov.br\/turismo\/2011\/02\/06\/valorizacao-da-cultura-gaucha-em-dez-dias-de-festa-832\/\" \/>\n<meta property=\"og:site_name\" content=\"Turismo\" \/>\n<meta property=\"article:published_time\" content=\"2011-02-06T04:00:00+00:00\" \/>\n<meta name=\"author\" content=\"mosite\" \/>\n<meta name=\"twitter:card\" content=\"summary_large_image\" \/>\n<meta name=\"twitter:label1\" content=\"Escrito por\" \/>\n\t<meta name=\"twitter:data1\" content=\"mosite\" \/>\n\t<meta name=\"twitter:label2\" content=\"Est. tempo de leitura\" \/>\n\t<meta name=\"twitter:data2\" content=\"2 minutos\" \/>\n<script type=\"application\/ld+json\" class=\"yoast-schema-graph\">{\"@context\":\"https:\/\/schema.org\",\"@graph\":[{\"@type\":\"WebPage\",\"@id\":\"https:\/\/www.pmpf.rs.gov.br\/turismo\/2011\/02\/06\/valorizacao-da-cultura-gaucha-em-dez-dias-de-festa-832\/\",\"url\":\"https:\/\/www.pmpf.rs.gov.br\/turismo\/2011\/02\/06\/valorizacao-da-cultura-gaucha-em-dez-dias-de-festa-832\/\",\"name\":\"Valoriza\u00e7\u00e3o da cultura ga\u00facha em dez dias de festa - Turismo\",\"isPartOf\":{\"@id\":\"https:\/\/www.pmpf.rs.gov.br\/turismo\/#website\"},\"datePublished\":\"2011-02-06T04:00:00+00:00\",\"dateModified\":\"2011-02-06T04:00:00+00:00\",\"author\":{\"@id\":\"https:\/\/www.pmpf.rs.gov.br\/turismo\/#\/schema\/person\/0c355b0fa68a7aa986c8594f7a60a2d7\"},\"breadcrumb\":{\"@id\":\"https:\/\/www.pmpf.rs.gov.br\/turismo\/2011\/02\/06\/valorizacao-da-cultura-gaucha-em-dez-dias-de-festa-832\/#breadcrumb\"},\"inLanguage\":\"pt-BR\",\"potentialAction\":[{\"@type\":\"ReadAction\",\"target\":[\"https:\/\/www.pmpf.rs.gov.br\/turismo\/2011\/02\/06\/valorizacao-da-cultura-gaucha-em-dez-dias-de-festa-832\/\"]}]},{\"@type\":\"BreadcrumbList\",\"@id\":\"https:\/\/www.pmpf.rs.gov.br\/turismo\/2011\/02\/06\/valorizacao-da-cultura-gaucha-em-dez-dias-de-festa-832\/#breadcrumb\",\"itemListElement\":[{\"@type\":\"ListItem\",\"position\":1,\"name\":\"In\u00edcio\",\"item\":\"https:\/\/www.pmpf.rs.gov.br\/turismo\/\"},{\"@type\":\"ListItem\",\"position\":2,\"name\":\"Valoriza\u00e7\u00e3o da cultura ga\u00facha em dez dias de festa\"}]},{\"@type\":\"WebSite\",\"@id\":\"https:\/\/www.pmpf.rs.gov.br\/turismo\/#website\",\"url\":\"https:\/\/www.pmpf.rs.gov.br\/turismo\/\",\"name\":\"Turismo\",\"description\":\"Descubra Passo Fundo\",\"potentialAction\":[{\"@type\":\"SearchAction\",\"target\":{\"@type\":\"EntryPoint\",\"urlTemplate\":\"https:\/\/www.pmpf.rs.gov.br\/turismo\/?s={search_term_string}\"},\"query-input\":{\"@type\":\"PropertyValueSpecification\",\"valueRequired\":true,\"valueName\":\"search_term_string\"}}],\"inLanguage\":\"pt-BR\"},{\"@type\":\"Person\",\"@id\":\"https:\/\/www.pmpf.rs.gov.br\/turismo\/#\/schema\/person\/0c355b0fa68a7aa986c8594f7a60a2d7\",\"name\":\"mosite\",\"image\":{\"@type\":\"ImageObject\",\"inLanguage\":\"pt-BR\",\"@id\":\"https:\/\/www.pmpf.rs.gov.br\/turismo\/#\/schema\/person\/image\/\",\"url\":\"https:\/\/secure.gravatar.com\/avatar\/63d72595d6cecfe12bd8a94829d5a26c?s=96&d=mm&r=g\",\"contentUrl\":\"https:\/\/secure.gravatar.com\/avatar\/63d72595d6cecfe12bd8a94829d5a26c?s=96&d=mm&r=g\",\"caption\":\"mosite\"},\"sameAs\":[\"http:\/\/example.com\"],\"url\":\"https:\/\/www.pmpf.rs.gov.br\/turismo\/author\/mosite\/\"}]}<\/script>\n<!-- \/ Yoast SEO plugin. -->","yoast_head_json":{"title":"Valoriza\u00e7\u00e3o da cultura ga\u00facha em dez dias de festa - Turismo","robots":{"index":"index","follow":"follow","max-snippet":"max-snippet:-1","max-image-preview":"max-image-preview:large","max-video-preview":"max-video-preview:-1"},"canonical":"https:\/\/www.pmpf.rs.gov.br\/turismo\/2011\/02\/06\/valorizacao-da-cultura-gaucha-em-dez-dias-de-festa-832\/","og_locale":"pt_BR","og_type":"article","og_title":"Valoriza\u00e7\u00e3o da cultura ga\u00facha em dez dias de festa - Turismo","og_description":"Em homenagem ao filho ilustre de Passo Fundo, Teixeirinha, mais de 150 entidades tradicionalistas e campeiros de v\u00e1rios lugares do Brasil e do exterior est\u00e3o disputando R$ 129 mil em pr\u00eamios no XV Rodeio Internacional de Passo Fundo, aberto oficialmente neste s\u00e1bado.","og_url":"https:\/\/www.pmpf.rs.gov.br\/turismo\/2011\/02\/06\/valorizacao-da-cultura-gaucha-em-dez-dias-de-festa-832\/","og_site_name":"Turismo","article_published_time":"2011-02-06T04:00:00+00:00","author":"mosite","twitter_card":"summary_large_image","twitter_misc":{"Escrito por":"mosite","Est. tempo de leitura":"2 minutos"},"schema":{"@context":"https:\/\/schema.org","@graph":[{"@type":"WebPage","@id":"https:\/\/www.pmpf.rs.gov.br\/turismo\/2011\/02\/06\/valorizacao-da-cultura-gaucha-em-dez-dias-de-festa-832\/","url":"https:\/\/www.pmpf.rs.gov.br\/turismo\/2011\/02\/06\/valorizacao-da-cultura-gaucha-em-dez-dias-de-festa-832\/","name":"Valoriza\u00e7\u00e3o da cultura ga\u00facha em dez dias de festa - Turismo","isPartOf":{"@id":"https:\/\/www.pmpf.rs.gov.br\/turismo\/#website"},"datePublished":"2011-02-06T04:00:00+00:00","dateModified":"2011-02-06T04:00:00+00:00","author":{"@id":"https:\/\/www.pmpf.rs.gov.br\/turismo\/#\/schema\/person\/0c355b0fa68a7aa986c8594f7a60a2d7"},"breadcrumb":{"@id":"https:\/\/www.pmpf.rs.gov.br\/turismo\/2011\/02\/06\/valorizacao-da-cultura-gaucha-em-dez-dias-de-festa-832\/#breadcrumb"},"inLanguage":"pt-BR","potentialAction":[{"@type":"ReadAction","target":["https:\/\/www.pmpf.rs.gov.br\/turismo\/2011\/02\/06\/valorizacao-da-cultura-gaucha-em-dez-dias-de-festa-832\/"]}]},{"@type":"BreadcrumbList","@id":"https:\/\/www.pmpf.rs.gov.br\/turismo\/2011\/02\/06\/valorizacao-da-cultura-gaucha-em-dez-dias-de-festa-832\/#breadcrumb","itemListElement":[{"@type":"ListItem","position":1,"name":"In\u00edcio","item":"https:\/\/www.pmpf.rs.gov.br\/turismo\/"},{"@type":"ListItem","position":2,"name":"Valoriza\u00e7\u00e3o da cultura ga\u00facha em dez dias de festa"}]},{"@type":"WebSite","@id":"https:\/\/www.pmpf.rs.gov.br\/turismo\/#website","url":"https:\/\/www.pmpf.rs.gov.br\/turismo\/","name":"Turismo","description":"Descubra Passo Fundo","potentialAction":[{"@type":"SearchAction","target":{"@type":"EntryPoint","urlTemplate":"https:\/\/www.pmpf.rs.gov.br\/turismo\/?s={search_term_string}"},"query-input":{"@type":"PropertyValueSpecification","valueRequired":true,"valueName":"search_term_string"}}],"inLanguage":"pt-BR"},{"@type":"Person","@id":"https:\/\/www.pmpf.rs.gov.br\/turismo\/#\/schema\/person\/0c355b0fa68a7aa986c8594f7a60a2d7","name":"mosite","image":{"@type":"ImageObject","inLanguage":"pt-BR","@id":"https:\/\/www.pmpf.rs.gov.br\/turismo\/#\/schema\/person\/image\/","url":"https:\/\/secure.gravatar.com\/avatar\/63d72595d6cecfe12bd8a94829d5a26c?s=96&d=mm&r=g","contentUrl":"https:\/\/secure.gravatar.com\/avatar\/63d72595d6cecfe12bd8a94829d5a26c?s=96&d=mm&r=g","caption":"mosite"},"sameAs":["http:\/\/example.com"],"url":"https:\/\/www.pmpf.rs.gov.br\/turismo\/author\/mosite\/"}]}},"_links":{"self":[{"href":"https:\/\/www.pmpf.rs.gov.br\/turismo\/wp-json\/wp\/v2\/posts\/219"}],"collection":[{"href":"https:\/\/www.pmpf.rs.gov.br\/turismo\/wp-json\/wp\/v2\/posts"}],"about":[{"href":"https:\/\/www.pmpf.rs.gov.br\/turismo\/wp-json\/wp\/v2\/types\/post"}],"author":[{"embeddable":true,"href":"https:\/\/www.pmpf.rs.gov.br\/turismo\/wp-json\/wp\/v2\/users\/1"}],"replies":[{"embeddable":true,"href":"https:\/\/www.pmpf.rs.gov.br\/turismo\/wp-json\/wp\/v2\/comments?post=219"}],"version-history":[{"count":0,"href":"https:\/\/www.pmpf.rs.gov.br\/turismo\/wp-json\/wp\/v2\/posts\/219\/revisions"}],"wp:attachment":[{"href":"https:\/\/www.pmpf.rs.gov.br\/turismo\/wp-json\/wp\/v2\/media?parent=219"}],"wp:term":[{"taxonomy":"category","embeddable":true,"href":"https:\/\/www.pmpf.rs.gov.br\/turismo\/wp-json\/wp\/v2\/categories?post=219"},{"taxonomy":"post_tag","embeddable":true,"href":"https:\/\/www.pmpf.rs.gov.br\/turismo\/wp-json\/wp\/v2\/tags?post=219"}],"curies":[{"name":"wp","href":"https:\/\/api.w.org\/{rel}","templated":true}]}}