{"id":217,"date":"2011-02-14T02:00:00","date_gmt":"2011-02-14T04:00:00","guid":{"rendered":"https:\/\/www.pmpf.rs.gov.br\/turismo\/2011\/02\/14\/invernada-adulta-do-lalau-miranda-e-a-grande-vencedora-do-xv-rodeio-910\/"},"modified":"2011-02-14T02:00:00","modified_gmt":"2011-02-14T04:00:00","slug":"invernada-adulta-do-lalau-miranda-e-a-grande-vencedora-do-xv-rodeio-910","status":"publish","type":"post","link":"https:\/\/www.pmpf.rs.gov.br\/turismo\/2011\/02\/14\/invernada-adulta-do-lalau-miranda-e-a-grande-vencedora-do-xv-rodeio-910\/","title":{"rendered":"Invernada Adulta do Lalau Miranda \u00e9 a grande vencedora do XV Rodeio"},"content":{"rendered":"<p><span style=\"\"><\/span><span style=\"\">Sob forte chuva, o p\u00fablico presente lotou a \u00e1rea coberta em frente ao palco principal do XV Rodeio Internacional de Passo Fundo para prestigiar os vencedores das competi\u00e7\u00f5es art\u00edsticas. Durante os 10 dias de Rodeio circularam pelo parque mais de 55 mil pessoas e cerca de 170 entidades estiveram inscritas nas provas campeiras e art\u00edsticas.<\/span><br style=\"\" \/><span style=\"\">O vice-prefeito Ren\u00e9 Cecconello disse que \u201cisto sirva de fa\u00e7anha e de modelo a toda terra\u201d, disse referindo-se ao belo espet\u00e1culo que por 10 dias desenvolveu-se no Parque da Rosel\u00e2ndia, e que segundo ele nem o mau tempo tirou o brilho do evento. Na oportunidade convidou a todos os presentes para que daqui a dois anos estejam outra vez presentes no Parque de Rodeio, na XVI edi\u00e7\u00e3o.<\/span><br style=\"\" \/><span style=\"\">Os ganhadores nas 28 categorias concorrentes foram premiados com trof\u00e9us de primeiro, segundo e terceiros lugares. O CTG Lalau Miranda foi o grande vencedor na categoria Dan\u00e7as Tradicionais Adultos.<\/span><br style=\"\" \/><span style=\"\">Aos gritos de \u00e9 bi \u2013 foi o segundo ano consecutivo que recebem esta premia\u00e7\u00e3o em Passo Fundo \u2013 subiram ao palco e festejaram em grande confraterniza\u00e7\u00e3o entre o grupo e o grande p\u00fablico.<\/span><br style=\"\" \/><span style=\"\">Para o Patr\u00e3o do CTG vencedor, Rog\u00e9rio Rezende, o sucesso da invernada, deve-se ao trabalho desenvolvido pela entidade. Disse que recebia a premia\u00e7\u00e3o com muita satisfa\u00e7\u00e3o por defender o nome do Lalau\u00a0 e pelo prest\u00edgio que isto representa junto a 7\u00aa Regi\u00e3o Tradicionalista, \u201cvamos comemorar e agradecer a bel\u00edssima premia\u00e7\u00e3o\u201d. O CTG Lalau Miranda foi premiado em outras sete categorias. Rezende destacou tamb\u00e9m que o Rodeio de Passo Fundo est\u00e1 entre os primeiros do Estado em n\u00edvel cultural. <\/span><br style=\"\" \/><span style=\"\">Os grandes vencedores do XV Rodeio: Solista Vocal Prendinha, Giulia Silva de Andrade, CTG Est\u00e2ncia do Sapucaia, Sapucaia do Sul\/RS; Solista Vocal Prenda Juvenil, Vict\u00f3ria Passos, CTG Est\u00e2ncia do Sapucaia, de Sapucaia do Sul\/RS; Solista Vocal Prenda, Fl\u00e1via S. Nogueira, CTG Gildo de Freitas, Porto Alegre\/RS; Solista Vocal Pi\u00e1, Gustavo Oliveira da Silva, CPCG Gerciliano Alves de Oliveira, Canoas\/RS; Solista Vocal Guri, Patrick Antunes, CTG Os\u00f3rio Porto, Passo Fundo\/RS; Solista Vocal Pe\u00e3o, Caique Mello, DP Quer\u00eancia das Dores, Santa Maria\/RS ; Dan\u00e7as\u00a0 Ga\u00fachas de Sal\u00e3o Mirim, Luan Huppes e Caroline de Castilhos Zanchet, CTG Lalau Miranda, Passo Fundo\/RS; Dan\u00e7as Ga\u00fachas de Sal\u00e3o Juvenil, William Andrade, Grupo Tebanos do Iga\u00ed, Passo Fundo\/RS; Dan\u00e7as Ga\u00fachas de Sal\u00e3o Adulto, Augusto Zancanaro Trentin e Cristiane Stocco, CTG Lalau Miranda, Passo Fundo; Declama\u00e7\u00e3o Prenda, Andr\u00e9a Eloi, CTG Rinc\u00e3o das Coxilhas, Teut\u00f4nia\/RS; Declama\u00e7\u00e3o Prenda Juvenil, Bruna da Silveira Silveira, CTG Tiaraj\u00fa, Porto Alegre\/RS; Declama\u00e7\u00e3o Prendinha, Carolina da Silva dos Santos, CTG Patrulha do Rio Grande, Santo Ant\u00f4nio da Patrulha\/RS; Declama\u00e7\u00e3o Pe\u00e3o, Valemar Camargo, CTG M Boror\u00e9, Campo Bom\/RS; Declama\u00e7\u00e3o Guri,William Andrade, Grupo Tebanos do Iga\u00ed, Passo Fundo\/RS; Declama\u00e7\u00e3o Pi\u00e1, Gustavo Silva Santos, GTCN Velha Carreta, Caxias do Sul\/RS; Gaita de Bot\u00e3o Prenda Mais de 8 Baixos, Tha\u00eds de Menezes Ferreira, CTG Est\u00e2ncia Colorada, Cascavel\/PR; Gaita de Bot\u00e3o Pe\u00e3o At\u00e9 8 Baixos, Luidhi Moro Muller, CTG Sinuelo, Caxias do Sul\/RS; Gaita de Bot\u00e3o Pi\u00e1 Mais de 8 Baixos, Gustavo da Silva Gomes, CTG Rodeio da Saudade, Cruz Alta\/RS; Gaita de Bot\u00e3o Pi\u00e1 at\u00e9 8 Baixos, Henrique Isidoro Mota de Almeida, CTG Coxilha de Ronda, Santiago\/RS; Gaita Piano (Tecla) Pe\u00e3o, Felipe Campos Brito, CTG Sinuelo da Feitoria, S\u00e3o Leopoldo\/RS; Gaita Piano (Tecla) Pi\u00e1, \u00c9rico Vargas da Silva Junior, GAN Lagoa Vermelha, Vacaria\/RS; Chula Mirim, Leonardo Mois\u00e9s Silvano, CTG Rancho da Saudade, Cachoeirinha\/RS; Chula Juvenil, Lucas Brito Alves, CTG Lalau Miranda, Passo Fundo\/RS; Chula Adulto, Henrique Fraga, PL Timba\u00fava, Port\u00e3o \/RS; Dan\u00e7as Tradicionais Pr\u00e9 Mirim, CTG Lalau Miranda, Passo Fundo\/RS; Dan\u00e7as Tradicionais Veterano, CPF Pi\u00e1 do Sul, Santa Maria\/RS; Dan\u00e7as Tradicionais Mirim, CTG Quer\u00eancia da Serra, Cruz Alta\/RS; Dan\u00e7as Tradicionais Juvenil, CTG Patrulha do Rio Grande, Santo Ant\u00f4nio da Patrulha\/RS; Dan\u00e7as Tradicionais Adulto, CTG Lalau Miranda, Passo Fundo\/RS.<\/span><\/p>\n","protected":false},"excerpt":{"rendered":"<p>Sob forte chuva, o p\u00fablico presente lotou a \u00e1rea coberta em frente ao palco principal do XV Rodeio Internacional de Passo Fundo para prestigiar os vencedores das competi\u00e7\u00f5es art\u00edsticas. Durante os 10 dias de Rodeio circularam pelo parque mais de 55 mil pessoas e cerca de 170 entidades estiveram inscritas nas provas campeiras e art\u00edsticas.<\/p>\n","protected":false},"author":1,"featured_media":218,"comment_status":"open","ping_status":"open","sticky":false,"template":"","format":"standard","meta":{"footnotes":""},"categories":[],"tags":[],"class_list":["post-217","post","type-post","status-publish","format-standard","has-post-thumbnail","hentry"],"yoast_head":"<!-- This site is optimized with the Yoast SEO plugin v23.8 - https:\/\/yoast.com\/wordpress\/plugins\/seo\/ -->\n<title>Invernada Adulta do Lalau Miranda \u00e9 a grande vencedora do XV Rodeio - Turismo<\/title>\n<meta name=\"robots\" content=\"index, follow, max-snippet:-1, max-image-preview:large, max-video-preview:-1\" \/>\n<link rel=\"canonical\" href=\"https:\/\/www.pmpf.rs.gov.br\/turismo\/2011\/02\/14\/invernada-adulta-do-lalau-miranda-e-a-grande-vencedora-do-xv-rodeio-910\/\" \/>\n<meta property=\"og:locale\" content=\"pt_BR\" \/>\n<meta property=\"og:type\" content=\"article\" \/>\n<meta property=\"og:title\" content=\"Invernada Adulta do Lalau Miranda \u00e9 a grande vencedora do XV Rodeio - Turismo\" \/>\n<meta property=\"og:description\" content=\"Sob forte chuva, o p\u00fablico presente lotou a \u00e1rea coberta em frente ao palco principal do XV Rodeio Internacional de Passo Fundo para prestigiar os vencedores das competi\u00e7\u00f5es art\u00edsticas. Durante os 10 dias de Rodeio circularam pelo parque mais de 55 mil pessoas e cerca de 170 entidades estiveram inscritas nas provas campeiras e art\u00edsticas.\" \/>\n<meta property=\"og:url\" content=\"https:\/\/www.pmpf.rs.gov.br\/turismo\/2011\/02\/14\/invernada-adulta-do-lalau-miranda-e-a-grande-vencedora-do-xv-rodeio-910\/\" \/>\n<meta property=\"og:site_name\" content=\"Turismo\" \/>\n<meta property=\"article:published_time\" content=\"2011-02-14T04:00:00+00:00\" \/>\n<meta property=\"og:image\" content=\"https:\/\/www.pmpf.rs.gov.br\/turismo\/wp-content\/uploads\/sites\/51\/2021\/12\/I2013-05-07_062655_c7776.jpg\" \/>\n\t<meta property=\"og:image:width\" content=\"640\" \/>\n\t<meta property=\"og:image:height\" content=\"427\" \/>\n\t<meta property=\"og:image:type\" content=\"image\/jpeg\" \/>\n<meta name=\"author\" content=\"mosite\" \/>\n<meta name=\"twitter:card\" content=\"summary_large_image\" \/>\n<meta name=\"twitter:label1\" content=\"Escrito por\" \/>\n\t<meta name=\"twitter:data1\" content=\"mosite\" \/>\n\t<meta name=\"twitter:label2\" content=\"Est. tempo de leitura\" \/>\n\t<meta name=\"twitter:data2\" content=\"4 minutos\" \/>\n<script type=\"application\/ld+json\" class=\"yoast-schema-graph\">{\"@context\":\"https:\/\/schema.org\",\"@graph\":[{\"@type\":\"WebPage\",\"@id\":\"https:\/\/www.pmpf.rs.gov.br\/turismo\/2011\/02\/14\/invernada-adulta-do-lalau-miranda-e-a-grande-vencedora-do-xv-rodeio-910\/\",\"url\":\"https:\/\/www.pmpf.rs.gov.br\/turismo\/2011\/02\/14\/invernada-adulta-do-lalau-miranda-e-a-grande-vencedora-do-xv-rodeio-910\/\",\"name\":\"Invernada Adulta do Lalau Miranda \u00e9 a grande vencedora do XV Rodeio - Turismo\",\"isPartOf\":{\"@id\":\"https:\/\/www.pmpf.rs.gov.br\/turismo\/#website\"},\"primaryImageOfPage\":{\"@id\":\"https:\/\/www.pmpf.rs.gov.br\/turismo\/2011\/02\/14\/invernada-adulta-do-lalau-miranda-e-a-grande-vencedora-do-xv-rodeio-910\/#primaryimage\"},\"image\":{\"@id\":\"https:\/\/www.pmpf.rs.gov.br\/turismo\/2011\/02\/14\/invernada-adulta-do-lalau-miranda-e-a-grande-vencedora-do-xv-rodeio-910\/#primaryimage\"},\"thumbnailUrl\":\"https:\/\/www.pmpf.rs.gov.br\/turismo\/wp-content\/uploads\/sites\/51\/2021\/12\/I2013-05-07_062655_c7776.jpg\",\"datePublished\":\"2011-02-14T04:00:00+00:00\",\"dateModified\":\"2011-02-14T04:00:00+00:00\",\"author\":{\"@id\":\"https:\/\/www.pmpf.rs.gov.br\/turismo\/#\/schema\/person\/0c355b0fa68a7aa986c8594f7a60a2d7\"},\"breadcrumb\":{\"@id\":\"https:\/\/www.pmpf.rs.gov.br\/turismo\/2011\/02\/14\/invernada-adulta-do-lalau-miranda-e-a-grande-vencedora-do-xv-rodeio-910\/#breadcrumb\"},\"inLanguage\":\"pt-BR\",\"potentialAction\":[{\"@type\":\"ReadAction\",\"target\":[\"https:\/\/www.pmpf.rs.gov.br\/turismo\/2011\/02\/14\/invernada-adulta-do-lalau-miranda-e-a-grande-vencedora-do-xv-rodeio-910\/\"]}]},{\"@type\":\"ImageObject\",\"inLanguage\":\"pt-BR\",\"@id\":\"https:\/\/www.pmpf.rs.gov.br\/turismo\/2011\/02\/14\/invernada-adulta-do-lalau-miranda-e-a-grande-vencedora-do-xv-rodeio-910\/#primaryimage\",\"url\":\"https:\/\/www.pmpf.rs.gov.br\/turismo\/wp-content\/uploads\/sites\/51\/2021\/12\/I2013-05-07_062655_c7776.jpg\",\"contentUrl\":\"https:\/\/www.pmpf.rs.gov.br\/turismo\/wp-content\/uploads\/sites\/51\/2021\/12\/I2013-05-07_062655_c7776.jpg\",\"width\":640,\"height\":427},{\"@type\":\"BreadcrumbList\",\"@id\":\"https:\/\/www.pmpf.rs.gov.br\/turismo\/2011\/02\/14\/invernada-adulta-do-lalau-miranda-e-a-grande-vencedora-do-xv-rodeio-910\/#breadcrumb\",\"itemListElement\":[{\"@type\":\"ListItem\",\"position\":1,\"name\":\"In\u00edcio\",\"item\":\"https:\/\/www.pmpf.rs.gov.br\/turismo\/\"},{\"@type\":\"ListItem\",\"position\":2,\"name\":\"Invernada Adulta do Lalau Miranda \u00e9 a grande vencedora do XV Rodeio\"}]},{\"@type\":\"WebSite\",\"@id\":\"https:\/\/www.pmpf.rs.gov.br\/turismo\/#website\",\"url\":\"https:\/\/www.pmpf.rs.gov.br\/turismo\/\",\"name\":\"Turismo\",\"description\":\"Descubra Passo Fundo\",\"potentialAction\":[{\"@type\":\"SearchAction\",\"target\":{\"@type\":\"EntryPoint\",\"urlTemplate\":\"https:\/\/www.pmpf.rs.gov.br\/turismo\/?s={search_term_string}\"},\"query-input\":{\"@type\":\"PropertyValueSpecification\",\"valueRequired\":true,\"valueName\":\"search_term_string\"}}],\"inLanguage\":\"pt-BR\"},{\"@type\":\"Person\",\"@id\":\"https:\/\/www.pmpf.rs.gov.br\/turismo\/#\/schema\/person\/0c355b0fa68a7aa986c8594f7a60a2d7\",\"name\":\"mosite\",\"image\":{\"@type\":\"ImageObject\",\"inLanguage\":\"pt-BR\",\"@id\":\"https:\/\/www.pmpf.rs.gov.br\/turismo\/#\/schema\/person\/image\/\",\"url\":\"https:\/\/secure.gravatar.com\/avatar\/63d72595d6cecfe12bd8a94829d5a26c?s=96&d=mm&r=g\",\"contentUrl\":\"https:\/\/secure.gravatar.com\/avatar\/63d72595d6cecfe12bd8a94829d5a26c?s=96&d=mm&r=g\",\"caption\":\"mosite\"},\"sameAs\":[\"http:\/\/example.com\"],\"url\":\"https:\/\/www.pmpf.rs.gov.br\/turismo\/author\/mosite\/\"}]}<\/script>\n<!-- \/ Yoast SEO plugin. -->","yoast_head_json":{"title":"Invernada Adulta do Lalau Miranda \u00e9 a grande vencedora do XV Rodeio - Turismo","robots":{"index":"index","follow":"follow","max-snippet":"max-snippet:-1","max-image-preview":"max-image-preview:large","max-video-preview":"max-video-preview:-1"},"canonical":"https:\/\/www.pmpf.rs.gov.br\/turismo\/2011\/02\/14\/invernada-adulta-do-lalau-miranda-e-a-grande-vencedora-do-xv-rodeio-910\/","og_locale":"pt_BR","og_type":"article","og_title":"Invernada Adulta do Lalau Miranda \u00e9 a grande vencedora do XV Rodeio - Turismo","og_description":"Sob forte chuva, o p\u00fablico presente lotou a \u00e1rea coberta em frente ao palco principal do XV Rodeio Internacional de Passo Fundo para prestigiar os vencedores das competi\u00e7\u00f5es art\u00edsticas. Durante os 10 dias de Rodeio circularam pelo parque mais de 55 mil pessoas e cerca de 170 entidades estiveram inscritas nas provas campeiras e art\u00edsticas.","og_url":"https:\/\/www.pmpf.rs.gov.br\/turismo\/2011\/02\/14\/invernada-adulta-do-lalau-miranda-e-a-grande-vencedora-do-xv-rodeio-910\/","og_site_name":"Turismo","article_published_time":"2011-02-14T04:00:00+00:00","og_image":[{"width":640,"height":427,"url":"https:\/\/www.pmpf.rs.gov.br\/turismo\/wp-content\/uploads\/sites\/51\/2021\/12\/I2013-05-07_062655_c7776.jpg","type":"image\/jpeg"}],"author":"mosite","twitter_card":"summary_large_image","twitter_misc":{"Escrito por":"mosite","Est. tempo de leitura":"4 minutos"},"schema":{"@context":"https:\/\/schema.org","@graph":[{"@type":"WebPage","@id":"https:\/\/www.pmpf.rs.gov.br\/turismo\/2011\/02\/14\/invernada-adulta-do-lalau-miranda-e-a-grande-vencedora-do-xv-rodeio-910\/","url":"https:\/\/www.pmpf.rs.gov.br\/turismo\/2011\/02\/14\/invernada-adulta-do-lalau-miranda-e-a-grande-vencedora-do-xv-rodeio-910\/","name":"Invernada Adulta do Lalau Miranda \u00e9 a grande vencedora do XV Rodeio - Turismo","isPartOf":{"@id":"https:\/\/www.pmpf.rs.gov.br\/turismo\/#website"},"primaryImageOfPage":{"@id":"https:\/\/www.pmpf.rs.gov.br\/turismo\/2011\/02\/14\/invernada-adulta-do-lalau-miranda-e-a-grande-vencedora-do-xv-rodeio-910\/#primaryimage"},"image":{"@id":"https:\/\/www.pmpf.rs.gov.br\/turismo\/2011\/02\/14\/invernada-adulta-do-lalau-miranda-e-a-grande-vencedora-do-xv-rodeio-910\/#primaryimage"},"thumbnailUrl":"https:\/\/www.pmpf.rs.gov.br\/turismo\/wp-content\/uploads\/sites\/51\/2021\/12\/I2013-05-07_062655_c7776.jpg","datePublished":"2011-02-14T04:00:00+00:00","dateModified":"2011-02-14T04:00:00+00:00","author":{"@id":"https:\/\/www.pmpf.rs.gov.br\/turismo\/#\/schema\/person\/0c355b0fa68a7aa986c8594f7a60a2d7"},"breadcrumb":{"@id":"https:\/\/www.pmpf.rs.gov.br\/turismo\/2011\/02\/14\/invernada-adulta-do-lalau-miranda-e-a-grande-vencedora-do-xv-rodeio-910\/#breadcrumb"},"inLanguage":"pt-BR","potentialAction":[{"@type":"ReadAction","target":["https:\/\/www.pmpf.rs.gov.br\/turismo\/2011\/02\/14\/invernada-adulta-do-lalau-miranda-e-a-grande-vencedora-do-xv-rodeio-910\/"]}]},{"@type":"ImageObject","inLanguage":"pt-BR","@id":"https:\/\/www.pmpf.rs.gov.br\/turismo\/2011\/02\/14\/invernada-adulta-do-lalau-miranda-e-a-grande-vencedora-do-xv-rodeio-910\/#primaryimage","url":"https:\/\/www.pmpf.rs.gov.br\/turismo\/wp-content\/uploads\/sites\/51\/2021\/12\/I2013-05-07_062655_c7776.jpg","contentUrl":"https:\/\/www.pmpf.rs.gov.br\/turismo\/wp-content\/uploads\/sites\/51\/2021\/12\/I2013-05-07_062655_c7776.jpg","width":640,"height":427},{"@type":"BreadcrumbList","@id":"https:\/\/www.pmpf.rs.gov.br\/turismo\/2011\/02\/14\/invernada-adulta-do-lalau-miranda-e-a-grande-vencedora-do-xv-rodeio-910\/#breadcrumb","itemListElement":[{"@type":"ListItem","position":1,"name":"In\u00edcio","item":"https:\/\/www.pmpf.rs.gov.br\/turismo\/"},{"@type":"ListItem","position":2,"name":"Invernada Adulta do Lalau Miranda \u00e9 a grande vencedora do XV Rodeio"}]},{"@type":"WebSite","@id":"https:\/\/www.pmpf.rs.gov.br\/turismo\/#website","url":"https:\/\/www.pmpf.rs.gov.br\/turismo\/","name":"Turismo","description":"Descubra Passo Fundo","potentialAction":[{"@type":"SearchAction","target":{"@type":"EntryPoint","urlTemplate":"https:\/\/www.pmpf.rs.gov.br\/turismo\/?s={search_term_string}"},"query-input":{"@type":"PropertyValueSpecification","valueRequired":true,"valueName":"search_term_string"}}],"inLanguage":"pt-BR"},{"@type":"Person","@id":"https:\/\/www.pmpf.rs.gov.br\/turismo\/#\/schema\/person\/0c355b0fa68a7aa986c8594f7a60a2d7","name":"mosite","image":{"@type":"ImageObject","inLanguage":"pt-BR","@id":"https:\/\/www.pmpf.rs.gov.br\/turismo\/#\/schema\/person\/image\/","url":"https:\/\/secure.gravatar.com\/avatar\/63d72595d6cecfe12bd8a94829d5a26c?s=96&d=mm&r=g","contentUrl":"https:\/\/secure.gravatar.com\/avatar\/63d72595d6cecfe12bd8a94829d5a26c?s=96&d=mm&r=g","caption":"mosite"},"sameAs":["http:\/\/example.com"],"url":"https:\/\/www.pmpf.rs.gov.br\/turismo\/author\/mosite\/"}]}},"_links":{"self":[{"href":"https:\/\/www.pmpf.rs.gov.br\/turismo\/wp-json\/wp\/v2\/posts\/217"}],"collection":[{"href":"https:\/\/www.pmpf.rs.gov.br\/turismo\/wp-json\/wp\/v2\/posts"}],"about":[{"href":"https:\/\/www.pmpf.rs.gov.br\/turismo\/wp-json\/wp\/v2\/types\/post"}],"author":[{"embeddable":true,"href":"https:\/\/www.pmpf.rs.gov.br\/turismo\/wp-json\/wp\/v2\/users\/1"}],"replies":[{"embeddable":true,"href":"https:\/\/www.pmpf.rs.gov.br\/turismo\/wp-json\/wp\/v2\/comments?post=217"}],"version-history":[{"count":0,"href":"https:\/\/www.pmpf.rs.gov.br\/turismo\/wp-json\/wp\/v2\/posts\/217\/revisions"}],"wp:featuredmedia":[{"embeddable":true,"href":"https:\/\/www.pmpf.rs.gov.br\/turismo\/wp-json\/wp\/v2\/media\/218"}],"wp:attachment":[{"href":"https:\/\/www.pmpf.rs.gov.br\/turismo\/wp-json\/wp\/v2\/media?parent=217"}],"wp:term":[{"taxonomy":"category","embeddable":true,"href":"https:\/\/www.pmpf.rs.gov.br\/turismo\/wp-json\/wp\/v2\/categories?post=217"},{"taxonomy":"post_tag","embeddable":true,"href":"https:\/\/www.pmpf.rs.gov.br\/turismo\/wp-json\/wp\/v2\/tags?post=217"}],"curies":[{"name":"wp","href":"https:\/\/api.w.org\/{rel}","templated":true}]}}