{"id":212,"date":"2011-06-30T03:00:00","date_gmt":"2011-06-30T06:00:00","guid":{"rendered":"https:\/\/www.pmpf.rs.gov.br\/turismo\/2011\/06\/30\/novo-calendario-de-eventos-do-municipio-ja-esta-circulando-1062\/"},"modified":"2011-06-30T03:00:00","modified_gmt":"2011-06-30T06:00:00","slug":"novo-calendario-de-eventos-do-municipio-ja-esta-circulando-1062","status":"publish","type":"post","link":"https:\/\/www.pmpf.rs.gov.br\/turismo\/2011\/06\/30\/novo-calendario-de-eventos-do-municipio-ja-esta-circulando-1062\/","title":{"rendered":"Novo Calend\u00e1rio de Eventos do munic\u00edpio j\u00e1 est\u00e1 circulando"},"content":{"rendered":"<div style=\"text-align: justify;\">J\u00e1 est\u00e1 sendo distribu\u00eddo pelo munic\u00edpio de Passo Fundo desde esta quarta-feira, o Calend\u00e1rio de Eventos da Prefeitura Municipal, 2\u00ba semestre de 2011. Ele foi elaborado pela Funda\u00e7\u00e3o Zoobot\u00e2ncia Cultural e de Turismo Rosel\u00e2ndia (Funzoctur), e cont\u00e9m informa\u00e7\u00f5es de 147 eventos de mais de 80 entidades p\u00fablicas e privadas.<br \/>De acordo com o diretor da Funda\u00e7\u00e3o, Ant\u00f4nio Augusto Reveillau, uma das novidades do material para este semestre s\u00e3o as datas comemorativas do munic\u00edpio de Passo Fundo, que segundo ele, muitas pessoas n\u00e3o sabem, como \u00e9 o caso da \u201cSemana Municipal de Conscientiza\u00e7\u00e3o dos Males do Fumo\u201d, que ocorre entre os dias 11 e 17 de outubro. Revilleau disse ainda, que al\u00e9m de variados eventos, como culturais, religiosos, tradicionalistas e esportivos, o calend\u00e1rio tr\u00e1s outras informa\u00e7\u00f5es \u00fateis e interessantes, como as rela\u00e7\u00f5es de pra\u00e7as, da rede hoteleira e de pr\u00e9dios que foram tombados.<br \/>Outra novidade segundo o diretor, \u00e9 uma atualiza\u00e7\u00e3o mensal de eventos, que ser\u00e1 enviada pela Funzoctur por e-mail \u00e0 uma lista de cerca de 5 mil contatos. Ele ressaltou que quem tiver interesse em receber essa atualiza\u00e7\u00e3o, deve escrever para o endere\u00e7o turismo@pmpf.rs.gov.br.<br \/>Mais informa\u00e7\u00f5es pelo telefone 30451415. A Funzoctur est\u00e1 localizada na Rua Moron, 1565, 9\u00ba andar do edif\u00edcio Kieling, salas 904\/906.<\/div>\n","protected":false},"excerpt":{"rendered":"<p>J\u00e1 est\u00e1 sendo distribu\u00eddo pelo munic\u00edpio de Passo Fundo desde esta quarta-feira, o Calend\u00e1rio de Eventos da Prefeitura Municipal, 2\u00ba semestre de 2011.<\/p>\n","protected":false},"author":1,"featured_media":0,"comment_status":"open","ping_status":"open","sticky":false,"template":"","format":"standard","meta":{"footnotes":""},"categories":[],"tags":[],"class_list":["post-212","post","type-post","status-publish","format-standard","hentry"],"yoast_head":"<!-- This site is optimized with the Yoast SEO plugin v23.8 - https:\/\/yoast.com\/wordpress\/plugins\/seo\/ -->\n<title>Novo Calend\u00e1rio de Eventos do munic\u00edpio j\u00e1 est\u00e1 circulando - Turismo<\/title>\n<meta name=\"robots\" content=\"index, follow, max-snippet:-1, max-image-preview:large, max-video-preview:-1\" \/>\n<link rel=\"canonical\" href=\"https:\/\/www.pmpf.rs.gov.br\/turismo\/2011\/06\/30\/novo-calendario-de-eventos-do-municipio-ja-esta-circulando-1062\/\" \/>\n<meta property=\"og:locale\" content=\"pt_BR\" \/>\n<meta property=\"og:type\" content=\"article\" \/>\n<meta property=\"og:title\" content=\"Novo Calend\u00e1rio de Eventos do munic\u00edpio j\u00e1 est\u00e1 circulando - Turismo\" \/>\n<meta property=\"og:description\" content=\"J\u00e1 est\u00e1 sendo distribu\u00eddo pelo munic\u00edpio de Passo Fundo desde esta quarta-feira, o Calend\u00e1rio de Eventos da Prefeitura Municipal, 2\u00ba semestre de 2011.\" \/>\n<meta property=\"og:url\" content=\"https:\/\/www.pmpf.rs.gov.br\/turismo\/2011\/06\/30\/novo-calendario-de-eventos-do-municipio-ja-esta-circulando-1062\/\" \/>\n<meta property=\"og:site_name\" content=\"Turismo\" \/>\n<meta property=\"article:published_time\" content=\"2011-06-30T06:00:00+00:00\" \/>\n<meta name=\"author\" content=\"mosite\" \/>\n<meta name=\"twitter:card\" content=\"summary_large_image\" \/>\n<meta name=\"twitter:label1\" content=\"Escrito por\" \/>\n\t<meta name=\"twitter:data1\" content=\"mosite\" \/>\n\t<meta name=\"twitter:label2\" content=\"Est. tempo de leitura\" \/>\n\t<meta name=\"twitter:data2\" content=\"1 minuto\" \/>\n<script type=\"application\/ld+json\" class=\"yoast-schema-graph\">{\"@context\":\"https:\/\/schema.org\",\"@graph\":[{\"@type\":\"WebPage\",\"@id\":\"https:\/\/www.pmpf.rs.gov.br\/turismo\/2011\/06\/30\/novo-calendario-de-eventos-do-municipio-ja-esta-circulando-1062\/\",\"url\":\"https:\/\/www.pmpf.rs.gov.br\/turismo\/2011\/06\/30\/novo-calendario-de-eventos-do-municipio-ja-esta-circulando-1062\/\",\"name\":\"Novo Calend\u00e1rio de Eventos do munic\u00edpio j\u00e1 est\u00e1 circulando - Turismo\",\"isPartOf\":{\"@id\":\"https:\/\/www.pmpf.rs.gov.br\/turismo\/#website\"},\"datePublished\":\"2011-06-30T06:00:00+00:00\",\"dateModified\":\"2011-06-30T06:00:00+00:00\",\"author\":{\"@id\":\"https:\/\/www.pmpf.rs.gov.br\/turismo\/#\/schema\/person\/0c355b0fa68a7aa986c8594f7a60a2d7\"},\"breadcrumb\":{\"@id\":\"https:\/\/www.pmpf.rs.gov.br\/turismo\/2011\/06\/30\/novo-calendario-de-eventos-do-municipio-ja-esta-circulando-1062\/#breadcrumb\"},\"inLanguage\":\"pt-BR\",\"potentialAction\":[{\"@type\":\"ReadAction\",\"target\":[\"https:\/\/www.pmpf.rs.gov.br\/turismo\/2011\/06\/30\/novo-calendario-de-eventos-do-municipio-ja-esta-circulando-1062\/\"]}]},{\"@type\":\"BreadcrumbList\",\"@id\":\"https:\/\/www.pmpf.rs.gov.br\/turismo\/2011\/06\/30\/novo-calendario-de-eventos-do-municipio-ja-esta-circulando-1062\/#breadcrumb\",\"itemListElement\":[{\"@type\":\"ListItem\",\"position\":1,\"name\":\"In\u00edcio\",\"item\":\"https:\/\/www.pmpf.rs.gov.br\/turismo\/\"},{\"@type\":\"ListItem\",\"position\":2,\"name\":\"Novo Calend\u00e1rio de Eventos do munic\u00edpio j\u00e1 est\u00e1 circulando\"}]},{\"@type\":\"WebSite\",\"@id\":\"https:\/\/www.pmpf.rs.gov.br\/turismo\/#website\",\"url\":\"https:\/\/www.pmpf.rs.gov.br\/turismo\/\",\"name\":\"Turismo\",\"description\":\"Descubra Passo Fundo\",\"potentialAction\":[{\"@type\":\"SearchAction\",\"target\":{\"@type\":\"EntryPoint\",\"urlTemplate\":\"https:\/\/www.pmpf.rs.gov.br\/turismo\/?s={search_term_string}\"},\"query-input\":{\"@type\":\"PropertyValueSpecification\",\"valueRequired\":true,\"valueName\":\"search_term_string\"}}],\"inLanguage\":\"pt-BR\"},{\"@type\":\"Person\",\"@id\":\"https:\/\/www.pmpf.rs.gov.br\/turismo\/#\/schema\/person\/0c355b0fa68a7aa986c8594f7a60a2d7\",\"name\":\"mosite\",\"image\":{\"@type\":\"ImageObject\",\"inLanguage\":\"pt-BR\",\"@id\":\"https:\/\/www.pmpf.rs.gov.br\/turismo\/#\/schema\/person\/image\/\",\"url\":\"https:\/\/secure.gravatar.com\/avatar\/63d72595d6cecfe12bd8a94829d5a26c?s=96&d=mm&r=g\",\"contentUrl\":\"https:\/\/secure.gravatar.com\/avatar\/63d72595d6cecfe12bd8a94829d5a26c?s=96&d=mm&r=g\",\"caption\":\"mosite\"},\"sameAs\":[\"http:\/\/example.com\"],\"url\":\"https:\/\/www.pmpf.rs.gov.br\/turismo\/author\/mosite\/\"}]}<\/script>\n<!-- \/ Yoast SEO plugin. -->","yoast_head_json":{"title":"Novo Calend\u00e1rio de Eventos do munic\u00edpio j\u00e1 est\u00e1 circulando - Turismo","robots":{"index":"index","follow":"follow","max-snippet":"max-snippet:-1","max-image-preview":"max-image-preview:large","max-video-preview":"max-video-preview:-1"},"canonical":"https:\/\/www.pmpf.rs.gov.br\/turismo\/2011\/06\/30\/novo-calendario-de-eventos-do-municipio-ja-esta-circulando-1062\/","og_locale":"pt_BR","og_type":"article","og_title":"Novo Calend\u00e1rio de Eventos do munic\u00edpio j\u00e1 est\u00e1 circulando - Turismo","og_description":"J\u00e1 est\u00e1 sendo distribu\u00eddo pelo munic\u00edpio de Passo Fundo desde esta quarta-feira, o Calend\u00e1rio de Eventos da Prefeitura Municipal, 2\u00ba semestre de 2011.","og_url":"https:\/\/www.pmpf.rs.gov.br\/turismo\/2011\/06\/30\/novo-calendario-de-eventos-do-municipio-ja-esta-circulando-1062\/","og_site_name":"Turismo","article_published_time":"2011-06-30T06:00:00+00:00","author":"mosite","twitter_card":"summary_large_image","twitter_misc":{"Escrito por":"mosite","Est. tempo de leitura":"1 minuto"},"schema":{"@context":"https:\/\/schema.org","@graph":[{"@type":"WebPage","@id":"https:\/\/www.pmpf.rs.gov.br\/turismo\/2011\/06\/30\/novo-calendario-de-eventos-do-municipio-ja-esta-circulando-1062\/","url":"https:\/\/www.pmpf.rs.gov.br\/turismo\/2011\/06\/30\/novo-calendario-de-eventos-do-municipio-ja-esta-circulando-1062\/","name":"Novo Calend\u00e1rio de Eventos do munic\u00edpio j\u00e1 est\u00e1 circulando - Turismo","isPartOf":{"@id":"https:\/\/www.pmpf.rs.gov.br\/turismo\/#website"},"datePublished":"2011-06-30T06:00:00+00:00","dateModified":"2011-06-30T06:00:00+00:00","author":{"@id":"https:\/\/www.pmpf.rs.gov.br\/turismo\/#\/schema\/person\/0c355b0fa68a7aa986c8594f7a60a2d7"},"breadcrumb":{"@id":"https:\/\/www.pmpf.rs.gov.br\/turismo\/2011\/06\/30\/novo-calendario-de-eventos-do-municipio-ja-esta-circulando-1062\/#breadcrumb"},"inLanguage":"pt-BR","potentialAction":[{"@type":"ReadAction","target":["https:\/\/www.pmpf.rs.gov.br\/turismo\/2011\/06\/30\/novo-calendario-de-eventos-do-municipio-ja-esta-circulando-1062\/"]}]},{"@type":"BreadcrumbList","@id":"https:\/\/www.pmpf.rs.gov.br\/turismo\/2011\/06\/30\/novo-calendario-de-eventos-do-municipio-ja-esta-circulando-1062\/#breadcrumb","itemListElement":[{"@type":"ListItem","position":1,"name":"In\u00edcio","item":"https:\/\/www.pmpf.rs.gov.br\/turismo\/"},{"@type":"ListItem","position":2,"name":"Novo Calend\u00e1rio de Eventos do munic\u00edpio j\u00e1 est\u00e1 circulando"}]},{"@type":"WebSite","@id":"https:\/\/www.pmpf.rs.gov.br\/turismo\/#website","url":"https:\/\/www.pmpf.rs.gov.br\/turismo\/","name":"Turismo","description":"Descubra Passo Fundo","potentialAction":[{"@type":"SearchAction","target":{"@type":"EntryPoint","urlTemplate":"https:\/\/www.pmpf.rs.gov.br\/turismo\/?s={search_term_string}"},"query-input":{"@type":"PropertyValueSpecification","valueRequired":true,"valueName":"search_term_string"}}],"inLanguage":"pt-BR"},{"@type":"Person","@id":"https:\/\/www.pmpf.rs.gov.br\/turismo\/#\/schema\/person\/0c355b0fa68a7aa986c8594f7a60a2d7","name":"mosite","image":{"@type":"ImageObject","inLanguage":"pt-BR","@id":"https:\/\/www.pmpf.rs.gov.br\/turismo\/#\/schema\/person\/image\/","url":"https:\/\/secure.gravatar.com\/avatar\/63d72595d6cecfe12bd8a94829d5a26c?s=96&d=mm&r=g","contentUrl":"https:\/\/secure.gravatar.com\/avatar\/63d72595d6cecfe12bd8a94829d5a26c?s=96&d=mm&r=g","caption":"mosite"},"sameAs":["http:\/\/example.com"],"url":"https:\/\/www.pmpf.rs.gov.br\/turismo\/author\/mosite\/"}]}},"_links":{"self":[{"href":"https:\/\/www.pmpf.rs.gov.br\/turismo\/wp-json\/wp\/v2\/posts\/212"}],"collection":[{"href":"https:\/\/www.pmpf.rs.gov.br\/turismo\/wp-json\/wp\/v2\/posts"}],"about":[{"href":"https:\/\/www.pmpf.rs.gov.br\/turismo\/wp-json\/wp\/v2\/types\/post"}],"author":[{"embeddable":true,"href":"https:\/\/www.pmpf.rs.gov.br\/turismo\/wp-json\/wp\/v2\/users\/1"}],"replies":[{"embeddable":true,"href":"https:\/\/www.pmpf.rs.gov.br\/turismo\/wp-json\/wp\/v2\/comments?post=212"}],"version-history":[{"count":0,"href":"https:\/\/www.pmpf.rs.gov.br\/turismo\/wp-json\/wp\/v2\/posts\/212\/revisions"}],"wp:attachment":[{"href":"https:\/\/www.pmpf.rs.gov.br\/turismo\/wp-json\/wp\/v2\/media?parent=212"}],"wp:term":[{"taxonomy":"category","embeddable":true,"href":"https:\/\/www.pmpf.rs.gov.br\/turismo\/wp-json\/wp\/v2\/categories?post=212"},{"taxonomy":"post_tag","embeddable":true,"href":"https:\/\/www.pmpf.rs.gov.br\/turismo\/wp-json\/wp\/v2\/tags?post=212"}],"curies":[{"name":"wp","href":"https:\/\/api.w.org\/{rel}","templated":true}]}}