{"id":210,"date":"2009-06-15T03:00:00","date_gmt":"2009-06-15T06:00:00","guid":{"rendered":"https:\/\/www.pmpf.rs.gov.br\/turismo\/2009\/06\/15\/prefeitura-realiza-investimento-no-parque-da-roselandia-1082\/"},"modified":"2009-06-15T03:00:00","modified_gmt":"2009-06-15T06:00:00","slug":"prefeitura-realiza-investimento-no-parque-da-roselandia-1082","status":"publish","type":"post","link":"https:\/\/www.pmpf.rs.gov.br\/turismo\/2009\/06\/15\/prefeitura-realiza-investimento-no-parque-da-roselandia-1082\/","title":{"rendered":"Prefeitura realiza investimento no Parque da Rosel\u00e2ndia"},"content":{"rendered":"<div style=\"text-align: justify;\">A Prefeitura Municipal de Passo Fundo, atrav\u00e9s da Funzoctur (Funda\u00e7\u00e3o Zoobot\u00e2nica, Cultural e de Turismo da Rosel\u00e2ndia), realizou nessa segunda-feira,\u00a0 a apresenta\u00e7\u00e3o do projeto de revitaliza\u00e7\u00e3o do Parque da Rosel\u00e2ndia. Entre as melhorias que ser\u00e3o realizadas est\u00e3o a constru\u00e7\u00e3o de arquibancadas cobertas, obras na churrascaria e no p\u00f3rtico do parque. A explana\u00e7\u00e3o aconteceu no escrit\u00f3rio da Funda\u00e7\u00e3o localizado no Parque.<br style=\"\" \/><br style=\"\" \/>O diretor-presidente da Funzoctur, Ant\u00f4nio Augusto Reveillau, explicou que as obras ser\u00e3o viabilizadas por uma verba de R$ 146 mil do Minist\u00e9rio do Turismo, conquistada por interm\u00e9dio de emenda parlamentar do deputado federal Beto Albuquerque. A Prefeitura participa com uma contrapartida de R$ 30 mil. O projeto j\u00e1 foi apresentado a Caixa Econ\u00f4mica Federal durante o m\u00eas de maio, e aguarda a libera\u00e7\u00e3o dos recursos ainda no m\u00eas de junho. Em seguida ser\u00e1 aberto o processo de licita\u00e7\u00e3o para a obra. Segundo Reveillau, a previs\u00e3o de entrega das melhorias \u00e0 comunidade \u00e9 para o final deste ano.<br style=\"\" \/><br style=\"\" \/>Entre as futuras obras, constam a constru\u00e7\u00e3o de mais dois m\u00f3dulos de arquibancada de concreto na pista de tiro de la\u00e7o, que inclusive ser\u00e3o cobertas com uma estrutura met\u00e1lica, onde j\u00e1 existe um m\u00f3dulo, que tamb\u00e9m ser\u00e1 coberto. \u201cUma reivindica\u00e7\u00e3o dos campeiros em fun\u00e7\u00e3o do sol. Segundo eles muitas pessoas n\u00e3o assistiam as provas por causa do calor. Este problema vai acabar, o p\u00fablico vai ter conforto\u201d, disse o diretor da funda\u00e7\u00e3o. Cerca de 2 mil pessoas ser\u00e3o acomodadas nesse local.<br style=\"\" \/><br style=\"\" \/>Tamb\u00e9m ser\u00e1 realizada uma ampla reforma na churrascaria do Parque da Rosel\u00e2ndia, localizada \u00e0 esquerda do p\u00f3rtico de entrada. Existem problemas nesse local, que foi constru\u00eddo ha cerca de 20 anos e nunca recebeu reparos, principalmente no telhado, al\u00e9m de quest\u00f5es internas, em que ser\u00e3o retirados pilares para deixar o espa\u00e7o amplo. O p\u00f3rtico de entrada ter\u00e1 interven\u00e7\u00f5es para solucionar problemas estruturais.<br style=\"\" \/><br style=\"\" \/>\u201cEstamos atendendo uma antiga reivindica\u00e7\u00e3o da comunidade para que sejam feitas melhorias no parque. Uma determina\u00e7\u00e3o do Governo Dipp, que valoriza o tradicionalismo\u201d, disse Reveillau. O Parque da Rosel\u00e2ndia recebe em m\u00e9dia todos os finais de semana de 1800 a 2000 mil pessoas de Passo Fundo e regi\u00e3o, para realiza\u00e7\u00e3o de atividades campeiras da 7\u00aa Regi\u00e3o Tradicionalista. <br style=\"\" \/><br style=\"\" \/>Ap\u00f3s a apresenta\u00e7\u00e3o do projeto, se iniciou o trabalho de arboriza\u00e7\u00e3o do parque em parceria com a Smam (Secretaria de Meio Ambiente). Foram plantadas 120 mudas de \u00e1rvores nativas ao redor da pista de tiro de la\u00e7o, e no espa\u00e7o existente entre ela e o local onde fica a pra\u00e7a de alimenta\u00e7\u00e3o em \u00e9poca de rodeio. No projeto de revitaliza\u00e7\u00e3o, tamb\u00e9m em parceria da Smam, est\u00e1 o ajardinamento do p\u00f3rtico de entrada e da pra\u00e7a localizada na entrada do Parque.<\/div>\n","protected":false},"excerpt":{"rendered":"<p>Prefeitura Municipal de Passo Fundo, atrav\u00e9s da Funzoctur (Funda\u00e7\u00e3o Zoobot\u00e2nica, Cultural e de Turismo da Rosel\u00e2ndia), realizou nessa segunda-feira,  a apresenta\u00e7\u00e3o do projeto de revitaliza\u00e7\u00e3o do Parque da Rosel\u00e2ndia.<\/p>\n","protected":false},"author":1,"featured_media":211,"comment_status":"open","ping_status":"open","sticky":false,"template":"","format":"standard","meta":{"footnotes":""},"categories":[],"tags":[],"class_list":["post-210","post","type-post","status-publish","format-standard","has-post-thumbnail","hentry"],"yoast_head":"<!-- This site is optimized with the Yoast SEO plugin v23.8 - https:\/\/yoast.com\/wordpress\/plugins\/seo\/ -->\n<title>Prefeitura realiza investimento no Parque da Rosel\u00e2ndia - Turismo<\/title>\n<meta name=\"robots\" content=\"index, follow, max-snippet:-1, max-image-preview:large, max-video-preview:-1\" \/>\n<link rel=\"canonical\" href=\"https:\/\/www.pmpf.rs.gov.br\/turismo\/2009\/06\/15\/prefeitura-realiza-investimento-no-parque-da-roselandia-1082\/\" \/>\n<meta property=\"og:locale\" content=\"pt_BR\" \/>\n<meta property=\"og:type\" content=\"article\" \/>\n<meta property=\"og:title\" content=\"Prefeitura realiza investimento no Parque da Rosel\u00e2ndia - Turismo\" \/>\n<meta property=\"og:description\" content=\"Prefeitura Municipal de Passo Fundo, atrav\u00e9s da Funzoctur (Funda\u00e7\u00e3o Zoobot\u00e2nica, Cultural e de Turismo da Rosel\u00e2ndia), realizou nessa segunda-feira, a apresenta\u00e7\u00e3o do projeto de revitaliza\u00e7\u00e3o do Parque da Rosel\u00e2ndia.\" \/>\n<meta property=\"og:url\" content=\"https:\/\/www.pmpf.rs.gov.br\/turismo\/2009\/06\/15\/prefeitura-realiza-investimento-no-parque-da-roselandia-1082\/\" \/>\n<meta property=\"og:site_name\" content=\"Turismo\" \/>\n<meta property=\"article:published_time\" content=\"2009-06-15T06:00:00+00:00\" \/>\n<meta property=\"og:image\" content=\"https:\/\/www.pmpf.rs.gov.br\/turismo\/wp-content\/uploads\/sites\/51\/2021\/12\/I2013-05-07_062656_c6391.jpg\" \/>\n\t<meta property=\"og:image:width\" content=\"467\" \/>\n\t<meta property=\"og:image:height\" content=\"337\" \/>\n\t<meta property=\"og:image:type\" content=\"image\/jpeg\" \/>\n<meta name=\"author\" content=\"mosite\" \/>\n<meta name=\"twitter:card\" content=\"summary_large_image\" \/>\n<meta name=\"twitter:label1\" content=\"Escrito por\" \/>\n\t<meta name=\"twitter:data1\" content=\"mosite\" \/>\n\t<meta name=\"twitter:label2\" content=\"Est. tempo de leitura\" \/>\n\t<meta name=\"twitter:data2\" content=\"2 minutos\" \/>\n<script type=\"application\/ld+json\" class=\"yoast-schema-graph\">{\"@context\":\"https:\/\/schema.org\",\"@graph\":[{\"@type\":\"WebPage\",\"@id\":\"https:\/\/www.pmpf.rs.gov.br\/turismo\/2009\/06\/15\/prefeitura-realiza-investimento-no-parque-da-roselandia-1082\/\",\"url\":\"https:\/\/www.pmpf.rs.gov.br\/turismo\/2009\/06\/15\/prefeitura-realiza-investimento-no-parque-da-roselandia-1082\/\",\"name\":\"Prefeitura realiza investimento no Parque da Rosel\u00e2ndia - Turismo\",\"isPartOf\":{\"@id\":\"https:\/\/www.pmpf.rs.gov.br\/turismo\/#website\"},\"primaryImageOfPage\":{\"@id\":\"https:\/\/www.pmpf.rs.gov.br\/turismo\/2009\/06\/15\/prefeitura-realiza-investimento-no-parque-da-roselandia-1082\/#primaryimage\"},\"image\":{\"@id\":\"https:\/\/www.pmpf.rs.gov.br\/turismo\/2009\/06\/15\/prefeitura-realiza-investimento-no-parque-da-roselandia-1082\/#primaryimage\"},\"thumbnailUrl\":\"https:\/\/www.pmpf.rs.gov.br\/turismo\/wp-content\/uploads\/sites\/51\/2021\/12\/I2013-05-07_062656_c6391.jpg\",\"datePublished\":\"2009-06-15T06:00:00+00:00\",\"dateModified\":\"2009-06-15T06:00:00+00:00\",\"author\":{\"@id\":\"https:\/\/www.pmpf.rs.gov.br\/turismo\/#\/schema\/person\/0c355b0fa68a7aa986c8594f7a60a2d7\"},\"breadcrumb\":{\"@id\":\"https:\/\/www.pmpf.rs.gov.br\/turismo\/2009\/06\/15\/prefeitura-realiza-investimento-no-parque-da-roselandia-1082\/#breadcrumb\"},\"inLanguage\":\"pt-BR\",\"potentialAction\":[{\"@type\":\"ReadAction\",\"target\":[\"https:\/\/www.pmpf.rs.gov.br\/turismo\/2009\/06\/15\/prefeitura-realiza-investimento-no-parque-da-roselandia-1082\/\"]}]},{\"@type\":\"ImageObject\",\"inLanguage\":\"pt-BR\",\"@id\":\"https:\/\/www.pmpf.rs.gov.br\/turismo\/2009\/06\/15\/prefeitura-realiza-investimento-no-parque-da-roselandia-1082\/#primaryimage\",\"url\":\"https:\/\/www.pmpf.rs.gov.br\/turismo\/wp-content\/uploads\/sites\/51\/2021\/12\/I2013-05-07_062656_c6391.jpg\",\"contentUrl\":\"https:\/\/www.pmpf.rs.gov.br\/turismo\/wp-content\/uploads\/sites\/51\/2021\/12\/I2013-05-07_062656_c6391.jpg\",\"width\":467,\"height\":337},{\"@type\":\"BreadcrumbList\",\"@id\":\"https:\/\/www.pmpf.rs.gov.br\/turismo\/2009\/06\/15\/prefeitura-realiza-investimento-no-parque-da-roselandia-1082\/#breadcrumb\",\"itemListElement\":[{\"@type\":\"ListItem\",\"position\":1,\"name\":\"In\u00edcio\",\"item\":\"https:\/\/www.pmpf.rs.gov.br\/turismo\/\"},{\"@type\":\"ListItem\",\"position\":2,\"name\":\"Prefeitura realiza investimento no Parque da Rosel\u00e2ndia\"}]},{\"@type\":\"WebSite\",\"@id\":\"https:\/\/www.pmpf.rs.gov.br\/turismo\/#website\",\"url\":\"https:\/\/www.pmpf.rs.gov.br\/turismo\/\",\"name\":\"Turismo\",\"description\":\"Descubra Passo Fundo\",\"potentialAction\":[{\"@type\":\"SearchAction\",\"target\":{\"@type\":\"EntryPoint\",\"urlTemplate\":\"https:\/\/www.pmpf.rs.gov.br\/turismo\/?s={search_term_string}\"},\"query-input\":{\"@type\":\"PropertyValueSpecification\",\"valueRequired\":true,\"valueName\":\"search_term_string\"}}],\"inLanguage\":\"pt-BR\"},{\"@type\":\"Person\",\"@id\":\"https:\/\/www.pmpf.rs.gov.br\/turismo\/#\/schema\/person\/0c355b0fa68a7aa986c8594f7a60a2d7\",\"name\":\"mosite\",\"image\":{\"@type\":\"ImageObject\",\"inLanguage\":\"pt-BR\",\"@id\":\"https:\/\/www.pmpf.rs.gov.br\/turismo\/#\/schema\/person\/image\/\",\"url\":\"https:\/\/secure.gravatar.com\/avatar\/63d72595d6cecfe12bd8a94829d5a26c?s=96&d=mm&r=g\",\"contentUrl\":\"https:\/\/secure.gravatar.com\/avatar\/63d72595d6cecfe12bd8a94829d5a26c?s=96&d=mm&r=g\",\"caption\":\"mosite\"},\"sameAs\":[\"http:\/\/example.com\"],\"url\":\"https:\/\/www.pmpf.rs.gov.br\/turismo\/author\/mosite\/\"}]}<\/script>\n<!-- \/ Yoast SEO plugin. -->","yoast_head_json":{"title":"Prefeitura realiza investimento no Parque da Rosel\u00e2ndia - Turismo","robots":{"index":"index","follow":"follow","max-snippet":"max-snippet:-1","max-image-preview":"max-image-preview:large","max-video-preview":"max-video-preview:-1"},"canonical":"https:\/\/www.pmpf.rs.gov.br\/turismo\/2009\/06\/15\/prefeitura-realiza-investimento-no-parque-da-roselandia-1082\/","og_locale":"pt_BR","og_type":"article","og_title":"Prefeitura realiza investimento no Parque da Rosel\u00e2ndia - Turismo","og_description":"Prefeitura Municipal de Passo Fundo, atrav\u00e9s da Funzoctur (Funda\u00e7\u00e3o Zoobot\u00e2nica, Cultural e de Turismo da Rosel\u00e2ndia), realizou nessa segunda-feira, a apresenta\u00e7\u00e3o do projeto de revitaliza\u00e7\u00e3o do Parque da Rosel\u00e2ndia.","og_url":"https:\/\/www.pmpf.rs.gov.br\/turismo\/2009\/06\/15\/prefeitura-realiza-investimento-no-parque-da-roselandia-1082\/","og_site_name":"Turismo","article_published_time":"2009-06-15T06:00:00+00:00","og_image":[{"width":467,"height":337,"url":"https:\/\/www.pmpf.rs.gov.br\/turismo\/wp-content\/uploads\/sites\/51\/2021\/12\/I2013-05-07_062656_c6391.jpg","type":"image\/jpeg"}],"author":"mosite","twitter_card":"summary_large_image","twitter_misc":{"Escrito por":"mosite","Est. tempo de leitura":"2 minutos"},"schema":{"@context":"https:\/\/schema.org","@graph":[{"@type":"WebPage","@id":"https:\/\/www.pmpf.rs.gov.br\/turismo\/2009\/06\/15\/prefeitura-realiza-investimento-no-parque-da-roselandia-1082\/","url":"https:\/\/www.pmpf.rs.gov.br\/turismo\/2009\/06\/15\/prefeitura-realiza-investimento-no-parque-da-roselandia-1082\/","name":"Prefeitura realiza investimento no Parque da Rosel\u00e2ndia - Turismo","isPartOf":{"@id":"https:\/\/www.pmpf.rs.gov.br\/turismo\/#website"},"primaryImageOfPage":{"@id":"https:\/\/www.pmpf.rs.gov.br\/turismo\/2009\/06\/15\/prefeitura-realiza-investimento-no-parque-da-roselandia-1082\/#primaryimage"},"image":{"@id":"https:\/\/www.pmpf.rs.gov.br\/turismo\/2009\/06\/15\/prefeitura-realiza-investimento-no-parque-da-roselandia-1082\/#primaryimage"},"thumbnailUrl":"https:\/\/www.pmpf.rs.gov.br\/turismo\/wp-content\/uploads\/sites\/51\/2021\/12\/I2013-05-07_062656_c6391.jpg","datePublished":"2009-06-15T06:00:00+00:00","dateModified":"2009-06-15T06:00:00+00:00","author":{"@id":"https:\/\/www.pmpf.rs.gov.br\/turismo\/#\/schema\/person\/0c355b0fa68a7aa986c8594f7a60a2d7"},"breadcrumb":{"@id":"https:\/\/www.pmpf.rs.gov.br\/turismo\/2009\/06\/15\/prefeitura-realiza-investimento-no-parque-da-roselandia-1082\/#breadcrumb"},"inLanguage":"pt-BR","potentialAction":[{"@type":"ReadAction","target":["https:\/\/www.pmpf.rs.gov.br\/turismo\/2009\/06\/15\/prefeitura-realiza-investimento-no-parque-da-roselandia-1082\/"]}]},{"@type":"ImageObject","inLanguage":"pt-BR","@id":"https:\/\/www.pmpf.rs.gov.br\/turismo\/2009\/06\/15\/prefeitura-realiza-investimento-no-parque-da-roselandia-1082\/#primaryimage","url":"https:\/\/www.pmpf.rs.gov.br\/turismo\/wp-content\/uploads\/sites\/51\/2021\/12\/I2013-05-07_062656_c6391.jpg","contentUrl":"https:\/\/www.pmpf.rs.gov.br\/turismo\/wp-content\/uploads\/sites\/51\/2021\/12\/I2013-05-07_062656_c6391.jpg","width":467,"height":337},{"@type":"BreadcrumbList","@id":"https:\/\/www.pmpf.rs.gov.br\/turismo\/2009\/06\/15\/prefeitura-realiza-investimento-no-parque-da-roselandia-1082\/#breadcrumb","itemListElement":[{"@type":"ListItem","position":1,"name":"In\u00edcio","item":"https:\/\/www.pmpf.rs.gov.br\/turismo\/"},{"@type":"ListItem","position":2,"name":"Prefeitura realiza investimento no Parque da Rosel\u00e2ndia"}]},{"@type":"WebSite","@id":"https:\/\/www.pmpf.rs.gov.br\/turismo\/#website","url":"https:\/\/www.pmpf.rs.gov.br\/turismo\/","name":"Turismo","description":"Descubra Passo Fundo","potentialAction":[{"@type":"SearchAction","target":{"@type":"EntryPoint","urlTemplate":"https:\/\/www.pmpf.rs.gov.br\/turismo\/?s={search_term_string}"},"query-input":{"@type":"PropertyValueSpecification","valueRequired":true,"valueName":"search_term_string"}}],"inLanguage":"pt-BR"},{"@type":"Person","@id":"https:\/\/www.pmpf.rs.gov.br\/turismo\/#\/schema\/person\/0c355b0fa68a7aa986c8594f7a60a2d7","name":"mosite","image":{"@type":"ImageObject","inLanguage":"pt-BR","@id":"https:\/\/www.pmpf.rs.gov.br\/turismo\/#\/schema\/person\/image\/","url":"https:\/\/secure.gravatar.com\/avatar\/63d72595d6cecfe12bd8a94829d5a26c?s=96&d=mm&r=g","contentUrl":"https:\/\/secure.gravatar.com\/avatar\/63d72595d6cecfe12bd8a94829d5a26c?s=96&d=mm&r=g","caption":"mosite"},"sameAs":["http:\/\/example.com"],"url":"https:\/\/www.pmpf.rs.gov.br\/turismo\/author\/mosite\/"}]}},"_links":{"self":[{"href":"https:\/\/www.pmpf.rs.gov.br\/turismo\/wp-json\/wp\/v2\/posts\/210"}],"collection":[{"href":"https:\/\/www.pmpf.rs.gov.br\/turismo\/wp-json\/wp\/v2\/posts"}],"about":[{"href":"https:\/\/www.pmpf.rs.gov.br\/turismo\/wp-json\/wp\/v2\/types\/post"}],"author":[{"embeddable":true,"href":"https:\/\/www.pmpf.rs.gov.br\/turismo\/wp-json\/wp\/v2\/users\/1"}],"replies":[{"embeddable":true,"href":"https:\/\/www.pmpf.rs.gov.br\/turismo\/wp-json\/wp\/v2\/comments?post=210"}],"version-history":[{"count":0,"href":"https:\/\/www.pmpf.rs.gov.br\/turismo\/wp-json\/wp\/v2\/posts\/210\/revisions"}],"wp:featuredmedia":[{"embeddable":true,"href":"https:\/\/www.pmpf.rs.gov.br\/turismo\/wp-json\/wp\/v2\/media\/211"}],"wp:attachment":[{"href":"https:\/\/www.pmpf.rs.gov.br\/turismo\/wp-json\/wp\/v2\/media?parent=210"}],"wp:term":[{"taxonomy":"category","embeddable":true,"href":"https:\/\/www.pmpf.rs.gov.br\/turismo\/wp-json\/wp\/v2\/categories?post=210"},{"taxonomy":"post_tag","embeddable":true,"href":"https:\/\/www.pmpf.rs.gov.br\/turismo\/wp-json\/wp\/v2\/tags?post=210"}],"curies":[{"name":"wp","href":"https:\/\/api.w.org\/{rel}","templated":true}]}}