{"id":21,"date":"2015-08-06T03:00:00","date_gmt":"2015-08-06T06:00:00","guid":{"rendered":"https:\/\/www.pmpf.rs.gov.br\/turismo\/2015\/08\/06\/encontro-estimula-o-turismo-rural-no-interior-9824\/"},"modified":"2015-08-06T03:00:00","modified_gmt":"2015-08-06T06:00:00","slug":"encontro-estimula-o-turismo-rural-no-interior-9824","status":"publish","type":"post","link":"https:\/\/www.pmpf.rs.gov.br\/turismo\/2015\/08\/06\/encontro-estimula-o-turismo-rural-no-interior-9824\/","title":{"rendered":"Encontro estimula o turismo rural no interior"},"content":{"rendered":"<div align=\"justify\">Integrando as comemora\u00e7\u00f5es dos 158 do munic\u00edpio, a Prefeitura de Passo Fundo, atrav\u00e9s da Funda\u00e7\u00e3o Passo Fundo de Turismo \u2013 Passotur e a Emater, promoveu, na tarde de quinta-feira (06), o 2\u00ba Encontro de Turismo Rural \u2013 Oportunidades de Neg\u00f3cio para Propriedades Rurais. <\/p>\n<p>Realizado no Sindicato dos Trabalhadores Rurais da cidade, o evento contou com a presen\u00e7a dos conselheiros de turismo da cidade, al\u00e9m de produtores da regi\u00e3o de Passo Fundo. \u201cO objetivo destes encontros \u00e9 despertar o interesse pelo turismo no meio rural que \u00e9 algo que, com certeza, pode agregar valor \u00e0 propriedade\u201d, ressaltou o presidente da Funda\u00e7\u00e3o Passo Fundo de Turismo &#8211; Passotur, Daniel Benvegn\u00fa L\u00e9.<\/p>\n<p>O encontro contou com a apresenta\u00e7\u00e3o do caso de sucesso com a palestrante extensionista social da Emater\/RS-Ascar , de Victor Graeff, que apresentou o \u201cCaminho das Tropearias Flores e Aromas\u201d. Tamb\u00e9m foram realizadas discuss\u00f5es sobre a possibilidade de montagem de roteiro tur\u00edstico para Passo Fundo.<\/p>\n<p>Foto &#8211; Divulga\u00e7\u00e3o<\/div>\n","protected":false},"excerpt":{"rendered":"<p>2\u00ba Encontro de Turismo Rural \u2013 Oportunidades de Neg\u00f3cio para Propriedades Rurais<\/p>\n","protected":false},"author":1,"featured_media":22,"comment_status":"open","ping_status":"open","sticky":false,"template":"","format":"standard","meta":{"footnotes":""},"categories":[],"tags":[],"class_list":["post-21","post","type-post","status-publish","format-standard","has-post-thumbnail","hentry"],"yoast_head":"<!-- This site is optimized with the Yoast SEO plugin v23.8 - https:\/\/yoast.com\/wordpress\/plugins\/seo\/ -->\n<title>Encontro estimula o turismo rural no interior - Turismo<\/title>\n<meta name=\"robots\" content=\"index, follow, max-snippet:-1, max-image-preview:large, max-video-preview:-1\" \/>\n<link rel=\"canonical\" href=\"https:\/\/www.pmpf.rs.gov.br\/turismo\/2015\/08\/06\/encontro-estimula-o-turismo-rural-no-interior-9824\/\" \/>\n<meta property=\"og:locale\" content=\"pt_BR\" \/>\n<meta property=\"og:type\" content=\"article\" \/>\n<meta property=\"og:title\" content=\"Encontro estimula o turismo rural no interior - Turismo\" \/>\n<meta property=\"og:description\" content=\"2\u00ba Encontro de Turismo Rural \u2013 Oportunidades de Neg\u00f3cio para Propriedades Rurais\" \/>\n<meta property=\"og:url\" content=\"https:\/\/www.pmpf.rs.gov.br\/turismo\/2015\/08\/06\/encontro-estimula-o-turismo-rural-no-interior-9824\/\" \/>\n<meta property=\"og:site_name\" content=\"Turismo\" \/>\n<meta property=\"article:published_time\" content=\"2015-08-06T06:00:00+00:00\" \/>\n<meta property=\"og:image\" content=\"https:\/\/www.pmpf.rs.gov.br\/turismo\/wp-content\/uploads\/sites\/51\/2021\/12\/I2015-08-06_040847_339198.jpg\" \/>\n\t<meta property=\"og:image:width\" content=\"850\" \/>\n\t<meta property=\"og:image:height\" content=\"478\" \/>\n\t<meta property=\"og:image:type\" content=\"image\/jpeg\" \/>\n<meta name=\"author\" content=\"mosite\" \/>\n<meta name=\"twitter:card\" content=\"summary_large_image\" \/>\n<meta name=\"twitter:label1\" content=\"Escrito por\" \/>\n\t<meta name=\"twitter:data1\" content=\"mosite\" \/>\n\t<meta name=\"twitter:label2\" content=\"Est. tempo de leitura\" \/>\n\t<meta name=\"twitter:data2\" content=\"1 minuto\" \/>\n<script type=\"application\/ld+json\" class=\"yoast-schema-graph\">{\"@context\":\"https:\/\/schema.org\",\"@graph\":[{\"@type\":\"WebPage\",\"@id\":\"https:\/\/www.pmpf.rs.gov.br\/turismo\/2015\/08\/06\/encontro-estimula-o-turismo-rural-no-interior-9824\/\",\"url\":\"https:\/\/www.pmpf.rs.gov.br\/turismo\/2015\/08\/06\/encontro-estimula-o-turismo-rural-no-interior-9824\/\",\"name\":\"Encontro estimula o turismo rural no interior - Turismo\",\"isPartOf\":{\"@id\":\"https:\/\/www.pmpf.rs.gov.br\/turismo\/#website\"},\"primaryImageOfPage\":{\"@id\":\"https:\/\/www.pmpf.rs.gov.br\/turismo\/2015\/08\/06\/encontro-estimula-o-turismo-rural-no-interior-9824\/#primaryimage\"},\"image\":{\"@id\":\"https:\/\/www.pmpf.rs.gov.br\/turismo\/2015\/08\/06\/encontro-estimula-o-turismo-rural-no-interior-9824\/#primaryimage\"},\"thumbnailUrl\":\"https:\/\/www.pmpf.rs.gov.br\/turismo\/wp-content\/uploads\/sites\/51\/2021\/12\/I2015-08-06_040847_339198.jpg\",\"datePublished\":\"2015-08-06T06:00:00+00:00\",\"dateModified\":\"2015-08-06T06:00:00+00:00\",\"author\":{\"@id\":\"https:\/\/www.pmpf.rs.gov.br\/turismo\/#\/schema\/person\/0c355b0fa68a7aa986c8594f7a60a2d7\"},\"breadcrumb\":{\"@id\":\"https:\/\/www.pmpf.rs.gov.br\/turismo\/2015\/08\/06\/encontro-estimula-o-turismo-rural-no-interior-9824\/#breadcrumb\"},\"inLanguage\":\"pt-BR\",\"potentialAction\":[{\"@type\":\"ReadAction\",\"target\":[\"https:\/\/www.pmpf.rs.gov.br\/turismo\/2015\/08\/06\/encontro-estimula-o-turismo-rural-no-interior-9824\/\"]}]},{\"@type\":\"ImageObject\",\"inLanguage\":\"pt-BR\",\"@id\":\"https:\/\/www.pmpf.rs.gov.br\/turismo\/2015\/08\/06\/encontro-estimula-o-turismo-rural-no-interior-9824\/#primaryimage\",\"url\":\"https:\/\/www.pmpf.rs.gov.br\/turismo\/wp-content\/uploads\/sites\/51\/2021\/12\/I2015-08-06_040847_339198.jpg\",\"contentUrl\":\"https:\/\/www.pmpf.rs.gov.br\/turismo\/wp-content\/uploads\/sites\/51\/2021\/12\/I2015-08-06_040847_339198.jpg\",\"width\":850,\"height\":478},{\"@type\":\"BreadcrumbList\",\"@id\":\"https:\/\/www.pmpf.rs.gov.br\/turismo\/2015\/08\/06\/encontro-estimula-o-turismo-rural-no-interior-9824\/#breadcrumb\",\"itemListElement\":[{\"@type\":\"ListItem\",\"position\":1,\"name\":\"In\u00edcio\",\"item\":\"https:\/\/www.pmpf.rs.gov.br\/turismo\/\"},{\"@type\":\"ListItem\",\"position\":2,\"name\":\"Encontro estimula o turismo rural no interior\"}]},{\"@type\":\"WebSite\",\"@id\":\"https:\/\/www.pmpf.rs.gov.br\/turismo\/#website\",\"url\":\"https:\/\/www.pmpf.rs.gov.br\/turismo\/\",\"name\":\"Turismo\",\"description\":\"Descubra Passo Fundo\",\"potentialAction\":[{\"@type\":\"SearchAction\",\"target\":{\"@type\":\"EntryPoint\",\"urlTemplate\":\"https:\/\/www.pmpf.rs.gov.br\/turismo\/?s={search_term_string}\"},\"query-input\":{\"@type\":\"PropertyValueSpecification\",\"valueRequired\":true,\"valueName\":\"search_term_string\"}}],\"inLanguage\":\"pt-BR\"},{\"@type\":\"Person\",\"@id\":\"https:\/\/www.pmpf.rs.gov.br\/turismo\/#\/schema\/person\/0c355b0fa68a7aa986c8594f7a60a2d7\",\"name\":\"mosite\",\"image\":{\"@type\":\"ImageObject\",\"inLanguage\":\"pt-BR\",\"@id\":\"https:\/\/www.pmpf.rs.gov.br\/turismo\/#\/schema\/person\/image\/\",\"url\":\"https:\/\/secure.gravatar.com\/avatar\/63d72595d6cecfe12bd8a94829d5a26c?s=96&d=mm&r=g\",\"contentUrl\":\"https:\/\/secure.gravatar.com\/avatar\/63d72595d6cecfe12bd8a94829d5a26c?s=96&d=mm&r=g\",\"caption\":\"mosite\"},\"sameAs\":[\"http:\/\/example.com\"],\"url\":\"https:\/\/www.pmpf.rs.gov.br\/turismo\/author\/mosite\/\"}]}<\/script>\n<!-- \/ Yoast SEO plugin. -->","yoast_head_json":{"title":"Encontro estimula o turismo rural no interior - Turismo","robots":{"index":"index","follow":"follow","max-snippet":"max-snippet:-1","max-image-preview":"max-image-preview:large","max-video-preview":"max-video-preview:-1"},"canonical":"https:\/\/www.pmpf.rs.gov.br\/turismo\/2015\/08\/06\/encontro-estimula-o-turismo-rural-no-interior-9824\/","og_locale":"pt_BR","og_type":"article","og_title":"Encontro estimula o turismo rural no interior - Turismo","og_description":"2\u00ba Encontro de Turismo Rural \u2013 Oportunidades de Neg\u00f3cio para Propriedades Rurais","og_url":"https:\/\/www.pmpf.rs.gov.br\/turismo\/2015\/08\/06\/encontro-estimula-o-turismo-rural-no-interior-9824\/","og_site_name":"Turismo","article_published_time":"2015-08-06T06:00:00+00:00","og_image":[{"width":850,"height":478,"url":"https:\/\/www.pmpf.rs.gov.br\/turismo\/wp-content\/uploads\/sites\/51\/2021\/12\/I2015-08-06_040847_339198.jpg","type":"image\/jpeg"}],"author":"mosite","twitter_card":"summary_large_image","twitter_misc":{"Escrito por":"mosite","Est. tempo de leitura":"1 minuto"},"schema":{"@context":"https:\/\/schema.org","@graph":[{"@type":"WebPage","@id":"https:\/\/www.pmpf.rs.gov.br\/turismo\/2015\/08\/06\/encontro-estimula-o-turismo-rural-no-interior-9824\/","url":"https:\/\/www.pmpf.rs.gov.br\/turismo\/2015\/08\/06\/encontro-estimula-o-turismo-rural-no-interior-9824\/","name":"Encontro estimula o turismo rural no interior - Turismo","isPartOf":{"@id":"https:\/\/www.pmpf.rs.gov.br\/turismo\/#website"},"primaryImageOfPage":{"@id":"https:\/\/www.pmpf.rs.gov.br\/turismo\/2015\/08\/06\/encontro-estimula-o-turismo-rural-no-interior-9824\/#primaryimage"},"image":{"@id":"https:\/\/www.pmpf.rs.gov.br\/turismo\/2015\/08\/06\/encontro-estimula-o-turismo-rural-no-interior-9824\/#primaryimage"},"thumbnailUrl":"https:\/\/www.pmpf.rs.gov.br\/turismo\/wp-content\/uploads\/sites\/51\/2021\/12\/I2015-08-06_040847_339198.jpg","datePublished":"2015-08-06T06:00:00+00:00","dateModified":"2015-08-06T06:00:00+00:00","author":{"@id":"https:\/\/www.pmpf.rs.gov.br\/turismo\/#\/schema\/person\/0c355b0fa68a7aa986c8594f7a60a2d7"},"breadcrumb":{"@id":"https:\/\/www.pmpf.rs.gov.br\/turismo\/2015\/08\/06\/encontro-estimula-o-turismo-rural-no-interior-9824\/#breadcrumb"},"inLanguage":"pt-BR","potentialAction":[{"@type":"ReadAction","target":["https:\/\/www.pmpf.rs.gov.br\/turismo\/2015\/08\/06\/encontro-estimula-o-turismo-rural-no-interior-9824\/"]}]},{"@type":"ImageObject","inLanguage":"pt-BR","@id":"https:\/\/www.pmpf.rs.gov.br\/turismo\/2015\/08\/06\/encontro-estimula-o-turismo-rural-no-interior-9824\/#primaryimage","url":"https:\/\/www.pmpf.rs.gov.br\/turismo\/wp-content\/uploads\/sites\/51\/2021\/12\/I2015-08-06_040847_339198.jpg","contentUrl":"https:\/\/www.pmpf.rs.gov.br\/turismo\/wp-content\/uploads\/sites\/51\/2021\/12\/I2015-08-06_040847_339198.jpg","width":850,"height":478},{"@type":"BreadcrumbList","@id":"https:\/\/www.pmpf.rs.gov.br\/turismo\/2015\/08\/06\/encontro-estimula-o-turismo-rural-no-interior-9824\/#breadcrumb","itemListElement":[{"@type":"ListItem","position":1,"name":"In\u00edcio","item":"https:\/\/www.pmpf.rs.gov.br\/turismo\/"},{"@type":"ListItem","position":2,"name":"Encontro estimula o turismo rural no interior"}]},{"@type":"WebSite","@id":"https:\/\/www.pmpf.rs.gov.br\/turismo\/#website","url":"https:\/\/www.pmpf.rs.gov.br\/turismo\/","name":"Turismo","description":"Descubra Passo Fundo","potentialAction":[{"@type":"SearchAction","target":{"@type":"EntryPoint","urlTemplate":"https:\/\/www.pmpf.rs.gov.br\/turismo\/?s={search_term_string}"},"query-input":{"@type":"PropertyValueSpecification","valueRequired":true,"valueName":"search_term_string"}}],"inLanguage":"pt-BR"},{"@type":"Person","@id":"https:\/\/www.pmpf.rs.gov.br\/turismo\/#\/schema\/person\/0c355b0fa68a7aa986c8594f7a60a2d7","name":"mosite","image":{"@type":"ImageObject","inLanguage":"pt-BR","@id":"https:\/\/www.pmpf.rs.gov.br\/turismo\/#\/schema\/person\/image\/","url":"https:\/\/secure.gravatar.com\/avatar\/63d72595d6cecfe12bd8a94829d5a26c?s=96&d=mm&r=g","contentUrl":"https:\/\/secure.gravatar.com\/avatar\/63d72595d6cecfe12bd8a94829d5a26c?s=96&d=mm&r=g","caption":"mosite"},"sameAs":["http:\/\/example.com"],"url":"https:\/\/www.pmpf.rs.gov.br\/turismo\/author\/mosite\/"}]}},"_links":{"self":[{"href":"https:\/\/www.pmpf.rs.gov.br\/turismo\/wp-json\/wp\/v2\/posts\/21"}],"collection":[{"href":"https:\/\/www.pmpf.rs.gov.br\/turismo\/wp-json\/wp\/v2\/posts"}],"about":[{"href":"https:\/\/www.pmpf.rs.gov.br\/turismo\/wp-json\/wp\/v2\/types\/post"}],"author":[{"embeddable":true,"href":"https:\/\/www.pmpf.rs.gov.br\/turismo\/wp-json\/wp\/v2\/users\/1"}],"replies":[{"embeddable":true,"href":"https:\/\/www.pmpf.rs.gov.br\/turismo\/wp-json\/wp\/v2\/comments?post=21"}],"version-history":[{"count":0,"href":"https:\/\/www.pmpf.rs.gov.br\/turismo\/wp-json\/wp\/v2\/posts\/21\/revisions"}],"wp:featuredmedia":[{"embeddable":true,"href":"https:\/\/www.pmpf.rs.gov.br\/turismo\/wp-json\/wp\/v2\/media\/22"}],"wp:attachment":[{"href":"https:\/\/www.pmpf.rs.gov.br\/turismo\/wp-json\/wp\/v2\/media?parent=21"}],"wp:term":[{"taxonomy":"category","embeddable":true,"href":"https:\/\/www.pmpf.rs.gov.br\/turismo\/wp-json\/wp\/v2\/categories?post=21"},{"taxonomy":"post_tag","embeddable":true,"href":"https:\/\/www.pmpf.rs.gov.br\/turismo\/wp-json\/wp\/v2\/tags?post=21"}],"curies":[{"name":"wp","href":"https:\/\/api.w.org\/{rel}","templated":true}]}}