{"id":20,"date":"2015-08-20T03:00:00","date_gmt":"2015-08-20T06:00:00","guid":{"rendered":"https:\/\/www.pmpf.rs.gov.br\/turismo\/2015\/08\/20\/encenacao-da-batalha-do-pulador-sera-neste-domingo-9893\/"},"modified":"2015-08-20T03:00:00","modified_gmt":"2015-08-20T06:00:00","slug":"encenacao-da-batalha-do-pulador-sera-neste-domingo-9893","status":"publish","type":"post","link":"https:\/\/www.pmpf.rs.gov.br\/turismo\/2015\/08\/20\/encenacao-da-batalha-do-pulador-sera-neste-domingo-9893\/","title":{"rendered":"Encena\u00e7\u00e3o da Batalha do Pulador ser\u00e1 neste domingo"},"content":{"rendered":"<div align=\"justify\">O Distrito de Pulador ser\u00e1 palco da VII Encena\u00e7\u00e3o da Batalha do Pulador, durante este fim de semana (21 a 23). Contando com o apoio da Prefeitura de Passo Fundo, atrav\u00e9s da Secretaria de Cultura e da Funda\u00e7\u00e3o Passo Fundo de Turismo &#8211; Passotur, e da S\u00e9tima Regi\u00e3o Tradicionalista, o evento tem realiza\u00e7\u00e3o do Grupo Cavaleiros do Mercosul. \u201cEsperamos um grande evento e \u00e9 importante que toda a comunidade prestigie. Apesar das dificuldades enfrentadas, como a capta\u00e7\u00e3o de recursos e as restri\u00e7\u00f5es em rela\u00e7\u00e3o aos animais devido \u00e0 doen\u00e7a do mormo, a encena\u00e7\u00e3o teve for\u00e7a para ser realizada neste ano\u201d, disse o secret\u00e1rio de Cultura, Pedro Almeida. <\/p>\n<p>Cerca de 600 atores volunt\u00e1rios dever\u00e3o participar da Encena\u00e7\u00e3o. A programa\u00e7\u00e3o tem in\u00edcio nesta sexta-feira (21), quando acontece a recep\u00e7\u00e3o dos volunt\u00e1rios. No s\u00e1bado (22), a partir das 10h30 ser\u00e1 feita a transmiss\u00e3o de um programa de r\u00e1dio ao vivo do local, com almo\u00e7o \u00e0s 12h, por ades\u00e3o. A partir das 14h, ser\u00e1 feito o desfile das tropas ao longo da Avenida Brasil, com previs\u00e3o de chegada \u00e0s 17h nos campos do Pulador. A programa\u00e7\u00e3o de domingo (23) envolve alvorada, \u00e0s 6h, caf\u00e9, \u00e0s 6h30, ensaio da encena\u00e7\u00e3o, \u00e0s 9h, e almo\u00e7o \u00e0s 12h. A cerim\u00f4nia da abertura oficial ser\u00e1 \u00e0s 14h, e o in\u00edcio da encena\u00e7\u00e3o est\u00e1 marcado para as 15h. Um show de encerramento ser\u00e1 realizado a partir das 16h30.<br \/>\u00a0<br \/>Neste ano, devido restri\u00e7\u00f5es causadas pelo mormo, doen\u00e7a que pode atingir os equ\u00eddeos, dever\u00e3o ser utilizados cerca de 80 animais, a metade das outras edi\u00e7\u00f5es. \u201cEsperamos que a popula\u00e7\u00e3o de Passo Fundo e regi\u00e3o venha at\u00e9 os campos do Pulador para prestigiar este evento, que \u00e9 o maior espet\u00e1culo b\u00e9lico a c\u00e9u aberto do Brasil. \u00c9 um evento que j\u00e1 faz parte do calend\u00e1rio de eventos do munic\u00edpio e que marcou as p\u00e1ginas da hist\u00f3ria do Rio Grande, onde tombaram mais de 1180 homens. Foi a batalha mais sangrenta e intensa realizada no estado\u201d, ressaltou o comandante dos Cavaleiros do Mercosul, Varlei Catto. <\/p>\n<p>No local, haver\u00e1 infraestrutura para visitantes, com pra\u00e7a de alimenta\u00e7\u00e3o, arquibancadas, banheiros e \u00e1rea para acampamento.\u00a0 <\/div>\n","protected":false},"excerpt":{"rendered":"<p>A cerim\u00f4nia da abertura oficial ser\u00e1 \u00e0s 14h, e o in\u00edcio da encena\u00e7\u00e3o est\u00e1 marcado para as 15h<\/p>\n","protected":false},"author":1,"featured_media":0,"comment_status":"open","ping_status":"open","sticky":false,"template":"","format":"standard","meta":{"footnotes":""},"categories":[],"tags":[],"class_list":["post-20","post","type-post","status-publish","format-standard","hentry"],"yoast_head":"<!-- This site is optimized with the Yoast SEO plugin v23.8 - https:\/\/yoast.com\/wordpress\/plugins\/seo\/ -->\n<title>Encena\u00e7\u00e3o da Batalha do Pulador ser\u00e1 neste domingo - Turismo<\/title>\n<meta name=\"robots\" content=\"index, follow, max-snippet:-1, max-image-preview:large, max-video-preview:-1\" \/>\n<link rel=\"canonical\" href=\"https:\/\/www.pmpf.rs.gov.br\/turismo\/2015\/08\/20\/encenacao-da-batalha-do-pulador-sera-neste-domingo-9893\/\" \/>\n<meta property=\"og:locale\" content=\"pt_BR\" \/>\n<meta property=\"og:type\" content=\"article\" \/>\n<meta property=\"og:title\" content=\"Encena\u00e7\u00e3o da Batalha do Pulador ser\u00e1 neste domingo - Turismo\" \/>\n<meta property=\"og:description\" content=\"A cerim\u00f4nia da abertura oficial ser\u00e1 \u00e0s 14h, e o in\u00edcio da encena\u00e7\u00e3o est\u00e1 marcado para as 15h\" \/>\n<meta property=\"og:url\" content=\"https:\/\/www.pmpf.rs.gov.br\/turismo\/2015\/08\/20\/encenacao-da-batalha-do-pulador-sera-neste-domingo-9893\/\" \/>\n<meta property=\"og:site_name\" content=\"Turismo\" \/>\n<meta property=\"article:published_time\" content=\"2015-08-20T06:00:00+00:00\" \/>\n<meta name=\"author\" content=\"mosite\" \/>\n<meta name=\"twitter:card\" content=\"summary_large_image\" \/>\n<meta name=\"twitter:label1\" content=\"Escrito por\" \/>\n\t<meta name=\"twitter:data1\" content=\"mosite\" \/>\n\t<meta name=\"twitter:label2\" content=\"Est. tempo de leitura\" \/>\n\t<meta name=\"twitter:data2\" content=\"2 minutos\" \/>\n<script type=\"application\/ld+json\" class=\"yoast-schema-graph\">{\"@context\":\"https:\/\/schema.org\",\"@graph\":[{\"@type\":\"WebPage\",\"@id\":\"https:\/\/www.pmpf.rs.gov.br\/turismo\/2015\/08\/20\/encenacao-da-batalha-do-pulador-sera-neste-domingo-9893\/\",\"url\":\"https:\/\/www.pmpf.rs.gov.br\/turismo\/2015\/08\/20\/encenacao-da-batalha-do-pulador-sera-neste-domingo-9893\/\",\"name\":\"Encena\u00e7\u00e3o da Batalha do Pulador ser\u00e1 neste domingo - Turismo\",\"isPartOf\":{\"@id\":\"https:\/\/www.pmpf.rs.gov.br\/turismo\/#website\"},\"datePublished\":\"2015-08-20T06:00:00+00:00\",\"dateModified\":\"2015-08-20T06:00:00+00:00\",\"author\":{\"@id\":\"https:\/\/www.pmpf.rs.gov.br\/turismo\/#\/schema\/person\/0c355b0fa68a7aa986c8594f7a60a2d7\"},\"breadcrumb\":{\"@id\":\"https:\/\/www.pmpf.rs.gov.br\/turismo\/2015\/08\/20\/encenacao-da-batalha-do-pulador-sera-neste-domingo-9893\/#breadcrumb\"},\"inLanguage\":\"pt-BR\",\"potentialAction\":[{\"@type\":\"ReadAction\",\"target\":[\"https:\/\/www.pmpf.rs.gov.br\/turismo\/2015\/08\/20\/encenacao-da-batalha-do-pulador-sera-neste-domingo-9893\/\"]}]},{\"@type\":\"BreadcrumbList\",\"@id\":\"https:\/\/www.pmpf.rs.gov.br\/turismo\/2015\/08\/20\/encenacao-da-batalha-do-pulador-sera-neste-domingo-9893\/#breadcrumb\",\"itemListElement\":[{\"@type\":\"ListItem\",\"position\":1,\"name\":\"In\u00edcio\",\"item\":\"https:\/\/www.pmpf.rs.gov.br\/turismo\/\"},{\"@type\":\"ListItem\",\"position\":2,\"name\":\"Encena\u00e7\u00e3o da Batalha do Pulador ser\u00e1 neste domingo\"}]},{\"@type\":\"WebSite\",\"@id\":\"https:\/\/www.pmpf.rs.gov.br\/turismo\/#website\",\"url\":\"https:\/\/www.pmpf.rs.gov.br\/turismo\/\",\"name\":\"Turismo\",\"description\":\"Descubra Passo Fundo\",\"potentialAction\":[{\"@type\":\"SearchAction\",\"target\":{\"@type\":\"EntryPoint\",\"urlTemplate\":\"https:\/\/www.pmpf.rs.gov.br\/turismo\/?s={search_term_string}\"},\"query-input\":{\"@type\":\"PropertyValueSpecification\",\"valueRequired\":true,\"valueName\":\"search_term_string\"}}],\"inLanguage\":\"pt-BR\"},{\"@type\":\"Person\",\"@id\":\"https:\/\/www.pmpf.rs.gov.br\/turismo\/#\/schema\/person\/0c355b0fa68a7aa986c8594f7a60a2d7\",\"name\":\"mosite\",\"image\":{\"@type\":\"ImageObject\",\"inLanguage\":\"pt-BR\",\"@id\":\"https:\/\/www.pmpf.rs.gov.br\/turismo\/#\/schema\/person\/image\/\",\"url\":\"https:\/\/secure.gravatar.com\/avatar\/63d72595d6cecfe12bd8a94829d5a26c?s=96&d=mm&r=g\",\"contentUrl\":\"https:\/\/secure.gravatar.com\/avatar\/63d72595d6cecfe12bd8a94829d5a26c?s=96&d=mm&r=g\",\"caption\":\"mosite\"},\"sameAs\":[\"http:\/\/example.com\"],\"url\":\"https:\/\/www.pmpf.rs.gov.br\/turismo\/author\/mosite\/\"}]}<\/script>\n<!-- \/ Yoast SEO plugin. -->","yoast_head_json":{"title":"Encena\u00e7\u00e3o da Batalha do Pulador ser\u00e1 neste domingo - Turismo","robots":{"index":"index","follow":"follow","max-snippet":"max-snippet:-1","max-image-preview":"max-image-preview:large","max-video-preview":"max-video-preview:-1"},"canonical":"https:\/\/www.pmpf.rs.gov.br\/turismo\/2015\/08\/20\/encenacao-da-batalha-do-pulador-sera-neste-domingo-9893\/","og_locale":"pt_BR","og_type":"article","og_title":"Encena\u00e7\u00e3o da Batalha do Pulador ser\u00e1 neste domingo - Turismo","og_description":"A cerim\u00f4nia da abertura oficial ser\u00e1 \u00e0s 14h, e o in\u00edcio da encena\u00e7\u00e3o est\u00e1 marcado para as 15h","og_url":"https:\/\/www.pmpf.rs.gov.br\/turismo\/2015\/08\/20\/encenacao-da-batalha-do-pulador-sera-neste-domingo-9893\/","og_site_name":"Turismo","article_published_time":"2015-08-20T06:00:00+00:00","author":"mosite","twitter_card":"summary_large_image","twitter_misc":{"Escrito por":"mosite","Est. tempo de leitura":"2 minutos"},"schema":{"@context":"https:\/\/schema.org","@graph":[{"@type":"WebPage","@id":"https:\/\/www.pmpf.rs.gov.br\/turismo\/2015\/08\/20\/encenacao-da-batalha-do-pulador-sera-neste-domingo-9893\/","url":"https:\/\/www.pmpf.rs.gov.br\/turismo\/2015\/08\/20\/encenacao-da-batalha-do-pulador-sera-neste-domingo-9893\/","name":"Encena\u00e7\u00e3o da Batalha do Pulador ser\u00e1 neste domingo - Turismo","isPartOf":{"@id":"https:\/\/www.pmpf.rs.gov.br\/turismo\/#website"},"datePublished":"2015-08-20T06:00:00+00:00","dateModified":"2015-08-20T06:00:00+00:00","author":{"@id":"https:\/\/www.pmpf.rs.gov.br\/turismo\/#\/schema\/person\/0c355b0fa68a7aa986c8594f7a60a2d7"},"breadcrumb":{"@id":"https:\/\/www.pmpf.rs.gov.br\/turismo\/2015\/08\/20\/encenacao-da-batalha-do-pulador-sera-neste-domingo-9893\/#breadcrumb"},"inLanguage":"pt-BR","potentialAction":[{"@type":"ReadAction","target":["https:\/\/www.pmpf.rs.gov.br\/turismo\/2015\/08\/20\/encenacao-da-batalha-do-pulador-sera-neste-domingo-9893\/"]}]},{"@type":"BreadcrumbList","@id":"https:\/\/www.pmpf.rs.gov.br\/turismo\/2015\/08\/20\/encenacao-da-batalha-do-pulador-sera-neste-domingo-9893\/#breadcrumb","itemListElement":[{"@type":"ListItem","position":1,"name":"In\u00edcio","item":"https:\/\/www.pmpf.rs.gov.br\/turismo\/"},{"@type":"ListItem","position":2,"name":"Encena\u00e7\u00e3o da Batalha do Pulador ser\u00e1 neste domingo"}]},{"@type":"WebSite","@id":"https:\/\/www.pmpf.rs.gov.br\/turismo\/#website","url":"https:\/\/www.pmpf.rs.gov.br\/turismo\/","name":"Turismo","description":"Descubra Passo Fundo","potentialAction":[{"@type":"SearchAction","target":{"@type":"EntryPoint","urlTemplate":"https:\/\/www.pmpf.rs.gov.br\/turismo\/?s={search_term_string}"},"query-input":{"@type":"PropertyValueSpecification","valueRequired":true,"valueName":"search_term_string"}}],"inLanguage":"pt-BR"},{"@type":"Person","@id":"https:\/\/www.pmpf.rs.gov.br\/turismo\/#\/schema\/person\/0c355b0fa68a7aa986c8594f7a60a2d7","name":"mosite","image":{"@type":"ImageObject","inLanguage":"pt-BR","@id":"https:\/\/www.pmpf.rs.gov.br\/turismo\/#\/schema\/person\/image\/","url":"https:\/\/secure.gravatar.com\/avatar\/63d72595d6cecfe12bd8a94829d5a26c?s=96&d=mm&r=g","contentUrl":"https:\/\/secure.gravatar.com\/avatar\/63d72595d6cecfe12bd8a94829d5a26c?s=96&d=mm&r=g","caption":"mosite"},"sameAs":["http:\/\/example.com"],"url":"https:\/\/www.pmpf.rs.gov.br\/turismo\/author\/mosite\/"}]}},"_links":{"self":[{"href":"https:\/\/www.pmpf.rs.gov.br\/turismo\/wp-json\/wp\/v2\/posts\/20"}],"collection":[{"href":"https:\/\/www.pmpf.rs.gov.br\/turismo\/wp-json\/wp\/v2\/posts"}],"about":[{"href":"https:\/\/www.pmpf.rs.gov.br\/turismo\/wp-json\/wp\/v2\/types\/post"}],"author":[{"embeddable":true,"href":"https:\/\/www.pmpf.rs.gov.br\/turismo\/wp-json\/wp\/v2\/users\/1"}],"replies":[{"embeddable":true,"href":"https:\/\/www.pmpf.rs.gov.br\/turismo\/wp-json\/wp\/v2\/comments?post=20"}],"version-history":[{"count":0,"href":"https:\/\/www.pmpf.rs.gov.br\/turismo\/wp-json\/wp\/v2\/posts\/20\/revisions"}],"wp:attachment":[{"href":"https:\/\/www.pmpf.rs.gov.br\/turismo\/wp-json\/wp\/v2\/media?parent=20"}],"wp:term":[{"taxonomy":"category","embeddable":true,"href":"https:\/\/www.pmpf.rs.gov.br\/turismo\/wp-json\/wp\/v2\/categories?post=20"},{"taxonomy":"post_tag","embeddable":true,"href":"https:\/\/www.pmpf.rs.gov.br\/turismo\/wp-json\/wp\/v2\/tags?post=20"}],"curies":[{"name":"wp","href":"https:\/\/api.w.org\/{rel}","templated":true}]}}