{"id":187,"date":"2009-08-18T03:00:00","date_gmt":"2009-08-18T06:00:00","guid":{"rendered":"https:\/\/www.pmpf.rs.gov.br\/turismo\/2009\/08\/18\/conselho-municipal-de-cultura-aprovado-pela-camara-de-vereadores-1697\/"},"modified":"2009-08-18T03:00:00","modified_gmt":"2009-08-18T06:00:00","slug":"conselho-municipal-de-cultura-aprovado-pela-camara-de-vereadores-1697","status":"publish","type":"post","link":"https:\/\/www.pmpf.rs.gov.br\/turismo\/2009\/08\/18\/conselho-municipal-de-cultura-aprovado-pela-camara-de-vereadores-1697\/","title":{"rendered":"Conselho Municipal de Cultura aprovado pela C\u00e2mara de Vereadores"},"content":{"rendered":"<p><span style=\"\">Passo Fundo ter\u00e1 Conselho Municipal de Cultura. A aprova\u00e7\u00e3o do projeto de lei enviado pelo executivo aconteceu esta semana, na C\u00e2mara de Vereadores. Para o Prefeito Airton Dipp o funcionamento de conselhos segmentados, e especificamente o de Cultura, \u00e9 muito importante para a capital nacional da literatura. \u201c Temos realmente a necessidade de um conselho pr\u00f3prio para tratar deste assunto\u201d, destacou. <\/span><br style=\"\" \/><span style=\"\">A cria\u00e7\u00e3o do Conselho fortalece a posi\u00e7\u00e3o da administra\u00e7\u00e3o municipal de privilegiar os conselhos municipais como importantes instrumentos de participa\u00e7\u00e3o e controle da popula\u00e7\u00e3o nas pol\u00edticas p\u00fablicas locais. De acordo com o Secret\u00e1rio de Desporto e Cultura, C\u00e9sar Augusto dos Santos, a aprova\u00e7\u00e3o do Conselho de Cultura representa um avan\u00e7o significativo para o segmento cultural e para a popula\u00e7\u00e3o de Passo Fundo. \u201cTenho a convic\u00e7\u00e3o de que vai promover uma mobiliza\u00e7\u00e3o das entidades envolvidas com a produ\u00e7\u00e3o cultural da cidade, mobiliza\u00e7\u00e3o esta que \u00e9 muito fr\u00e1gil hoje e que dificulta a luta pela valoriza\u00e7\u00e3o da cultura como um elemento importante na constitui\u00e7\u00e3o dos indiv\u00edduos enquanto cidad\u00e3os. O Executivo e o Legislativo mostraram maturidade e sensibilidade, por isso est\u00e3o de parab\u00e9ns e merecem o respeito da comunidade\u201d.<\/span><br style=\"\" \/><span style=\"\">O pr\u00f3ximo passo ser\u00e1 a elei\u00e7\u00e3o dos membros que integrar\u00e3o o Conselho, sendo 16 membros titulares, oito de entidades n\u00e3o-governamentais e oito de \u00f3rg\u00e3os governamentais. O Conselho ir\u00e1 acompanhar, analisar e fiscalizar as iniciativas culturais desenvolvidas pelo Poder Executivo Municipal, e tamb\u00e9m promover eventos, atividades, estudos e pesquisas na \u00e1rea cultural, propor e analisar pol\u00edticas de gera\u00e7\u00e3o, capta\u00e7\u00e3o e aloca\u00e7\u00e3o de recursos para o setor cultural, colaborar na articula\u00e7\u00e3o das a\u00e7\u00f5es entre organismos p\u00fablicos e privados na \u00e1rea cultural, al\u00e9m de propor e fiscalizar a\u00e7\u00f5es e pol\u00edticas p\u00fablicas de desenvolvimento cultural.<\/span><\/p>\n","protected":false},"excerpt":{"rendered":"<p>Passo Fundo ter\u00e1 Conselho Municipal de Cultura. A aprova\u00e7\u00e3o do projeto de lei enviado pelo executivo aconteceu esta semana, na C\u00e2mara de Vereadores. Para o Prefeito Airton Dipp o funcionamento de conselhos segmentados, e especificamente o de Cultura, \u00e9 muito importante para a capital nacional da literatura. \u201c Temos realmente a necessidade de um conselho pr\u00f3prio para tratar deste assunto\u201d, destacou.<\/p>\n","protected":false},"author":1,"featured_media":0,"comment_status":"open","ping_status":"open","sticky":false,"template":"","format":"standard","meta":{"footnotes":""},"categories":[],"tags":[],"class_list":["post-187","post","type-post","status-publish","format-standard","hentry"],"yoast_head":"<!-- This site is optimized with the Yoast SEO plugin v23.8 - https:\/\/yoast.com\/wordpress\/plugins\/seo\/ -->\n<title>Conselho Municipal de Cultura aprovado pela C\u00e2mara de Vereadores - Turismo<\/title>\n<meta name=\"robots\" content=\"index, follow, max-snippet:-1, max-image-preview:large, max-video-preview:-1\" \/>\n<link rel=\"canonical\" href=\"https:\/\/www.pmpf.rs.gov.br\/turismo\/2009\/08\/18\/conselho-municipal-de-cultura-aprovado-pela-camara-de-vereadores-1697\/\" \/>\n<meta property=\"og:locale\" content=\"pt_BR\" \/>\n<meta property=\"og:type\" content=\"article\" \/>\n<meta property=\"og:title\" content=\"Conselho Municipal de Cultura aprovado pela C\u00e2mara de Vereadores - Turismo\" \/>\n<meta property=\"og:description\" content=\"Passo Fundo ter\u00e1 Conselho Municipal de Cultura. A aprova\u00e7\u00e3o do projeto de lei enviado pelo executivo aconteceu esta semana, na C\u00e2mara de Vereadores. Para o Prefeito Airton Dipp o funcionamento de conselhos segmentados, e especificamente o de Cultura, \u00e9 muito importante para a capital nacional da literatura. \u201c Temos realmente a necessidade de um conselho pr\u00f3prio para tratar deste assunto\u201d, destacou.\" \/>\n<meta property=\"og:url\" content=\"https:\/\/www.pmpf.rs.gov.br\/turismo\/2009\/08\/18\/conselho-municipal-de-cultura-aprovado-pela-camara-de-vereadores-1697\/\" \/>\n<meta property=\"og:site_name\" content=\"Turismo\" \/>\n<meta property=\"article:published_time\" content=\"2009-08-18T06:00:00+00:00\" \/>\n<meta name=\"author\" content=\"mosite\" \/>\n<meta name=\"twitter:card\" content=\"summary_large_image\" \/>\n<meta name=\"twitter:label1\" content=\"Escrito por\" \/>\n\t<meta name=\"twitter:data1\" content=\"mosite\" \/>\n\t<meta name=\"twitter:label2\" content=\"Est. tempo de leitura\" \/>\n\t<meta name=\"twitter:data2\" content=\"2 minutos\" \/>\n<script type=\"application\/ld+json\" class=\"yoast-schema-graph\">{\"@context\":\"https:\/\/schema.org\",\"@graph\":[{\"@type\":\"WebPage\",\"@id\":\"https:\/\/www.pmpf.rs.gov.br\/turismo\/2009\/08\/18\/conselho-municipal-de-cultura-aprovado-pela-camara-de-vereadores-1697\/\",\"url\":\"https:\/\/www.pmpf.rs.gov.br\/turismo\/2009\/08\/18\/conselho-municipal-de-cultura-aprovado-pela-camara-de-vereadores-1697\/\",\"name\":\"Conselho Municipal de Cultura aprovado pela C\u00e2mara de Vereadores - Turismo\",\"isPartOf\":{\"@id\":\"https:\/\/www.pmpf.rs.gov.br\/turismo\/#website\"},\"datePublished\":\"2009-08-18T06:00:00+00:00\",\"dateModified\":\"2009-08-18T06:00:00+00:00\",\"author\":{\"@id\":\"https:\/\/www.pmpf.rs.gov.br\/turismo\/#\/schema\/person\/0c355b0fa68a7aa986c8594f7a60a2d7\"},\"breadcrumb\":{\"@id\":\"https:\/\/www.pmpf.rs.gov.br\/turismo\/2009\/08\/18\/conselho-municipal-de-cultura-aprovado-pela-camara-de-vereadores-1697\/#breadcrumb\"},\"inLanguage\":\"pt-BR\",\"potentialAction\":[{\"@type\":\"ReadAction\",\"target\":[\"https:\/\/www.pmpf.rs.gov.br\/turismo\/2009\/08\/18\/conselho-municipal-de-cultura-aprovado-pela-camara-de-vereadores-1697\/\"]}]},{\"@type\":\"BreadcrumbList\",\"@id\":\"https:\/\/www.pmpf.rs.gov.br\/turismo\/2009\/08\/18\/conselho-municipal-de-cultura-aprovado-pela-camara-de-vereadores-1697\/#breadcrumb\",\"itemListElement\":[{\"@type\":\"ListItem\",\"position\":1,\"name\":\"In\u00edcio\",\"item\":\"https:\/\/www.pmpf.rs.gov.br\/turismo\/\"},{\"@type\":\"ListItem\",\"position\":2,\"name\":\"Conselho Municipal de Cultura aprovado pela C\u00e2mara de Vereadores\"}]},{\"@type\":\"WebSite\",\"@id\":\"https:\/\/www.pmpf.rs.gov.br\/turismo\/#website\",\"url\":\"https:\/\/www.pmpf.rs.gov.br\/turismo\/\",\"name\":\"Turismo\",\"description\":\"Descubra Passo Fundo\",\"potentialAction\":[{\"@type\":\"SearchAction\",\"target\":{\"@type\":\"EntryPoint\",\"urlTemplate\":\"https:\/\/www.pmpf.rs.gov.br\/turismo\/?s={search_term_string}\"},\"query-input\":{\"@type\":\"PropertyValueSpecification\",\"valueRequired\":true,\"valueName\":\"search_term_string\"}}],\"inLanguage\":\"pt-BR\"},{\"@type\":\"Person\",\"@id\":\"https:\/\/www.pmpf.rs.gov.br\/turismo\/#\/schema\/person\/0c355b0fa68a7aa986c8594f7a60a2d7\",\"name\":\"mosite\",\"image\":{\"@type\":\"ImageObject\",\"inLanguage\":\"pt-BR\",\"@id\":\"https:\/\/www.pmpf.rs.gov.br\/turismo\/#\/schema\/person\/image\/\",\"url\":\"https:\/\/secure.gravatar.com\/avatar\/63d72595d6cecfe12bd8a94829d5a26c?s=96&d=mm&r=g\",\"contentUrl\":\"https:\/\/secure.gravatar.com\/avatar\/63d72595d6cecfe12bd8a94829d5a26c?s=96&d=mm&r=g\",\"caption\":\"mosite\"},\"sameAs\":[\"http:\/\/example.com\"],\"url\":\"https:\/\/www.pmpf.rs.gov.br\/turismo\/author\/mosite\/\"}]}<\/script>\n<!-- \/ Yoast SEO plugin. -->","yoast_head_json":{"title":"Conselho Municipal de Cultura aprovado pela C\u00e2mara de Vereadores - Turismo","robots":{"index":"index","follow":"follow","max-snippet":"max-snippet:-1","max-image-preview":"max-image-preview:large","max-video-preview":"max-video-preview:-1"},"canonical":"https:\/\/www.pmpf.rs.gov.br\/turismo\/2009\/08\/18\/conselho-municipal-de-cultura-aprovado-pela-camara-de-vereadores-1697\/","og_locale":"pt_BR","og_type":"article","og_title":"Conselho Municipal de Cultura aprovado pela C\u00e2mara de Vereadores - Turismo","og_description":"Passo Fundo ter\u00e1 Conselho Municipal de Cultura. A aprova\u00e7\u00e3o do projeto de lei enviado pelo executivo aconteceu esta semana, na C\u00e2mara de Vereadores. Para o Prefeito Airton Dipp o funcionamento de conselhos segmentados, e especificamente o de Cultura, \u00e9 muito importante para a capital nacional da literatura. \u201c Temos realmente a necessidade de um conselho pr\u00f3prio para tratar deste assunto\u201d, destacou.","og_url":"https:\/\/www.pmpf.rs.gov.br\/turismo\/2009\/08\/18\/conselho-municipal-de-cultura-aprovado-pela-camara-de-vereadores-1697\/","og_site_name":"Turismo","article_published_time":"2009-08-18T06:00:00+00:00","author":"mosite","twitter_card":"summary_large_image","twitter_misc":{"Escrito por":"mosite","Est. tempo de leitura":"2 minutos"},"schema":{"@context":"https:\/\/schema.org","@graph":[{"@type":"WebPage","@id":"https:\/\/www.pmpf.rs.gov.br\/turismo\/2009\/08\/18\/conselho-municipal-de-cultura-aprovado-pela-camara-de-vereadores-1697\/","url":"https:\/\/www.pmpf.rs.gov.br\/turismo\/2009\/08\/18\/conselho-municipal-de-cultura-aprovado-pela-camara-de-vereadores-1697\/","name":"Conselho Municipal de Cultura aprovado pela C\u00e2mara de Vereadores - Turismo","isPartOf":{"@id":"https:\/\/www.pmpf.rs.gov.br\/turismo\/#website"},"datePublished":"2009-08-18T06:00:00+00:00","dateModified":"2009-08-18T06:00:00+00:00","author":{"@id":"https:\/\/www.pmpf.rs.gov.br\/turismo\/#\/schema\/person\/0c355b0fa68a7aa986c8594f7a60a2d7"},"breadcrumb":{"@id":"https:\/\/www.pmpf.rs.gov.br\/turismo\/2009\/08\/18\/conselho-municipal-de-cultura-aprovado-pela-camara-de-vereadores-1697\/#breadcrumb"},"inLanguage":"pt-BR","potentialAction":[{"@type":"ReadAction","target":["https:\/\/www.pmpf.rs.gov.br\/turismo\/2009\/08\/18\/conselho-municipal-de-cultura-aprovado-pela-camara-de-vereadores-1697\/"]}]},{"@type":"BreadcrumbList","@id":"https:\/\/www.pmpf.rs.gov.br\/turismo\/2009\/08\/18\/conselho-municipal-de-cultura-aprovado-pela-camara-de-vereadores-1697\/#breadcrumb","itemListElement":[{"@type":"ListItem","position":1,"name":"In\u00edcio","item":"https:\/\/www.pmpf.rs.gov.br\/turismo\/"},{"@type":"ListItem","position":2,"name":"Conselho Municipal de Cultura aprovado pela C\u00e2mara de Vereadores"}]},{"@type":"WebSite","@id":"https:\/\/www.pmpf.rs.gov.br\/turismo\/#website","url":"https:\/\/www.pmpf.rs.gov.br\/turismo\/","name":"Turismo","description":"Descubra Passo Fundo","potentialAction":[{"@type":"SearchAction","target":{"@type":"EntryPoint","urlTemplate":"https:\/\/www.pmpf.rs.gov.br\/turismo\/?s={search_term_string}"},"query-input":{"@type":"PropertyValueSpecification","valueRequired":true,"valueName":"search_term_string"}}],"inLanguage":"pt-BR"},{"@type":"Person","@id":"https:\/\/www.pmpf.rs.gov.br\/turismo\/#\/schema\/person\/0c355b0fa68a7aa986c8594f7a60a2d7","name":"mosite","image":{"@type":"ImageObject","inLanguage":"pt-BR","@id":"https:\/\/www.pmpf.rs.gov.br\/turismo\/#\/schema\/person\/image\/","url":"https:\/\/secure.gravatar.com\/avatar\/63d72595d6cecfe12bd8a94829d5a26c?s=96&d=mm&r=g","contentUrl":"https:\/\/secure.gravatar.com\/avatar\/63d72595d6cecfe12bd8a94829d5a26c?s=96&d=mm&r=g","caption":"mosite"},"sameAs":["http:\/\/example.com"],"url":"https:\/\/www.pmpf.rs.gov.br\/turismo\/author\/mosite\/"}]}},"_links":{"self":[{"href":"https:\/\/www.pmpf.rs.gov.br\/turismo\/wp-json\/wp\/v2\/posts\/187"}],"collection":[{"href":"https:\/\/www.pmpf.rs.gov.br\/turismo\/wp-json\/wp\/v2\/posts"}],"about":[{"href":"https:\/\/www.pmpf.rs.gov.br\/turismo\/wp-json\/wp\/v2\/types\/post"}],"author":[{"embeddable":true,"href":"https:\/\/www.pmpf.rs.gov.br\/turismo\/wp-json\/wp\/v2\/users\/1"}],"replies":[{"embeddable":true,"href":"https:\/\/www.pmpf.rs.gov.br\/turismo\/wp-json\/wp\/v2\/comments?post=187"}],"version-history":[{"count":0,"href":"https:\/\/www.pmpf.rs.gov.br\/turismo\/wp-json\/wp\/v2\/posts\/187\/revisions"}],"wp:attachment":[{"href":"https:\/\/www.pmpf.rs.gov.br\/turismo\/wp-json\/wp\/v2\/media?parent=187"}],"wp:term":[{"taxonomy":"category","embeddable":true,"href":"https:\/\/www.pmpf.rs.gov.br\/turismo\/wp-json\/wp\/v2\/categories?post=187"},{"taxonomy":"post_tag","embeddable":true,"href":"https:\/\/www.pmpf.rs.gov.br\/turismo\/wp-json\/wp\/v2\/tags?post=187"}],"curies":[{"name":"wp","href":"https:\/\/api.w.org\/{rel}","templated":true}]}}