{"id":183,"date":"2009-10-02T03:00:00","date_gmt":"2009-10-02T06:00:00","guid":{"rendered":"https:\/\/www.pmpf.rs.gov.br\/turismo\/2009\/10\/02\/prefeitura-inicia-construcao-de-arquibancada-do-parque-da-roselandia-1783\/"},"modified":"2009-10-02T03:00:00","modified_gmt":"2009-10-02T06:00:00","slug":"prefeitura-inicia-construcao-de-arquibancada-do-parque-da-roselandia-1783","status":"publish","type":"post","link":"https:\/\/www.pmpf.rs.gov.br\/turismo\/2009\/10\/02\/prefeitura-inicia-construcao-de-arquibancada-do-parque-da-roselandia-1783\/","title":{"rendered":"Prefeitura inicia constru\u00e7\u00e3o de arquibancada do Parque da Rosel\u00e2ndia"},"content":{"rendered":"<div style=\"text-align: justify; \">\n<p>Uma antiga reivindica\u00e7\u00e3o da comunidade passo-fundense come\u00e7ou a tomar forma esta semana, a revitaliza\u00e7\u00e3o do Parque da Rosel\u00e2ndia, que est\u00e1 sendo viabilizada pela\u00a0 Prefeitura Municipal de Passo Fundo, atrav\u00e9s da Funda\u00e7\u00e3o Zoobot\u00e2nica, Cultural e de Turismo da Rosel\u00e2ndia \u2013 Funzoctur. Entre as melhorias est\u00e3o a constru\u00e7\u00e3o de arquibancadas cobertas e a reforma do telhado da churrascaria, localizada ao lado esquerdo do p\u00f3rtico de entrada do Parque .<br \/>O diretor-presidente da Funzoctur, Ant\u00f4nio Augusto Reveillau, explicou que a obra est\u00e1\u00a0 sendo viabilizada por uma verba de R$ 150 mil do Minist\u00e9rio do Turismo, conquistada por interm\u00e9dio de emenda parlamentar do deputado federal Beto Albuquerque. A Prefeitura tamb\u00e9m participa com uma contrapartida. <br \/>Est\u00e3o sendo constru\u00eddos mais dois m\u00f3dulos de arquibancadas de concreto na pista de tiro de la\u00e7o, que inclusive ser\u00e3o cobertas com uma estrutura met\u00e1lica. Nesse espa\u00e7o j\u00e1 existe um m\u00f3dulo, que tamb\u00e9m ser\u00e1 coberto. \u201c O calend\u00e1rio de atividades do Parque \u00e9 intenso nos finais de semana, com isso o publico vai ter conforto\u201d, disse o diretor. A obra da arquibancada deve ser entregue at\u00e9 o final deste m\u00eas, e ter\u00e1 capacidade para cerca de 2 mil pessoas<br \/>Sobre\u00a0 a reforma na churrascaria, que tamb\u00e9m est\u00e1 no projeto, Reveillau disse que ela inicia na pr\u00f3xima segunda-feira, e que al\u00e9m da troca de todo o telhado, reparos internos acontecer\u00e3o. &#8220;;Essas melhorias s\u00e3o uma determina\u00e7\u00e3o do governo Dipp-Cecconello, que valoriza o tradicionalismo&#8221;;, frisou ele.<br \/>O Parque da Rosel\u00e2ndia recebe em m\u00e9dia todos os finais de semana de 1800 a 2000 mil pessoas de Passo Fundo e regi\u00e3o, para realiza\u00e7\u00e3o de atividades campeiras da 7\u00aa Regi\u00e3o Tradicionalista. <\/div>\n<p><\/p>\n","protected":false},"excerpt":{"rendered":"<p>Uma antiga reivindica\u00e7\u00e3o da comunidade passo-fundense come\u00e7ou a tomar forma esta semana, a revitaliza\u00e7\u00e3o do Parque da Rosel\u00e2ndia, que est\u00e1 sendo viabilizada pela  Prefeitura Municipal de Passo Fundo, atrav\u00e9s da Funda\u00e7\u00e3o Zoobot\u00e2nica, Cultural e de Turismo da Rosel\u00e2ndia \u2013 Funzoctur. Entre as melhorias est\u00e3o a constru\u00e7\u00e3o de arquibancadas cobertas e a reforma do telhado da churrascaria, localizada ao lado esquerdo do p\u00f3rtico de entrada do Parque .<\/p>\n","protected":false},"author":1,"featured_media":184,"comment_status":"open","ping_status":"open","sticky":false,"template":"","format":"standard","meta":{"footnotes":""},"categories":[],"tags":[],"class_list":["post-183","post","type-post","status-publish","format-standard","has-post-thumbnail","hentry"],"yoast_head":"<!-- This site is optimized with the Yoast SEO plugin v23.8 - https:\/\/yoast.com\/wordpress\/plugins\/seo\/ -->\n<title>Prefeitura inicia constru\u00e7\u00e3o de arquibancada do Parque da Rosel\u00e2ndia - Turismo<\/title>\n<meta name=\"robots\" content=\"index, follow, max-snippet:-1, max-image-preview:large, max-video-preview:-1\" \/>\n<link rel=\"canonical\" href=\"https:\/\/www.pmpf.rs.gov.br\/turismo\/2009\/10\/02\/prefeitura-inicia-construcao-de-arquibancada-do-parque-da-roselandia-1783\/\" \/>\n<meta property=\"og:locale\" content=\"pt_BR\" \/>\n<meta property=\"og:type\" content=\"article\" \/>\n<meta property=\"og:title\" content=\"Prefeitura inicia constru\u00e7\u00e3o de arquibancada do Parque da Rosel\u00e2ndia - Turismo\" \/>\n<meta property=\"og:description\" content=\"Uma antiga reivindica\u00e7\u00e3o da comunidade passo-fundense come\u00e7ou a tomar forma esta semana, a revitaliza\u00e7\u00e3o do Parque da Rosel\u00e2ndia, que est\u00e1 sendo viabilizada pela Prefeitura Municipal de Passo Fundo, atrav\u00e9s da Funda\u00e7\u00e3o Zoobot\u00e2nica, Cultural e de Turismo da Rosel\u00e2ndia \u2013 Funzoctur. Entre as melhorias est\u00e3o a constru\u00e7\u00e3o de arquibancadas cobertas e a reforma do telhado da churrascaria, localizada ao lado esquerdo do p\u00f3rtico de entrada do Parque .\" \/>\n<meta property=\"og:url\" content=\"https:\/\/www.pmpf.rs.gov.br\/turismo\/2009\/10\/02\/prefeitura-inicia-construcao-de-arquibancada-do-parque-da-roselandia-1783\/\" \/>\n<meta property=\"og:site_name\" content=\"Turismo\" \/>\n<meta property=\"article:published_time\" content=\"2009-10-02T06:00:00+00:00\" \/>\n<meta property=\"og:image\" content=\"https:\/\/www.pmpf.rs.gov.br\/turismo\/wp-content\/uploads\/sites\/51\/2021\/12\/I2013-05-07_062705_c6627.jpg\" \/>\n\t<meta property=\"og:image:width\" content=\"467\" \/>\n\t<meta property=\"og:image:height\" content=\"337\" \/>\n\t<meta property=\"og:image:type\" content=\"image\/jpeg\" \/>\n<meta name=\"author\" content=\"mosite\" \/>\n<meta name=\"twitter:card\" content=\"summary_large_image\" \/>\n<meta name=\"twitter:label1\" content=\"Escrito por\" \/>\n\t<meta name=\"twitter:data1\" content=\"mosite\" \/>\n\t<meta name=\"twitter:label2\" content=\"Est. tempo de leitura\" \/>\n\t<meta name=\"twitter:data2\" content=\"1 minuto\" \/>\n<script type=\"application\/ld+json\" class=\"yoast-schema-graph\">{\"@context\":\"https:\/\/schema.org\",\"@graph\":[{\"@type\":\"WebPage\",\"@id\":\"https:\/\/www.pmpf.rs.gov.br\/turismo\/2009\/10\/02\/prefeitura-inicia-construcao-de-arquibancada-do-parque-da-roselandia-1783\/\",\"url\":\"https:\/\/www.pmpf.rs.gov.br\/turismo\/2009\/10\/02\/prefeitura-inicia-construcao-de-arquibancada-do-parque-da-roselandia-1783\/\",\"name\":\"Prefeitura inicia constru\u00e7\u00e3o de arquibancada do Parque da Rosel\u00e2ndia - Turismo\",\"isPartOf\":{\"@id\":\"https:\/\/www.pmpf.rs.gov.br\/turismo\/#website\"},\"primaryImageOfPage\":{\"@id\":\"https:\/\/www.pmpf.rs.gov.br\/turismo\/2009\/10\/02\/prefeitura-inicia-construcao-de-arquibancada-do-parque-da-roselandia-1783\/#primaryimage\"},\"image\":{\"@id\":\"https:\/\/www.pmpf.rs.gov.br\/turismo\/2009\/10\/02\/prefeitura-inicia-construcao-de-arquibancada-do-parque-da-roselandia-1783\/#primaryimage\"},\"thumbnailUrl\":\"https:\/\/www.pmpf.rs.gov.br\/turismo\/wp-content\/uploads\/sites\/51\/2021\/12\/I2013-05-07_062705_c6627.jpg\",\"datePublished\":\"2009-10-02T06:00:00+00:00\",\"dateModified\":\"2009-10-02T06:00:00+00:00\",\"author\":{\"@id\":\"https:\/\/www.pmpf.rs.gov.br\/turismo\/#\/schema\/person\/0c355b0fa68a7aa986c8594f7a60a2d7\"},\"breadcrumb\":{\"@id\":\"https:\/\/www.pmpf.rs.gov.br\/turismo\/2009\/10\/02\/prefeitura-inicia-construcao-de-arquibancada-do-parque-da-roselandia-1783\/#breadcrumb\"},\"inLanguage\":\"pt-BR\",\"potentialAction\":[{\"@type\":\"ReadAction\",\"target\":[\"https:\/\/www.pmpf.rs.gov.br\/turismo\/2009\/10\/02\/prefeitura-inicia-construcao-de-arquibancada-do-parque-da-roselandia-1783\/\"]}]},{\"@type\":\"ImageObject\",\"inLanguage\":\"pt-BR\",\"@id\":\"https:\/\/www.pmpf.rs.gov.br\/turismo\/2009\/10\/02\/prefeitura-inicia-construcao-de-arquibancada-do-parque-da-roselandia-1783\/#primaryimage\",\"url\":\"https:\/\/www.pmpf.rs.gov.br\/turismo\/wp-content\/uploads\/sites\/51\/2021\/12\/I2013-05-07_062705_c6627.jpg\",\"contentUrl\":\"https:\/\/www.pmpf.rs.gov.br\/turismo\/wp-content\/uploads\/sites\/51\/2021\/12\/I2013-05-07_062705_c6627.jpg\",\"width\":467,\"height\":337},{\"@type\":\"BreadcrumbList\",\"@id\":\"https:\/\/www.pmpf.rs.gov.br\/turismo\/2009\/10\/02\/prefeitura-inicia-construcao-de-arquibancada-do-parque-da-roselandia-1783\/#breadcrumb\",\"itemListElement\":[{\"@type\":\"ListItem\",\"position\":1,\"name\":\"In\u00edcio\",\"item\":\"https:\/\/www.pmpf.rs.gov.br\/turismo\/\"},{\"@type\":\"ListItem\",\"position\":2,\"name\":\"Prefeitura inicia constru\u00e7\u00e3o de arquibancada do Parque da Rosel\u00e2ndia\"}]},{\"@type\":\"WebSite\",\"@id\":\"https:\/\/www.pmpf.rs.gov.br\/turismo\/#website\",\"url\":\"https:\/\/www.pmpf.rs.gov.br\/turismo\/\",\"name\":\"Turismo\",\"description\":\"Descubra Passo Fundo\",\"potentialAction\":[{\"@type\":\"SearchAction\",\"target\":{\"@type\":\"EntryPoint\",\"urlTemplate\":\"https:\/\/www.pmpf.rs.gov.br\/turismo\/?s={search_term_string}\"},\"query-input\":{\"@type\":\"PropertyValueSpecification\",\"valueRequired\":true,\"valueName\":\"search_term_string\"}}],\"inLanguage\":\"pt-BR\"},{\"@type\":\"Person\",\"@id\":\"https:\/\/www.pmpf.rs.gov.br\/turismo\/#\/schema\/person\/0c355b0fa68a7aa986c8594f7a60a2d7\",\"name\":\"mosite\",\"image\":{\"@type\":\"ImageObject\",\"inLanguage\":\"pt-BR\",\"@id\":\"https:\/\/www.pmpf.rs.gov.br\/turismo\/#\/schema\/person\/image\/\",\"url\":\"https:\/\/secure.gravatar.com\/avatar\/63d72595d6cecfe12bd8a94829d5a26c?s=96&d=mm&r=g\",\"contentUrl\":\"https:\/\/secure.gravatar.com\/avatar\/63d72595d6cecfe12bd8a94829d5a26c?s=96&d=mm&r=g\",\"caption\":\"mosite\"},\"sameAs\":[\"http:\/\/example.com\"],\"url\":\"https:\/\/www.pmpf.rs.gov.br\/turismo\/author\/mosite\/\"}]}<\/script>\n<!-- \/ Yoast SEO plugin. -->","yoast_head_json":{"title":"Prefeitura inicia constru\u00e7\u00e3o de arquibancada do Parque da Rosel\u00e2ndia - Turismo","robots":{"index":"index","follow":"follow","max-snippet":"max-snippet:-1","max-image-preview":"max-image-preview:large","max-video-preview":"max-video-preview:-1"},"canonical":"https:\/\/www.pmpf.rs.gov.br\/turismo\/2009\/10\/02\/prefeitura-inicia-construcao-de-arquibancada-do-parque-da-roselandia-1783\/","og_locale":"pt_BR","og_type":"article","og_title":"Prefeitura inicia constru\u00e7\u00e3o de arquibancada do Parque da Rosel\u00e2ndia - Turismo","og_description":"Uma antiga reivindica\u00e7\u00e3o da comunidade passo-fundense come\u00e7ou a tomar forma esta semana, a revitaliza\u00e7\u00e3o do Parque da Rosel\u00e2ndia, que est\u00e1 sendo viabilizada pela Prefeitura Municipal de Passo Fundo, atrav\u00e9s da Funda\u00e7\u00e3o Zoobot\u00e2nica, Cultural e de Turismo da Rosel\u00e2ndia \u2013 Funzoctur. Entre as melhorias est\u00e3o a constru\u00e7\u00e3o de arquibancadas cobertas e a reforma do telhado da churrascaria, localizada ao lado esquerdo do p\u00f3rtico de entrada do Parque .","og_url":"https:\/\/www.pmpf.rs.gov.br\/turismo\/2009\/10\/02\/prefeitura-inicia-construcao-de-arquibancada-do-parque-da-roselandia-1783\/","og_site_name":"Turismo","article_published_time":"2009-10-02T06:00:00+00:00","og_image":[{"width":467,"height":337,"url":"https:\/\/www.pmpf.rs.gov.br\/turismo\/wp-content\/uploads\/sites\/51\/2021\/12\/I2013-05-07_062705_c6627.jpg","type":"image\/jpeg"}],"author":"mosite","twitter_card":"summary_large_image","twitter_misc":{"Escrito por":"mosite","Est. tempo de leitura":"1 minuto"},"schema":{"@context":"https:\/\/schema.org","@graph":[{"@type":"WebPage","@id":"https:\/\/www.pmpf.rs.gov.br\/turismo\/2009\/10\/02\/prefeitura-inicia-construcao-de-arquibancada-do-parque-da-roselandia-1783\/","url":"https:\/\/www.pmpf.rs.gov.br\/turismo\/2009\/10\/02\/prefeitura-inicia-construcao-de-arquibancada-do-parque-da-roselandia-1783\/","name":"Prefeitura inicia constru\u00e7\u00e3o de arquibancada do Parque da Rosel\u00e2ndia - Turismo","isPartOf":{"@id":"https:\/\/www.pmpf.rs.gov.br\/turismo\/#website"},"primaryImageOfPage":{"@id":"https:\/\/www.pmpf.rs.gov.br\/turismo\/2009\/10\/02\/prefeitura-inicia-construcao-de-arquibancada-do-parque-da-roselandia-1783\/#primaryimage"},"image":{"@id":"https:\/\/www.pmpf.rs.gov.br\/turismo\/2009\/10\/02\/prefeitura-inicia-construcao-de-arquibancada-do-parque-da-roselandia-1783\/#primaryimage"},"thumbnailUrl":"https:\/\/www.pmpf.rs.gov.br\/turismo\/wp-content\/uploads\/sites\/51\/2021\/12\/I2013-05-07_062705_c6627.jpg","datePublished":"2009-10-02T06:00:00+00:00","dateModified":"2009-10-02T06:00:00+00:00","author":{"@id":"https:\/\/www.pmpf.rs.gov.br\/turismo\/#\/schema\/person\/0c355b0fa68a7aa986c8594f7a60a2d7"},"breadcrumb":{"@id":"https:\/\/www.pmpf.rs.gov.br\/turismo\/2009\/10\/02\/prefeitura-inicia-construcao-de-arquibancada-do-parque-da-roselandia-1783\/#breadcrumb"},"inLanguage":"pt-BR","potentialAction":[{"@type":"ReadAction","target":["https:\/\/www.pmpf.rs.gov.br\/turismo\/2009\/10\/02\/prefeitura-inicia-construcao-de-arquibancada-do-parque-da-roselandia-1783\/"]}]},{"@type":"ImageObject","inLanguage":"pt-BR","@id":"https:\/\/www.pmpf.rs.gov.br\/turismo\/2009\/10\/02\/prefeitura-inicia-construcao-de-arquibancada-do-parque-da-roselandia-1783\/#primaryimage","url":"https:\/\/www.pmpf.rs.gov.br\/turismo\/wp-content\/uploads\/sites\/51\/2021\/12\/I2013-05-07_062705_c6627.jpg","contentUrl":"https:\/\/www.pmpf.rs.gov.br\/turismo\/wp-content\/uploads\/sites\/51\/2021\/12\/I2013-05-07_062705_c6627.jpg","width":467,"height":337},{"@type":"BreadcrumbList","@id":"https:\/\/www.pmpf.rs.gov.br\/turismo\/2009\/10\/02\/prefeitura-inicia-construcao-de-arquibancada-do-parque-da-roselandia-1783\/#breadcrumb","itemListElement":[{"@type":"ListItem","position":1,"name":"In\u00edcio","item":"https:\/\/www.pmpf.rs.gov.br\/turismo\/"},{"@type":"ListItem","position":2,"name":"Prefeitura inicia constru\u00e7\u00e3o de arquibancada do Parque da Rosel\u00e2ndia"}]},{"@type":"WebSite","@id":"https:\/\/www.pmpf.rs.gov.br\/turismo\/#website","url":"https:\/\/www.pmpf.rs.gov.br\/turismo\/","name":"Turismo","description":"Descubra Passo Fundo","potentialAction":[{"@type":"SearchAction","target":{"@type":"EntryPoint","urlTemplate":"https:\/\/www.pmpf.rs.gov.br\/turismo\/?s={search_term_string}"},"query-input":{"@type":"PropertyValueSpecification","valueRequired":true,"valueName":"search_term_string"}}],"inLanguage":"pt-BR"},{"@type":"Person","@id":"https:\/\/www.pmpf.rs.gov.br\/turismo\/#\/schema\/person\/0c355b0fa68a7aa986c8594f7a60a2d7","name":"mosite","image":{"@type":"ImageObject","inLanguage":"pt-BR","@id":"https:\/\/www.pmpf.rs.gov.br\/turismo\/#\/schema\/person\/image\/","url":"https:\/\/secure.gravatar.com\/avatar\/63d72595d6cecfe12bd8a94829d5a26c?s=96&d=mm&r=g","contentUrl":"https:\/\/secure.gravatar.com\/avatar\/63d72595d6cecfe12bd8a94829d5a26c?s=96&d=mm&r=g","caption":"mosite"},"sameAs":["http:\/\/example.com"],"url":"https:\/\/www.pmpf.rs.gov.br\/turismo\/author\/mosite\/"}]}},"_links":{"self":[{"href":"https:\/\/www.pmpf.rs.gov.br\/turismo\/wp-json\/wp\/v2\/posts\/183"}],"collection":[{"href":"https:\/\/www.pmpf.rs.gov.br\/turismo\/wp-json\/wp\/v2\/posts"}],"about":[{"href":"https:\/\/www.pmpf.rs.gov.br\/turismo\/wp-json\/wp\/v2\/types\/post"}],"author":[{"embeddable":true,"href":"https:\/\/www.pmpf.rs.gov.br\/turismo\/wp-json\/wp\/v2\/users\/1"}],"replies":[{"embeddable":true,"href":"https:\/\/www.pmpf.rs.gov.br\/turismo\/wp-json\/wp\/v2\/comments?post=183"}],"version-history":[{"count":0,"href":"https:\/\/www.pmpf.rs.gov.br\/turismo\/wp-json\/wp\/v2\/posts\/183\/revisions"}],"wp:featuredmedia":[{"embeddable":true,"href":"https:\/\/www.pmpf.rs.gov.br\/turismo\/wp-json\/wp\/v2\/media\/184"}],"wp:attachment":[{"href":"https:\/\/www.pmpf.rs.gov.br\/turismo\/wp-json\/wp\/v2\/media?parent=183"}],"wp:term":[{"taxonomy":"category","embeddable":true,"href":"https:\/\/www.pmpf.rs.gov.br\/turismo\/wp-json\/wp\/v2\/categories?post=183"},{"taxonomy":"post_tag","embeddable":true,"href":"https:\/\/www.pmpf.rs.gov.br\/turismo\/wp-json\/wp\/v2\/tags?post=183"}],"curies":[{"name":"wp","href":"https:\/\/api.w.org\/{rel}","templated":true}]}}