{"id":179,"date":"2009-12-01T02:00:00","date_gmt":"2009-12-01T04:00:00","guid":{"rendered":"https:\/\/www.pmpf.rs.gov.br\/turismo\/2009\/12\/01\/missa-para-maria-elizabeth-traz-fieis-de-varias-localidades-1920\/"},"modified":"2009-12-01T02:00:00","modified_gmt":"2009-12-01T04:00:00","slug":"missa-para-maria-elizabeth-traz-fieis-de-varias-localidades-1920","status":"publish","type":"post","link":"https:\/\/www.pmpf.rs.gov.br\/turismo\/2009\/12\/01\/missa-para-maria-elizabeth-traz-fieis-de-varias-localidades-1920\/","title":{"rendered":"Missa para Maria Elizabeth traz fi\u00e9is de v\u00e1rias localidades"},"content":{"rendered":"<div style=\"text-align: justify; \">\n<p>Mais de 3.000 fi\u00e9is passaram pelo\u00a0 cemit\u00e9rio da Vera Cruz neste domingo, na missa de celebra\u00e7\u00e3o a\u00a0 Maria Elizabeth de Oliveira, considerada santa pela cren\u00e7a popular. Ao todo foram listados 29 \u00f4nibus transportando fi\u00e9is vindos de cidades como Pelotas e Santana do Livramento.<br \/>A missa come\u00e7ou as 9 horas da manh\u00e3, e desde as primeiras horas do dia, o cemit\u00e9rio j\u00e1 recebia fi\u00e9is para visitar o t\u00famulo e pedir gra\u00e7as e b\u00ean\u00e7\u00e3os \u00e0 santa.<br \/>A santa Maria Elizabeth, como \u00e9 chamada pelos seguidores, morreu atropelada em 1965, aos 14 anos, sendo que antes da trag\u00e9dia ela j\u00e1 havia comentado detalhes de sua morte, al\u00e9m de\u00a0 ter escolhido a roupa que vestiria em seu vel\u00f3rio e o caix\u00e3o onde seria sepultada.\u00a0 A menina teria dito aos pais, j\u00e1 falecidos, que passaria sua festa de 15 anos no c\u00e9u, e que seria uma rainha. Ela se tornou conhecida por atender os pedidos dos seus fi\u00e9is. <br \/>O encontro foi organizado pela Prefeitura Municipal, atrav\u00e9s da Funzoctur \u2013 Funda\u00e7\u00e3o Zoobot\u00e2nica, Cultural e de Turismo da Rosel\u00e2ndia, e segue em destaque no calend\u00e1rio de eventos do munic\u00edpio.<\/div>\n<p><\/p>\n","protected":false},"excerpt":{"rendered":"<p>Mais de 3.000 fi\u00e9is passaram pelo  cemit\u00e9rio da Vera Cruz neste domingo, na missa de celebra\u00e7\u00e3o a  Maria Elizabeth de Oliveira, considerada santa pela cren\u00e7a popular. Ao todo foram listados 29 \u00f4nibus transportando fi\u00e9is vindos de cidades como Pelotas e Santana do Livramento.<\/p>\n","protected":false},"author":1,"featured_media":180,"comment_status":"open","ping_status":"open","sticky":false,"template":"","format":"standard","meta":{"footnotes":""},"categories":[],"tags":[],"class_list":["post-179","post","type-post","status-publish","format-standard","has-post-thumbnail","hentry"],"yoast_head":"<!-- This site is optimized with the Yoast SEO plugin v23.8 - https:\/\/yoast.com\/wordpress\/plugins\/seo\/ -->\n<title>Missa para Maria Elizabeth traz fi\u00e9is de v\u00e1rias localidades - Turismo<\/title>\n<meta name=\"robots\" content=\"index, follow, max-snippet:-1, max-image-preview:large, max-video-preview:-1\" \/>\n<link rel=\"canonical\" href=\"https:\/\/www.pmpf.rs.gov.br\/turismo\/2009\/12\/01\/missa-para-maria-elizabeth-traz-fieis-de-varias-localidades-1920\/\" \/>\n<meta property=\"og:locale\" content=\"pt_BR\" \/>\n<meta property=\"og:type\" content=\"article\" \/>\n<meta property=\"og:title\" content=\"Missa para Maria Elizabeth traz fi\u00e9is de v\u00e1rias localidades - Turismo\" \/>\n<meta property=\"og:description\" content=\"Mais de 3.000 fi\u00e9is passaram pelo cemit\u00e9rio da Vera Cruz neste domingo, na missa de celebra\u00e7\u00e3o a Maria Elizabeth de Oliveira, considerada santa pela cren\u00e7a popular. Ao todo foram listados 29 \u00f4nibus transportando fi\u00e9is vindos de cidades como Pelotas e Santana do Livramento.\" \/>\n<meta property=\"og:url\" content=\"https:\/\/www.pmpf.rs.gov.br\/turismo\/2009\/12\/01\/missa-para-maria-elizabeth-traz-fieis-de-varias-localidades-1920\/\" \/>\n<meta property=\"og:site_name\" content=\"Turismo\" \/>\n<meta property=\"article:published_time\" content=\"2009-12-01T04:00:00+00:00\" \/>\n<meta property=\"og:image\" content=\"https:\/\/www.pmpf.rs.gov.br\/turismo\/wp-content\/uploads\/sites\/51\/2021\/12\/I2013-05-07_062706_c6770.jpg\" \/>\n\t<meta property=\"og:image:width\" content=\"467\" \/>\n\t<meta property=\"og:image:height\" content=\"337\" \/>\n\t<meta property=\"og:image:type\" content=\"image\/jpeg\" \/>\n<meta name=\"author\" content=\"mosite\" \/>\n<meta name=\"twitter:card\" content=\"summary_large_image\" \/>\n<meta name=\"twitter:label1\" content=\"Escrito por\" \/>\n\t<meta name=\"twitter:data1\" content=\"mosite\" \/>\n\t<meta name=\"twitter:label2\" content=\"Est. tempo de leitura\" \/>\n\t<meta name=\"twitter:data2\" content=\"1 minuto\" \/>\n<script type=\"application\/ld+json\" class=\"yoast-schema-graph\">{\"@context\":\"https:\/\/schema.org\",\"@graph\":[{\"@type\":\"WebPage\",\"@id\":\"https:\/\/www.pmpf.rs.gov.br\/turismo\/2009\/12\/01\/missa-para-maria-elizabeth-traz-fieis-de-varias-localidades-1920\/\",\"url\":\"https:\/\/www.pmpf.rs.gov.br\/turismo\/2009\/12\/01\/missa-para-maria-elizabeth-traz-fieis-de-varias-localidades-1920\/\",\"name\":\"Missa para Maria Elizabeth traz fi\u00e9is de v\u00e1rias localidades - Turismo\",\"isPartOf\":{\"@id\":\"https:\/\/www.pmpf.rs.gov.br\/turismo\/#website\"},\"primaryImageOfPage\":{\"@id\":\"https:\/\/www.pmpf.rs.gov.br\/turismo\/2009\/12\/01\/missa-para-maria-elizabeth-traz-fieis-de-varias-localidades-1920\/#primaryimage\"},\"image\":{\"@id\":\"https:\/\/www.pmpf.rs.gov.br\/turismo\/2009\/12\/01\/missa-para-maria-elizabeth-traz-fieis-de-varias-localidades-1920\/#primaryimage\"},\"thumbnailUrl\":\"https:\/\/www.pmpf.rs.gov.br\/turismo\/wp-content\/uploads\/sites\/51\/2021\/12\/I2013-05-07_062706_c6770.jpg\",\"datePublished\":\"2009-12-01T04:00:00+00:00\",\"dateModified\":\"2009-12-01T04:00:00+00:00\",\"author\":{\"@id\":\"https:\/\/www.pmpf.rs.gov.br\/turismo\/#\/schema\/person\/0c355b0fa68a7aa986c8594f7a60a2d7\"},\"breadcrumb\":{\"@id\":\"https:\/\/www.pmpf.rs.gov.br\/turismo\/2009\/12\/01\/missa-para-maria-elizabeth-traz-fieis-de-varias-localidades-1920\/#breadcrumb\"},\"inLanguage\":\"pt-BR\",\"potentialAction\":[{\"@type\":\"ReadAction\",\"target\":[\"https:\/\/www.pmpf.rs.gov.br\/turismo\/2009\/12\/01\/missa-para-maria-elizabeth-traz-fieis-de-varias-localidades-1920\/\"]}]},{\"@type\":\"ImageObject\",\"inLanguage\":\"pt-BR\",\"@id\":\"https:\/\/www.pmpf.rs.gov.br\/turismo\/2009\/12\/01\/missa-para-maria-elizabeth-traz-fieis-de-varias-localidades-1920\/#primaryimage\",\"url\":\"https:\/\/www.pmpf.rs.gov.br\/turismo\/wp-content\/uploads\/sites\/51\/2021\/12\/I2013-05-07_062706_c6770.jpg\",\"contentUrl\":\"https:\/\/www.pmpf.rs.gov.br\/turismo\/wp-content\/uploads\/sites\/51\/2021\/12\/I2013-05-07_062706_c6770.jpg\",\"width\":467,\"height\":337},{\"@type\":\"BreadcrumbList\",\"@id\":\"https:\/\/www.pmpf.rs.gov.br\/turismo\/2009\/12\/01\/missa-para-maria-elizabeth-traz-fieis-de-varias-localidades-1920\/#breadcrumb\",\"itemListElement\":[{\"@type\":\"ListItem\",\"position\":1,\"name\":\"In\u00edcio\",\"item\":\"https:\/\/www.pmpf.rs.gov.br\/turismo\/\"},{\"@type\":\"ListItem\",\"position\":2,\"name\":\"Missa para Maria Elizabeth traz fi\u00e9is de v\u00e1rias localidades\"}]},{\"@type\":\"WebSite\",\"@id\":\"https:\/\/www.pmpf.rs.gov.br\/turismo\/#website\",\"url\":\"https:\/\/www.pmpf.rs.gov.br\/turismo\/\",\"name\":\"Turismo\",\"description\":\"Descubra Passo Fundo\",\"potentialAction\":[{\"@type\":\"SearchAction\",\"target\":{\"@type\":\"EntryPoint\",\"urlTemplate\":\"https:\/\/www.pmpf.rs.gov.br\/turismo\/?s={search_term_string}\"},\"query-input\":{\"@type\":\"PropertyValueSpecification\",\"valueRequired\":true,\"valueName\":\"search_term_string\"}}],\"inLanguage\":\"pt-BR\"},{\"@type\":\"Person\",\"@id\":\"https:\/\/www.pmpf.rs.gov.br\/turismo\/#\/schema\/person\/0c355b0fa68a7aa986c8594f7a60a2d7\",\"name\":\"mosite\",\"image\":{\"@type\":\"ImageObject\",\"inLanguage\":\"pt-BR\",\"@id\":\"https:\/\/www.pmpf.rs.gov.br\/turismo\/#\/schema\/person\/image\/\",\"url\":\"https:\/\/secure.gravatar.com\/avatar\/63d72595d6cecfe12bd8a94829d5a26c?s=96&d=mm&r=g\",\"contentUrl\":\"https:\/\/secure.gravatar.com\/avatar\/63d72595d6cecfe12bd8a94829d5a26c?s=96&d=mm&r=g\",\"caption\":\"mosite\"},\"sameAs\":[\"http:\/\/example.com\"],\"url\":\"https:\/\/www.pmpf.rs.gov.br\/turismo\/author\/mosite\/\"}]}<\/script>\n<!-- \/ Yoast SEO plugin. -->","yoast_head_json":{"title":"Missa para Maria Elizabeth traz fi\u00e9is de v\u00e1rias localidades - Turismo","robots":{"index":"index","follow":"follow","max-snippet":"max-snippet:-1","max-image-preview":"max-image-preview:large","max-video-preview":"max-video-preview:-1"},"canonical":"https:\/\/www.pmpf.rs.gov.br\/turismo\/2009\/12\/01\/missa-para-maria-elizabeth-traz-fieis-de-varias-localidades-1920\/","og_locale":"pt_BR","og_type":"article","og_title":"Missa para Maria Elizabeth traz fi\u00e9is de v\u00e1rias localidades - Turismo","og_description":"Mais de 3.000 fi\u00e9is passaram pelo cemit\u00e9rio da Vera Cruz neste domingo, na missa de celebra\u00e7\u00e3o a Maria Elizabeth de Oliveira, considerada santa pela cren\u00e7a popular. Ao todo foram listados 29 \u00f4nibus transportando fi\u00e9is vindos de cidades como Pelotas e Santana do Livramento.","og_url":"https:\/\/www.pmpf.rs.gov.br\/turismo\/2009\/12\/01\/missa-para-maria-elizabeth-traz-fieis-de-varias-localidades-1920\/","og_site_name":"Turismo","article_published_time":"2009-12-01T04:00:00+00:00","og_image":[{"width":467,"height":337,"url":"https:\/\/www.pmpf.rs.gov.br\/turismo\/wp-content\/uploads\/sites\/51\/2021\/12\/I2013-05-07_062706_c6770.jpg","type":"image\/jpeg"}],"author":"mosite","twitter_card":"summary_large_image","twitter_misc":{"Escrito por":"mosite","Est. tempo de leitura":"1 minuto"},"schema":{"@context":"https:\/\/schema.org","@graph":[{"@type":"WebPage","@id":"https:\/\/www.pmpf.rs.gov.br\/turismo\/2009\/12\/01\/missa-para-maria-elizabeth-traz-fieis-de-varias-localidades-1920\/","url":"https:\/\/www.pmpf.rs.gov.br\/turismo\/2009\/12\/01\/missa-para-maria-elizabeth-traz-fieis-de-varias-localidades-1920\/","name":"Missa para Maria Elizabeth traz fi\u00e9is de v\u00e1rias localidades - Turismo","isPartOf":{"@id":"https:\/\/www.pmpf.rs.gov.br\/turismo\/#website"},"primaryImageOfPage":{"@id":"https:\/\/www.pmpf.rs.gov.br\/turismo\/2009\/12\/01\/missa-para-maria-elizabeth-traz-fieis-de-varias-localidades-1920\/#primaryimage"},"image":{"@id":"https:\/\/www.pmpf.rs.gov.br\/turismo\/2009\/12\/01\/missa-para-maria-elizabeth-traz-fieis-de-varias-localidades-1920\/#primaryimage"},"thumbnailUrl":"https:\/\/www.pmpf.rs.gov.br\/turismo\/wp-content\/uploads\/sites\/51\/2021\/12\/I2013-05-07_062706_c6770.jpg","datePublished":"2009-12-01T04:00:00+00:00","dateModified":"2009-12-01T04:00:00+00:00","author":{"@id":"https:\/\/www.pmpf.rs.gov.br\/turismo\/#\/schema\/person\/0c355b0fa68a7aa986c8594f7a60a2d7"},"breadcrumb":{"@id":"https:\/\/www.pmpf.rs.gov.br\/turismo\/2009\/12\/01\/missa-para-maria-elizabeth-traz-fieis-de-varias-localidades-1920\/#breadcrumb"},"inLanguage":"pt-BR","potentialAction":[{"@type":"ReadAction","target":["https:\/\/www.pmpf.rs.gov.br\/turismo\/2009\/12\/01\/missa-para-maria-elizabeth-traz-fieis-de-varias-localidades-1920\/"]}]},{"@type":"ImageObject","inLanguage":"pt-BR","@id":"https:\/\/www.pmpf.rs.gov.br\/turismo\/2009\/12\/01\/missa-para-maria-elizabeth-traz-fieis-de-varias-localidades-1920\/#primaryimage","url":"https:\/\/www.pmpf.rs.gov.br\/turismo\/wp-content\/uploads\/sites\/51\/2021\/12\/I2013-05-07_062706_c6770.jpg","contentUrl":"https:\/\/www.pmpf.rs.gov.br\/turismo\/wp-content\/uploads\/sites\/51\/2021\/12\/I2013-05-07_062706_c6770.jpg","width":467,"height":337},{"@type":"BreadcrumbList","@id":"https:\/\/www.pmpf.rs.gov.br\/turismo\/2009\/12\/01\/missa-para-maria-elizabeth-traz-fieis-de-varias-localidades-1920\/#breadcrumb","itemListElement":[{"@type":"ListItem","position":1,"name":"In\u00edcio","item":"https:\/\/www.pmpf.rs.gov.br\/turismo\/"},{"@type":"ListItem","position":2,"name":"Missa para Maria Elizabeth traz fi\u00e9is de v\u00e1rias localidades"}]},{"@type":"WebSite","@id":"https:\/\/www.pmpf.rs.gov.br\/turismo\/#website","url":"https:\/\/www.pmpf.rs.gov.br\/turismo\/","name":"Turismo","description":"Descubra Passo Fundo","potentialAction":[{"@type":"SearchAction","target":{"@type":"EntryPoint","urlTemplate":"https:\/\/www.pmpf.rs.gov.br\/turismo\/?s={search_term_string}"},"query-input":{"@type":"PropertyValueSpecification","valueRequired":true,"valueName":"search_term_string"}}],"inLanguage":"pt-BR"},{"@type":"Person","@id":"https:\/\/www.pmpf.rs.gov.br\/turismo\/#\/schema\/person\/0c355b0fa68a7aa986c8594f7a60a2d7","name":"mosite","image":{"@type":"ImageObject","inLanguage":"pt-BR","@id":"https:\/\/www.pmpf.rs.gov.br\/turismo\/#\/schema\/person\/image\/","url":"https:\/\/secure.gravatar.com\/avatar\/63d72595d6cecfe12bd8a94829d5a26c?s=96&d=mm&r=g","contentUrl":"https:\/\/secure.gravatar.com\/avatar\/63d72595d6cecfe12bd8a94829d5a26c?s=96&d=mm&r=g","caption":"mosite"},"sameAs":["http:\/\/example.com"],"url":"https:\/\/www.pmpf.rs.gov.br\/turismo\/author\/mosite\/"}]}},"_links":{"self":[{"href":"https:\/\/www.pmpf.rs.gov.br\/turismo\/wp-json\/wp\/v2\/posts\/179"}],"collection":[{"href":"https:\/\/www.pmpf.rs.gov.br\/turismo\/wp-json\/wp\/v2\/posts"}],"about":[{"href":"https:\/\/www.pmpf.rs.gov.br\/turismo\/wp-json\/wp\/v2\/types\/post"}],"author":[{"embeddable":true,"href":"https:\/\/www.pmpf.rs.gov.br\/turismo\/wp-json\/wp\/v2\/users\/1"}],"replies":[{"embeddable":true,"href":"https:\/\/www.pmpf.rs.gov.br\/turismo\/wp-json\/wp\/v2\/comments?post=179"}],"version-history":[{"count":0,"href":"https:\/\/www.pmpf.rs.gov.br\/turismo\/wp-json\/wp\/v2\/posts\/179\/revisions"}],"wp:featuredmedia":[{"embeddable":true,"href":"https:\/\/www.pmpf.rs.gov.br\/turismo\/wp-json\/wp\/v2\/media\/180"}],"wp:attachment":[{"href":"https:\/\/www.pmpf.rs.gov.br\/turismo\/wp-json\/wp\/v2\/media?parent=179"}],"wp:term":[{"taxonomy":"category","embeddable":true,"href":"https:\/\/www.pmpf.rs.gov.br\/turismo\/wp-json\/wp\/v2\/categories?post=179"},{"taxonomy":"post_tag","embeddable":true,"href":"https:\/\/www.pmpf.rs.gov.br\/turismo\/wp-json\/wp\/v2\/tags?post=179"}],"curies":[{"name":"wp","href":"https:\/\/api.w.org\/{rel}","templated":true}]}}