{"id":175,"date":"2013-12-06T02:00:00","date_gmt":"2013-12-06T04:00:00","guid":{"rendered":"https:\/\/www.pmpf.rs.gov.br\/turismo\/2013\/12\/06\/chuvas-nao-atrapalham-continuidade-das-provas-campeiras-do-xvi-rodeio-7660\/"},"modified":"2013-12-06T02:00:00","modified_gmt":"2013-12-06T04:00:00","slug":"chuvas-nao-atrapalham-continuidade-das-provas-campeiras-do-xvi-rodeio-7660","status":"publish","type":"post","link":"https:\/\/www.pmpf.rs.gov.br\/turismo\/2013\/12\/06\/chuvas-nao-atrapalham-continuidade-das-provas-campeiras-do-xvi-rodeio-7660\/","title":{"rendered":"Chuvas n\u00e3o atrapalham continuidade das provas campeiras do XVI Rodeio"},"content":{"rendered":"<p>No segundo dia do XVI Rodeio Internacional de Passo Fundo, nesta  quinta-feira,05, a chuva que somou 13 mil\u00edmetros na cidade, n\u00e3o  interrompeu a competi\u00e7\u00e3o campeira. A pista que foi toda reformada pela  Prefeitura para atender as exig\u00eancias dos tradicionalistas n\u00e3o acumulou  \u00e1gua e as provas puderam ser realizadas normalmente. Para o p\u00fablico que  visita o Parque de Rodeios a chuva tamb\u00e9m n\u00e3o \u00e9 problema. As  arquibancadas s\u00e3o cobertas, assim como o palco principal onde acontecem  os shows e a pra\u00e7a de alimenta\u00e7\u00e3o.<\/p>\n<p> Durante todo o Rodeio ser\u00e3o disputadas as provas Crioula\u00e7o (duplas)  Quarto de Milha, La\u00e7o Amador, La\u00e7o Aberto, La\u00e7o Duplo do Rodeio nas  modalidades For\u00e7a A (7 e 8 armadas) \u00a0For\u00e7a B (5 e 6 armadas) e For\u00e7a C  (4 armadas) e Gineteada.<\/p>\n<p> A atual pista de la\u00e7o tamb\u00e9m respeita a integridade dos animais, conta  com o padr\u00e3o oficial exigido para as provas tradicionalistas, com \u201csaca  la\u00e7o\u201d, brete de solta, retorno de gado e mangueira para o aparte e para o  pernoite dos gados de piquetes. A atual pista conta com um sistema de  drenagem que possibilita o escoamento da \u00e1gua acumulada para um local  que n\u00e3o inunde as demais \u00e1reas campeiras.<\/p>\n","protected":false},"excerpt":{"rendered":"<p>Chuvas n\u00e3o atrapalham continuidade das provas campeiras do XVI Rodeio<\/p>\n","protected":false},"author":1,"featured_media":176,"comment_status":"open","ping_status":"open","sticky":false,"template":"","format":"standard","meta":{"footnotes":""},"categories":[],"tags":[],"class_list":["post-175","post","type-post","status-publish","format-standard","has-post-thumbnail","hentry"],"yoast_head":"<!-- This site is optimized with the Yoast SEO plugin v23.8 - https:\/\/yoast.com\/wordpress\/plugins\/seo\/ -->\n<title>Chuvas n\u00e3o atrapalham continuidade das provas campeiras do XVI Rodeio - Turismo<\/title>\n<meta name=\"robots\" content=\"index, follow, max-snippet:-1, max-image-preview:large, max-video-preview:-1\" \/>\n<link rel=\"canonical\" href=\"https:\/\/www.pmpf.rs.gov.br\/turismo\/2013\/12\/06\/chuvas-nao-atrapalham-continuidade-das-provas-campeiras-do-xvi-rodeio-7660\/\" \/>\n<meta property=\"og:locale\" content=\"pt_BR\" \/>\n<meta property=\"og:type\" content=\"article\" \/>\n<meta property=\"og:title\" content=\"Chuvas n\u00e3o atrapalham continuidade das provas campeiras do XVI Rodeio - Turismo\" \/>\n<meta property=\"og:description\" content=\"Chuvas n\u00e3o atrapalham continuidade das provas campeiras do XVI Rodeio\" \/>\n<meta property=\"og:url\" content=\"https:\/\/www.pmpf.rs.gov.br\/turismo\/2013\/12\/06\/chuvas-nao-atrapalham-continuidade-das-provas-campeiras-do-xvi-rodeio-7660\/\" \/>\n<meta property=\"og:site_name\" content=\"Turismo\" \/>\n<meta property=\"article:published_time\" content=\"2013-12-06T04:00:00+00:00\" \/>\n<meta property=\"og:image\" content=\"https:\/\/www.pmpf.rs.gov.br\/turismo\/wp-content\/uploads\/sites\/51\/2021\/12\/I2013-12-11_033937_c10475.jpg\" \/>\n\t<meta property=\"og:image:width\" content=\"1003\" \/>\n\t<meta property=\"og:image:height\" content=\"754\" \/>\n\t<meta property=\"og:image:type\" content=\"image\/jpeg\" \/>\n<meta name=\"author\" content=\"mosite\" \/>\n<meta name=\"twitter:card\" content=\"summary_large_image\" \/>\n<meta name=\"twitter:label1\" content=\"Escrito por\" \/>\n\t<meta name=\"twitter:data1\" content=\"mosite\" \/>\n\t<meta name=\"twitter:label2\" content=\"Est. tempo de leitura\" \/>\n\t<meta name=\"twitter:data2\" content=\"1 minuto\" \/>\n<script type=\"application\/ld+json\" class=\"yoast-schema-graph\">{\"@context\":\"https:\/\/schema.org\",\"@graph\":[{\"@type\":\"WebPage\",\"@id\":\"https:\/\/www.pmpf.rs.gov.br\/turismo\/2013\/12\/06\/chuvas-nao-atrapalham-continuidade-das-provas-campeiras-do-xvi-rodeio-7660\/\",\"url\":\"https:\/\/www.pmpf.rs.gov.br\/turismo\/2013\/12\/06\/chuvas-nao-atrapalham-continuidade-das-provas-campeiras-do-xvi-rodeio-7660\/\",\"name\":\"Chuvas n\u00e3o atrapalham continuidade das provas campeiras do XVI Rodeio - Turismo\",\"isPartOf\":{\"@id\":\"https:\/\/www.pmpf.rs.gov.br\/turismo\/#website\"},\"primaryImageOfPage\":{\"@id\":\"https:\/\/www.pmpf.rs.gov.br\/turismo\/2013\/12\/06\/chuvas-nao-atrapalham-continuidade-das-provas-campeiras-do-xvi-rodeio-7660\/#primaryimage\"},\"image\":{\"@id\":\"https:\/\/www.pmpf.rs.gov.br\/turismo\/2013\/12\/06\/chuvas-nao-atrapalham-continuidade-das-provas-campeiras-do-xvi-rodeio-7660\/#primaryimage\"},\"thumbnailUrl\":\"https:\/\/www.pmpf.rs.gov.br\/turismo\/wp-content\/uploads\/sites\/51\/2021\/12\/I2013-12-11_033937_c10475.jpg\",\"datePublished\":\"2013-12-06T04:00:00+00:00\",\"dateModified\":\"2013-12-06T04:00:00+00:00\",\"author\":{\"@id\":\"https:\/\/www.pmpf.rs.gov.br\/turismo\/#\/schema\/person\/0c355b0fa68a7aa986c8594f7a60a2d7\"},\"breadcrumb\":{\"@id\":\"https:\/\/www.pmpf.rs.gov.br\/turismo\/2013\/12\/06\/chuvas-nao-atrapalham-continuidade-das-provas-campeiras-do-xvi-rodeio-7660\/#breadcrumb\"},\"inLanguage\":\"pt-BR\",\"potentialAction\":[{\"@type\":\"ReadAction\",\"target\":[\"https:\/\/www.pmpf.rs.gov.br\/turismo\/2013\/12\/06\/chuvas-nao-atrapalham-continuidade-das-provas-campeiras-do-xvi-rodeio-7660\/\"]}]},{\"@type\":\"ImageObject\",\"inLanguage\":\"pt-BR\",\"@id\":\"https:\/\/www.pmpf.rs.gov.br\/turismo\/2013\/12\/06\/chuvas-nao-atrapalham-continuidade-das-provas-campeiras-do-xvi-rodeio-7660\/#primaryimage\",\"url\":\"https:\/\/www.pmpf.rs.gov.br\/turismo\/wp-content\/uploads\/sites\/51\/2021\/12\/I2013-12-11_033937_c10475.jpg\",\"contentUrl\":\"https:\/\/www.pmpf.rs.gov.br\/turismo\/wp-content\/uploads\/sites\/51\/2021\/12\/I2013-12-11_033937_c10475.jpg\",\"width\":1003,\"height\":754},{\"@type\":\"BreadcrumbList\",\"@id\":\"https:\/\/www.pmpf.rs.gov.br\/turismo\/2013\/12\/06\/chuvas-nao-atrapalham-continuidade-das-provas-campeiras-do-xvi-rodeio-7660\/#breadcrumb\",\"itemListElement\":[{\"@type\":\"ListItem\",\"position\":1,\"name\":\"In\u00edcio\",\"item\":\"https:\/\/www.pmpf.rs.gov.br\/turismo\/\"},{\"@type\":\"ListItem\",\"position\":2,\"name\":\"Chuvas n\u00e3o atrapalham continuidade das provas campeiras do XVI Rodeio\"}]},{\"@type\":\"WebSite\",\"@id\":\"https:\/\/www.pmpf.rs.gov.br\/turismo\/#website\",\"url\":\"https:\/\/www.pmpf.rs.gov.br\/turismo\/\",\"name\":\"Turismo\",\"description\":\"Descubra Passo Fundo\",\"potentialAction\":[{\"@type\":\"SearchAction\",\"target\":{\"@type\":\"EntryPoint\",\"urlTemplate\":\"https:\/\/www.pmpf.rs.gov.br\/turismo\/?s={search_term_string}\"},\"query-input\":{\"@type\":\"PropertyValueSpecification\",\"valueRequired\":true,\"valueName\":\"search_term_string\"}}],\"inLanguage\":\"pt-BR\"},{\"@type\":\"Person\",\"@id\":\"https:\/\/www.pmpf.rs.gov.br\/turismo\/#\/schema\/person\/0c355b0fa68a7aa986c8594f7a60a2d7\",\"name\":\"mosite\",\"image\":{\"@type\":\"ImageObject\",\"inLanguage\":\"pt-BR\",\"@id\":\"https:\/\/www.pmpf.rs.gov.br\/turismo\/#\/schema\/person\/image\/\",\"url\":\"https:\/\/secure.gravatar.com\/avatar\/63d72595d6cecfe12bd8a94829d5a26c?s=96&d=mm&r=g\",\"contentUrl\":\"https:\/\/secure.gravatar.com\/avatar\/63d72595d6cecfe12bd8a94829d5a26c?s=96&d=mm&r=g\",\"caption\":\"mosite\"},\"sameAs\":[\"http:\/\/example.com\"],\"url\":\"https:\/\/www.pmpf.rs.gov.br\/turismo\/author\/mosite\/\"}]}<\/script>\n<!-- \/ Yoast SEO plugin. -->","yoast_head_json":{"title":"Chuvas n\u00e3o atrapalham continuidade das provas campeiras do XVI Rodeio - Turismo","robots":{"index":"index","follow":"follow","max-snippet":"max-snippet:-1","max-image-preview":"max-image-preview:large","max-video-preview":"max-video-preview:-1"},"canonical":"https:\/\/www.pmpf.rs.gov.br\/turismo\/2013\/12\/06\/chuvas-nao-atrapalham-continuidade-das-provas-campeiras-do-xvi-rodeio-7660\/","og_locale":"pt_BR","og_type":"article","og_title":"Chuvas n\u00e3o atrapalham continuidade das provas campeiras do XVI Rodeio - Turismo","og_description":"Chuvas n\u00e3o atrapalham continuidade das provas campeiras do XVI Rodeio","og_url":"https:\/\/www.pmpf.rs.gov.br\/turismo\/2013\/12\/06\/chuvas-nao-atrapalham-continuidade-das-provas-campeiras-do-xvi-rodeio-7660\/","og_site_name":"Turismo","article_published_time":"2013-12-06T04:00:00+00:00","og_image":[{"width":1003,"height":754,"url":"https:\/\/www.pmpf.rs.gov.br\/turismo\/wp-content\/uploads\/sites\/51\/2021\/12\/I2013-12-11_033937_c10475.jpg","type":"image\/jpeg"}],"author":"mosite","twitter_card":"summary_large_image","twitter_misc":{"Escrito por":"mosite","Est. tempo de leitura":"1 minuto"},"schema":{"@context":"https:\/\/schema.org","@graph":[{"@type":"WebPage","@id":"https:\/\/www.pmpf.rs.gov.br\/turismo\/2013\/12\/06\/chuvas-nao-atrapalham-continuidade-das-provas-campeiras-do-xvi-rodeio-7660\/","url":"https:\/\/www.pmpf.rs.gov.br\/turismo\/2013\/12\/06\/chuvas-nao-atrapalham-continuidade-das-provas-campeiras-do-xvi-rodeio-7660\/","name":"Chuvas n\u00e3o atrapalham continuidade das provas campeiras do XVI Rodeio - Turismo","isPartOf":{"@id":"https:\/\/www.pmpf.rs.gov.br\/turismo\/#website"},"primaryImageOfPage":{"@id":"https:\/\/www.pmpf.rs.gov.br\/turismo\/2013\/12\/06\/chuvas-nao-atrapalham-continuidade-das-provas-campeiras-do-xvi-rodeio-7660\/#primaryimage"},"image":{"@id":"https:\/\/www.pmpf.rs.gov.br\/turismo\/2013\/12\/06\/chuvas-nao-atrapalham-continuidade-das-provas-campeiras-do-xvi-rodeio-7660\/#primaryimage"},"thumbnailUrl":"https:\/\/www.pmpf.rs.gov.br\/turismo\/wp-content\/uploads\/sites\/51\/2021\/12\/I2013-12-11_033937_c10475.jpg","datePublished":"2013-12-06T04:00:00+00:00","dateModified":"2013-12-06T04:00:00+00:00","author":{"@id":"https:\/\/www.pmpf.rs.gov.br\/turismo\/#\/schema\/person\/0c355b0fa68a7aa986c8594f7a60a2d7"},"breadcrumb":{"@id":"https:\/\/www.pmpf.rs.gov.br\/turismo\/2013\/12\/06\/chuvas-nao-atrapalham-continuidade-das-provas-campeiras-do-xvi-rodeio-7660\/#breadcrumb"},"inLanguage":"pt-BR","potentialAction":[{"@type":"ReadAction","target":["https:\/\/www.pmpf.rs.gov.br\/turismo\/2013\/12\/06\/chuvas-nao-atrapalham-continuidade-das-provas-campeiras-do-xvi-rodeio-7660\/"]}]},{"@type":"ImageObject","inLanguage":"pt-BR","@id":"https:\/\/www.pmpf.rs.gov.br\/turismo\/2013\/12\/06\/chuvas-nao-atrapalham-continuidade-das-provas-campeiras-do-xvi-rodeio-7660\/#primaryimage","url":"https:\/\/www.pmpf.rs.gov.br\/turismo\/wp-content\/uploads\/sites\/51\/2021\/12\/I2013-12-11_033937_c10475.jpg","contentUrl":"https:\/\/www.pmpf.rs.gov.br\/turismo\/wp-content\/uploads\/sites\/51\/2021\/12\/I2013-12-11_033937_c10475.jpg","width":1003,"height":754},{"@type":"BreadcrumbList","@id":"https:\/\/www.pmpf.rs.gov.br\/turismo\/2013\/12\/06\/chuvas-nao-atrapalham-continuidade-das-provas-campeiras-do-xvi-rodeio-7660\/#breadcrumb","itemListElement":[{"@type":"ListItem","position":1,"name":"In\u00edcio","item":"https:\/\/www.pmpf.rs.gov.br\/turismo\/"},{"@type":"ListItem","position":2,"name":"Chuvas n\u00e3o atrapalham continuidade das provas campeiras do XVI Rodeio"}]},{"@type":"WebSite","@id":"https:\/\/www.pmpf.rs.gov.br\/turismo\/#website","url":"https:\/\/www.pmpf.rs.gov.br\/turismo\/","name":"Turismo","description":"Descubra Passo Fundo","potentialAction":[{"@type":"SearchAction","target":{"@type":"EntryPoint","urlTemplate":"https:\/\/www.pmpf.rs.gov.br\/turismo\/?s={search_term_string}"},"query-input":{"@type":"PropertyValueSpecification","valueRequired":true,"valueName":"search_term_string"}}],"inLanguage":"pt-BR"},{"@type":"Person","@id":"https:\/\/www.pmpf.rs.gov.br\/turismo\/#\/schema\/person\/0c355b0fa68a7aa986c8594f7a60a2d7","name":"mosite","image":{"@type":"ImageObject","inLanguage":"pt-BR","@id":"https:\/\/www.pmpf.rs.gov.br\/turismo\/#\/schema\/person\/image\/","url":"https:\/\/secure.gravatar.com\/avatar\/63d72595d6cecfe12bd8a94829d5a26c?s=96&d=mm&r=g","contentUrl":"https:\/\/secure.gravatar.com\/avatar\/63d72595d6cecfe12bd8a94829d5a26c?s=96&d=mm&r=g","caption":"mosite"},"sameAs":["http:\/\/example.com"],"url":"https:\/\/www.pmpf.rs.gov.br\/turismo\/author\/mosite\/"}]}},"_links":{"self":[{"href":"https:\/\/www.pmpf.rs.gov.br\/turismo\/wp-json\/wp\/v2\/posts\/175"}],"collection":[{"href":"https:\/\/www.pmpf.rs.gov.br\/turismo\/wp-json\/wp\/v2\/posts"}],"about":[{"href":"https:\/\/www.pmpf.rs.gov.br\/turismo\/wp-json\/wp\/v2\/types\/post"}],"author":[{"embeddable":true,"href":"https:\/\/www.pmpf.rs.gov.br\/turismo\/wp-json\/wp\/v2\/users\/1"}],"replies":[{"embeddable":true,"href":"https:\/\/www.pmpf.rs.gov.br\/turismo\/wp-json\/wp\/v2\/comments?post=175"}],"version-history":[{"count":0,"href":"https:\/\/www.pmpf.rs.gov.br\/turismo\/wp-json\/wp\/v2\/posts\/175\/revisions"}],"wp:featuredmedia":[{"embeddable":true,"href":"https:\/\/www.pmpf.rs.gov.br\/turismo\/wp-json\/wp\/v2\/media\/176"}],"wp:attachment":[{"href":"https:\/\/www.pmpf.rs.gov.br\/turismo\/wp-json\/wp\/v2\/media?parent=175"}],"wp:term":[{"taxonomy":"category","embeddable":true,"href":"https:\/\/www.pmpf.rs.gov.br\/turismo\/wp-json\/wp\/v2\/categories?post=175"},{"taxonomy":"post_tag","embeddable":true,"href":"https:\/\/www.pmpf.rs.gov.br\/turismo\/wp-json\/wp\/v2\/tags?post=175"}],"curies":[{"name":"wp","href":"https:\/\/api.w.org\/{rel}","templated":true}]}}