{"id":151,"date":"2007-08-23T03:00:00","date_gmt":"2007-08-23T06:00:00","guid":{"rendered":"https:\/\/www.pmpf.rs.gov.br\/turismo\/2007\/08\/23\/municipio-participa-da-jornada-de-literatura-3691\/"},"modified":"2007-08-23T03:00:00","modified_gmt":"2007-08-23T06:00:00","slug":"municipio-participa-da-jornada-de-literatura-3691","status":"publish","type":"post","link":"https:\/\/www.pmpf.rs.gov.br\/turismo\/2007\/08\/23\/municipio-participa-da-jornada-de-literatura-3691\/","title":{"rendered":"Munic\u00edpio participa da Jornada de Literatura"},"content":{"rendered":"<p>Acolher e passar conhecimento e informa\u00e7\u00f5es \u00fateis aos turistas e visitantes da 12\u00aa Jornada Nacional de Literatura, que acontece de 27 a 31 deste m\u00eas de agosto no munic\u00edpio. Este \u00e9 o principal objetivo do stand da Prefeitura Municipal em mais uma edi\u00e7\u00e3o do evento. A Funzoctur &#8211; Funda\u00e7\u00e3o de Turismo de Passo Fundo -, est\u00e1 organizando um espa\u00e7o institucional de apresenta\u00e7\u00e3o do munic\u00edpio. Est\u00e1 programada a exibi\u00e7\u00e3o de material impresso, artesanal, fotos e v\u00eddeos que expressem todo o potencial tur\u00edstico, cultural e o desenvolvimento de Passo Fundo ao longo dos 150 anos de emancipa\u00e7\u00e3o. O local tamb\u00e9m vai ser ponto de confraterniza\u00e7\u00e3o e descanso. Al\u00e9m disto, recepcionistas e colaboradores da Funda\u00e7\u00e3o v\u00e3o atender ao p\u00fablico, dar sugest\u00f5es e esclarecer d\u00favidas. Um posto tur\u00edstico e de recep\u00e7\u00e3o vai estar dispon\u00edvel no Aeroporto Lauro Kortz, abastecido de material informativo. Este trabalho funcionar\u00e1 atrav\u00e9s de uma parceria entre todas as Secretarias da Prefeitura Municipal.<br \/> \u201cJ\u00e1 estamos organizados para prestar um bom trabalho \u00e0 comunidade passo-fundense e aos visitantes. Em eventos deste porte sempre h\u00e1 a curiosidade das pessoas em rela\u00e7\u00e3o aos servi\u00e7os p\u00fablicos de um munic\u00edpio, assim como o seu potencial. Com a Jornada de Literatura, em Passo Fundo, sabemos que n\u00e3o ser\u00e1 diferente. Portanto, estamos com uma grande equipe, de profissionais, prontos a atender as necessidades que se apresentarem naquela semana\u201d, destaca o diretor-presidente da Funda\u00e7\u00e3o, Alexandre Rodrigues.<\/p>\n<p>    <img decoding=\"async\" src=\"\/images\/foto_divul_5.jpg\" border=\"0\"><br \/> Organizadores da Jornada esperam a presen\u00e7a, mais uma vez, de grande p\u00fablico, entre passo-fundenses e visitantes<\/p>\n<p> <img decoding=\"async\" src=\"\/images\/foto_divul_4.jpg\" border=\"0\"><br \/> A Jornada oferece grandes atra\u00e7\u00f5es, al\u00e9m dos livros, para uma multid\u00e3o de pessoas<br \/>  Fotos: Divulga\u00e7\u00e3o<\/p>\n","protected":false},"excerpt":{"rendered":"<p>Munic\u00edpio participa da Jornada de Literatura<\/p>\n","protected":false},"author":1,"featured_media":0,"comment_status":"open","ping_status":"open","sticky":false,"template":"","format":"standard","meta":{"footnotes":""},"categories":[],"tags":[],"class_list":["post-151","post","type-post","status-publish","format-standard","hentry"],"yoast_head":"<!-- This site is optimized with the Yoast SEO plugin v23.8 - https:\/\/yoast.com\/wordpress\/plugins\/seo\/ -->\n<title>Munic\u00edpio participa da Jornada de Literatura - Turismo<\/title>\n<meta name=\"robots\" content=\"index, follow, max-snippet:-1, max-image-preview:large, max-video-preview:-1\" \/>\n<link rel=\"canonical\" href=\"https:\/\/www.pmpf.rs.gov.br\/turismo\/2007\/08\/23\/municipio-participa-da-jornada-de-literatura-3691\/\" \/>\n<meta property=\"og:locale\" content=\"pt_BR\" \/>\n<meta property=\"og:type\" content=\"article\" \/>\n<meta property=\"og:title\" content=\"Munic\u00edpio participa da Jornada de Literatura - Turismo\" \/>\n<meta property=\"og:description\" content=\"Munic\u00edpio participa da Jornada de Literatura\" \/>\n<meta property=\"og:url\" content=\"https:\/\/www.pmpf.rs.gov.br\/turismo\/2007\/08\/23\/municipio-participa-da-jornada-de-literatura-3691\/\" \/>\n<meta property=\"og:site_name\" content=\"Turismo\" \/>\n<meta property=\"article:published_time\" content=\"2007-08-23T06:00:00+00:00\" \/>\n<meta property=\"og:image\" content=\"https:\/\/www.pmpf.rs.gov.br\/images\/foto_divul_5.jpg\" \/>\n<meta name=\"author\" content=\"mosite\" \/>\n<meta name=\"twitter:card\" content=\"summary_large_image\" \/>\n<meta name=\"twitter:label1\" content=\"Escrito por\" \/>\n\t<meta name=\"twitter:data1\" content=\"mosite\" \/>\n\t<meta name=\"twitter:label2\" content=\"Est. tempo de leitura\" \/>\n\t<meta name=\"twitter:data2\" content=\"1 minuto\" \/>\n<script type=\"application\/ld+json\" class=\"yoast-schema-graph\">{\"@context\":\"https:\/\/schema.org\",\"@graph\":[{\"@type\":\"WebPage\",\"@id\":\"https:\/\/www.pmpf.rs.gov.br\/turismo\/2007\/08\/23\/municipio-participa-da-jornada-de-literatura-3691\/\",\"url\":\"https:\/\/www.pmpf.rs.gov.br\/turismo\/2007\/08\/23\/municipio-participa-da-jornada-de-literatura-3691\/\",\"name\":\"Munic\u00edpio participa da Jornada de Literatura - Turismo\",\"isPartOf\":{\"@id\":\"https:\/\/www.pmpf.rs.gov.br\/turismo\/#website\"},\"datePublished\":\"2007-08-23T06:00:00+00:00\",\"dateModified\":\"2007-08-23T06:00:00+00:00\",\"author\":{\"@id\":\"https:\/\/www.pmpf.rs.gov.br\/turismo\/#\/schema\/person\/0c355b0fa68a7aa986c8594f7a60a2d7\"},\"breadcrumb\":{\"@id\":\"https:\/\/www.pmpf.rs.gov.br\/turismo\/2007\/08\/23\/municipio-participa-da-jornada-de-literatura-3691\/#breadcrumb\"},\"inLanguage\":\"pt-BR\",\"potentialAction\":[{\"@type\":\"ReadAction\",\"target\":[\"https:\/\/www.pmpf.rs.gov.br\/turismo\/2007\/08\/23\/municipio-participa-da-jornada-de-literatura-3691\/\"]}]},{\"@type\":\"BreadcrumbList\",\"@id\":\"https:\/\/www.pmpf.rs.gov.br\/turismo\/2007\/08\/23\/municipio-participa-da-jornada-de-literatura-3691\/#breadcrumb\",\"itemListElement\":[{\"@type\":\"ListItem\",\"position\":1,\"name\":\"In\u00edcio\",\"item\":\"https:\/\/www.pmpf.rs.gov.br\/turismo\/\"},{\"@type\":\"ListItem\",\"position\":2,\"name\":\"Munic\u00edpio participa da Jornada de Literatura\"}]},{\"@type\":\"WebSite\",\"@id\":\"https:\/\/www.pmpf.rs.gov.br\/turismo\/#website\",\"url\":\"https:\/\/www.pmpf.rs.gov.br\/turismo\/\",\"name\":\"Turismo\",\"description\":\"Descubra Passo Fundo\",\"potentialAction\":[{\"@type\":\"SearchAction\",\"target\":{\"@type\":\"EntryPoint\",\"urlTemplate\":\"https:\/\/www.pmpf.rs.gov.br\/turismo\/?s={search_term_string}\"},\"query-input\":{\"@type\":\"PropertyValueSpecification\",\"valueRequired\":true,\"valueName\":\"search_term_string\"}}],\"inLanguage\":\"pt-BR\"},{\"@type\":\"Person\",\"@id\":\"https:\/\/www.pmpf.rs.gov.br\/turismo\/#\/schema\/person\/0c355b0fa68a7aa986c8594f7a60a2d7\",\"name\":\"mosite\",\"image\":{\"@type\":\"ImageObject\",\"inLanguage\":\"pt-BR\",\"@id\":\"https:\/\/www.pmpf.rs.gov.br\/turismo\/#\/schema\/person\/image\/\",\"url\":\"https:\/\/secure.gravatar.com\/avatar\/63d72595d6cecfe12bd8a94829d5a26c?s=96&d=mm&r=g\",\"contentUrl\":\"https:\/\/secure.gravatar.com\/avatar\/63d72595d6cecfe12bd8a94829d5a26c?s=96&d=mm&r=g\",\"caption\":\"mosite\"},\"sameAs\":[\"http:\/\/example.com\"],\"url\":\"https:\/\/www.pmpf.rs.gov.br\/turismo\/author\/mosite\/\"}]}<\/script>\n<!-- \/ Yoast SEO plugin. -->","yoast_head_json":{"title":"Munic\u00edpio participa da Jornada de Literatura - Turismo","robots":{"index":"index","follow":"follow","max-snippet":"max-snippet:-1","max-image-preview":"max-image-preview:large","max-video-preview":"max-video-preview:-1"},"canonical":"https:\/\/www.pmpf.rs.gov.br\/turismo\/2007\/08\/23\/municipio-participa-da-jornada-de-literatura-3691\/","og_locale":"pt_BR","og_type":"article","og_title":"Munic\u00edpio participa da Jornada de Literatura - Turismo","og_description":"Munic\u00edpio participa da Jornada de Literatura","og_url":"https:\/\/www.pmpf.rs.gov.br\/turismo\/2007\/08\/23\/municipio-participa-da-jornada-de-literatura-3691\/","og_site_name":"Turismo","article_published_time":"2007-08-23T06:00:00+00:00","og_image":[{"url":"https:\/\/www.pmpf.rs.gov.br\/images\/foto_divul_5.jpg"}],"author":"mosite","twitter_card":"summary_large_image","twitter_misc":{"Escrito por":"mosite","Est. tempo de leitura":"1 minuto"},"schema":{"@context":"https:\/\/schema.org","@graph":[{"@type":"WebPage","@id":"https:\/\/www.pmpf.rs.gov.br\/turismo\/2007\/08\/23\/municipio-participa-da-jornada-de-literatura-3691\/","url":"https:\/\/www.pmpf.rs.gov.br\/turismo\/2007\/08\/23\/municipio-participa-da-jornada-de-literatura-3691\/","name":"Munic\u00edpio participa da Jornada de Literatura - Turismo","isPartOf":{"@id":"https:\/\/www.pmpf.rs.gov.br\/turismo\/#website"},"datePublished":"2007-08-23T06:00:00+00:00","dateModified":"2007-08-23T06:00:00+00:00","author":{"@id":"https:\/\/www.pmpf.rs.gov.br\/turismo\/#\/schema\/person\/0c355b0fa68a7aa986c8594f7a60a2d7"},"breadcrumb":{"@id":"https:\/\/www.pmpf.rs.gov.br\/turismo\/2007\/08\/23\/municipio-participa-da-jornada-de-literatura-3691\/#breadcrumb"},"inLanguage":"pt-BR","potentialAction":[{"@type":"ReadAction","target":["https:\/\/www.pmpf.rs.gov.br\/turismo\/2007\/08\/23\/municipio-participa-da-jornada-de-literatura-3691\/"]}]},{"@type":"BreadcrumbList","@id":"https:\/\/www.pmpf.rs.gov.br\/turismo\/2007\/08\/23\/municipio-participa-da-jornada-de-literatura-3691\/#breadcrumb","itemListElement":[{"@type":"ListItem","position":1,"name":"In\u00edcio","item":"https:\/\/www.pmpf.rs.gov.br\/turismo\/"},{"@type":"ListItem","position":2,"name":"Munic\u00edpio participa da Jornada de Literatura"}]},{"@type":"WebSite","@id":"https:\/\/www.pmpf.rs.gov.br\/turismo\/#website","url":"https:\/\/www.pmpf.rs.gov.br\/turismo\/","name":"Turismo","description":"Descubra Passo Fundo","potentialAction":[{"@type":"SearchAction","target":{"@type":"EntryPoint","urlTemplate":"https:\/\/www.pmpf.rs.gov.br\/turismo\/?s={search_term_string}"},"query-input":{"@type":"PropertyValueSpecification","valueRequired":true,"valueName":"search_term_string"}}],"inLanguage":"pt-BR"},{"@type":"Person","@id":"https:\/\/www.pmpf.rs.gov.br\/turismo\/#\/schema\/person\/0c355b0fa68a7aa986c8594f7a60a2d7","name":"mosite","image":{"@type":"ImageObject","inLanguage":"pt-BR","@id":"https:\/\/www.pmpf.rs.gov.br\/turismo\/#\/schema\/person\/image\/","url":"https:\/\/secure.gravatar.com\/avatar\/63d72595d6cecfe12bd8a94829d5a26c?s=96&d=mm&r=g","contentUrl":"https:\/\/secure.gravatar.com\/avatar\/63d72595d6cecfe12bd8a94829d5a26c?s=96&d=mm&r=g","caption":"mosite"},"sameAs":["http:\/\/example.com"],"url":"https:\/\/www.pmpf.rs.gov.br\/turismo\/author\/mosite\/"}]}},"_links":{"self":[{"href":"https:\/\/www.pmpf.rs.gov.br\/turismo\/wp-json\/wp\/v2\/posts\/151"}],"collection":[{"href":"https:\/\/www.pmpf.rs.gov.br\/turismo\/wp-json\/wp\/v2\/posts"}],"about":[{"href":"https:\/\/www.pmpf.rs.gov.br\/turismo\/wp-json\/wp\/v2\/types\/post"}],"author":[{"embeddable":true,"href":"https:\/\/www.pmpf.rs.gov.br\/turismo\/wp-json\/wp\/v2\/users\/1"}],"replies":[{"embeddable":true,"href":"https:\/\/www.pmpf.rs.gov.br\/turismo\/wp-json\/wp\/v2\/comments?post=151"}],"version-history":[{"count":0,"href":"https:\/\/www.pmpf.rs.gov.br\/turismo\/wp-json\/wp\/v2\/posts\/151\/revisions"}],"wp:attachment":[{"href":"https:\/\/www.pmpf.rs.gov.br\/turismo\/wp-json\/wp\/v2\/media?parent=151"}],"wp:term":[{"taxonomy":"category","embeddable":true,"href":"https:\/\/www.pmpf.rs.gov.br\/turismo\/wp-json\/wp\/v2\/categories?post=151"},{"taxonomy":"post_tag","embeddable":true,"href":"https:\/\/www.pmpf.rs.gov.br\/turismo\/wp-json\/wp\/v2\/tags?post=151"}],"curies":[{"name":"wp","href":"https:\/\/api.w.org\/{rel}","templated":true}]}}