{"id":147,"date":"2013-09-18T03:00:00","date_gmt":"2013-09-18T06:00:00","guid":{"rendered":"https:\/\/www.pmpf.rs.gov.br\/turismo\/2013\/09\/18\/programa-conhecendo-passo-fundo-segue-com-passeios-pela-cidade-ate-final-do-ano-6096\/"},"modified":"2013-09-18T03:00:00","modified_gmt":"2013-09-18T06:00:00","slug":"programa-conhecendo-passo-fundo-segue-com-passeios-pela-cidade-ate-final-do-ano-6096","status":"publish","type":"post","link":"https:\/\/www.pmpf.rs.gov.br\/turismo\/2013\/09\/18\/programa-conhecendo-passo-fundo-segue-com-passeios-pela-cidade-ate-final-do-ano-6096\/","title":{"rendered":"Programa Conhecendo Passo Fundo segue com passeios pela cidade at\u00e9 final do ano"},"content":{"rendered":"<p align=\"justify\" style=\"margin-bottom: 0cm;\" class=\"western\">Desde o seu lan\u00e7amento, em agosto deste ano, o Programa Conhecendo Passo Fundo j\u00e1 levou mais de 2,2 mil pessoas em um passeio tur\u00edstico e cultural, por pontos hist\u00f3ricos da cidade. Devido \u00e0 boa procura e aceita\u00e7\u00e3o da novidade pelos visitantes e moradores, a Prefeitura, respons\u00e1vel pelo programa, ir\u00e1 manter a realiza\u00e7\u00e3o dos passeios de \u00f4nibus at\u00e9 o final deste ano.  <\/p>\n<div align=\"justify\"> <\/div>\n<p align=\"justify\" style=\"margin-bottom: 0cm;\" class=\"western\">Agora, o Conhecendo Passo Fundo far\u00e1 seu roteiro todas as segundas, quartas e sextas-feiras, a partir das 14 horas, com grupos de alunos da rede municipal e do DATI. A comunidade poder\u00e1 participar do passeio sempre no \u00faltimo domingo de cada m\u00eas, tamb\u00e9m \u00e0s 14h. O pr\u00f3ximo acontecer\u00e1 no dia 29 de setembro.  <\/p>\n<div align=\"justify\"> <\/div>\n<p align=\"justify\" style=\"margin-bottom: 0cm;\" class=\"western\">A sa\u00edda sempre acontece junto \u00e0 Pra\u00e7a Tamandar\u00e9 e os convites, que s\u00e3o gratuitos, devem ser retirados antecipadamente no Museu Hist\u00f3rico Regional, que fica na Avenida Brasil Oeste, 758. Caso ainda restem entradas, elas poder\u00e3o ser retiradas no momento da partida do \u00f4nibus. \u201cDevido \u00e0 sua boa repercuss\u00e3o ap\u00f3s a implanta\u00e7\u00e3o na semana do munic\u00edpio, e a boa aceita\u00e7\u00e3o pela comunidade, vamos estender este programa at\u00e9 o final do ano\u201d, ressaltou o coordenador de Programas de Governo, Diorges Oliveira.  <\/p>\n<div align=\"justify\"> <\/div>\n<p align=\"justify\" style=\"margin-bottom: 0cm;\" class=\"western\">O roteiro de, aproximadamente, duas horas, tem in\u00edcio na Pra\u00e7a Tamandar\u00e9, ponto conhecido por ter dado origem \u00e0 cidade, ao abrigar os primeiros moradores de Passo Fundo. Em seguida, passa em frente ao Chafariz da M\u00e3e Preta e Casa Bar\u00e3o, seguindo em dire\u00e7\u00e3o ao bairro Boqueir\u00e3o e monumentos desta \u00e1rea da cidade. Em seguida, visita o distrito industrial Paulo Rossato. O \u00f4nibus retorna ao centro, passa em frente ao Espa\u00e7o Cultural Roseli Doleski Pretto, Pra\u00e7a do Teixeirinha, Pra\u00e7a da Gare, Hot\u00e9is Gl\u00f3ria e Nacional. A Pra\u00e7a Marechal Floriano tamb\u00e9m \u00e9 visitada durante o trajeto, assim como a Igreja Metodista, Col\u00e9gio Estadual Prot\u00e1sio Alves e Pra\u00e7a Armando Sbeghen, onde fica a \u00c1rvore das Letras e Largo da Literatura. Ap\u00f3s passar pelo Rio Passo Fundo, o \u00f4nibus visita a Prefeitura e Pra\u00e7a Tochetto, e encerra o trajeto ao chegar, novamente, ao  Espa\u00e7o Cultural Roseli Doleski Pretto.<\/p>\n<div align=\"justify\"> <\/div>\n<p align=\"justify\" style=\"margin-bottom: 0cm;\" class=\"western\">Conforme ressalta o diretor da Funzoctur, Daniel L\u00e9, muitas pessoas da comunidade t\u00eam procurado o \u00f4nibus para conhecerem melhor o lugar onde vivem. \u201cO \u00f4nibus j\u00e1 levou pessoas que, por exemplo, vivem h\u00e1 mais de duas d\u00e9cadas na cidade e n\u00e3o a conhecia. Outros moradores j\u00e1 haviam passado pelos locais visitados pelo programa, mas n\u00e3o sabiam de sua hist\u00f3ria\u201d, comentou o diretor.  <\/p>\n","protected":false},"excerpt":{"rendered":"<p>A comunidade poder\u00e1 participar do passeio sempre no \u00faltimo domingo de cada m\u00eas<\/p>\n","protected":false},"author":1,"featured_media":148,"comment_status":"open","ping_status":"open","sticky":false,"template":"","format":"standard","meta":{"footnotes":""},"categories":[],"tags":[],"class_list":["post-147","post","type-post","status-publish","format-standard","has-post-thumbnail","hentry"],"yoast_head":"<!-- This site is optimized with the Yoast SEO plugin v23.8 - https:\/\/yoast.com\/wordpress\/plugins\/seo\/ -->\n<title>Programa Conhecendo Passo Fundo segue com passeios pela cidade at\u00e9 final do ano - Turismo<\/title>\n<meta name=\"robots\" content=\"index, follow, max-snippet:-1, max-image-preview:large, max-video-preview:-1\" \/>\n<link rel=\"canonical\" href=\"https:\/\/www.pmpf.rs.gov.br\/turismo\/2013\/09\/18\/programa-conhecendo-passo-fundo-segue-com-passeios-pela-cidade-ate-final-do-ano-6096\/\" \/>\n<meta property=\"og:locale\" content=\"pt_BR\" \/>\n<meta property=\"og:type\" content=\"article\" \/>\n<meta property=\"og:title\" content=\"Programa Conhecendo Passo Fundo segue com passeios pela cidade at\u00e9 final do ano - Turismo\" \/>\n<meta property=\"og:description\" content=\"A comunidade poder\u00e1 participar do passeio sempre no \u00faltimo domingo de cada m\u00eas\" \/>\n<meta property=\"og:url\" content=\"https:\/\/www.pmpf.rs.gov.br\/turismo\/2013\/09\/18\/programa-conhecendo-passo-fundo-segue-com-passeios-pela-cidade-ate-final-do-ano-6096\/\" \/>\n<meta property=\"og:site_name\" content=\"Turismo\" \/>\n<meta property=\"article:published_time\" content=\"2013-09-18T06:00:00+00:00\" \/>\n<meta property=\"og:image\" content=\"https:\/\/www.pmpf.rs.gov.br\/turismo\/wp-content\/uploads\/sites\/51\/2021\/12\/I2013-12-11_033847_c10293.jpg\" \/>\n\t<meta property=\"og:image:width\" content=\"350\" \/>\n\t<meta property=\"og:image:height\" content=\"233\" \/>\n\t<meta property=\"og:image:type\" content=\"image\/jpeg\" \/>\n<meta name=\"author\" content=\"mosite\" \/>\n<meta name=\"twitter:card\" content=\"summary_large_image\" \/>\n<meta name=\"twitter:label1\" content=\"Escrito por\" \/>\n\t<meta name=\"twitter:data1\" content=\"mosite\" \/>\n\t<meta name=\"twitter:label2\" content=\"Est. tempo de leitura\" \/>\n\t<meta name=\"twitter:data2\" content=\"2 minutos\" \/>\n<script type=\"application\/ld+json\" class=\"yoast-schema-graph\">{\"@context\":\"https:\/\/schema.org\",\"@graph\":[{\"@type\":\"WebPage\",\"@id\":\"https:\/\/www.pmpf.rs.gov.br\/turismo\/2013\/09\/18\/programa-conhecendo-passo-fundo-segue-com-passeios-pela-cidade-ate-final-do-ano-6096\/\",\"url\":\"https:\/\/www.pmpf.rs.gov.br\/turismo\/2013\/09\/18\/programa-conhecendo-passo-fundo-segue-com-passeios-pela-cidade-ate-final-do-ano-6096\/\",\"name\":\"Programa Conhecendo Passo Fundo segue com passeios pela cidade at\u00e9 final do ano - Turismo\",\"isPartOf\":{\"@id\":\"https:\/\/www.pmpf.rs.gov.br\/turismo\/#website\"},\"primaryImageOfPage\":{\"@id\":\"https:\/\/www.pmpf.rs.gov.br\/turismo\/2013\/09\/18\/programa-conhecendo-passo-fundo-segue-com-passeios-pela-cidade-ate-final-do-ano-6096\/#primaryimage\"},\"image\":{\"@id\":\"https:\/\/www.pmpf.rs.gov.br\/turismo\/2013\/09\/18\/programa-conhecendo-passo-fundo-segue-com-passeios-pela-cidade-ate-final-do-ano-6096\/#primaryimage\"},\"thumbnailUrl\":\"https:\/\/www.pmpf.rs.gov.br\/turismo\/wp-content\/uploads\/sites\/51\/2021\/12\/I2013-12-11_033847_c10293.jpg\",\"datePublished\":\"2013-09-18T06:00:00+00:00\",\"dateModified\":\"2013-09-18T06:00:00+00:00\",\"author\":{\"@id\":\"https:\/\/www.pmpf.rs.gov.br\/turismo\/#\/schema\/person\/0c355b0fa68a7aa986c8594f7a60a2d7\"},\"breadcrumb\":{\"@id\":\"https:\/\/www.pmpf.rs.gov.br\/turismo\/2013\/09\/18\/programa-conhecendo-passo-fundo-segue-com-passeios-pela-cidade-ate-final-do-ano-6096\/#breadcrumb\"},\"inLanguage\":\"pt-BR\",\"potentialAction\":[{\"@type\":\"ReadAction\",\"target\":[\"https:\/\/www.pmpf.rs.gov.br\/turismo\/2013\/09\/18\/programa-conhecendo-passo-fundo-segue-com-passeios-pela-cidade-ate-final-do-ano-6096\/\"]}]},{\"@type\":\"ImageObject\",\"inLanguage\":\"pt-BR\",\"@id\":\"https:\/\/www.pmpf.rs.gov.br\/turismo\/2013\/09\/18\/programa-conhecendo-passo-fundo-segue-com-passeios-pela-cidade-ate-final-do-ano-6096\/#primaryimage\",\"url\":\"https:\/\/www.pmpf.rs.gov.br\/turismo\/wp-content\/uploads\/sites\/51\/2021\/12\/I2013-12-11_033847_c10293.jpg\",\"contentUrl\":\"https:\/\/www.pmpf.rs.gov.br\/turismo\/wp-content\/uploads\/sites\/51\/2021\/12\/I2013-12-11_033847_c10293.jpg\",\"width\":350,\"height\":233},{\"@type\":\"BreadcrumbList\",\"@id\":\"https:\/\/www.pmpf.rs.gov.br\/turismo\/2013\/09\/18\/programa-conhecendo-passo-fundo-segue-com-passeios-pela-cidade-ate-final-do-ano-6096\/#breadcrumb\",\"itemListElement\":[{\"@type\":\"ListItem\",\"position\":1,\"name\":\"In\u00edcio\",\"item\":\"https:\/\/www.pmpf.rs.gov.br\/turismo\/\"},{\"@type\":\"ListItem\",\"position\":2,\"name\":\"Programa Conhecendo Passo Fundo segue com passeios pela cidade at\u00e9 final do ano\"}]},{\"@type\":\"WebSite\",\"@id\":\"https:\/\/www.pmpf.rs.gov.br\/turismo\/#website\",\"url\":\"https:\/\/www.pmpf.rs.gov.br\/turismo\/\",\"name\":\"Turismo\",\"description\":\"Descubra Passo Fundo\",\"potentialAction\":[{\"@type\":\"SearchAction\",\"target\":{\"@type\":\"EntryPoint\",\"urlTemplate\":\"https:\/\/www.pmpf.rs.gov.br\/turismo\/?s={search_term_string}\"},\"query-input\":{\"@type\":\"PropertyValueSpecification\",\"valueRequired\":true,\"valueName\":\"search_term_string\"}}],\"inLanguage\":\"pt-BR\"},{\"@type\":\"Person\",\"@id\":\"https:\/\/www.pmpf.rs.gov.br\/turismo\/#\/schema\/person\/0c355b0fa68a7aa986c8594f7a60a2d7\",\"name\":\"mosite\",\"image\":{\"@type\":\"ImageObject\",\"inLanguage\":\"pt-BR\",\"@id\":\"https:\/\/www.pmpf.rs.gov.br\/turismo\/#\/schema\/person\/image\/\",\"url\":\"https:\/\/secure.gravatar.com\/avatar\/63d72595d6cecfe12bd8a94829d5a26c?s=96&d=mm&r=g\",\"contentUrl\":\"https:\/\/secure.gravatar.com\/avatar\/63d72595d6cecfe12bd8a94829d5a26c?s=96&d=mm&r=g\",\"caption\":\"mosite\"},\"sameAs\":[\"http:\/\/example.com\"],\"url\":\"https:\/\/www.pmpf.rs.gov.br\/turismo\/author\/mosite\/\"}]}<\/script>\n<!-- \/ Yoast SEO plugin. -->","yoast_head_json":{"title":"Programa Conhecendo Passo Fundo segue com passeios pela cidade at\u00e9 final do ano - Turismo","robots":{"index":"index","follow":"follow","max-snippet":"max-snippet:-1","max-image-preview":"max-image-preview:large","max-video-preview":"max-video-preview:-1"},"canonical":"https:\/\/www.pmpf.rs.gov.br\/turismo\/2013\/09\/18\/programa-conhecendo-passo-fundo-segue-com-passeios-pela-cidade-ate-final-do-ano-6096\/","og_locale":"pt_BR","og_type":"article","og_title":"Programa Conhecendo Passo Fundo segue com passeios pela cidade at\u00e9 final do ano - Turismo","og_description":"A comunidade poder\u00e1 participar do passeio sempre no \u00faltimo domingo de cada m\u00eas","og_url":"https:\/\/www.pmpf.rs.gov.br\/turismo\/2013\/09\/18\/programa-conhecendo-passo-fundo-segue-com-passeios-pela-cidade-ate-final-do-ano-6096\/","og_site_name":"Turismo","article_published_time":"2013-09-18T06:00:00+00:00","og_image":[{"width":350,"height":233,"url":"https:\/\/www.pmpf.rs.gov.br\/turismo\/wp-content\/uploads\/sites\/51\/2021\/12\/I2013-12-11_033847_c10293.jpg","type":"image\/jpeg"}],"author":"mosite","twitter_card":"summary_large_image","twitter_misc":{"Escrito por":"mosite","Est. tempo de leitura":"2 minutos"},"schema":{"@context":"https:\/\/schema.org","@graph":[{"@type":"WebPage","@id":"https:\/\/www.pmpf.rs.gov.br\/turismo\/2013\/09\/18\/programa-conhecendo-passo-fundo-segue-com-passeios-pela-cidade-ate-final-do-ano-6096\/","url":"https:\/\/www.pmpf.rs.gov.br\/turismo\/2013\/09\/18\/programa-conhecendo-passo-fundo-segue-com-passeios-pela-cidade-ate-final-do-ano-6096\/","name":"Programa Conhecendo Passo Fundo segue com passeios pela cidade at\u00e9 final do ano - Turismo","isPartOf":{"@id":"https:\/\/www.pmpf.rs.gov.br\/turismo\/#website"},"primaryImageOfPage":{"@id":"https:\/\/www.pmpf.rs.gov.br\/turismo\/2013\/09\/18\/programa-conhecendo-passo-fundo-segue-com-passeios-pela-cidade-ate-final-do-ano-6096\/#primaryimage"},"image":{"@id":"https:\/\/www.pmpf.rs.gov.br\/turismo\/2013\/09\/18\/programa-conhecendo-passo-fundo-segue-com-passeios-pela-cidade-ate-final-do-ano-6096\/#primaryimage"},"thumbnailUrl":"https:\/\/www.pmpf.rs.gov.br\/turismo\/wp-content\/uploads\/sites\/51\/2021\/12\/I2013-12-11_033847_c10293.jpg","datePublished":"2013-09-18T06:00:00+00:00","dateModified":"2013-09-18T06:00:00+00:00","author":{"@id":"https:\/\/www.pmpf.rs.gov.br\/turismo\/#\/schema\/person\/0c355b0fa68a7aa986c8594f7a60a2d7"},"breadcrumb":{"@id":"https:\/\/www.pmpf.rs.gov.br\/turismo\/2013\/09\/18\/programa-conhecendo-passo-fundo-segue-com-passeios-pela-cidade-ate-final-do-ano-6096\/#breadcrumb"},"inLanguage":"pt-BR","potentialAction":[{"@type":"ReadAction","target":["https:\/\/www.pmpf.rs.gov.br\/turismo\/2013\/09\/18\/programa-conhecendo-passo-fundo-segue-com-passeios-pela-cidade-ate-final-do-ano-6096\/"]}]},{"@type":"ImageObject","inLanguage":"pt-BR","@id":"https:\/\/www.pmpf.rs.gov.br\/turismo\/2013\/09\/18\/programa-conhecendo-passo-fundo-segue-com-passeios-pela-cidade-ate-final-do-ano-6096\/#primaryimage","url":"https:\/\/www.pmpf.rs.gov.br\/turismo\/wp-content\/uploads\/sites\/51\/2021\/12\/I2013-12-11_033847_c10293.jpg","contentUrl":"https:\/\/www.pmpf.rs.gov.br\/turismo\/wp-content\/uploads\/sites\/51\/2021\/12\/I2013-12-11_033847_c10293.jpg","width":350,"height":233},{"@type":"BreadcrumbList","@id":"https:\/\/www.pmpf.rs.gov.br\/turismo\/2013\/09\/18\/programa-conhecendo-passo-fundo-segue-com-passeios-pela-cidade-ate-final-do-ano-6096\/#breadcrumb","itemListElement":[{"@type":"ListItem","position":1,"name":"In\u00edcio","item":"https:\/\/www.pmpf.rs.gov.br\/turismo\/"},{"@type":"ListItem","position":2,"name":"Programa Conhecendo Passo Fundo segue com passeios pela cidade at\u00e9 final do ano"}]},{"@type":"WebSite","@id":"https:\/\/www.pmpf.rs.gov.br\/turismo\/#website","url":"https:\/\/www.pmpf.rs.gov.br\/turismo\/","name":"Turismo","description":"Descubra Passo Fundo","potentialAction":[{"@type":"SearchAction","target":{"@type":"EntryPoint","urlTemplate":"https:\/\/www.pmpf.rs.gov.br\/turismo\/?s={search_term_string}"},"query-input":{"@type":"PropertyValueSpecification","valueRequired":true,"valueName":"search_term_string"}}],"inLanguage":"pt-BR"},{"@type":"Person","@id":"https:\/\/www.pmpf.rs.gov.br\/turismo\/#\/schema\/person\/0c355b0fa68a7aa986c8594f7a60a2d7","name":"mosite","image":{"@type":"ImageObject","inLanguage":"pt-BR","@id":"https:\/\/www.pmpf.rs.gov.br\/turismo\/#\/schema\/person\/image\/","url":"https:\/\/secure.gravatar.com\/avatar\/63d72595d6cecfe12bd8a94829d5a26c?s=96&d=mm&r=g","contentUrl":"https:\/\/secure.gravatar.com\/avatar\/63d72595d6cecfe12bd8a94829d5a26c?s=96&d=mm&r=g","caption":"mosite"},"sameAs":["http:\/\/example.com"],"url":"https:\/\/www.pmpf.rs.gov.br\/turismo\/author\/mosite\/"}]}},"_links":{"self":[{"href":"https:\/\/www.pmpf.rs.gov.br\/turismo\/wp-json\/wp\/v2\/posts\/147"}],"collection":[{"href":"https:\/\/www.pmpf.rs.gov.br\/turismo\/wp-json\/wp\/v2\/posts"}],"about":[{"href":"https:\/\/www.pmpf.rs.gov.br\/turismo\/wp-json\/wp\/v2\/types\/post"}],"author":[{"embeddable":true,"href":"https:\/\/www.pmpf.rs.gov.br\/turismo\/wp-json\/wp\/v2\/users\/1"}],"replies":[{"embeddable":true,"href":"https:\/\/www.pmpf.rs.gov.br\/turismo\/wp-json\/wp\/v2\/comments?post=147"}],"version-history":[{"count":0,"href":"https:\/\/www.pmpf.rs.gov.br\/turismo\/wp-json\/wp\/v2\/posts\/147\/revisions"}],"wp:featuredmedia":[{"embeddable":true,"href":"https:\/\/www.pmpf.rs.gov.br\/turismo\/wp-json\/wp\/v2\/media\/148"}],"wp:attachment":[{"href":"https:\/\/www.pmpf.rs.gov.br\/turismo\/wp-json\/wp\/v2\/media?parent=147"}],"wp:term":[{"taxonomy":"category","embeddable":true,"href":"https:\/\/www.pmpf.rs.gov.br\/turismo\/wp-json\/wp\/v2\/categories?post=147"},{"taxonomy":"post_tag","embeddable":true,"href":"https:\/\/www.pmpf.rs.gov.br\/turismo\/wp-json\/wp\/v2\/tags?post=147"}],"curies":[{"name":"wp","href":"https:\/\/api.w.org\/{rel}","templated":true}]}}