{"id":146,"date":"2007-12-19T02:00:00","date_gmt":"2007-12-19T04:00:00","guid":{"rendered":"https:\/\/www.pmpf.rs.gov.br\/turismo\/2007\/12\/19\/posto-de-informacoes-abre-temporada-de-verao-4216\/"},"modified":"2007-12-19T02:00:00","modified_gmt":"2007-12-19T04:00:00","slug":"posto-de-informacoes-abre-temporada-de-verao-4216","status":"publish","type":"post","link":"https:\/\/www.pmpf.rs.gov.br\/turismo\/2007\/12\/19\/posto-de-informacoes-abre-temporada-de-verao-4216\/","title":{"rendered":"Posto de Informa\u00e7\u00f5es abre temporada de ver\u00e3o"},"content":{"rendered":"<div style=\"text-align: justify;\"><span style=\"\">O aumento do n\u00famero de turistas de passagem por Passo Fundo, e visitantes do munic\u00edpio, faz com que a presta\u00e7\u00e3o de servi\u00e7os seja intensificada nesse per\u00edodo do ano. \u00c8 por isso que anualmente a Administra\u00e7\u00e3o Municipal, atrav\u00e9s da Funzoctur (Funda\u00e7\u00e3o do Turismo), em parceria com o Sindicato de Hot\u00e9is, Bares, Restaurantes e Similares de Passo Fundo realizam um trabalho em parceria. Foi aberta nesta semana a Temporada de Ver\u00e3o 2007\/2008 nos Postos de Informa\u00e7\u00f5es Tur\u00edsticas do munic\u00edpio. Segundo o diretor presidente da Funzoctur, Alexandre Rodrigues, &#8220;o objetivo \u00e9 atender aos turistas que v\u00eam ao Brasil, ou que est\u00e3o visitando a regi\u00e3o&#8221;.\u00a0\u00a0\u00a0 <br \/><br style=\"\" \/><\/span><span style=\"\">Os postos de informa\u00e7\u00f5es disponibilizam material sobre hot\u00e9is, restaurantes, mapas rodovi\u00e1rios e ainda informa\u00e7\u00f5es tur\u00edsticas do munic\u00edpio. De acordo com o Sindicato dos Hot\u00e9is, boa parte do atendimento nessa \u00e9poca \u00e9 voltado ao turista argentino, cerca de 80%. &#8220;Os postos de informa\u00e7\u00f5es, ao longo dos anos, cada vez mais t\u00eam atendido um n\u00famero maior de turistas, gerando satisfa\u00e7\u00e3o aos que viajam e aos empres\u00e1rios que recebem os visitantes&#8221;, enfatiza a presidente do Sindicato dos Hot\u00e9is, Tatiana Alovisi Martins.\u00a0 <br \/>\u00a0\u00a0 <\/span><br style=\"\" \/><span style=\"\">A temporada de ver\u00e3o nos postos de informa\u00e7\u00f5es vai at\u00e9 o dia 15 de fevereiro de 2008. Um deles funciona 24 horas, em parceria com a Coviplan (Concession\u00e1ria Rodovi\u00e1ria do Planalto), e est\u00e1 localizado na BR 285, KM 301, em frente \u00e0 transportadora Di Canalli. O outro, que fica no bairro Boqueir\u00e3o, junto \u00e0 guarita policial da Brigada Militar, funciona das 9 \u00e0s 13h, e das 15h \u00e0s 22h30min. Outras informa\u00e7\u00f5es pelo telefone (54) 3045 1415, ou no site da Prefeitura Municipal www.passofundo.rs.gov.br, no link da Funzoctur.<\/span><\/div>\n<p>\u00a0\u00a0\u00a0\u00a0\u00a0\u00a0\u00a0 \u00a0\u00a0\u00a0 \u00a0\u00a0\u00a0 \u00a0<\/p>\n","protected":false},"excerpt":{"rendered":"<p>Posto de Informa\u00e7\u00f5es abre temporada de ver\u00e3o<\/p>\n","protected":false},"author":1,"featured_media":0,"comment_status":"open","ping_status":"open","sticky":false,"template":"","format":"standard","meta":{"footnotes":""},"categories":[],"tags":[],"class_list":["post-146","post","type-post","status-publish","format-standard","hentry"],"yoast_head":"<!-- This site is optimized with the Yoast SEO plugin v23.8 - https:\/\/yoast.com\/wordpress\/plugins\/seo\/ -->\n<title>Posto de Informa\u00e7\u00f5es abre temporada de ver\u00e3o - Turismo<\/title>\n<meta name=\"robots\" content=\"index, follow, max-snippet:-1, max-image-preview:large, max-video-preview:-1\" \/>\n<link rel=\"canonical\" href=\"https:\/\/www.pmpf.rs.gov.br\/turismo\/2007\/12\/19\/posto-de-informacoes-abre-temporada-de-verao-4216\/\" \/>\n<meta property=\"og:locale\" content=\"pt_BR\" \/>\n<meta property=\"og:type\" content=\"article\" \/>\n<meta property=\"og:title\" content=\"Posto de Informa\u00e7\u00f5es abre temporada de ver\u00e3o - Turismo\" \/>\n<meta property=\"og:description\" content=\"Posto de Informa\u00e7\u00f5es abre temporada de ver\u00e3o\" \/>\n<meta property=\"og:url\" content=\"https:\/\/www.pmpf.rs.gov.br\/turismo\/2007\/12\/19\/posto-de-informacoes-abre-temporada-de-verao-4216\/\" \/>\n<meta property=\"og:site_name\" content=\"Turismo\" \/>\n<meta property=\"article:published_time\" content=\"2007-12-19T04:00:00+00:00\" \/>\n<meta name=\"author\" content=\"mosite\" \/>\n<meta name=\"twitter:card\" content=\"summary_large_image\" \/>\n<meta name=\"twitter:label1\" content=\"Escrito por\" \/>\n\t<meta name=\"twitter:data1\" content=\"mosite\" \/>\n\t<meta name=\"twitter:label2\" content=\"Est. tempo de leitura\" \/>\n\t<meta name=\"twitter:data2\" content=\"1 minuto\" \/>\n<script type=\"application\/ld+json\" class=\"yoast-schema-graph\">{\"@context\":\"https:\/\/schema.org\",\"@graph\":[{\"@type\":\"WebPage\",\"@id\":\"https:\/\/www.pmpf.rs.gov.br\/turismo\/2007\/12\/19\/posto-de-informacoes-abre-temporada-de-verao-4216\/\",\"url\":\"https:\/\/www.pmpf.rs.gov.br\/turismo\/2007\/12\/19\/posto-de-informacoes-abre-temporada-de-verao-4216\/\",\"name\":\"Posto de Informa\u00e7\u00f5es abre temporada de ver\u00e3o - Turismo\",\"isPartOf\":{\"@id\":\"https:\/\/www.pmpf.rs.gov.br\/turismo\/#website\"},\"datePublished\":\"2007-12-19T04:00:00+00:00\",\"dateModified\":\"2007-12-19T04:00:00+00:00\",\"author\":{\"@id\":\"https:\/\/www.pmpf.rs.gov.br\/turismo\/#\/schema\/person\/0c355b0fa68a7aa986c8594f7a60a2d7\"},\"breadcrumb\":{\"@id\":\"https:\/\/www.pmpf.rs.gov.br\/turismo\/2007\/12\/19\/posto-de-informacoes-abre-temporada-de-verao-4216\/#breadcrumb\"},\"inLanguage\":\"pt-BR\",\"potentialAction\":[{\"@type\":\"ReadAction\",\"target\":[\"https:\/\/www.pmpf.rs.gov.br\/turismo\/2007\/12\/19\/posto-de-informacoes-abre-temporada-de-verao-4216\/\"]}]},{\"@type\":\"BreadcrumbList\",\"@id\":\"https:\/\/www.pmpf.rs.gov.br\/turismo\/2007\/12\/19\/posto-de-informacoes-abre-temporada-de-verao-4216\/#breadcrumb\",\"itemListElement\":[{\"@type\":\"ListItem\",\"position\":1,\"name\":\"In\u00edcio\",\"item\":\"https:\/\/www.pmpf.rs.gov.br\/turismo\/\"},{\"@type\":\"ListItem\",\"position\":2,\"name\":\"Posto de Informa\u00e7\u00f5es abre temporada de ver\u00e3o\"}]},{\"@type\":\"WebSite\",\"@id\":\"https:\/\/www.pmpf.rs.gov.br\/turismo\/#website\",\"url\":\"https:\/\/www.pmpf.rs.gov.br\/turismo\/\",\"name\":\"Turismo\",\"description\":\"Descubra Passo Fundo\",\"potentialAction\":[{\"@type\":\"SearchAction\",\"target\":{\"@type\":\"EntryPoint\",\"urlTemplate\":\"https:\/\/www.pmpf.rs.gov.br\/turismo\/?s={search_term_string}\"},\"query-input\":{\"@type\":\"PropertyValueSpecification\",\"valueRequired\":true,\"valueName\":\"search_term_string\"}}],\"inLanguage\":\"pt-BR\"},{\"@type\":\"Person\",\"@id\":\"https:\/\/www.pmpf.rs.gov.br\/turismo\/#\/schema\/person\/0c355b0fa68a7aa986c8594f7a60a2d7\",\"name\":\"mosite\",\"image\":{\"@type\":\"ImageObject\",\"inLanguage\":\"pt-BR\",\"@id\":\"https:\/\/www.pmpf.rs.gov.br\/turismo\/#\/schema\/person\/image\/\",\"url\":\"https:\/\/secure.gravatar.com\/avatar\/63d72595d6cecfe12bd8a94829d5a26c?s=96&d=mm&r=g\",\"contentUrl\":\"https:\/\/secure.gravatar.com\/avatar\/63d72595d6cecfe12bd8a94829d5a26c?s=96&d=mm&r=g\",\"caption\":\"mosite\"},\"sameAs\":[\"http:\/\/example.com\"],\"url\":\"https:\/\/www.pmpf.rs.gov.br\/turismo\/author\/mosite\/\"}]}<\/script>\n<!-- \/ Yoast SEO plugin. -->","yoast_head_json":{"title":"Posto de Informa\u00e7\u00f5es abre temporada de ver\u00e3o - Turismo","robots":{"index":"index","follow":"follow","max-snippet":"max-snippet:-1","max-image-preview":"max-image-preview:large","max-video-preview":"max-video-preview:-1"},"canonical":"https:\/\/www.pmpf.rs.gov.br\/turismo\/2007\/12\/19\/posto-de-informacoes-abre-temporada-de-verao-4216\/","og_locale":"pt_BR","og_type":"article","og_title":"Posto de Informa\u00e7\u00f5es abre temporada de ver\u00e3o - Turismo","og_description":"Posto de Informa\u00e7\u00f5es abre temporada de ver\u00e3o","og_url":"https:\/\/www.pmpf.rs.gov.br\/turismo\/2007\/12\/19\/posto-de-informacoes-abre-temporada-de-verao-4216\/","og_site_name":"Turismo","article_published_time":"2007-12-19T04:00:00+00:00","author":"mosite","twitter_card":"summary_large_image","twitter_misc":{"Escrito por":"mosite","Est. tempo de leitura":"1 minuto"},"schema":{"@context":"https:\/\/schema.org","@graph":[{"@type":"WebPage","@id":"https:\/\/www.pmpf.rs.gov.br\/turismo\/2007\/12\/19\/posto-de-informacoes-abre-temporada-de-verao-4216\/","url":"https:\/\/www.pmpf.rs.gov.br\/turismo\/2007\/12\/19\/posto-de-informacoes-abre-temporada-de-verao-4216\/","name":"Posto de Informa\u00e7\u00f5es abre temporada de ver\u00e3o - Turismo","isPartOf":{"@id":"https:\/\/www.pmpf.rs.gov.br\/turismo\/#website"},"datePublished":"2007-12-19T04:00:00+00:00","dateModified":"2007-12-19T04:00:00+00:00","author":{"@id":"https:\/\/www.pmpf.rs.gov.br\/turismo\/#\/schema\/person\/0c355b0fa68a7aa986c8594f7a60a2d7"},"breadcrumb":{"@id":"https:\/\/www.pmpf.rs.gov.br\/turismo\/2007\/12\/19\/posto-de-informacoes-abre-temporada-de-verao-4216\/#breadcrumb"},"inLanguage":"pt-BR","potentialAction":[{"@type":"ReadAction","target":["https:\/\/www.pmpf.rs.gov.br\/turismo\/2007\/12\/19\/posto-de-informacoes-abre-temporada-de-verao-4216\/"]}]},{"@type":"BreadcrumbList","@id":"https:\/\/www.pmpf.rs.gov.br\/turismo\/2007\/12\/19\/posto-de-informacoes-abre-temporada-de-verao-4216\/#breadcrumb","itemListElement":[{"@type":"ListItem","position":1,"name":"In\u00edcio","item":"https:\/\/www.pmpf.rs.gov.br\/turismo\/"},{"@type":"ListItem","position":2,"name":"Posto de Informa\u00e7\u00f5es abre temporada de ver\u00e3o"}]},{"@type":"WebSite","@id":"https:\/\/www.pmpf.rs.gov.br\/turismo\/#website","url":"https:\/\/www.pmpf.rs.gov.br\/turismo\/","name":"Turismo","description":"Descubra Passo Fundo","potentialAction":[{"@type":"SearchAction","target":{"@type":"EntryPoint","urlTemplate":"https:\/\/www.pmpf.rs.gov.br\/turismo\/?s={search_term_string}"},"query-input":{"@type":"PropertyValueSpecification","valueRequired":true,"valueName":"search_term_string"}}],"inLanguage":"pt-BR"},{"@type":"Person","@id":"https:\/\/www.pmpf.rs.gov.br\/turismo\/#\/schema\/person\/0c355b0fa68a7aa986c8594f7a60a2d7","name":"mosite","image":{"@type":"ImageObject","inLanguage":"pt-BR","@id":"https:\/\/www.pmpf.rs.gov.br\/turismo\/#\/schema\/person\/image\/","url":"https:\/\/secure.gravatar.com\/avatar\/63d72595d6cecfe12bd8a94829d5a26c?s=96&d=mm&r=g","contentUrl":"https:\/\/secure.gravatar.com\/avatar\/63d72595d6cecfe12bd8a94829d5a26c?s=96&d=mm&r=g","caption":"mosite"},"sameAs":["http:\/\/example.com"],"url":"https:\/\/www.pmpf.rs.gov.br\/turismo\/author\/mosite\/"}]}},"_links":{"self":[{"href":"https:\/\/www.pmpf.rs.gov.br\/turismo\/wp-json\/wp\/v2\/posts\/146"}],"collection":[{"href":"https:\/\/www.pmpf.rs.gov.br\/turismo\/wp-json\/wp\/v2\/posts"}],"about":[{"href":"https:\/\/www.pmpf.rs.gov.br\/turismo\/wp-json\/wp\/v2\/types\/post"}],"author":[{"embeddable":true,"href":"https:\/\/www.pmpf.rs.gov.br\/turismo\/wp-json\/wp\/v2\/users\/1"}],"replies":[{"embeddable":true,"href":"https:\/\/www.pmpf.rs.gov.br\/turismo\/wp-json\/wp\/v2\/comments?post=146"}],"version-history":[{"count":0,"href":"https:\/\/www.pmpf.rs.gov.br\/turismo\/wp-json\/wp\/v2\/posts\/146\/revisions"}],"wp:attachment":[{"href":"https:\/\/www.pmpf.rs.gov.br\/turismo\/wp-json\/wp\/v2\/media?parent=146"}],"wp:term":[{"taxonomy":"category","embeddable":true,"href":"https:\/\/www.pmpf.rs.gov.br\/turismo\/wp-json\/wp\/v2\/categories?post=146"},{"taxonomy":"post_tag","embeddable":true,"href":"https:\/\/www.pmpf.rs.gov.br\/turismo\/wp-json\/wp\/v2\/tags?post=146"}],"curies":[{"name":"wp","href":"https:\/\/api.w.org\/{rel}","templated":true}]}}