{"id":144,"date":"2011-02-09T02:00:00","date_gmt":"2011-02-09T04:00:00","guid":{"rendered":"https:\/\/www.pmpf.rs.gov.br\/turismo\/2011\/02\/09\/gaucho-de-passo-fundo-defende-titulo-este-final-de-semana-4319\/"},"modified":"2011-02-09T02:00:00","modified_gmt":"2011-02-09T04:00:00","slug":"gaucho-de-passo-fundo-defende-titulo-este-final-de-semana-4319","status":"publish","type":"post","link":"https:\/\/www.pmpf.rs.gov.br\/turismo\/2011\/02\/09\/gaucho-de-passo-fundo-defende-titulo-este-final-de-semana-4319\/","title":{"rendered":"Ga\u00facho de Passo Fundo defende t\u00edtulo este final de semana"},"content":{"rendered":"<p><span style=\"\"><\/span><span style=\"\">Corcovear no lombo de um cavalo xucro \u00e9 a especialidade de Artur Padilha, passo-fundense de 26 anos, que vem se destacando nas gineteadas pelo Rio Grande afora. Neste final de semana, ele defende seu t\u00edtulo no XV Rodeio Internacional de Passo Fundo, pois foi o campe\u00e3o da \u00faltima edi\u00e7\u00e3o do evento.<\/span><br style=\"\" \/><span style=\"\">Padilha se tornou ginete h\u00e1 dez anos. Antes disso disputava carreiras de cavalo. Sobre o medo de montar um cavalo que ainda n\u00e3o foi domado, ele disse: \u201cN\u00e3o tenho faz tempo, \u00e9 minha rotina\u201d. Apesar da coragem, ele se lesionou em abril de 2010 em um evento em Carazinho, quebrando o tornozelo ap\u00f3s o cavalo cair em cima de seu p\u00e9. Voltou \u00e0s gineteadas cinco meses depois, no Rodeio de Piratini. Deste ent\u00e3o j\u00e1 passou por diversos eventos, at\u00e9 chegar no Rodeio de Alegrete no final de semana passado e trazer uma moto para Passo Fundo.<\/span><br style=\"\" \/><span style=\"\">De acordo com ele, a expectativa para o pr\u00f3ximo final de semana \u00e9 grande.\u201cEstou motivado. Al\u00e9m de vir de vit\u00f3ria em Alegrete, tem o fato desse rodeio ser em Passo Fundo, onde sou o atual campe\u00e3o e meus amigos v\u00e3o poder me assistir. Tamb\u00e9m tem rodeio este final de semana com premia\u00e7\u00f5es superiores na gineteada em Gramado e Ca\u00e7apava, mas preferi aqui\u201d, disse.<\/span><br style=\"\" \/><span style=\"\">Sobre o principal advers\u00e1rio para a gineteada do XV Rodeio ele ressaltou que a parada vai ser dura, pois ele apontou como um dos concorrentes ao t\u00edtulo um de seus melhores amigos, Jairo Mendes, conhecido como Perigo. Natural de Don Pedrito, Mendes est\u00e1 morando h\u00e1 cerca de um ano em Passo Fundo, \u00e0 convite de Artur, que foi um dos motivadores para ele se mudar, pois ficaria mais f\u00e1cil participar dos torneios e abocanhar pr\u00eamios pelo Rio Grande. Al\u00e9m de tamb\u00e9m j\u00e1 ter vencido em Vacaria e Passo Fundo, Perigo tem em seu curr\u00edculo de pr\u00eamios sete autom\u00f3veis e 13 motocicletas. <\/span><br style=\"\" \/><span style=\"\">\u201c\u00c9, com o Perigo junto n\u00e3o vai ser f\u00e1cil\u201d, disse. Jairo Mendes tamb\u00e9m passou por Alegrete no \u00faltimo final de semana, mas ficou em quinto colocado. Os dois jir\u00e3o se apresentar nesse rodeio na abertura da gineteada com duas modalidades castelhanas de montaria, gurupa e basta.<\/span><br style=\"\" \/><span style=\"\">Al\u00e9m de tamb\u00e9m j\u00e1 ter recebido um autom\u00f3vel e outra motocicleta como pr\u00eamio ao longo de sua carreira, ele ainda sagrou-se campe\u00e3o no \u00faltimo dia 05 de dezembro, com mais nove colegas brasileiros, de um torneio de sele\u00e7\u00f5es em equipe disputado em Minas, no Uruguai, onde o pa\u00eds sede foi o segundo colocado e a Argentina o terceiro.<\/span><br style=\"\" \/><span style=\"\">\u00a0\u00a0 \u00a0 Puxando a brasa para sua modalidade, ele disse que o p\u00fablico paga o ingresso para ver a gineteada. Ele salientou ainda que o perfil do p\u00fablico est\u00e1 mudando nos \u00faltimos anos. \u201cAntes as pessoas queriam somente assistir os tombos dos ginetes, agora, eles est\u00e3o vindo pelo espet\u00e1culo completo que um ginete pode dar\u201d, disse Padilha.<\/span><br style=\"\" \/><span style=\"\">As gineteadas do XV Rodeio Internacional de Passo fundo iniciam \u00e0s 19 horas desta sexta-feira e v\u00e3o at\u00e9 domingo, no encerramento do evento, que est\u00e1 sendo promovido pela Prefeitura Municipal e pela 7\u00aa Regi\u00e3o Tradicionalista, sendo realizado atrav\u00e9s da Funzoctur, juntamente com o grupo Cultural e Tradicionalista Cavaleiros do Planalto M\u00e9dio.<\/span><br style=\"\" \/><br style=\"\" \/><span style=\"\">Regulamento<\/span><br style=\"\" \/><span style=\"\">Na gineteada, os concorrentes dever\u00e3o montar os cavalos no puro p\u00ealo, sendo opcional o uso de tento, n\u00e3o sendo permitido qualquer tipo de mango ou relho. Um dos coordenadores da Campeira, Joel Fran\u00e7a, destacou que os animais ser\u00e3o sorteados na presen\u00e7a dos ginetes, e que para vencer, al\u00e9m do ginete ter que permanecer oito segundos no lombo do cavalo, ser\u00e3o avaliadas pela comiss\u00e3o julgadora a posi\u00e7\u00e3o e estilo do ginete, o tempo de preparo do ginete (02min), e o desempenho do animal.<\/span><\/p>\n","protected":false},"excerpt":{"rendered":"<p>Ga\u00facho de Passo Fundo defende t\u00edtulo este final de semana<\/p>\n","protected":false},"author":1,"featured_media":145,"comment_status":"open","ping_status":"open","sticky":false,"template":"","format":"standard","meta":{"footnotes":""},"categories":[],"tags":[],"class_list":["post-144","post","type-post","status-publish","format-standard","has-post-thumbnail","hentry"],"yoast_head":"<!-- This site is optimized with the Yoast SEO plugin v23.8 - https:\/\/yoast.com\/wordpress\/plugins\/seo\/ -->\n<title>Ga\u00facho de Passo Fundo defende t\u00edtulo este final de semana - Turismo<\/title>\n<meta name=\"robots\" content=\"index, follow, max-snippet:-1, max-image-preview:large, max-video-preview:-1\" \/>\n<link rel=\"canonical\" href=\"https:\/\/www.pmpf.rs.gov.br\/turismo\/2011\/02\/09\/gaucho-de-passo-fundo-defende-titulo-este-final-de-semana-4319\/\" \/>\n<meta property=\"og:locale\" content=\"pt_BR\" \/>\n<meta property=\"og:type\" content=\"article\" \/>\n<meta property=\"og:title\" content=\"Ga\u00facho de Passo Fundo defende t\u00edtulo este final de semana - Turismo\" \/>\n<meta property=\"og:description\" content=\"Ga\u00facho de Passo Fundo defende t\u00edtulo este final de semana\" \/>\n<meta property=\"og:url\" content=\"https:\/\/www.pmpf.rs.gov.br\/turismo\/2011\/02\/09\/gaucho-de-passo-fundo-defende-titulo-este-final-de-semana-4319\/\" \/>\n<meta property=\"og:site_name\" content=\"Turismo\" \/>\n<meta property=\"article:published_time\" content=\"2011-02-09T04:00:00+00:00\" \/>\n<meta property=\"og:image\" content=\"https:\/\/www.pmpf.rs.gov.br\/turismo\/wp-content\/uploads\/sites\/51\/2021\/12\/I2013-05-07_062730_c7767.jpg\" \/>\n\t<meta property=\"og:image:width\" content=\"640\" \/>\n\t<meta property=\"og:image:height\" content=\"427\" \/>\n\t<meta property=\"og:image:type\" content=\"image\/jpeg\" \/>\n<meta name=\"author\" content=\"mosite\" \/>\n<meta name=\"twitter:card\" content=\"summary_large_image\" \/>\n<meta name=\"twitter:label1\" content=\"Escrito por\" \/>\n\t<meta name=\"twitter:data1\" content=\"mosite\" \/>\n\t<meta name=\"twitter:label2\" content=\"Est. tempo de leitura\" \/>\n\t<meta name=\"twitter:data2\" content=\"3 minutos\" \/>\n<script type=\"application\/ld+json\" class=\"yoast-schema-graph\">{\"@context\":\"https:\/\/schema.org\",\"@graph\":[{\"@type\":\"WebPage\",\"@id\":\"https:\/\/www.pmpf.rs.gov.br\/turismo\/2011\/02\/09\/gaucho-de-passo-fundo-defende-titulo-este-final-de-semana-4319\/\",\"url\":\"https:\/\/www.pmpf.rs.gov.br\/turismo\/2011\/02\/09\/gaucho-de-passo-fundo-defende-titulo-este-final-de-semana-4319\/\",\"name\":\"Ga\u00facho de Passo Fundo defende t\u00edtulo este final de semana - Turismo\",\"isPartOf\":{\"@id\":\"https:\/\/www.pmpf.rs.gov.br\/turismo\/#website\"},\"primaryImageOfPage\":{\"@id\":\"https:\/\/www.pmpf.rs.gov.br\/turismo\/2011\/02\/09\/gaucho-de-passo-fundo-defende-titulo-este-final-de-semana-4319\/#primaryimage\"},\"image\":{\"@id\":\"https:\/\/www.pmpf.rs.gov.br\/turismo\/2011\/02\/09\/gaucho-de-passo-fundo-defende-titulo-este-final-de-semana-4319\/#primaryimage\"},\"thumbnailUrl\":\"https:\/\/www.pmpf.rs.gov.br\/turismo\/wp-content\/uploads\/sites\/51\/2021\/12\/I2013-05-07_062730_c7767.jpg\",\"datePublished\":\"2011-02-09T04:00:00+00:00\",\"dateModified\":\"2011-02-09T04:00:00+00:00\",\"author\":{\"@id\":\"https:\/\/www.pmpf.rs.gov.br\/turismo\/#\/schema\/person\/0c355b0fa68a7aa986c8594f7a60a2d7\"},\"breadcrumb\":{\"@id\":\"https:\/\/www.pmpf.rs.gov.br\/turismo\/2011\/02\/09\/gaucho-de-passo-fundo-defende-titulo-este-final-de-semana-4319\/#breadcrumb\"},\"inLanguage\":\"pt-BR\",\"potentialAction\":[{\"@type\":\"ReadAction\",\"target\":[\"https:\/\/www.pmpf.rs.gov.br\/turismo\/2011\/02\/09\/gaucho-de-passo-fundo-defende-titulo-este-final-de-semana-4319\/\"]}]},{\"@type\":\"ImageObject\",\"inLanguage\":\"pt-BR\",\"@id\":\"https:\/\/www.pmpf.rs.gov.br\/turismo\/2011\/02\/09\/gaucho-de-passo-fundo-defende-titulo-este-final-de-semana-4319\/#primaryimage\",\"url\":\"https:\/\/www.pmpf.rs.gov.br\/turismo\/wp-content\/uploads\/sites\/51\/2021\/12\/I2013-05-07_062730_c7767.jpg\",\"contentUrl\":\"https:\/\/www.pmpf.rs.gov.br\/turismo\/wp-content\/uploads\/sites\/51\/2021\/12\/I2013-05-07_062730_c7767.jpg\",\"width\":640,\"height\":427},{\"@type\":\"BreadcrumbList\",\"@id\":\"https:\/\/www.pmpf.rs.gov.br\/turismo\/2011\/02\/09\/gaucho-de-passo-fundo-defende-titulo-este-final-de-semana-4319\/#breadcrumb\",\"itemListElement\":[{\"@type\":\"ListItem\",\"position\":1,\"name\":\"In\u00edcio\",\"item\":\"https:\/\/www.pmpf.rs.gov.br\/turismo\/\"},{\"@type\":\"ListItem\",\"position\":2,\"name\":\"Ga\u00facho de Passo Fundo defende t\u00edtulo este final de semana\"}]},{\"@type\":\"WebSite\",\"@id\":\"https:\/\/www.pmpf.rs.gov.br\/turismo\/#website\",\"url\":\"https:\/\/www.pmpf.rs.gov.br\/turismo\/\",\"name\":\"Turismo\",\"description\":\"Descubra Passo Fundo\",\"potentialAction\":[{\"@type\":\"SearchAction\",\"target\":{\"@type\":\"EntryPoint\",\"urlTemplate\":\"https:\/\/www.pmpf.rs.gov.br\/turismo\/?s={search_term_string}\"},\"query-input\":{\"@type\":\"PropertyValueSpecification\",\"valueRequired\":true,\"valueName\":\"search_term_string\"}}],\"inLanguage\":\"pt-BR\"},{\"@type\":\"Person\",\"@id\":\"https:\/\/www.pmpf.rs.gov.br\/turismo\/#\/schema\/person\/0c355b0fa68a7aa986c8594f7a60a2d7\",\"name\":\"mosite\",\"image\":{\"@type\":\"ImageObject\",\"inLanguage\":\"pt-BR\",\"@id\":\"https:\/\/www.pmpf.rs.gov.br\/turismo\/#\/schema\/person\/image\/\",\"url\":\"https:\/\/secure.gravatar.com\/avatar\/63d72595d6cecfe12bd8a94829d5a26c?s=96&d=mm&r=g\",\"contentUrl\":\"https:\/\/secure.gravatar.com\/avatar\/63d72595d6cecfe12bd8a94829d5a26c?s=96&d=mm&r=g\",\"caption\":\"mosite\"},\"sameAs\":[\"http:\/\/example.com\"],\"url\":\"https:\/\/www.pmpf.rs.gov.br\/turismo\/author\/mosite\/\"}]}<\/script>\n<!-- \/ Yoast SEO plugin. -->","yoast_head_json":{"title":"Ga\u00facho de Passo Fundo defende t\u00edtulo este final de semana - Turismo","robots":{"index":"index","follow":"follow","max-snippet":"max-snippet:-1","max-image-preview":"max-image-preview:large","max-video-preview":"max-video-preview:-1"},"canonical":"https:\/\/www.pmpf.rs.gov.br\/turismo\/2011\/02\/09\/gaucho-de-passo-fundo-defende-titulo-este-final-de-semana-4319\/","og_locale":"pt_BR","og_type":"article","og_title":"Ga\u00facho de Passo Fundo defende t\u00edtulo este final de semana - Turismo","og_description":"Ga\u00facho de Passo Fundo defende t\u00edtulo este final de semana","og_url":"https:\/\/www.pmpf.rs.gov.br\/turismo\/2011\/02\/09\/gaucho-de-passo-fundo-defende-titulo-este-final-de-semana-4319\/","og_site_name":"Turismo","article_published_time":"2011-02-09T04:00:00+00:00","og_image":[{"width":640,"height":427,"url":"https:\/\/www.pmpf.rs.gov.br\/turismo\/wp-content\/uploads\/sites\/51\/2021\/12\/I2013-05-07_062730_c7767.jpg","type":"image\/jpeg"}],"author":"mosite","twitter_card":"summary_large_image","twitter_misc":{"Escrito por":"mosite","Est. tempo de leitura":"3 minutos"},"schema":{"@context":"https:\/\/schema.org","@graph":[{"@type":"WebPage","@id":"https:\/\/www.pmpf.rs.gov.br\/turismo\/2011\/02\/09\/gaucho-de-passo-fundo-defende-titulo-este-final-de-semana-4319\/","url":"https:\/\/www.pmpf.rs.gov.br\/turismo\/2011\/02\/09\/gaucho-de-passo-fundo-defende-titulo-este-final-de-semana-4319\/","name":"Ga\u00facho de Passo Fundo defende t\u00edtulo este final de semana - Turismo","isPartOf":{"@id":"https:\/\/www.pmpf.rs.gov.br\/turismo\/#website"},"primaryImageOfPage":{"@id":"https:\/\/www.pmpf.rs.gov.br\/turismo\/2011\/02\/09\/gaucho-de-passo-fundo-defende-titulo-este-final-de-semana-4319\/#primaryimage"},"image":{"@id":"https:\/\/www.pmpf.rs.gov.br\/turismo\/2011\/02\/09\/gaucho-de-passo-fundo-defende-titulo-este-final-de-semana-4319\/#primaryimage"},"thumbnailUrl":"https:\/\/www.pmpf.rs.gov.br\/turismo\/wp-content\/uploads\/sites\/51\/2021\/12\/I2013-05-07_062730_c7767.jpg","datePublished":"2011-02-09T04:00:00+00:00","dateModified":"2011-02-09T04:00:00+00:00","author":{"@id":"https:\/\/www.pmpf.rs.gov.br\/turismo\/#\/schema\/person\/0c355b0fa68a7aa986c8594f7a60a2d7"},"breadcrumb":{"@id":"https:\/\/www.pmpf.rs.gov.br\/turismo\/2011\/02\/09\/gaucho-de-passo-fundo-defende-titulo-este-final-de-semana-4319\/#breadcrumb"},"inLanguage":"pt-BR","potentialAction":[{"@type":"ReadAction","target":["https:\/\/www.pmpf.rs.gov.br\/turismo\/2011\/02\/09\/gaucho-de-passo-fundo-defende-titulo-este-final-de-semana-4319\/"]}]},{"@type":"ImageObject","inLanguage":"pt-BR","@id":"https:\/\/www.pmpf.rs.gov.br\/turismo\/2011\/02\/09\/gaucho-de-passo-fundo-defende-titulo-este-final-de-semana-4319\/#primaryimage","url":"https:\/\/www.pmpf.rs.gov.br\/turismo\/wp-content\/uploads\/sites\/51\/2021\/12\/I2013-05-07_062730_c7767.jpg","contentUrl":"https:\/\/www.pmpf.rs.gov.br\/turismo\/wp-content\/uploads\/sites\/51\/2021\/12\/I2013-05-07_062730_c7767.jpg","width":640,"height":427},{"@type":"BreadcrumbList","@id":"https:\/\/www.pmpf.rs.gov.br\/turismo\/2011\/02\/09\/gaucho-de-passo-fundo-defende-titulo-este-final-de-semana-4319\/#breadcrumb","itemListElement":[{"@type":"ListItem","position":1,"name":"In\u00edcio","item":"https:\/\/www.pmpf.rs.gov.br\/turismo\/"},{"@type":"ListItem","position":2,"name":"Ga\u00facho de Passo Fundo defende t\u00edtulo este final de semana"}]},{"@type":"WebSite","@id":"https:\/\/www.pmpf.rs.gov.br\/turismo\/#website","url":"https:\/\/www.pmpf.rs.gov.br\/turismo\/","name":"Turismo","description":"Descubra Passo Fundo","potentialAction":[{"@type":"SearchAction","target":{"@type":"EntryPoint","urlTemplate":"https:\/\/www.pmpf.rs.gov.br\/turismo\/?s={search_term_string}"},"query-input":{"@type":"PropertyValueSpecification","valueRequired":true,"valueName":"search_term_string"}}],"inLanguage":"pt-BR"},{"@type":"Person","@id":"https:\/\/www.pmpf.rs.gov.br\/turismo\/#\/schema\/person\/0c355b0fa68a7aa986c8594f7a60a2d7","name":"mosite","image":{"@type":"ImageObject","inLanguage":"pt-BR","@id":"https:\/\/www.pmpf.rs.gov.br\/turismo\/#\/schema\/person\/image\/","url":"https:\/\/secure.gravatar.com\/avatar\/63d72595d6cecfe12bd8a94829d5a26c?s=96&d=mm&r=g","contentUrl":"https:\/\/secure.gravatar.com\/avatar\/63d72595d6cecfe12bd8a94829d5a26c?s=96&d=mm&r=g","caption":"mosite"},"sameAs":["http:\/\/example.com"],"url":"https:\/\/www.pmpf.rs.gov.br\/turismo\/author\/mosite\/"}]}},"_links":{"self":[{"href":"https:\/\/www.pmpf.rs.gov.br\/turismo\/wp-json\/wp\/v2\/posts\/144"}],"collection":[{"href":"https:\/\/www.pmpf.rs.gov.br\/turismo\/wp-json\/wp\/v2\/posts"}],"about":[{"href":"https:\/\/www.pmpf.rs.gov.br\/turismo\/wp-json\/wp\/v2\/types\/post"}],"author":[{"embeddable":true,"href":"https:\/\/www.pmpf.rs.gov.br\/turismo\/wp-json\/wp\/v2\/users\/1"}],"replies":[{"embeddable":true,"href":"https:\/\/www.pmpf.rs.gov.br\/turismo\/wp-json\/wp\/v2\/comments?post=144"}],"version-history":[{"count":0,"href":"https:\/\/www.pmpf.rs.gov.br\/turismo\/wp-json\/wp\/v2\/posts\/144\/revisions"}],"wp:featuredmedia":[{"embeddable":true,"href":"https:\/\/www.pmpf.rs.gov.br\/turismo\/wp-json\/wp\/v2\/media\/145"}],"wp:attachment":[{"href":"https:\/\/www.pmpf.rs.gov.br\/turismo\/wp-json\/wp\/v2\/media?parent=144"}],"wp:term":[{"taxonomy":"category","embeddable":true,"href":"https:\/\/www.pmpf.rs.gov.br\/turismo\/wp-json\/wp\/v2\/categories?post=144"},{"taxonomy":"post_tag","embeddable":true,"href":"https:\/\/www.pmpf.rs.gov.br\/turismo\/wp-json\/wp\/v2\/tags?post=144"}],"curies":[{"name":"wp","href":"https:\/\/api.w.org\/{rel}","templated":true}]}}