{"id":142,"date":"2009-01-21T02:00:00","date_gmt":"2009-01-21T04:00:00","guid":{"rendered":"https:\/\/www.pmpf.rs.gov.br\/turismo\/2009\/01\/21\/prefeitura-realiza-obras-no-parque-de-rodeio-4444\/"},"modified":"2009-01-21T02:00:00","modified_gmt":"2009-01-21T04:00:00","slug":"prefeitura-realiza-obras-no-parque-de-rodeio-4444","status":"publish","type":"post","link":"https:\/\/www.pmpf.rs.gov.br\/turismo\/2009\/01\/21\/prefeitura-realiza-obras-no-parque-de-rodeio-4444\/","title":{"rendered":"Prefeitura realiza obras no Parque de Rodeio"},"content":{"rendered":"<div style=\"text-align: justify; \">Para falar a respeito dos preparativos do 14\u00ba Rodeio Internacional de Passo Fundo, a Funzoctur \u2013 Funda\u00e7\u00e3o Zoobot\u00e2nica, Cultural e de Turismo Ltda, reuniu\u00a0 a imprensa da cidade, na noite de segunda-feira, no Parque da Rosel\u00e2ndia. Presentes tamb\u00e9m os\u00a0 representantes\u00a0 dos demais \u00f3rg\u00e3os promotores, o CTG Lalau Miranda, 7\u00aa Regi\u00e3o Tradicionalista, al\u00e9m do prefeito Airton Dipp. O diretor-presidente da Funzoctur, Alexandre Rodrigues, apresentou dados sobre o movimento no 13\u00ba Rodeio de Passo Fundo,\u00a0 enfatizando que algumas inova\u00e7\u00f5es foram implantadas, fortalecendo o ambiente\u00a0 de\u00a0 conviv\u00eancia, como\u00a0\u00a0 atrativo\u00a0 do evento. <\/p>\n<p>Para o rodeio deste ano, foram adotadas a\u00e7\u00f5es que melhoraram a estrutura f\u00edsica no parque. Destacou a \u00e1rea coberta para abrigo dos la\u00e7adores, j\u00e1 conclu\u00edda, a nova central de\u00a0 distribui\u00e7\u00e3o el\u00e9trica e coloca\u00e7\u00e3o de novos postes para a\u00a0 rede\u00a0 de ilumina\u00e7\u00e3o na cancha das provas\u00a0 de la\u00e7o; a constru\u00e7\u00e3o da nova\u00a0 rampa\u00a0 de acesso, que foi feita em alvenaria, uma\u00a0 casa nova para os\u00a0 narradores, \u00e1rbitros e imprensa, nova cerca em toda a \u00e1rea do rodeio, al\u00e9m da prote\u00e7\u00e3o para espectadores. Os preparativos incluem tamb\u00e9m\u00a0 completa renova\u00e7\u00e3o no encanamento da rede de \u00e1gua fornecida nos ranchos, cobertura da churrascaria, limpeza\u00a0 geral dos acessos da \u00e1rea de mato. Na entrada da \u00e1rea do rodeio foram constru\u00eddas cal\u00e7adas de acesso. Alexandre Rodrigues assegurou que todas as secretarias da prefeitura est\u00e3o mobilizadas\u00a0 para ajudar a conclus\u00e3o das\u00a0 melhorias, conforme o planejamento, e\u00a0 que ser\u00e3o conclu\u00eddas\u00a0 no tempo h\u00e1bil para o evento.<\/p>\n<p>O prefeito Airton Dipp manifestou-se dizendo que confia no trabalho feito pela administra\u00e7\u00e3o e entidades parceiras na promo\u00e7\u00e3o, para oferecer momentos de integra\u00e7\u00e3o, cultura, arte e lazer aos visitantes e moradores do munic\u00edpio.\u00a0 <\/p><\/div>\n<figure id=\"attachment_1757\" aria-describedby=\"caption-attachment-1757\" style=\"width: 360px\" class=\"wp-caption alignleft\"><img decoding=\"async\" class=\"wp-image-1757 size-medium\" src=\"https:\/\/bold-recipe-b4d0.mosite.workers.dev\/?url=https:\/\/www.pmpf.rs.gov.br\/servicos\/geral\/multimidia\/I2013-05-07_06:27:33_c5926.JPG\" alt=\"O prefeito Airton Dipp manifestou confian\u00e7a no trabalho desenvolvido pelos administradores do evento\" width=\"360\" \/><figcaption id=\"caption-attachment-1757\" class=\"wp-caption-text\">Foto:<\/figcaption><\/figure>\n","protected":false},"excerpt":{"rendered":"<p>Prefeitura realiza obras no Parque de Rodeio<\/p>\n","protected":false},"author":1,"featured_media":143,"comment_status":"open","ping_status":"open","sticky":false,"template":"","format":"standard","meta":{"footnotes":""},"categories":[],"tags":[],"class_list":["post-142","post","type-post","status-publish","format-standard","has-post-thumbnail","hentry"],"yoast_head":"<!-- This site is optimized with the Yoast SEO plugin v23.8 - https:\/\/yoast.com\/wordpress\/plugins\/seo\/ -->\n<title>Prefeitura realiza obras no Parque de Rodeio - Turismo<\/title>\n<meta name=\"robots\" content=\"index, follow, max-snippet:-1, max-image-preview:large, max-video-preview:-1\" \/>\n<link rel=\"canonical\" href=\"https:\/\/www.pmpf.rs.gov.br\/turismo\/2009\/01\/21\/prefeitura-realiza-obras-no-parque-de-rodeio-4444\/\" \/>\n<meta property=\"og:locale\" content=\"pt_BR\" \/>\n<meta property=\"og:type\" content=\"article\" \/>\n<meta property=\"og:title\" content=\"Prefeitura realiza obras no Parque de Rodeio - Turismo\" \/>\n<meta property=\"og:description\" content=\"Prefeitura realiza obras no Parque de Rodeio\" \/>\n<meta property=\"og:url\" content=\"https:\/\/www.pmpf.rs.gov.br\/turismo\/2009\/01\/21\/prefeitura-realiza-obras-no-parque-de-rodeio-4444\/\" \/>\n<meta property=\"og:site_name\" content=\"Turismo\" \/>\n<meta property=\"article:published_time\" content=\"2009-01-21T04:00:00+00:00\" \/>\n<meta property=\"og:image\" content=\"https:\/\/www.pmpf.rs.gov.br\/turismo\/wp-content\/uploads\/sites\/51\/2021\/12\/I2013-05-07_062733_c5925.jpg\" \/>\n\t<meta property=\"og:image:width\" content=\"400\" \/>\n\t<meta property=\"og:image:height\" content=\"300\" \/>\n\t<meta property=\"og:image:type\" content=\"image\/jpeg\" \/>\n<meta name=\"author\" content=\"mosite\" \/>\n<meta name=\"twitter:card\" content=\"summary_large_image\" \/>\n<meta name=\"twitter:label1\" content=\"Escrito por\" \/>\n\t<meta name=\"twitter:data1\" content=\"mosite\" \/>\n\t<meta name=\"twitter:label2\" content=\"Est. tempo de leitura\" \/>\n\t<meta name=\"twitter:data2\" content=\"2 minutos\" \/>\n<script type=\"application\/ld+json\" class=\"yoast-schema-graph\">{\"@context\":\"https:\/\/schema.org\",\"@graph\":[{\"@type\":\"WebPage\",\"@id\":\"https:\/\/www.pmpf.rs.gov.br\/turismo\/2009\/01\/21\/prefeitura-realiza-obras-no-parque-de-rodeio-4444\/\",\"url\":\"https:\/\/www.pmpf.rs.gov.br\/turismo\/2009\/01\/21\/prefeitura-realiza-obras-no-parque-de-rodeio-4444\/\",\"name\":\"Prefeitura realiza obras no Parque de Rodeio - Turismo\",\"isPartOf\":{\"@id\":\"https:\/\/www.pmpf.rs.gov.br\/turismo\/#website\"},\"primaryImageOfPage\":{\"@id\":\"https:\/\/www.pmpf.rs.gov.br\/turismo\/2009\/01\/21\/prefeitura-realiza-obras-no-parque-de-rodeio-4444\/#primaryimage\"},\"image\":{\"@id\":\"https:\/\/www.pmpf.rs.gov.br\/turismo\/2009\/01\/21\/prefeitura-realiza-obras-no-parque-de-rodeio-4444\/#primaryimage\"},\"thumbnailUrl\":\"https:\/\/www.pmpf.rs.gov.br\/turismo\/wp-content\/uploads\/sites\/51\/2021\/12\/I2013-05-07_062733_c5925.jpg\",\"datePublished\":\"2009-01-21T04:00:00+00:00\",\"dateModified\":\"2009-01-21T04:00:00+00:00\",\"author\":{\"@id\":\"https:\/\/www.pmpf.rs.gov.br\/turismo\/#\/schema\/person\/0c355b0fa68a7aa986c8594f7a60a2d7\"},\"breadcrumb\":{\"@id\":\"https:\/\/www.pmpf.rs.gov.br\/turismo\/2009\/01\/21\/prefeitura-realiza-obras-no-parque-de-rodeio-4444\/#breadcrumb\"},\"inLanguage\":\"pt-BR\",\"potentialAction\":[{\"@type\":\"ReadAction\",\"target\":[\"https:\/\/www.pmpf.rs.gov.br\/turismo\/2009\/01\/21\/prefeitura-realiza-obras-no-parque-de-rodeio-4444\/\"]}]},{\"@type\":\"ImageObject\",\"inLanguage\":\"pt-BR\",\"@id\":\"https:\/\/www.pmpf.rs.gov.br\/turismo\/2009\/01\/21\/prefeitura-realiza-obras-no-parque-de-rodeio-4444\/#primaryimage\",\"url\":\"https:\/\/www.pmpf.rs.gov.br\/turismo\/wp-content\/uploads\/sites\/51\/2021\/12\/I2013-05-07_062733_c5925.jpg\",\"contentUrl\":\"https:\/\/www.pmpf.rs.gov.br\/turismo\/wp-content\/uploads\/sites\/51\/2021\/12\/I2013-05-07_062733_c5925.jpg\",\"width\":400,\"height\":300},{\"@type\":\"BreadcrumbList\",\"@id\":\"https:\/\/www.pmpf.rs.gov.br\/turismo\/2009\/01\/21\/prefeitura-realiza-obras-no-parque-de-rodeio-4444\/#breadcrumb\",\"itemListElement\":[{\"@type\":\"ListItem\",\"position\":1,\"name\":\"In\u00edcio\",\"item\":\"https:\/\/www.pmpf.rs.gov.br\/turismo\/\"},{\"@type\":\"ListItem\",\"position\":2,\"name\":\"Prefeitura realiza obras no Parque de Rodeio\"}]},{\"@type\":\"WebSite\",\"@id\":\"https:\/\/www.pmpf.rs.gov.br\/turismo\/#website\",\"url\":\"https:\/\/www.pmpf.rs.gov.br\/turismo\/\",\"name\":\"Turismo\",\"description\":\"Descubra Passo Fundo\",\"potentialAction\":[{\"@type\":\"SearchAction\",\"target\":{\"@type\":\"EntryPoint\",\"urlTemplate\":\"https:\/\/www.pmpf.rs.gov.br\/turismo\/?s={search_term_string}\"},\"query-input\":{\"@type\":\"PropertyValueSpecification\",\"valueRequired\":true,\"valueName\":\"search_term_string\"}}],\"inLanguage\":\"pt-BR\"},{\"@type\":\"Person\",\"@id\":\"https:\/\/www.pmpf.rs.gov.br\/turismo\/#\/schema\/person\/0c355b0fa68a7aa986c8594f7a60a2d7\",\"name\":\"mosite\",\"image\":{\"@type\":\"ImageObject\",\"inLanguage\":\"pt-BR\",\"@id\":\"https:\/\/www.pmpf.rs.gov.br\/turismo\/#\/schema\/person\/image\/\",\"url\":\"https:\/\/secure.gravatar.com\/avatar\/63d72595d6cecfe12bd8a94829d5a26c?s=96&d=mm&r=g\",\"contentUrl\":\"https:\/\/secure.gravatar.com\/avatar\/63d72595d6cecfe12bd8a94829d5a26c?s=96&d=mm&r=g\",\"caption\":\"mosite\"},\"sameAs\":[\"http:\/\/example.com\"],\"url\":\"https:\/\/www.pmpf.rs.gov.br\/turismo\/author\/mosite\/\"}]}<\/script>\n<!-- \/ Yoast SEO plugin. -->","yoast_head_json":{"title":"Prefeitura realiza obras no Parque de Rodeio - Turismo","robots":{"index":"index","follow":"follow","max-snippet":"max-snippet:-1","max-image-preview":"max-image-preview:large","max-video-preview":"max-video-preview:-1"},"canonical":"https:\/\/www.pmpf.rs.gov.br\/turismo\/2009\/01\/21\/prefeitura-realiza-obras-no-parque-de-rodeio-4444\/","og_locale":"pt_BR","og_type":"article","og_title":"Prefeitura realiza obras no Parque de Rodeio - Turismo","og_description":"Prefeitura realiza obras no Parque de Rodeio","og_url":"https:\/\/www.pmpf.rs.gov.br\/turismo\/2009\/01\/21\/prefeitura-realiza-obras-no-parque-de-rodeio-4444\/","og_site_name":"Turismo","article_published_time":"2009-01-21T04:00:00+00:00","og_image":[{"width":400,"height":300,"url":"https:\/\/www.pmpf.rs.gov.br\/turismo\/wp-content\/uploads\/sites\/51\/2021\/12\/I2013-05-07_062733_c5925.jpg","type":"image\/jpeg"}],"author":"mosite","twitter_card":"summary_large_image","twitter_misc":{"Escrito por":"mosite","Est. tempo de leitura":"2 minutos"},"schema":{"@context":"https:\/\/schema.org","@graph":[{"@type":"WebPage","@id":"https:\/\/www.pmpf.rs.gov.br\/turismo\/2009\/01\/21\/prefeitura-realiza-obras-no-parque-de-rodeio-4444\/","url":"https:\/\/www.pmpf.rs.gov.br\/turismo\/2009\/01\/21\/prefeitura-realiza-obras-no-parque-de-rodeio-4444\/","name":"Prefeitura realiza obras no Parque de Rodeio - Turismo","isPartOf":{"@id":"https:\/\/www.pmpf.rs.gov.br\/turismo\/#website"},"primaryImageOfPage":{"@id":"https:\/\/www.pmpf.rs.gov.br\/turismo\/2009\/01\/21\/prefeitura-realiza-obras-no-parque-de-rodeio-4444\/#primaryimage"},"image":{"@id":"https:\/\/www.pmpf.rs.gov.br\/turismo\/2009\/01\/21\/prefeitura-realiza-obras-no-parque-de-rodeio-4444\/#primaryimage"},"thumbnailUrl":"https:\/\/www.pmpf.rs.gov.br\/turismo\/wp-content\/uploads\/sites\/51\/2021\/12\/I2013-05-07_062733_c5925.jpg","datePublished":"2009-01-21T04:00:00+00:00","dateModified":"2009-01-21T04:00:00+00:00","author":{"@id":"https:\/\/www.pmpf.rs.gov.br\/turismo\/#\/schema\/person\/0c355b0fa68a7aa986c8594f7a60a2d7"},"breadcrumb":{"@id":"https:\/\/www.pmpf.rs.gov.br\/turismo\/2009\/01\/21\/prefeitura-realiza-obras-no-parque-de-rodeio-4444\/#breadcrumb"},"inLanguage":"pt-BR","potentialAction":[{"@type":"ReadAction","target":["https:\/\/www.pmpf.rs.gov.br\/turismo\/2009\/01\/21\/prefeitura-realiza-obras-no-parque-de-rodeio-4444\/"]}]},{"@type":"ImageObject","inLanguage":"pt-BR","@id":"https:\/\/www.pmpf.rs.gov.br\/turismo\/2009\/01\/21\/prefeitura-realiza-obras-no-parque-de-rodeio-4444\/#primaryimage","url":"https:\/\/www.pmpf.rs.gov.br\/turismo\/wp-content\/uploads\/sites\/51\/2021\/12\/I2013-05-07_062733_c5925.jpg","contentUrl":"https:\/\/www.pmpf.rs.gov.br\/turismo\/wp-content\/uploads\/sites\/51\/2021\/12\/I2013-05-07_062733_c5925.jpg","width":400,"height":300},{"@type":"BreadcrumbList","@id":"https:\/\/www.pmpf.rs.gov.br\/turismo\/2009\/01\/21\/prefeitura-realiza-obras-no-parque-de-rodeio-4444\/#breadcrumb","itemListElement":[{"@type":"ListItem","position":1,"name":"In\u00edcio","item":"https:\/\/www.pmpf.rs.gov.br\/turismo\/"},{"@type":"ListItem","position":2,"name":"Prefeitura realiza obras no Parque de Rodeio"}]},{"@type":"WebSite","@id":"https:\/\/www.pmpf.rs.gov.br\/turismo\/#website","url":"https:\/\/www.pmpf.rs.gov.br\/turismo\/","name":"Turismo","description":"Descubra Passo Fundo","potentialAction":[{"@type":"SearchAction","target":{"@type":"EntryPoint","urlTemplate":"https:\/\/www.pmpf.rs.gov.br\/turismo\/?s={search_term_string}"},"query-input":{"@type":"PropertyValueSpecification","valueRequired":true,"valueName":"search_term_string"}}],"inLanguage":"pt-BR"},{"@type":"Person","@id":"https:\/\/www.pmpf.rs.gov.br\/turismo\/#\/schema\/person\/0c355b0fa68a7aa986c8594f7a60a2d7","name":"mosite","image":{"@type":"ImageObject","inLanguage":"pt-BR","@id":"https:\/\/www.pmpf.rs.gov.br\/turismo\/#\/schema\/person\/image\/","url":"https:\/\/secure.gravatar.com\/avatar\/63d72595d6cecfe12bd8a94829d5a26c?s=96&d=mm&r=g","contentUrl":"https:\/\/secure.gravatar.com\/avatar\/63d72595d6cecfe12bd8a94829d5a26c?s=96&d=mm&r=g","caption":"mosite"},"sameAs":["http:\/\/example.com"],"url":"https:\/\/www.pmpf.rs.gov.br\/turismo\/author\/mosite\/"}]}},"_links":{"self":[{"href":"https:\/\/www.pmpf.rs.gov.br\/turismo\/wp-json\/wp\/v2\/posts\/142"}],"collection":[{"href":"https:\/\/www.pmpf.rs.gov.br\/turismo\/wp-json\/wp\/v2\/posts"}],"about":[{"href":"https:\/\/www.pmpf.rs.gov.br\/turismo\/wp-json\/wp\/v2\/types\/post"}],"author":[{"embeddable":true,"href":"https:\/\/www.pmpf.rs.gov.br\/turismo\/wp-json\/wp\/v2\/users\/1"}],"replies":[{"embeddable":true,"href":"https:\/\/www.pmpf.rs.gov.br\/turismo\/wp-json\/wp\/v2\/comments?post=142"}],"version-history":[{"count":0,"href":"https:\/\/www.pmpf.rs.gov.br\/turismo\/wp-json\/wp\/v2\/posts\/142\/revisions"}],"wp:featuredmedia":[{"embeddable":true,"href":"https:\/\/www.pmpf.rs.gov.br\/turismo\/wp-json\/wp\/v2\/media\/143"}],"wp:attachment":[{"href":"https:\/\/www.pmpf.rs.gov.br\/turismo\/wp-json\/wp\/v2\/media?parent=142"}],"wp:term":[{"taxonomy":"category","embeddable":true,"href":"https:\/\/www.pmpf.rs.gov.br\/turismo\/wp-json\/wp\/v2\/categories?post=142"},{"taxonomy":"post_tag","embeddable":true,"href":"https:\/\/www.pmpf.rs.gov.br\/turismo\/wp-json\/wp\/v2\/tags?post=142"}],"curies":[{"name":"wp","href":"https:\/\/api.w.org\/{rel}","templated":true}]}}