{"id":135,"date":"2009-02-06T02:00:00","date_gmt":"2009-02-06T04:00:00","guid":{"rendered":"https:\/\/www.pmpf.rs.gov.br\/turismo\/2009\/02\/06\/tiro-de-laco-pai-e-filho-e-tradicao-em-familia-no-rodeio-de-passo-fundo-4488\/"},"modified":"2009-02-06T02:00:00","modified_gmt":"2009-02-06T04:00:00","slug":"tiro-de-laco-pai-e-filho-e-tradicao-em-familia-no-rodeio-de-passo-fundo-4488","status":"publish","type":"post","link":"https:\/\/www.pmpf.rs.gov.br\/turismo\/2009\/02\/06\/tiro-de-laco-pai-e-filho-e-tradicao-em-familia-no-rodeio-de-passo-fundo-4488\/","title":{"rendered":"Tiro de la\u00e7o \u201cPai e Filho\u201d \u00e9 tradi\u00e7\u00e3o em fam\u00edlia no Rodeio de Passo Fundo"},"content":{"rendered":"<div style=\"text-align: justify; \">Av\u00f4, pai e filho fazem parte de encontro peculiar de valor afetivo, nas tradi\u00e7\u00f5es do Rio Grande, no tiro-de-la\u00e7o. Assim definia o sentido da prova campeira tiro de la\u00e7o \u201cPai e Filho\u201d, o narrador do rodeio. Bem cedo, nesta sexta-feira, pe\u00f5es aqueciam as montarias para a disputa nas al\u00e7adas. A competi\u00e7\u00e3o que iniciou \u00e0s 9 horas, teve mais de 30 duplas inscritas.<\/p>\n<p>O tradicionalista Nelson de Quadros, acompanhou seus tr\u00eas filhos, Leandro, Fl\u00e1vio e Ramiro, orgulhoso por ter transmitido a\u00a0 arte de la\u00e7ar e a lida do campo. Hoje ele \u00e9 a refer\u00eancia nas andan\u00e7as do piquete Rinc\u00e3o Campeiro, de Pont\u00e3o. Tem sido um dos principais colaboradores nos 24 anos desde que se iniciaram as edi\u00e7\u00f5es do Rodeio de Passo Fundo.<\/p>\n<p>O veterano Cizenando, aos 71 anos, montou cedo para acompanhar a disputa do filho e do neto e disse que vai participar na \u201ctiro de la\u00e7o\u201d novamente \u00e0 tarde na categoria veteranos.<\/p>\n<p>As armadas se sucedem r\u00e1pidas levantando poeira na pista de provas do Rodeio, com o p\u00fablico que toma lugar na arquibancada, em rodadas de mate. Seu Afonso Silveira veio com a fam\u00edlia, tamb\u00e9m de la\u00e7adores, para acompanhar o desempenho do guri, seu parente iniciante, nas al\u00e7adas. O sol apareceu de vez em quando, no lado sul de Passo Fundo, numa manh\u00e3 nublada. <\/p><\/div>\n<figure id=\"attachment_1787\" aria-describedby=\"caption-attachment-1787\" style=\"width: 360px\" class=\"wp-caption alignleft\"><img decoding=\"async\" class=\"wp-image-1787 size-medium\" src=\"https:\/\/www.pmpf.rs.gov.br\/turismo\/wp-content\/uploads\/sites\/51\/2021\/12\/I2013-05-07_062733_c5966.jpg\" alt=\"Pe\u00e3o esporeia o cavalo para pialar o boi\" width=\"360\" \/><figcaption id=\"caption-attachment-1787\" class=\"wp-caption-text\">Foto: CELESTINO MENEGHINI<\/figcaption><\/figure>\n","protected":false},"excerpt":{"rendered":"<p>Tiro de la\u00e7o \u201cPai e Filho\u201d \u00e9 tradi\u00e7\u00e3o em fam\u00edlia no Rodeio de Passo Fundo<\/p>\n","protected":false},"author":1,"featured_media":137,"comment_status":"open","ping_status":"open","sticky":false,"template":"","format":"standard","meta":{"footnotes":""},"categories":[],"tags":[],"class_list":["post-135","post","type-post","status-publish","format-standard","has-post-thumbnail","hentry"],"yoast_head":"<!-- This site is optimized with the Yoast SEO plugin v23.8 - https:\/\/yoast.com\/wordpress\/plugins\/seo\/ -->\n<title>Tiro de la\u00e7o \u201cPai e Filho\u201d \u00e9 tradi\u00e7\u00e3o em fam\u00edlia no Rodeio de Passo Fundo - Turismo<\/title>\n<meta name=\"robots\" content=\"index, follow, max-snippet:-1, max-image-preview:large, max-video-preview:-1\" \/>\n<link rel=\"canonical\" href=\"https:\/\/www.pmpf.rs.gov.br\/turismo\/2009\/02\/06\/tiro-de-laco-pai-e-filho-e-tradicao-em-familia-no-rodeio-de-passo-fundo-4488\/\" \/>\n<meta property=\"og:locale\" content=\"pt_BR\" \/>\n<meta property=\"og:type\" content=\"article\" \/>\n<meta property=\"og:title\" content=\"Tiro de la\u00e7o \u201cPai e Filho\u201d \u00e9 tradi\u00e7\u00e3o em fam\u00edlia no Rodeio de Passo Fundo - Turismo\" \/>\n<meta property=\"og:description\" content=\"Tiro de la\u00e7o \u201cPai e Filho\u201d \u00e9 tradi\u00e7\u00e3o em fam\u00edlia no Rodeio de Passo Fundo\" \/>\n<meta property=\"og:url\" content=\"https:\/\/www.pmpf.rs.gov.br\/turismo\/2009\/02\/06\/tiro-de-laco-pai-e-filho-e-tradicao-em-familia-no-rodeio-de-passo-fundo-4488\/\" \/>\n<meta property=\"og:site_name\" content=\"Turismo\" \/>\n<meta property=\"article:published_time\" content=\"2009-02-06T04:00:00+00:00\" \/>\n<meta property=\"og:image\" content=\"https:\/\/www.pmpf.rs.gov.br\/turismo\/wp-content\/uploads\/sites\/51\/2021\/12\/I2013-05-07_062733_c5965.jpg\" \/>\n\t<meta property=\"og:image:width\" content=\"400\" \/>\n\t<meta property=\"og:image:height\" content=\"300\" \/>\n\t<meta property=\"og:image:type\" content=\"image\/jpeg\" \/>\n<meta name=\"author\" content=\"mosite\" \/>\n<meta name=\"twitter:card\" content=\"summary_large_image\" \/>\n<meta name=\"twitter:label1\" content=\"Escrito por\" \/>\n\t<meta name=\"twitter:data1\" content=\"mosite\" \/>\n\t<meta name=\"twitter:label2\" content=\"Est. tempo de leitura\" \/>\n\t<meta name=\"twitter:data2\" content=\"1 minuto\" \/>\n<script type=\"application\/ld+json\" class=\"yoast-schema-graph\">{\"@context\":\"https:\/\/schema.org\",\"@graph\":[{\"@type\":\"WebPage\",\"@id\":\"https:\/\/www.pmpf.rs.gov.br\/turismo\/2009\/02\/06\/tiro-de-laco-pai-e-filho-e-tradicao-em-familia-no-rodeio-de-passo-fundo-4488\/\",\"url\":\"https:\/\/www.pmpf.rs.gov.br\/turismo\/2009\/02\/06\/tiro-de-laco-pai-e-filho-e-tradicao-em-familia-no-rodeio-de-passo-fundo-4488\/\",\"name\":\"Tiro de la\u00e7o \u201cPai e Filho\u201d \u00e9 tradi\u00e7\u00e3o em fam\u00edlia no Rodeio de Passo Fundo - Turismo\",\"isPartOf\":{\"@id\":\"https:\/\/www.pmpf.rs.gov.br\/turismo\/#website\"},\"primaryImageOfPage\":{\"@id\":\"https:\/\/www.pmpf.rs.gov.br\/turismo\/2009\/02\/06\/tiro-de-laco-pai-e-filho-e-tradicao-em-familia-no-rodeio-de-passo-fundo-4488\/#primaryimage\"},\"image\":{\"@id\":\"https:\/\/www.pmpf.rs.gov.br\/turismo\/2009\/02\/06\/tiro-de-laco-pai-e-filho-e-tradicao-em-familia-no-rodeio-de-passo-fundo-4488\/#primaryimage\"},\"thumbnailUrl\":\"https:\/\/www.pmpf.rs.gov.br\/turismo\/wp-content\/uploads\/sites\/51\/2021\/12\/I2013-05-07_062733_c5965.jpg\",\"datePublished\":\"2009-02-06T04:00:00+00:00\",\"dateModified\":\"2009-02-06T04:00:00+00:00\",\"author\":{\"@id\":\"https:\/\/www.pmpf.rs.gov.br\/turismo\/#\/schema\/person\/0c355b0fa68a7aa986c8594f7a60a2d7\"},\"breadcrumb\":{\"@id\":\"https:\/\/www.pmpf.rs.gov.br\/turismo\/2009\/02\/06\/tiro-de-laco-pai-e-filho-e-tradicao-em-familia-no-rodeio-de-passo-fundo-4488\/#breadcrumb\"},\"inLanguage\":\"pt-BR\",\"potentialAction\":[{\"@type\":\"ReadAction\",\"target\":[\"https:\/\/www.pmpf.rs.gov.br\/turismo\/2009\/02\/06\/tiro-de-laco-pai-e-filho-e-tradicao-em-familia-no-rodeio-de-passo-fundo-4488\/\"]}]},{\"@type\":\"ImageObject\",\"inLanguage\":\"pt-BR\",\"@id\":\"https:\/\/www.pmpf.rs.gov.br\/turismo\/2009\/02\/06\/tiro-de-laco-pai-e-filho-e-tradicao-em-familia-no-rodeio-de-passo-fundo-4488\/#primaryimage\",\"url\":\"https:\/\/www.pmpf.rs.gov.br\/turismo\/wp-content\/uploads\/sites\/51\/2021\/12\/I2013-05-07_062733_c5965.jpg\",\"contentUrl\":\"https:\/\/www.pmpf.rs.gov.br\/turismo\/wp-content\/uploads\/sites\/51\/2021\/12\/I2013-05-07_062733_c5965.jpg\",\"width\":400,\"height\":300},{\"@type\":\"BreadcrumbList\",\"@id\":\"https:\/\/www.pmpf.rs.gov.br\/turismo\/2009\/02\/06\/tiro-de-laco-pai-e-filho-e-tradicao-em-familia-no-rodeio-de-passo-fundo-4488\/#breadcrumb\",\"itemListElement\":[{\"@type\":\"ListItem\",\"position\":1,\"name\":\"In\u00edcio\",\"item\":\"https:\/\/www.pmpf.rs.gov.br\/turismo\/\"},{\"@type\":\"ListItem\",\"position\":2,\"name\":\"Tiro de la\u00e7o \u201cPai e Filho\u201d \u00e9 tradi\u00e7\u00e3o em fam\u00edlia no Rodeio de Passo Fundo\"}]},{\"@type\":\"WebSite\",\"@id\":\"https:\/\/www.pmpf.rs.gov.br\/turismo\/#website\",\"url\":\"https:\/\/www.pmpf.rs.gov.br\/turismo\/\",\"name\":\"Turismo\",\"description\":\"Descubra Passo Fundo\",\"potentialAction\":[{\"@type\":\"SearchAction\",\"target\":{\"@type\":\"EntryPoint\",\"urlTemplate\":\"https:\/\/www.pmpf.rs.gov.br\/turismo\/?s={search_term_string}\"},\"query-input\":{\"@type\":\"PropertyValueSpecification\",\"valueRequired\":true,\"valueName\":\"search_term_string\"}}],\"inLanguage\":\"pt-BR\"},{\"@type\":\"Person\",\"@id\":\"https:\/\/www.pmpf.rs.gov.br\/turismo\/#\/schema\/person\/0c355b0fa68a7aa986c8594f7a60a2d7\",\"name\":\"mosite\",\"image\":{\"@type\":\"ImageObject\",\"inLanguage\":\"pt-BR\",\"@id\":\"https:\/\/www.pmpf.rs.gov.br\/turismo\/#\/schema\/person\/image\/\",\"url\":\"https:\/\/secure.gravatar.com\/avatar\/63d72595d6cecfe12bd8a94829d5a26c?s=96&d=mm&r=g\",\"contentUrl\":\"https:\/\/secure.gravatar.com\/avatar\/63d72595d6cecfe12bd8a94829d5a26c?s=96&d=mm&r=g\",\"caption\":\"mosite\"},\"sameAs\":[\"http:\/\/example.com\"],\"url\":\"https:\/\/www.pmpf.rs.gov.br\/turismo\/author\/mosite\/\"}]}<\/script>\n<!-- \/ Yoast SEO plugin. -->","yoast_head_json":{"title":"Tiro de la\u00e7o \u201cPai e Filho\u201d \u00e9 tradi\u00e7\u00e3o em fam\u00edlia no Rodeio de Passo Fundo - Turismo","robots":{"index":"index","follow":"follow","max-snippet":"max-snippet:-1","max-image-preview":"max-image-preview:large","max-video-preview":"max-video-preview:-1"},"canonical":"https:\/\/www.pmpf.rs.gov.br\/turismo\/2009\/02\/06\/tiro-de-laco-pai-e-filho-e-tradicao-em-familia-no-rodeio-de-passo-fundo-4488\/","og_locale":"pt_BR","og_type":"article","og_title":"Tiro de la\u00e7o \u201cPai e Filho\u201d \u00e9 tradi\u00e7\u00e3o em fam\u00edlia no Rodeio de Passo Fundo - Turismo","og_description":"Tiro de la\u00e7o \u201cPai e Filho\u201d \u00e9 tradi\u00e7\u00e3o em fam\u00edlia no Rodeio de Passo Fundo","og_url":"https:\/\/www.pmpf.rs.gov.br\/turismo\/2009\/02\/06\/tiro-de-laco-pai-e-filho-e-tradicao-em-familia-no-rodeio-de-passo-fundo-4488\/","og_site_name":"Turismo","article_published_time":"2009-02-06T04:00:00+00:00","og_image":[{"width":400,"height":300,"url":"https:\/\/www.pmpf.rs.gov.br\/turismo\/wp-content\/uploads\/sites\/51\/2021\/12\/I2013-05-07_062733_c5965.jpg","type":"image\/jpeg"}],"author":"mosite","twitter_card":"summary_large_image","twitter_misc":{"Escrito por":"mosite","Est. tempo de leitura":"1 minuto"},"schema":{"@context":"https:\/\/schema.org","@graph":[{"@type":"WebPage","@id":"https:\/\/www.pmpf.rs.gov.br\/turismo\/2009\/02\/06\/tiro-de-laco-pai-e-filho-e-tradicao-em-familia-no-rodeio-de-passo-fundo-4488\/","url":"https:\/\/www.pmpf.rs.gov.br\/turismo\/2009\/02\/06\/tiro-de-laco-pai-e-filho-e-tradicao-em-familia-no-rodeio-de-passo-fundo-4488\/","name":"Tiro de la\u00e7o \u201cPai e Filho\u201d \u00e9 tradi\u00e7\u00e3o em fam\u00edlia no Rodeio de Passo Fundo - Turismo","isPartOf":{"@id":"https:\/\/www.pmpf.rs.gov.br\/turismo\/#website"},"primaryImageOfPage":{"@id":"https:\/\/www.pmpf.rs.gov.br\/turismo\/2009\/02\/06\/tiro-de-laco-pai-e-filho-e-tradicao-em-familia-no-rodeio-de-passo-fundo-4488\/#primaryimage"},"image":{"@id":"https:\/\/www.pmpf.rs.gov.br\/turismo\/2009\/02\/06\/tiro-de-laco-pai-e-filho-e-tradicao-em-familia-no-rodeio-de-passo-fundo-4488\/#primaryimage"},"thumbnailUrl":"https:\/\/www.pmpf.rs.gov.br\/turismo\/wp-content\/uploads\/sites\/51\/2021\/12\/I2013-05-07_062733_c5965.jpg","datePublished":"2009-02-06T04:00:00+00:00","dateModified":"2009-02-06T04:00:00+00:00","author":{"@id":"https:\/\/www.pmpf.rs.gov.br\/turismo\/#\/schema\/person\/0c355b0fa68a7aa986c8594f7a60a2d7"},"breadcrumb":{"@id":"https:\/\/www.pmpf.rs.gov.br\/turismo\/2009\/02\/06\/tiro-de-laco-pai-e-filho-e-tradicao-em-familia-no-rodeio-de-passo-fundo-4488\/#breadcrumb"},"inLanguage":"pt-BR","potentialAction":[{"@type":"ReadAction","target":["https:\/\/www.pmpf.rs.gov.br\/turismo\/2009\/02\/06\/tiro-de-laco-pai-e-filho-e-tradicao-em-familia-no-rodeio-de-passo-fundo-4488\/"]}]},{"@type":"ImageObject","inLanguage":"pt-BR","@id":"https:\/\/www.pmpf.rs.gov.br\/turismo\/2009\/02\/06\/tiro-de-laco-pai-e-filho-e-tradicao-em-familia-no-rodeio-de-passo-fundo-4488\/#primaryimage","url":"https:\/\/www.pmpf.rs.gov.br\/turismo\/wp-content\/uploads\/sites\/51\/2021\/12\/I2013-05-07_062733_c5965.jpg","contentUrl":"https:\/\/www.pmpf.rs.gov.br\/turismo\/wp-content\/uploads\/sites\/51\/2021\/12\/I2013-05-07_062733_c5965.jpg","width":400,"height":300},{"@type":"BreadcrumbList","@id":"https:\/\/www.pmpf.rs.gov.br\/turismo\/2009\/02\/06\/tiro-de-laco-pai-e-filho-e-tradicao-em-familia-no-rodeio-de-passo-fundo-4488\/#breadcrumb","itemListElement":[{"@type":"ListItem","position":1,"name":"In\u00edcio","item":"https:\/\/www.pmpf.rs.gov.br\/turismo\/"},{"@type":"ListItem","position":2,"name":"Tiro de la\u00e7o \u201cPai e Filho\u201d \u00e9 tradi\u00e7\u00e3o em fam\u00edlia no Rodeio de Passo Fundo"}]},{"@type":"WebSite","@id":"https:\/\/www.pmpf.rs.gov.br\/turismo\/#website","url":"https:\/\/www.pmpf.rs.gov.br\/turismo\/","name":"Turismo","description":"Descubra Passo Fundo","potentialAction":[{"@type":"SearchAction","target":{"@type":"EntryPoint","urlTemplate":"https:\/\/www.pmpf.rs.gov.br\/turismo\/?s={search_term_string}"},"query-input":{"@type":"PropertyValueSpecification","valueRequired":true,"valueName":"search_term_string"}}],"inLanguage":"pt-BR"},{"@type":"Person","@id":"https:\/\/www.pmpf.rs.gov.br\/turismo\/#\/schema\/person\/0c355b0fa68a7aa986c8594f7a60a2d7","name":"mosite","image":{"@type":"ImageObject","inLanguage":"pt-BR","@id":"https:\/\/www.pmpf.rs.gov.br\/turismo\/#\/schema\/person\/image\/","url":"https:\/\/secure.gravatar.com\/avatar\/63d72595d6cecfe12bd8a94829d5a26c?s=96&d=mm&r=g","contentUrl":"https:\/\/secure.gravatar.com\/avatar\/63d72595d6cecfe12bd8a94829d5a26c?s=96&d=mm&r=g","caption":"mosite"},"sameAs":["http:\/\/example.com"],"url":"https:\/\/www.pmpf.rs.gov.br\/turismo\/author\/mosite\/"}]}},"_links":{"self":[{"href":"https:\/\/www.pmpf.rs.gov.br\/turismo\/wp-json\/wp\/v2\/posts\/135"}],"collection":[{"href":"https:\/\/www.pmpf.rs.gov.br\/turismo\/wp-json\/wp\/v2\/posts"}],"about":[{"href":"https:\/\/www.pmpf.rs.gov.br\/turismo\/wp-json\/wp\/v2\/types\/post"}],"author":[{"embeddable":true,"href":"https:\/\/www.pmpf.rs.gov.br\/turismo\/wp-json\/wp\/v2\/users\/1"}],"replies":[{"embeddable":true,"href":"https:\/\/www.pmpf.rs.gov.br\/turismo\/wp-json\/wp\/v2\/comments?post=135"}],"version-history":[{"count":0,"href":"https:\/\/www.pmpf.rs.gov.br\/turismo\/wp-json\/wp\/v2\/posts\/135\/revisions"}],"wp:featuredmedia":[{"embeddable":true,"href":"https:\/\/www.pmpf.rs.gov.br\/turismo\/wp-json\/wp\/v2\/media\/137"}],"wp:attachment":[{"href":"https:\/\/www.pmpf.rs.gov.br\/turismo\/wp-json\/wp\/v2\/media?parent=135"}],"wp:term":[{"taxonomy":"category","embeddable":true,"href":"https:\/\/www.pmpf.rs.gov.br\/turismo\/wp-json\/wp\/v2\/categories?post=135"},{"taxonomy":"post_tag","embeddable":true,"href":"https:\/\/www.pmpf.rs.gov.br\/turismo\/wp-json\/wp\/v2\/tags?post=135"}],"curies":[{"name":"wp","href":"https:\/\/api.w.org\/{rel}","templated":true}]}}